{"id":7503,"date":"2016-12-09T14:25:25","date_gmt":"2016-12-09T12:25:25","guid":{"rendered":"https:\/\/www.gereso.com\/actualites\/?p=7503"},"modified":"2022-03-14T11:34:39","modified_gmt":"2022-03-14T09:34:39","slug":"la-retraite-des-salaries-du-secteur-prive","status":"publish","type":"post","link":"https:\/\/www.gereso.com\/actualites\/2016\/12\/09\/la-retraite-des-salaries-du-secteur-prive\/","title":{"rendered":"Lu pour vous : \u00ab La retraite des salari\u00e9s du secteur priv\u00e9 \u00bb de Christiane Massot-Cazaux"},"content":{"rendered":"<h2>De quoi parle cet ouvrage ?<\/h2>\n<p style=\"text-align: justify\">Le livre \u00ab\u00a0La retraite des salari\u00e9s du secteur priv\u00e9\u00a0\u00bb d\u00e9crit le fonctionnement du syst\u00e8me des retraites qui est actuellement en place en France, au niveau du secteur priv\u00e9. Le livre nous renseigne sur le fonctionnement, les diff\u00e9rents types de r\u00e9gimes de retraite (obligatoires et\/ou compl\u00e9mentaires, secteur d\u2019activit\u00e9, cat\u00e9gorie socioprofessionnelle), les diff\u00e9rents produits d\u2019\u00e9pargne r\u00e9serv\u00e9s \u00e0 la retraite, les modes de calcul des pensions, les diff\u00e9rents organismes aupr\u00e8s desquels on doit se renseigner et dont les diff\u00e9rents actifs d\u00e9pendent dans le cadre du syst\u00e8me des retraites en France.<\/p>\n<h2>Comment cet ouvrage est-il construit ?<\/h2>\n<p style=\"text-align: justify\">La retraite des salari\u00e9s du secteur priv\u00e9 est constitu\u00e9e de cinq (05) parties distinctes qui traitent des diff\u00e9rents aspects relatifs au syst\u00e8me des retraites en France. Chaque partie principale est subdivis\u00e9e en chapitres qui d\u00e9taillent les points essentiels relatifs au domaine abord\u00e9 au niveau de la partie principale. Les deux premi\u00e8res parties concernent, en premier lieu le r\u00e9gime de base du r\u00e9gime g\u00e9n\u00e9ral de la S\u00e9curit\u00e9 sociale, et en second lieu les r\u00e9gimes de retraite compl\u00e9mentaire obligatoire. La troisi\u00e8me partie relate les diff\u00e9rentes mani\u00e8res pour am\u00e9liorer sa retraite, suivie d\u2019une partie sur l\u2019environnement fiscal et social \u00e0 consid\u00e9rer, et en dernier lieu, une partie sur des fiches pratiques, utiles \u00e0 tout actif qui veut ma\u00eetriser les conditions de sa future retraite.<\/p>\n<h3>1<sup>\u00e8re<\/sup> partie\u00a0: Le r\u00e9gime de base du r\u00e9gime g\u00e9n\u00e9ral de la S\u00e9curit\u00e9 sociale<\/h3>\n<p style=\"text-align: justify\">Cette premi\u00e8re partie de l\u2019ouvrage se compose de 4 chapitres sur le r\u00e9gime de base du r\u00e9gime g\u00e9n\u00e9ral de la S\u00e9curit\u00e9 sociale. En l\u2019occurrence, l\u2019auteure y pr\u00e9sente les dispositions g\u00e9n\u00e9rales relatives aux diff\u00e9rents types de prestations comprises dans l\u2019assurance vieillesse (Chapitre\u00a01), les conditions, formalit\u00e9s, et modalit\u00e9s particuli\u00e8res pour b\u00e9n\u00e9ficier de la pension vieillesse (Chapitre\u00a02), les conditions, formalit\u00e9s, et modalit\u00e9s particuli\u00e8res pour b\u00e9n\u00e9ficier de la pension de r\u00e9version (Chapitre\u00a03), et les autres prestations qui entrent dans le cadre du r\u00e9gime g\u00e9n\u00e9ral de la S\u00e9curit\u00e9 sociale (Chapitre\u00a04).<\/p>\n<h3>2<sup>\u00e8me<\/sup> partie\u00a0: Les r\u00e9gimes de retraite compl\u00e9mentaire obligatoire<\/h3>\n<p style=\"text-align: justify\">La seconde partie s\u2019int\u00e9resse aux r\u00e9gimes de retraite compl\u00e9mentaires obligatoires auxquels les actifs doivent \u00eatre affili\u00e9s selon leurs branches d\u2019activit\u00e9s et les diff\u00e9rentes cat\u00e9gories socioprofessionnelles auxquelles ils appartiennent. Ainsi, l\u2019auteure d\u00e9finit ce qu\u2019est la retraite compl\u00e9mentaire \u00e0 travers son fonctionnement et les droits qui en d\u00e9coulent (Chapitre\u00a01), la retraite compl\u00e9mentaire des salari\u00e9s servie par l\u2019ARRCO (Chapitre\u00a02), la retraite compl\u00e9mentaire des cadres servie par l\u2019AGIRC (Chapitre\u00a03), la retraite compl\u00e9mentaire servie par l\u2019IRCANTEC (Chapitre\u00a04), et la retraite des salari\u00e9s des r\u00e9gimes sp\u00e9ciaux, ne d\u00e9pendant pas du r\u00e9gime g\u00e9n\u00e9ral de l\u2019assurance vieillesse (Chapitre\u00a05).<\/p>\n<h3>3\u00e8me partie : Comment am\u00e9liorer sa retraite<\/h3>\n<p style=\"text-align: justify\">Cette partie aborde les diff\u00e9rents dispositifs \u00e0 l\u2019usage des actifs, mis en place au niveau du syst\u00e8me des retraites en France, pour leur permettre de disposer de ressources compl\u00e9mentaires provenant d\u2019une \u00e9pargne constitu\u00e9e d\u2019une mani\u00e8re individuelle ou collective. A cet effet, l\u2019auteure pr\u00e9sente les diff\u00e9rents dispositifs pour compl\u00e9ter les pensions des r\u00e9gimes de retraite auxquels les salari\u00e9s peuvent acc\u00e9der (Chapitre\u00a01), d\u00e9taille le Plan d\u2019\u00e9pargne retraite populaire (PERP) (Chapitre\u00a02), puis le Plan d\u2019\u00e9pargne entreprise (PEE) (Chapitre\u00a03), ainsi que le Plan d\u2019\u00e9pargne entreprise pour la retraite collectif (PERCO) (Chapitre\u00a04) et termine avec l\u2019Assurance vie (Chapitre\u00a05).<\/p>\n<h3>4<sup>\u00e8me<\/sup> partie\u00a0: Environnement fiscal et social<\/h3>\n<p style=\"text-align: justify\">La quatri\u00e8me partie de l\u2019ouvrage traite des consid\u00e9rations fiscales et sociales \u00e0 prendre en compte dans le cadre des pensions, retraites et autres rentes viag\u00e8res soumises \u00e0 imposition et \u00e0 des pr\u00e9l\u00e8vements sociaux, ainsi que les avantages fiscaux associ\u00e9s aux nouveaux produits d\u2019\u00e9pargne retraite.<\/p>\n<h3 style=\"text-align: justify\">5<sup>\u00e8me<\/sup> partie\u00a0: Fiches pratiques<\/h3>\n<p style=\"text-align: justify\">La derni\u00e8re partie de l\u2019ouvrage regroupe une douzaine de fiches pratiques traitant des points essentiels pour situer et comprendre le syst\u00e8me des retraites actuellement en place. L\u2019auteure prend en consid\u00e9ration les questions primordiales auxquelles les actifs et les futur(e)s retrait\u00e9(e)s sont confront\u00e9s au cours de leurs d\u00e9marches.<\/p>\n<h2>Avis de lecteur<\/h2>\n<p style=\"text-align: justify\">L\u2019auteure est partie du contexte de prise en compte de la vieillesse, plus particuli\u00e8rement l\u2019augmentation du nombre des personnes retrait\u00e9es par rapport \u00e0 la proportion d\u2019actifs cotisants. C\u2019est un ouvrage de r\u00e9f\u00e9rence pour que toute personne int\u00e9ress\u00e9e par la question de la retraite des salari\u00e9s du secteur priv\u00e9 puisse se retrouver dans le dispositif qui est actuellement en place. La pr\u00e9sentation de l\u2019ouvrage et la mani\u00e8re dont l\u2019auteure traite des diff\u00e9rents aspects du syst\u00e8me des retraites est tr\u00e8s pratique pour le lecteur qui veut s\u2019orienter dans le d\u00e9dale des formalit\u00e9s et des dispositifs actuellement en place. Les fiches pratiques pr\u00e9sent\u00e9es \u00e0 la 5\u00e8me partie de l\u2019ouvrage sont d\u00e9taill\u00e9es et en ad\u00e9quation avec les besoins circonstanciels des actifs en qu\u00eate de r\u00e9ponses.<\/p>\n<h2>\u00c0 propos de l&rsquo;auteure<\/h2>\n<p style=\"text-align: justify\"><a href=\"https:\/\/www.la-librairie-rh.com\/auteurs\/christiane-massot-cazaux.html\" target=\"_blank\" rel=\"noopener\">Christiane MASSOT-CAZAUX<\/a> est dipl\u00f4m\u00e9e de l\u2019\u00c9cole nationale d\u2019assurances, du Centre de formation et de perfectionnement des journalistes de la presse \u00e9crite, et titulaire d\u2019un DESS Ing\u00e9nierie formation-chef de projet multim\u00e9dia, en plus d\u2019un DUT techniques de commercialisation.<\/p>\n<p style=\"text-align: justify\">Ancienne responsable de formation et de communication d\u2019une grande compagnie d\u2019assurances, elle fut tour \u00e0 tour enseignante, journaliste, consultante en assurance et ressources humaines. Elle a commenc\u00e9 sa carri\u00e8re d\u2019auteur en publiant l\u2019ouvrage \u00ab\u00a0L\u2019approche globale de l\u2019assurance de Groupe\u00a0\u00bb, puis a pr\u00e9sent\u00e9 de nombreux livres et publications dans les domaines de l\u2019assurance, de la retraite, de l\u2019\u00e9pargne salariale et de la protection sociale.<\/p>\n<h2>Fiche signal\u00e9tique du livre<\/h2>\n<ul>\n<li><strong>Titre\u00a0: <\/strong>La retraite des salari\u00e9s du secteur priv\u00e9<\/li>\n<li><strong>Auteur\u00a0:\u00a0<\/strong><a href=\"https:\/\/www.la-librairie-rh.com\/auteurs\/christiane-massot-cazaux.html\" target=\"_blank\" rel=\"noopener\">Christiane MASSOT-CAZAUX<\/a><\/li>\n<li><strong>\u00c9diteur\u00a0:\u00a0<\/strong>GERESO Edition<\/li>\n<li><strong>Date de parution\u00a0: <\/strong>02 Mai 2016<\/li>\n<li><strong>Collection\u00a0:\u00a0<\/strong>L\u2019essentiel pour agir<\/li>\n<li><strong>ISBN\u00a013 :\u00a0<\/strong>978-2-35953-349-1<\/li>\n<li><strong>ISBN eBook :\u00a0<\/strong>978-2-35953-350-7<\/li>\n<li><strong>EAN\u00a013 :\u00a0<\/strong>9782359533507<\/li>\n<\/ul>\n","protected":false},"excerpt":{"rendered":"<p>De quoi parle cet ouvrage ? Le livre \u00ab\u00a0La retraite des salari\u00e9s du secteur priv\u00e9\u00a0\u00bb d\u00e9crit le fonctionnement du syst\u00e8me des retraites qui est actuellement en place en France, au niveau du secteur priv\u00e9. Le livre nous renseigne sur le fonctionnement, les diff\u00e9rents types de r\u00e9gimes de retraite (obligatoires et\/ou compl\u00e9mentaires, secteur d\u2019activit\u00e9, cat\u00e9gorie socioprofessionnelle), [&hellip;]<\/p>\n","protected":false},"author":32,"featured_media":7534,"comment_status":"open","ping_status":"open","sticky":false,"template":"","format":"standard","meta":{"_acf_changed":false,"_mi_skip_tracking":false,"footnotes":""},"categories":[4],"tags":[474,612,834,15],"class_list":["post-7503","post","type-post","status-publish","format-standard","has-post-thumbnail","hentry","category-retraite-et-protection-sociale","tag-regime-de-base","tag-regime-de-retraite","tag-regimes-complementaires","tag-retraite"],"acf":[],"yoast_head":"<!-- This site is optimized with the Yoast SEO plugin v23.4 - https:\/\/yoast.com\/wordpress\/plugins\/seo\/ -->\n<title>Lu pour vous : \u00ab La retraite des salari\u00e9s du secteur priv\u00e9 \u00bb de Christiane Massot-Cazaux - Le Blog GERESO<\/title>\n<meta name=\"robots\" content=\"index, follow, max-snippet:-1, max-image-preview:large, max-video-preview:-1\" \/>\n<link rel=\"canonical\" href=\"https:\/\/www.gereso.com\/actualites\/2016\/12\/09\/la-retraite-des-salaries-du-secteur-prive\/\" \/>\n<meta property=\"og:locale\" content=\"fr_FR\" \/>\n<meta property=\"og:type\" content=\"article\" \/>\n<meta property=\"og:title\" content=\"Lu pour vous : \u00ab La retraite des salari\u00e9s du secteur priv\u00e9 \u00bb de Christiane Massot-Cazaux - Le Blog GERESO\" \/>\n<meta property=\"og:description\" content=\"De quoi parle cet ouvrage ? Le livre \u00ab\u00a0La retraite des salari\u00e9s du secteur priv\u00e9\u00a0\u00bb d\u00e9crit le fonctionnement du syst\u00e8me des retraites qui est actuellement en place en France, au niveau du secteur priv\u00e9. Le livre nous renseigne sur le fonctionnement, les diff\u00e9rents types de r\u00e9gimes de retraite (obligatoires et\/ou compl\u00e9mentaires, secteur d\u2019activit\u00e9, cat\u00e9gorie socioprofessionnelle), [&hellip;]\" \/>\n<meta property=\"og:url\" content=\"https:\/\/www.gereso.com\/actualites\/2016\/12\/09\/la-retraite-des-salaries-du-secteur-prive\/\" \/>\n<meta property=\"og:site_name\" content=\"Le Blog GERESO\" \/>\n<meta property=\"article:published_time\" content=\"2016-12-09T12:25:25+00:00\" \/>\n<meta property=\"article:modified_time\" content=\"2022-03-14T09:34:39+00:00\" \/>\n<meta property=\"og:image\" content=\"https:\/\/www.gereso.com\/actualites\/wp-content\/uploads\/2016\/12\/prime-page-retraite-salari\u00e9s-priv\u00e9s.jpg\" \/>\n\t<meta property=\"og:image:width\" content=\"443\" \/>\n\t<meta property=\"og:image:height\" content=\"700\" \/>\n\t<meta property=\"og:image:type\" content=\"image\/jpeg\" \/>\n<meta name=\"author\" content=\"\u00c9quipe GERESO\" \/>\n<meta name=\"twitter:card\" content=\"summary_large_image\" \/>\n<script type=\"application\/ld+json\" class=\"yoast-schema-graph\">{\"@context\":\"https:\/\/schema.org\",\"@graph\":[{\"@type\":\"WebPage\",\"@id\":\"https:\/\/www.gereso.com\/actualites\/2016\/12\/09\/la-retraite-des-salaries-du-secteur-prive\/\",\"url\":\"https:\/\/www.gereso.com\/actualites\/2016\/12\/09\/la-retraite-des-salaries-du-secteur-prive\/\",\"name\":\"Lu pour vous : \u00ab La retraite des salari\u00e9s du secteur priv\u00e9 \u00bb de Christiane Massot-Cazaux - Le Blog GERESO\",\"isPartOf\":{\"@id\":\"https:\/\/www.gereso.com\/actualites\/#website\"},\"primaryImageOfPage\":{\"@id\":\"https:\/\/www.gereso.com\/actualites\/2016\/12\/09\/la-retraite-des-salaries-du-secteur-prive\/#primaryimage\"},\"image\":{\"@id\":\"https:\/\/www.gereso.com\/actualites\/2016\/12\/09\/la-retraite-des-salaries-du-secteur-prive\/#primaryimage\"},\"thumbnailUrl\":\"https:\/\/www.gereso.com\/actualites\/wp-content\/uploads\/2016\/12\/prime-page-retraite-salari\u00e9s-priv\u00e9s.jpg\",\"datePublished\":\"2016-12-09T12:25:25+00:00\",\"dateModified\":\"2022-03-14T09:34:39+00:00\",\"author\":{\"@id\":\"https:\/\/www.gereso.com\/actualites\/#\/schema\/person\/197d8aef40cb4ae3f6a0aa9e1d3df2a6\"},\"breadcrumb\":{\"@id\":\"https:\/\/www.gereso.com\/actualites\/2016\/12\/09\/la-retraite-des-salaries-du-secteur-prive\/#breadcrumb\"},\"inLanguage\":\"fr-FR\",\"potentialAction\":[{\"@type\":\"ReadAction\",\"target\":[\"https:\/\/www.gereso.com\/actualites\/2016\/12\/09\/la-retraite-des-salaries-du-secteur-prive\/\"]}]},{\"@type\":\"ImageObject\",\"inLanguage\":\"fr-FR\",\"@id\":\"https:\/\/www.gereso.com\/actualites\/2016\/12\/09\/la-retraite-des-salaries-du-secteur-prive\/#primaryimage\",\"url\":\"https:\/\/www.gereso.com\/actualites\/wp-content\/uploads\/2016\/12\/prime-page-retraite-salari\u00e9s-priv\u00e9s.jpg\",\"contentUrl\":\"https:\/\/www.gereso.com\/actualites\/wp-content\/uploads\/2016\/12\/prime-page-retraite-salari\u00e9s-priv\u00e9s.jpg\",\"width\":443,\"height\":700},{\"@type\":\"BreadcrumbList\",\"@id\":\"https:\/\/www.gereso.com\/actualites\/2016\/12\/09\/la-retraite-des-salaries-du-secteur-prive\/#breadcrumb\",\"itemListElement\":[{\"@type\":\"ListItem\",\"position\":1,\"name\":\"Home\",\"item\":\"https:\/\/www.gereso.com\/actualites\/\"},{\"@type\":\"ListItem\",\"position\":2,\"name\":\"Lu pour vous : \u00ab La retraite des salari\u00e9s du secteur priv\u00e9 \u00bb de Christiane Massot-Cazaux\"}]},{\"@type\":\"WebSite\",\"@id\":\"https:\/\/www.gereso.com\/actualites\/#website\",\"url\":\"https:\/\/www.gereso.com\/actualites\/\",\"name\":\"Le Blog GERESO\",\"description\":\"Toute l&#039;actu RH, Finance, Fonction Publique, Management...\",\"potentialAction\":[{\"@type\":\"SearchAction\",\"target\":{\"@type\":\"EntryPoint\",\"urlTemplate\":\"https:\/\/www.gereso.com\/actualites\/?s={search_term_string}\"},\"query-input\":{\"@type\":\"PropertyValueSpecification\",\"valueRequired\":true,\"valueName\":\"search_term_string\"}}],\"inLanguage\":\"fr-FR\"},{\"@type\":\"Person\",\"@id\":\"https:\/\/www.gereso.com\/actualites\/#\/schema\/person\/197d8aef40cb4ae3f6a0aa9e1d3df2a6\",\"name\":\"\u00c9quipe GERESO\",\"image\":{\"@type\":\"ImageObject\",\"inLanguage\":\"fr-FR\",\"@id\":\"https:\/\/www.gereso.com\/actualites\/#\/schema\/person\/image\/\",\"url\":\"https:\/\/www.gereso.com\/actualites\/wp-content\/uploads\/2013\/12\/avatar-gereso-1.png\",\"contentUrl\":\"https:\/\/www.gereso.com\/actualites\/wp-content\/uploads\/2013\/12\/avatar-gereso-1.png\",\"caption\":\"\u00c9quipe GERESO\"},\"url\":\"https:\/\/www.gereso.com\/actualites\/author\/gereso\/\"}]}<\/script>\n<!-- \/ Yoast SEO plugin. -->","yoast_head_json":{"title":"Lu pour vous : \u00ab La retraite des salari\u00e9s du secteur priv\u00e9 \u00bb de Christiane Massot-Cazaux - Le Blog GERESO","robots":{"index":"index","follow":"follow","max-snippet":"max-snippet:-1","max-image-preview":"max-image-preview:large","max-video-preview":"max-video-preview:-1"},"canonical":"https:\/\/www.gereso.com\/actualites\/2016\/12\/09\/la-retraite-des-salaries-du-secteur-prive\/","og_locale":"fr_FR","og_type":"article","og_title":"Lu pour vous : \u00ab La retraite des salari\u00e9s du secteur priv\u00e9 \u00bb de Christiane Massot-Cazaux - Le Blog GERESO","og_description":"De quoi parle cet ouvrage ? Le livre \u00ab\u00a0La retraite des salari\u00e9s du secteur priv\u00e9\u00a0\u00bb d\u00e9crit le fonctionnement du syst\u00e8me des retraites qui est actuellement en place en France, au niveau du secteur priv\u00e9. Le livre nous renseigne sur le fonctionnement, les diff\u00e9rents types de r\u00e9gimes de retraite (obligatoires et\/ou compl\u00e9mentaires, secteur d\u2019activit\u00e9, cat\u00e9gorie socioprofessionnelle), [&hellip;]","og_url":"https:\/\/www.gereso.com\/actualites\/2016\/12\/09\/la-retraite-des-salaries-du-secteur-prive\/","og_site_name":"Le Blog GERESO","article_published_time":"2016-12-09T12:25:25+00:00","article_modified_time":"2022-03-14T09:34:39+00:00","og_image":[{"width":443,"height":700,"url":"https:\/\/www.gereso.com\/actualites\/wp-content\/uploads\/2016\/12\/prime-page-retraite-salari\u00e9s-priv\u00e9s.jpg","type":"image\/jpeg"}],"author":"\u00c9quipe GERESO","twitter_card":"summary_large_image","schema":{"@context":"https:\/\/schema.org","@graph":[{"@type":"WebPage","@id":"https:\/\/www.gereso.com\/actualites\/2016\/12\/09\/la-retraite-des-salaries-du-secteur-prive\/","url":"https:\/\/www.gereso.com\/actualites\/2016\/12\/09\/la-retraite-des-salaries-du-secteur-prive\/","name":"Lu pour vous : \u00ab La retraite des salari\u00e9s du secteur priv\u00e9 \u00bb de Christiane Massot-Cazaux - Le Blog GERESO","isPartOf":{"@id":"https:\/\/www.gereso.com\/actualites\/#website"},"primaryImageOfPage":{"@id":"https:\/\/www.gereso.com\/actualites\/2016\/12\/09\/la-retraite-des-salaries-du-secteur-prive\/#primaryimage"},"image":{"@id":"https:\/\/www.gereso.com\/actualites\/2016\/12\/09\/la-retraite-des-salaries-du-secteur-prive\/#primaryimage"},"thumbnailUrl":"https:\/\/www.gereso.com\/actualites\/wp-content\/uploads\/2016\/12\/prime-page-retraite-salari\u00e9s-priv\u00e9s.jpg","datePublished":"2016-12-09T12:25:25+00:00","dateModified":"2022-03-14T09:34:39+00:00","author":{"@id":"https:\/\/www.gereso.com\/actualites\/#\/schema\/person\/197d8aef40cb4ae3f6a0aa9e1d3df2a6"},"breadcrumb":{"@id":"https:\/\/www.gereso.com\/actualites\/2016\/12\/09\/la-retraite-des-salaries-du-secteur-prive\/#breadcrumb"},"inLanguage":"fr-FR","potentialAction":[{"@type":"ReadAction","target":["https:\/\/www.gereso.com\/actualites\/2016\/12\/09\/la-retraite-des-salaries-du-secteur-prive\/"]}]},{"@type":"ImageObject","inLanguage":"fr-FR","@id":"https:\/\/www.gereso.com\/actualites\/2016\/12\/09\/la-retraite-des-salaries-du-secteur-prive\/#primaryimage","url":"https:\/\/www.gereso.com\/actualites\/wp-content\/uploads\/2016\/12\/prime-page-retraite-salari\u00e9s-priv\u00e9s.jpg","contentUrl":"https:\/\/www.gereso.com\/actualites\/wp-content\/uploads\/2016\/12\/prime-page-retraite-salari\u00e9s-priv\u00e9s.jpg","width":443,"height":700},{"@type":"BreadcrumbList","@id":"https:\/\/www.gereso.com\/actualites\/2016\/12\/09\/la-retraite-des-salaries-du-secteur-prive\/#breadcrumb","itemListElement":[{"@type":"ListItem","position":1,"name":"Home","item":"https:\/\/www.gereso.com\/actualites\/"},{"@type":"ListItem","position":2,"name":"Lu pour vous : \u00ab La retraite des salari\u00e9s du secteur priv\u00e9 \u00bb de Christiane Massot-Cazaux"}]},{"@type":"WebSite","@id":"https:\/\/www.gereso.com\/actualites\/#website","url":"https:\/\/www.gereso.com\/actualites\/","name":"Le Blog GERESO","description":"Toute l&#039;actu RH, Finance, Fonction Publique, Management...","potentialAction":[{"@type":"SearchAction","target":{"@type":"EntryPoint","urlTemplate":"https:\/\/www.gereso.com\/actualites\/?s={search_term_string}"},"query-input":{"@type":"PropertyValueSpecification","valueRequired":true,"valueName":"search_term_string"}}],"inLanguage":"fr-FR"},{"@type":"Person","@id":"https:\/\/www.gereso.com\/actualites\/#\/schema\/person\/197d8aef40cb4ae3f6a0aa9e1d3df2a6","name":"\u00c9quipe GERESO","image":{"@type":"ImageObject","inLanguage":"fr-FR","@id":"https:\/\/www.gereso.com\/actualites\/#\/schema\/person\/image\/","url":"https:\/\/www.gereso.com\/actualites\/wp-content\/uploads\/2013\/12\/avatar-gereso-1.png","contentUrl":"https:\/\/www.gereso.com\/actualites\/wp-content\/uploads\/2013\/12\/avatar-gereso-1.png","caption":"\u00c9quipe GERESO"},"url":"https:\/\/www.gereso.com\/actualites\/author\/gereso\/"}]}},"_links":{"self":[{"href":"https:\/\/www.gereso.com\/actualites\/wp-json\/wp\/v2\/posts\/7503","targetHints":{"allow":["GET"]}}],"collection":[{"href":"https:\/\/www.gereso.com\/actualites\/wp-json\/wp\/v2\/posts"}],"about":[{"href":"https:\/\/www.gereso.com\/actualites\/wp-json\/wp\/v2\/types\/post"}],"author":[{"embeddable":true,"href":"https:\/\/www.gereso.com\/actualites\/wp-json\/wp\/v2\/users\/32"}],"replies":[{"embeddable":true,"href":"https:\/\/www.gereso.com\/actualites\/wp-json\/wp\/v2\/comments?post=7503"}],"version-history":[{"count":17,"href":"https:\/\/www.gereso.com\/actualites\/wp-json\/wp\/v2\/posts\/7503\/revisions"}],"predecessor-version":[{"id":26302,"href":"https:\/\/www.gereso.com\/actualites\/wp-json\/wp\/v2\/posts\/7503\/revisions\/26302"}],"wp:featuredmedia":[{"embeddable":true,"href":"https:\/\/www.gereso.com\/actualites\/wp-json\/wp\/v2\/media\/7534"}],"wp:attachment":[{"href":"https:\/\/www.gereso.com\/actualites\/wp-json\/wp\/v2\/media?parent=7503"}],"wp:term":[{"taxonomy":"category","embeddable":true,"href":"https:\/\/www.gereso.com\/actualites\/wp-json\/wp\/v2\/categories?post=7503"},{"taxonomy":"post_tag","embeddable":true,"href":"https:\/\/www.gereso.com\/actualites\/wp-json\/wp\/v2\/tags?post=7503"}],"curies":[{"name":"wp","href":"https:\/\/api.w.org\/{rel}","templated":true}]}}