{"id":7586,"date":"2017-03-21T09:03:34","date_gmt":"2017-03-21T07:03:34","guid":{"rendered":"https:\/\/www.gereso.com\/actualites\/?p=7586"},"modified":"2022-03-14T11:34:28","modified_gmt":"2022-03-14T09:34:28","slug":"droit-des-contrats-yann-mottura","status":"publish","type":"post","link":"https:\/\/www.gereso.com\/actualites\/2017\/03\/21\/droit-des-contrats-yann-mottura\/","title":{"rendered":"Lu pour vous : \u00ab Le droit des contrats : Mode d\u2019emploi \u00bb de Yann MOTTURA"},"content":{"rendered":"<h2 style=\"text-align: justify;\">De quoi parle cet ouvrage ?<\/h2>\n<p style=\"text-align: justify;\">60 questions d&rsquo;ordre pratique sont ainsi consid\u00e9r\u00e9es, en regard de l&rsquo;usage au quotidien des principes et des applications relatifs \u00e0 la mise en place d&rsquo;un contrat, et \u00e0 l&rsquo;implication de chacun des acteurs qui se lient. Les questions-r\u00e9ponses propos\u00e9es visent ainsi \u00e0 faire comprendre au grand public, sans toutefois remplacer les conseils \u00e9clair\u00e9s d&rsquo;un professionnel en mati\u00e8re de droit, les concepts-cl\u00e9s et les termes juridiques mis en jeu dans le cadre de cette relation juridique volontaire.<\/p>\n<h2 style=\"text-align: justify;\">Comment cet ouvrage est-il construit ?<\/h2>\n<p style=\"text-align: justify;\">Afin de conduire son d\u00e9veloppement, l&rsquo;auteur a organis\u00e9 le d\u00e9veloppement autour de trois principales parties refl\u00e9tant les trois principales \u00e9tapes de la mise en place d&rsquo;une relation contractuelle. Comme le sous-titre du livre l&rsquo;indique, l&rsquo;auteur s&rsquo;att\u00e8le \u00e0 r\u00e9pondre \u00e0 60 questions relatives au contexte, aux acteurs, aux principes mis en jeu dans le cadre d&rsquo;une relation contractuelle.<\/p>\n<p style=\"text-align: justify;\">Ainsi, au niveau de la premi\u00e8re partie, il aborde les questions relatives \u00e0 l&rsquo;\u00e9laboration du contrat (questions 1 \u00e0 24). La seconde partie, quant \u00e0 elle, traite de l&rsquo;application proprement dite du contrat (questions 25 \u00e0 43). L&rsquo;objet de la derni\u00e8re partie est le champ de la cessation de la relation contractuelle (questions 44 \u00e0 60).<\/p>\n<h3 style=\"text-align: justify;\">1<sup>\u00e8re<\/sup> partie\u00a0: L\u2019\u00e9laboration du contrat<\/h3>\n<p style=\"text-align: justify;\">Cette premi\u00e8re partie regroupe 4 chapitres consacr\u00e9s \u00e0 la phase de n\u00e9gociation, pr\u00e9alable \u00e0 la conclusion du contrat entre les parties en relation ou qui souhaitent se lier dans le cadre d&rsquo;une relation contractuelle. Ainsi, l&rsquo;auteur explique le cadre de la phase de n\u00e9gociation (Chapitre 1), pousse \u00e0 r\u00e9fl\u00e9chir sur l&rsquo;offre et la r\u00e9ponse qu&rsquo;on peut y apporter (Chapitre 2), expose les raisons pour laquelle l&rsquo;on doit \u00eatre attentif au contenu du contrat (Chapitre 3), et nous interpelle sur les consid\u00e9rations relatives \u00e0 la conclusion d&rsquo;un contrat (Chapitre 4).<\/p>\n<h3 style=\"text-align: justify;\">2<sup>\u00e8me<\/sup> partie\u00a0: L\u2019application du contrat<\/h3>\n<p style=\"text-align: justify;\">Au niveau de la seconde partie du livre, l&rsquo;auteur traite des questions qui se rapportent \u00e0 l&rsquo;application \u00e0 proprement parler du contrat, c&rsquo;est-\u00e0-dire ce qui se passe une fois la conclusion du contrat entre les diff\u00e9rentes parties effectu\u00e9e. En effet, l&rsquo;on peut \u00eatre confront\u00e9 \u00e0 l&rsquo;inex\u00e9cution des termes du contrat et ainsi exiger l&rsquo;application du contrat (Chapitre 5), quels sont alors les moyens dont on dispose pour faire face \u00e0 cette situation, que ce soit pour se d\u00e9gager des obligations l\u00e9gales (Chapitre 6) ou pour modifier les termes du contrat \u00e9tabli (Chapitre 7),\u00a0 pour requ\u00e9rir la r\u00e9paration des dommages subis en raison de cette inex\u00e9cution ou au contraire \u00e9viter d&rsquo;avoir \u00e0 les payer (Chapitre 8).<\/p>\n<h3 style=\"text-align: justify;\">3\u00e8me partie : La cessation du contrat<\/h3>\n<p style=\"text-align: justify;\">La derni\u00e8re partie du livre concerne les aspects li\u00e9s \u00e0 la cessation d&rsquo;une relation contractuelle, en raison de plusieurs situations : irr\u00e9gularit\u00e9 pr\u00e9c\u00e9dant la conclusion de l&rsquo;accord, non-respect des termes du contrat, cessation anticip\u00e9e du contrat, arriv\u00e9e de la relation contractuelle \u00e0 son terme&#8230; L&rsquo;auteur expose alors la rupture n\u00e9goci\u00e9e du contrat entre les parties (Chapitre 9), l&rsquo;annulation du contrat (chapitre 10), la r\u00e9solution du contrat (Chapitre 11), et conclut par un chapitre sur les observations relatives \u00e0 la caducit\u00e9 ou \u00e0 l&rsquo;arriv\u00e9e d&rsquo;un contrat \u00e0 son terme (Chapitre 12).<\/p>\n<h2 style=\"text-align: justify;\">Avis de lecteur<\/h2>\n<p style=\"text-align: justify;\">Le livre de <a href=\"https:\/\/www.la-librairie-rh.com\/auteurs\/yann-mottura.html\" target=\"_blank\" rel=\"noopener\">Yann Mottura<\/a> \u00ab\u00a0Le droit des contrats : Mode d\u2019emploi\u00a0\u00bb s\u2019inscrit dans la lign\u00e9e de ces ouvrages pratiques qui veulent rendre les concepts d\u2019ordinairement r\u00e9serv\u00e9s aux initi\u00e9s accessibles aux profanes, \u00e0 travers un langage simplifi\u00e9 et se fondant sur les r\u00e9alit\u00e9s pratiques que la plupart de gens ont \u00e0 c\u00f4toyer. D\u2019ailleurs, le sous-titre de l\u2019ouvrage \u2013 60 questions sur l\u2019\u00e9laboration, l\u2019application, et la cessation d\u2019un contrat \u2013 le sous-entend bien, l\u2019auteur fait son choix, d\u2019une mani\u00e8re pragmatique, en choisissant de traiter le droit des contrats \u00e0 travers des questions aux applications (ou implications) strictement pratiques, li\u00e9es aux questions que la majorit\u00e9 des gens se posent \u00e0 l&rsquo;endroit du contrat et des principes qui l&rsquo;entourent. D\u00e9velopp\u00e9 dans un registre facilement accessible au grand public, cet ouvrage peut \u00eatre consid\u00e9r\u00e9 comme un mode d&#8217;emploi \u00e0 l&rsquo;usage de tout un chacun, afin de comprendre les termes juridiques relatifs au droit des contrats, mais \u00e9galement, pour permettre d&rsquo;adopter une attitude congruente face \u00e0 nos engagements et au sens que l&rsquo;on doit donner \u00e0 une relation contractuelle.<\/p>\n<h2 style=\"text-align: justify;\">\u00c0 propos de l&rsquo;auteur<\/h2>\n<p style=\"text-align: justify;\">\u00a0<a href=\"https:\/\/www.la-librairie-rh.com\/auteurs\/yann-mottura.html\">Yann MOTTURA<\/a> est titulaire d\u2019un master recherche en droit de l\u2019entreprise et dipl\u00f4m\u00e9 de l\u2019Institut des Hautes \u00c9tudes internationales. Il enseigne le droit des affaires au sein du d\u00e9partement comptabilit\u00e9 contr\u00f4le audit du Conservatoire National des Arts et M\u00e9tiers et exerce la profession d\u2019avocat \u00e0 titre individuel aupr\u00e8s d\u2019une client\u00e8le de PME et de particuliers.<\/p>\n<p style=\"text-align: justify;\">Particuli\u00e8rement sensible aux probl\u00e9matiques contractuelles, il travaille sur les th\u00e9matiques du droit des affaires, du droit civil et du droit social, et intervient \u00e9galement en qualit\u00e9 de consultant-formateur dans le domaine du droit des contrats.<\/p>\n<h2 style=\"text-align: justify;\">Fiche signal\u00e9tique du livre<\/h2>\n<ul>\n<li style=\"text-align: justify;\"><strong>Titre\u00a0: <\/strong>Le droit des contrats : Mode d\u2019emploi<\/li>\n<li style=\"text-align: justify;\"><strong>Auteur\u00a0:\u00a0<\/strong><a href=\"https:\/\/www.la-librairie-rh.com\/auteurs\/yann-mottura.html\">Yann MOTTURA<\/a><\/li>\n<li style=\"text-align: justify;\"><strong>\u00c9diteur\u00a0:\u00a0<\/strong><a href=\"https:\/\/www.la-librairie-rh.com\/editeurs\/gereso-edition.html\">GERESO \u00c9DITION<\/a><\/li>\n<li style=\"text-align: justify;\"><strong>Date de parution\u00a0: <\/strong>F\u00e9vrier 2017<\/li>\n<li style=\"text-align: justify;\"><strong>Collection\u00a0:\u00a0<\/strong>les guides pratiques<\/li>\n<li style=\"text-align: justify;\"><strong>ISBN\u00a013 :\u00a0<\/strong>978-2-35953-306-4<\/li>\n<li style=\"text-align: justify;\"><strong>ISBN eBook :\u00a0<\/strong>978-3-35953-307-1<\/li>\n<li style=\"text-align: justify;\"><strong>EAN\u00a013 :\u00a0<\/strong>9782359534337<\/li>\n<\/ul>\n","protected":false},"excerpt":{"rendered":"<p>De quoi parle cet ouvrage ? 60 questions d&rsquo;ordre pratique sont ainsi consid\u00e9r\u00e9es, en regard de l&rsquo;usage au quotidien des principes et des applications relatifs \u00e0 la mise en place d&rsquo;un contrat, et \u00e0 l&rsquo;implication de chacun des acteurs qui se lient. Les questions-r\u00e9ponses propos\u00e9es visent ainsi \u00e0 faire comprendre au grand public, sans toutefois [&hellip;]<\/p>\n","protected":false},"author":32,"featured_media":7588,"comment_status":"open","ping_status":"open","sticky":false,"template":"","format":"standard","meta":{"_acf_changed":false,"_mi_skip_tracking":false,"footnotes":""},"categories":[12],"tags":[819],"class_list":["post-7586","post","type-post","status-publish","format-standard","has-post-thumbnail","hentry","category-actualites","tag-droit-du-contrat"],"acf":[],"yoast_head":"<!-- This site is optimized with the Yoast SEO plugin v23.4 - https:\/\/yoast.com\/wordpress\/plugins\/seo\/ -->\n<title>Lu pour vous : \u00ab Le droit des contrats : Mode d\u2019emploi \u00bb de Yann MOTTURA - Le Blog GERESO<\/title>\n<meta name=\"robots\" content=\"index, follow, max-snippet:-1, max-image-preview:large, max-video-preview:-1\" \/>\n<link rel=\"canonical\" href=\"https:\/\/www.gereso.com\/actualites\/2017\/03\/21\/droit-des-contrats-yann-mottura\/\" \/>\n<meta property=\"og:locale\" content=\"fr_FR\" \/>\n<meta property=\"og:type\" content=\"article\" \/>\n<meta property=\"og:title\" content=\"Lu pour vous : \u00ab Le droit des contrats : Mode d\u2019emploi \u00bb de Yann MOTTURA - Le Blog GERESO\" \/>\n<meta property=\"og:description\" content=\"De quoi parle cet ouvrage ? 60 questions d&rsquo;ordre pratique sont ainsi consid\u00e9r\u00e9es, en regard de l&rsquo;usage au quotidien des principes et des applications relatifs \u00e0 la mise en place d&rsquo;un contrat, et \u00e0 l&rsquo;implication de chacun des acteurs qui se lient. Les questions-r\u00e9ponses propos\u00e9es visent ainsi \u00e0 faire comprendre au grand public, sans toutefois [&hellip;]\" \/>\n<meta property=\"og:url\" content=\"https:\/\/www.gereso.com\/actualites\/2017\/03\/21\/droit-des-contrats-yann-mottura\/\" \/>\n<meta property=\"og:site_name\" content=\"Le Blog GERESO\" \/>\n<meta property=\"article:published_time\" content=\"2017-03-21T07:03:34+00:00\" \/>\n<meta property=\"article:modified_time\" content=\"2022-03-14T09:34:28+00:00\" \/>\n<meta property=\"og:image\" content=\"https:\/\/www.gereso.com\/actualites\/wp-content\/uploads\/2017\/01\/prime-page-le-droit-des-contrats.jpg\" \/>\n\t<meta property=\"og:image:width\" content=\"428\" \/>\n\t<meta property=\"og:image:height\" content=\"612\" \/>\n\t<meta property=\"og:image:type\" content=\"image\/jpeg\" \/>\n<meta name=\"author\" content=\"\u00c9quipe GERESO\" \/>\n<meta name=\"twitter:card\" content=\"summary_large_image\" \/>\n<script type=\"application\/ld+json\" class=\"yoast-schema-graph\">{\"@context\":\"https:\/\/schema.org\",\"@graph\":[{\"@type\":\"WebPage\",\"@id\":\"https:\/\/www.gereso.com\/actualites\/2017\/03\/21\/droit-des-contrats-yann-mottura\/\",\"url\":\"https:\/\/www.gereso.com\/actualites\/2017\/03\/21\/droit-des-contrats-yann-mottura\/\",\"name\":\"Lu pour vous : \u00ab Le droit des contrats : Mode d\u2019emploi \u00bb de Yann MOTTURA - Le Blog GERESO\",\"isPartOf\":{\"@id\":\"https:\/\/www.gereso.com\/actualites\/#website\"},\"primaryImageOfPage\":{\"@id\":\"https:\/\/www.gereso.com\/actualites\/2017\/03\/21\/droit-des-contrats-yann-mottura\/#primaryimage\"},\"image\":{\"@id\":\"https:\/\/www.gereso.com\/actualites\/2017\/03\/21\/droit-des-contrats-yann-mottura\/#primaryimage\"},\"thumbnailUrl\":\"https:\/\/www.gereso.com\/actualites\/wp-content\/uploads\/2017\/01\/prime-page-le-droit-des-contrats.jpg\",\"datePublished\":\"2017-03-21T07:03:34+00:00\",\"dateModified\":\"2022-03-14T09:34:28+00:00\",\"author\":{\"@id\":\"https:\/\/www.gereso.com\/actualites\/#\/schema\/person\/197d8aef40cb4ae3f6a0aa9e1d3df2a6\"},\"breadcrumb\":{\"@id\":\"https:\/\/www.gereso.com\/actualites\/2017\/03\/21\/droit-des-contrats-yann-mottura\/#breadcrumb\"},\"inLanguage\":\"fr-FR\",\"potentialAction\":[{\"@type\":\"ReadAction\",\"target\":[\"https:\/\/www.gereso.com\/actualites\/2017\/03\/21\/droit-des-contrats-yann-mottura\/\"]}]},{\"@type\":\"ImageObject\",\"inLanguage\":\"fr-FR\",\"@id\":\"https:\/\/www.gereso.com\/actualites\/2017\/03\/21\/droit-des-contrats-yann-mottura\/#primaryimage\",\"url\":\"https:\/\/www.gereso.com\/actualites\/wp-content\/uploads\/2017\/01\/prime-page-le-droit-des-contrats.jpg\",\"contentUrl\":\"https:\/\/www.gereso.com\/actualites\/wp-content\/uploads\/2017\/01\/prime-page-le-droit-des-contrats.jpg\",\"width\":428,\"height\":612},{\"@type\":\"BreadcrumbList\",\"@id\":\"https:\/\/www.gereso.com\/actualites\/2017\/03\/21\/droit-des-contrats-yann-mottura\/#breadcrumb\",\"itemListElement\":[{\"@type\":\"ListItem\",\"position\":1,\"name\":\"Home\",\"item\":\"https:\/\/www.gereso.com\/actualites\/\"},{\"@type\":\"ListItem\",\"position\":2,\"name\":\"Lu pour vous : \u00ab Le droit des contrats : Mode d\u2019emploi \u00bb de Yann MOTTURA\"}]},{\"@type\":\"WebSite\",\"@id\":\"https:\/\/www.gereso.com\/actualites\/#website\",\"url\":\"https:\/\/www.gereso.com\/actualites\/\",\"name\":\"Le Blog GERESO\",\"description\":\"Toute l&#039;actu RH, Finance, Fonction Publique, Management...\",\"potentialAction\":[{\"@type\":\"SearchAction\",\"target\":{\"@type\":\"EntryPoint\",\"urlTemplate\":\"https:\/\/www.gereso.com\/actualites\/?s={search_term_string}\"},\"query-input\":{\"@type\":\"PropertyValueSpecification\",\"valueRequired\":true,\"valueName\":\"search_term_string\"}}],\"inLanguage\":\"fr-FR\"},{\"@type\":\"Person\",\"@id\":\"https:\/\/www.gereso.com\/actualites\/#\/schema\/person\/197d8aef40cb4ae3f6a0aa9e1d3df2a6\",\"name\":\"\u00c9quipe GERESO\",\"image\":{\"@type\":\"ImageObject\",\"inLanguage\":\"fr-FR\",\"@id\":\"https:\/\/www.gereso.com\/actualites\/#\/schema\/person\/image\/\",\"url\":\"https:\/\/www.gereso.com\/actualites\/wp-content\/uploads\/2013\/12\/avatar-gereso-1.png\",\"contentUrl\":\"https:\/\/www.gereso.com\/actualites\/wp-content\/uploads\/2013\/12\/avatar-gereso-1.png\",\"caption\":\"\u00c9quipe GERESO\"},\"url\":\"https:\/\/www.gereso.com\/actualites\/author\/gereso\/\"}]}<\/script>\n<!-- \/ Yoast SEO plugin. -->","yoast_head_json":{"title":"Lu pour vous : \u00ab Le droit des contrats : Mode d\u2019emploi \u00bb de Yann MOTTURA - Le Blog GERESO","robots":{"index":"index","follow":"follow","max-snippet":"max-snippet:-1","max-image-preview":"max-image-preview:large","max-video-preview":"max-video-preview:-1"},"canonical":"https:\/\/www.gereso.com\/actualites\/2017\/03\/21\/droit-des-contrats-yann-mottura\/","og_locale":"fr_FR","og_type":"article","og_title":"Lu pour vous : \u00ab Le droit des contrats : Mode d\u2019emploi \u00bb de Yann MOTTURA - Le Blog GERESO","og_description":"De quoi parle cet ouvrage ? 60 questions d&rsquo;ordre pratique sont ainsi consid\u00e9r\u00e9es, en regard de l&rsquo;usage au quotidien des principes et des applications relatifs \u00e0 la mise en place d&rsquo;un contrat, et \u00e0 l&rsquo;implication de chacun des acteurs qui se lient. Les questions-r\u00e9ponses propos\u00e9es visent ainsi \u00e0 faire comprendre au grand public, sans toutefois [&hellip;]","og_url":"https:\/\/www.gereso.com\/actualites\/2017\/03\/21\/droit-des-contrats-yann-mottura\/","og_site_name":"Le Blog GERESO","article_published_time":"2017-03-21T07:03:34+00:00","article_modified_time":"2022-03-14T09:34:28+00:00","og_image":[{"width":428,"height":612,"url":"https:\/\/www.gereso.com\/actualites\/wp-content\/uploads\/2017\/01\/prime-page-le-droit-des-contrats.jpg","type":"image\/jpeg"}],"author":"\u00c9quipe GERESO","twitter_card":"summary_large_image","schema":{"@context":"https:\/\/schema.org","@graph":[{"@type":"WebPage","@id":"https:\/\/www.gereso.com\/actualites\/2017\/03\/21\/droit-des-contrats-yann-mottura\/","url":"https:\/\/www.gereso.com\/actualites\/2017\/03\/21\/droit-des-contrats-yann-mottura\/","name":"Lu pour vous : \u00ab Le droit des contrats : Mode d\u2019emploi \u00bb de Yann MOTTURA - Le Blog GERESO","isPartOf":{"@id":"https:\/\/www.gereso.com\/actualites\/#website"},"primaryImageOfPage":{"@id":"https:\/\/www.gereso.com\/actualites\/2017\/03\/21\/droit-des-contrats-yann-mottura\/#primaryimage"},"image":{"@id":"https:\/\/www.gereso.com\/actualites\/2017\/03\/21\/droit-des-contrats-yann-mottura\/#primaryimage"},"thumbnailUrl":"https:\/\/www.gereso.com\/actualites\/wp-content\/uploads\/2017\/01\/prime-page-le-droit-des-contrats.jpg","datePublished":"2017-03-21T07:03:34+00:00","dateModified":"2022-03-14T09:34:28+00:00","author":{"@id":"https:\/\/www.gereso.com\/actualites\/#\/schema\/person\/197d8aef40cb4ae3f6a0aa9e1d3df2a6"},"breadcrumb":{"@id":"https:\/\/www.gereso.com\/actualites\/2017\/03\/21\/droit-des-contrats-yann-mottura\/#breadcrumb"},"inLanguage":"fr-FR","potentialAction":[{"@type":"ReadAction","target":["https:\/\/www.gereso.com\/actualites\/2017\/03\/21\/droit-des-contrats-yann-mottura\/"]}]},{"@type":"ImageObject","inLanguage":"fr-FR","@id":"https:\/\/www.gereso.com\/actualites\/2017\/03\/21\/droit-des-contrats-yann-mottura\/#primaryimage","url":"https:\/\/www.gereso.com\/actualites\/wp-content\/uploads\/2017\/01\/prime-page-le-droit-des-contrats.jpg","contentUrl":"https:\/\/www.gereso.com\/actualites\/wp-content\/uploads\/2017\/01\/prime-page-le-droit-des-contrats.jpg","width":428,"height":612},{"@type":"BreadcrumbList","@id":"https:\/\/www.gereso.com\/actualites\/2017\/03\/21\/droit-des-contrats-yann-mottura\/#breadcrumb","itemListElement":[{"@type":"ListItem","position":1,"name":"Home","item":"https:\/\/www.gereso.com\/actualites\/"},{"@type":"ListItem","position":2,"name":"Lu pour vous : \u00ab Le droit des contrats : Mode d\u2019emploi \u00bb de Yann MOTTURA"}]},{"@type":"WebSite","@id":"https:\/\/www.gereso.com\/actualites\/#website","url":"https:\/\/www.gereso.com\/actualites\/","name":"Le Blog GERESO","description":"Toute l&#039;actu RH, Finance, Fonction Publique, Management...","potentialAction":[{"@type":"SearchAction","target":{"@type":"EntryPoint","urlTemplate":"https:\/\/www.gereso.com\/actualites\/?s={search_term_string}"},"query-input":{"@type":"PropertyValueSpecification","valueRequired":true,"valueName":"search_term_string"}}],"inLanguage":"fr-FR"},{"@type":"Person","@id":"https:\/\/www.gereso.com\/actualites\/#\/schema\/person\/197d8aef40cb4ae3f6a0aa9e1d3df2a6","name":"\u00c9quipe GERESO","image":{"@type":"ImageObject","inLanguage":"fr-FR","@id":"https:\/\/www.gereso.com\/actualites\/#\/schema\/person\/image\/","url":"https:\/\/www.gereso.com\/actualites\/wp-content\/uploads\/2013\/12\/avatar-gereso-1.png","contentUrl":"https:\/\/www.gereso.com\/actualites\/wp-content\/uploads\/2013\/12\/avatar-gereso-1.png","caption":"\u00c9quipe GERESO"},"url":"https:\/\/www.gereso.com\/actualites\/author\/gereso\/"}]}},"_links":{"self":[{"href":"https:\/\/www.gereso.com\/actualites\/wp-json\/wp\/v2\/posts\/7586","targetHints":{"allow":["GET"]}}],"collection":[{"href":"https:\/\/www.gereso.com\/actualites\/wp-json\/wp\/v2\/posts"}],"about":[{"href":"https:\/\/www.gereso.com\/actualites\/wp-json\/wp\/v2\/types\/post"}],"author":[{"embeddable":true,"href":"https:\/\/www.gereso.com\/actualites\/wp-json\/wp\/v2\/users\/32"}],"replies":[{"embeddable":true,"href":"https:\/\/www.gereso.com\/actualites\/wp-json\/wp\/v2\/comments?post=7586"}],"version-history":[{"count":8,"href":"https:\/\/www.gereso.com\/actualites\/wp-json\/wp\/v2\/posts\/7586\/revisions"}],"predecessor-version":[{"id":26273,"href":"https:\/\/www.gereso.com\/actualites\/wp-json\/wp\/v2\/posts\/7586\/revisions\/26273"}],"wp:featuredmedia":[{"embeddable":true,"href":"https:\/\/www.gereso.com\/actualites\/wp-json\/wp\/v2\/media\/7588"}],"wp:attachment":[{"href":"https:\/\/www.gereso.com\/actualites\/wp-json\/wp\/v2\/media?parent=7586"}],"wp:term":[{"taxonomy":"category","embeddable":true,"href":"https:\/\/www.gereso.com\/actualites\/wp-json\/wp\/v2\/categories?post=7586"},{"taxonomy":"post_tag","embeddable":true,"href":"https:\/\/www.gereso.com\/actualites\/wp-json\/wp\/v2\/tags?post=7586"}],"curies":[{"name":"wp","href":"https:\/\/api.w.org\/{rel}","templated":true}]}}