{"id":7661,"date":"2017-02-16T08:45:11","date_gmt":"2017-02-16T06:45:11","guid":{"rendered":"https:\/\/www.gereso.com\/actualites\/?p=7661"},"modified":"2017-02-16T09:46:26","modified_gmt":"2017-02-16T07:46:26","slug":"quiz-communication-de-crise-quelle-attitude-adopter","status":"publish","type":"post","link":"https:\/\/www.gereso.com\/actualites\/2017\/02\/16\/quiz-communication-de-crise-quelle-attitude-adopter\/","title":{"rendered":"Quiz : Communication de crise, quelle attitude adopter ?"},"content":{"rendered":"<link type=\"text\/css\" rel=\"stylesheet\" href=\"https:\/\/www.gereso.com\/actualites\/wp-content\/plugins\/quizzin\/style.css\" \/>\r\n<script type=\"text\/javascript\" src=\"https:\/\/www.gereso.com\/actualites\/wp-includes\/js\/jquery\/jquery.js\"><\/script>\r\n<script type=\"text\/javascript\" src=\"https:\/\/www.gereso.com\/actualites\/wp-content\/plugins\/quizzin\/script.js\"><\/script>\r\n\r\n<div class=\"quiz-area single-page-quiz\">\r\n<form action=\"\" method=\"post\" class=\"quiz-form\" id=\"quiz-12\">\r\n<div class='quizzin-question' id='question-1'><div class='question-content'>Question 1\/10 : Ma structure fait la une de VSD avec une photo de mon patron en maillot de bain sur le site \u00ab\u00a0copain d\u2019avant\u00a0\u00bb\u00a0:<\/div><br \/><input type='hidden' name='question_id[]' value='111' \/><label for='answer-id-419' id='answer-label-419' class=' answer label-1'><input type='radio' name='answer-111' id='answer-id-419' class='answer answer-1 ' value='419' \/><span class='answer'> C\u2019est anecdotique, je ne fais rien\u2026 Il n\u2019est plut\u00f4t pas mal !<\/span><\/label><br \/><label for='answer-id-420' id='answer-label-420' class=' answer label-1'><input type='radio' name='answer-111' id='answer-id-420' class='answer answer-1 ' value='420' \/><span class='answer'> Je mobilise toute ma direction et demande imm\u00e9diatement le retrait du journal<\/span><\/label><br \/><label for='answer-id-421' id='answer-label-421' class=' answer label-1'><input type='radio' name='answer-111' id='answer-id-421' class='answer answer-1 ' value='421' \/><span class='answer'> J\u2019installe une veille et me place pour le moment du c\u00f4t\u00e9 des rieurs<\/span><\/label><br \/><\/div><div class='quizzin-question' id='question-2'><div class='question-content'>Question 2\/10 :\u00a0Ma structure n\u2019a mis en place aucun dispositif de gestion ou communication de crise :<\/div><br \/><input type='hidden' name='question_id[]' value='112' \/><label for='answer-id-416' id='answer-label-416' class=' answer label-2'><input type='radio' name='answer-112' id='answer-id-416' class='answer answer-2 ' value='416' \/><span class='answer'> Ce n\u2019est pas grave, nous serons meilleurs dans l\u2019improvisation<\/span><\/label><br \/><label for='answer-id-417' id='answer-label-417' class=' answer label-2'><input type='radio' name='answer-112' id='answer-id-417' class='answer answer-2 ' value='417' \/><span class='answer'> Aujourd\u2019hui personne ne peut se dire \u00e0 l\u2019abri, il est temps de se mobiliser<\/span><\/label><br \/><label for='answer-id-418' id='answer-label-418' class=' answer label-2'><input type='radio' name='answer-112' id='answer-id-418' class='answer answer-2 ' value='418' \/><span class='answer'> Pas de souci, nous ne sommes pas dans un secteur \u00e0 risque<\/span><\/label><br \/><\/div><div class='quizzin-question' id='question-3'><div class='question-content'>Question 3\/10 :\u00a0Un \u00e9v\u00e9nement marquant ou exceptionnel vient de se produire sur mon site. Combien de temps mettront les m\u00e9dias pour s\u2019emparer de l\u2019\u00e9v\u00e9nement\u00a0?<\/div><br \/><input type='hidden' name='question_id[]' value='113' \/><label for='answer-id-422' id='answer-label-422' class=' answer label-3'><input type='radio' name='answer-113' id='answer-id-422' class='answer answer-3 ' value='422' \/><span class='answer'> 10 secondes<\/span><\/label><br \/><label for='answer-id-423' id='answer-label-423' class=' answer label-3'><input type='radio' name='answer-113' id='answer-id-423' class='answer answer-3 ' value='423' \/><span class='answer'> 10 minutes<\/span><\/label><br \/><label for='answer-id-424' id='answer-label-424' class=' answer label-3'><input type='radio' name='answer-113' id='answer-id-424' class='answer answer-3 ' value='424' \/><span class='answer'> 1 heures<\/span><\/label><br \/><\/div><div class='quizzin-question' id='question-4'><div class='question-content'>Question 4\/10 :\u00a0Pour des raisons d\u2019agenda, l\u2019\u00e9quipe de crise ne peut se r\u00e9unir au complet avant un d\u00e9lai de 1h30. Nous sommes n\u00e9anmoins d\u00e9j\u00e0 sollicit\u00e9s par les m\u00e9dias.<\/div><br \/><input type='hidden' name='question_id[]' value='114' \/><label for='answer-id-425' id='answer-label-425' class=' answer label-4'><input type='radio' name='answer-114' id='answer-id-425' class='answer answer-4 ' value='425' \/><span class='answer'> Nous attendons la pr\u00e9sence de tous avant de choisir de r\u00e9pondre<\/span><\/label><br \/><label for='answer-id-426' id='answer-label-426' class=' answer label-4'><input type='radio' name='answer-114' id='answer-id-426' class='answer answer-4 ' value='426' \/><span class='answer'> Je dis que nous sommes mobilis\u00e9s, j\u2019\u00e9labore les premi\u00e8res r\u00e9ponses \u00e0 valider d\u00e8s que tout le monde sera l\u00e0<\/span><\/label><br \/><label for='answer-id-427' id='answer-label-427' class=' answer label-4'><input type='radio' name='answer-114' id='answer-id-427' class='answer answer-4 ' value='427' \/><span class='answer'> Je dis que nous ne sommes pas pr\u00eats \u00e0 communiquer<\/span><\/label><br \/><\/div><div class='quizzin-question' id='question-5'><div class='question-content'>Question 5\/10 :\u00a0Les m\u00e9dias nous sollicitent sur un \u00e9v\u00e9nement depuis 30 minutes. Que s\u2019est-il pass\u00e9\u00a0? Quelles sont les cons\u00e9quences\u2026<\/div><br \/><input type='hidden' name='question_id[]' value='115' \/><label for='answer-id-428' id='answer-label-428' class=' answer label-5'><input type='radio' name='answer-115' id='answer-id-428' class='answer answer-5 ' value='428' \/><span class='answer'> J\u2019indique que cela vient de se produire, que la direction est mobilis\u00e9e, qu\u2019\u00e0 cette heure, il est trop t\u00f4t pour faire des hypoth\u00e8ses. J\u2019annonce un prochain point presse et m\u2019engage \u00e0 communiquer r\u00e9guli\u00e8rement<\/span><\/label><br \/><label for='answer-id-429' id='answer-label-429' class=' answer label-5'><input type='radio' name='answer-115' id='answer-id-429' class='answer answer-5 ' value='429' \/><span class='answer'> Je ne sais pas. Et je ne r\u00e9pondrai que lorsque je saurai pr\u00e9cis\u00e9ment ce qui s\u2019est produit. \u00c9ventuellement, ce soir !<\/span><\/label><br \/><label for='answer-id-430' id='answer-label-430' class=' answer label-5'><input type='radio' name='answer-115' id='answer-id-430' class='answer answer-5 ' value='430' \/><span class='answer'> J\u2019ai une id\u00e9e en t\u00eate, c\u2019est une premi\u00e8re piste, je vais la leur livrer<\/span><\/label><br \/><\/div><div class='quizzin-question' id='question-6'><div class='question-content'>Question 6\/10 : Les journalistes ou le personnel me pressent de questions sur le d\u00e9clencheur de la crise. Je l\u2019ai d\u00e9j\u00e0 indiqu\u00e9 dans une pr\u00e9c\u00e9dente communication.<\/div><br \/><input type='hidden' name='question_id[]' value='116' \/><label for='answer-id-431' id='answer-label-431' class=' answer label-6'><input type='radio' name='answer-116' id='answer-id-431' class='answer answer-6 ' value='431' \/><span class='answer'> J\u2019indique ne plus vouloir r\u00e9pondre sur ce point<\/span><\/label><br \/><label for='answer-id-432' id='answer-label-432' class=' answer label-6'><input type='radio' name='answer-116' id='answer-id-432' class='answer answer-6 ' value='432' \/><span class='answer'> Je pr\u00e9cise que nos proc\u00e9dures sont les meilleures au monde et en ad\u00e9quation avec les r\u00e9glementations en vigueur<\/span><\/label><br \/><label for='answer-id-433' id='answer-label-433' class=' answer label-6'><input type='radio' name='answer-116' id='answer-id-433' class='answer answer-6 ' value='433' \/><span class='answer'> Je r\u00e9explique ce que je sais en faisant un point objectif sur la situation<\/span><\/label><br \/><\/div><div class='quizzin-question' id='question-7'><div class='question-content'>Question 7\/10 :\u00a0Les porte-parole ont \u00e9t\u00e9 form\u00e9s, ma structure est organis\u00e9e, cependant un \u00e9v\u00e9nement survient et les membres de la cellule de crise sont absents.<\/div><br \/><input type='hidden' name='question_id[]' value='117' \/><label for='answer-id-449' id='answer-label-449' class=' answer label-7'><input type='radio' name='answer-117' id='answer-id-449' class='answer answer-7 ' value='449' \/><span class='answer'> J\u2019ai un expert du sujet pr\u00e9sent, je le mobilise rapidement. Il fera l\u2019affaire temporairement<\/span><\/label><br \/><label for='answer-id-450' id='answer-label-450' class=' answer label-7'><input type='radio' name='answer-117' id='answer-id-450' class='answer answer-7 ' value='450' \/><span class='answer'> J\u2019utilise le \u00ab message d\u2019attente \u00bb et indique que la Direction est inform\u00e9e et mobilis\u00e9e. Une communication sera organis\u00e9e dans les prochaines minutes. Je m\u2019appuie sur les services de secours officiels pour assurer le relais<\/span><\/label><br \/><label for='answer-id-451' id='answer-label-451' class=' answer label-7'><input type='radio' name='answer-117' id='answer-id-451' class='answer answer-7 ' value='451' \/><span class='answer'> J\u2019indique que tout le monde est absent et que nous communiquerons le moment venu.<\/span><\/label><br \/><\/div><div class='quizzin-question' id='question-8'><div class='question-content'>Question 8\/10 :\u00a0Secteur industriel. Un \u00e9v\u00e9nement grave vient de se produire sur mon site industriel. La premi\u00e8re information qui me parvient mentionne imm\u00e9diatement la responsabilit\u00e9 de mon prestataire.<\/div><br \/><input type='hidden' name='question_id[]' value='118' \/><label for='answer-id-437' id='answer-label-437' class=' answer label-8'><input type='radio' name='answer-118' id='answer-id-437' class='answer answer-8 ' value='437' \/><span class='answer'> Je lui transf\u00e8re imm\u00e9diatement la charge de la communication<\/span><\/label><br \/><label for='answer-id-438' id='answer-label-438' class=' answer label-8'><input type='radio' name='answer-118' id='answer-id-438' class='answer answer-8 ' value='438' \/><span class='answer'> J\u2019annonce rompre imm\u00e9diatement toute relation commerciale avec lui<\/span><\/label><br \/><label for='answer-id-439' id='answer-label-439' class=' answer label-8'><input type='radio' name='answer-118' id='answer-id-439' class='answer answer-8 ' value='439' \/><span class='answer'> Je me coordonne avec sa cellule de crise, et je garde la main sur la communication car ma responsabilit\u00e9 va \u00eatre engag\u00e9e<\/span><\/label><br \/><\/div><div class='quizzin-question' id='question-9'><div class='question-content'>Question 9\/10 : Secteur des transports en commun. Une fillette a \u00e9t\u00e9 oubli\u00e9e dans un bus pendant 7 heures. Elle s\u2019est endormie calmement et a \u00e9t\u00e9 retrouv\u00e9e \u00e0 15h30 au moment de la seconde rotation du bus.<\/div><br \/><input type='hidden' name='question_id[]' value='119' \/><label for='answer-id-443' id='answer-label-443' class=' answer label-9'><input type='radio' name='answer-119' id='answer-id-443' class='answer answer-9 ' value='443' \/><span class='answer'> Vous mettez en place une strat\u00e9gie r\u00e9active et vous vous pr\u00e9parez \u00e0 r\u00e9pondre aux accusations des parents, de la police, et \u00e0 une potentielle m\u00e9diatisation r\u00e9gionale. Vous prenez contact avec les parents<\/span><\/label><br \/><label for='answer-id-444' id='answer-label-444' class=' answer label-9'><input type='radio' name='answer-119' id='answer-id-444' class='answer answer-9 ' value='444' \/><span class='answer'> Vous faites une communication pro active via la presse sur le sujet en indiquant que vous allez renforcer vos proc\u00e9dures de vigilance dans les bus<\/span><\/label><br \/><label for='answer-id-445' id='answer-label-445' class=' answer label-9'><input type='radio' name='answer-119' id='answer-id-445' class='answer answer-9 ' value='445' \/><span class='answer'> Vous licenciez pour faute le chauffeur<\/span><\/label><br \/><\/div><div class='quizzin-question' id='question-10'><div class='question-content'>Question 10\/10 : Secteur alimentaire. Vous \u00eates responsable qualit\u00e9 ou directeur. Un souriceau a \u00e9t\u00e9 trouv\u00e9 dans une boite de haricots verts et la cliente menace de faire un scandale dans les m\u00e9dias.<\/div><br \/><input type='hidden' name='question_id[]' value='120' \/><label for='answer-id-446' id='answer-label-446' class=' answer label-10'><input type='radio' name='answer-120' id='answer-id-446' class='answer answer-10 ' value='446' \/><span class='answer'> Vous lui expliquez que la souris \u00ab a certainement \u00e9t\u00e9 ramass\u00e9e lors de la cueillette des l\u00e9gumes, st\u00e9rilis\u00e9e avec eux, et que le danger est nul. \u00bb<\/span><\/label><br \/><label for='answer-id-447' id='answer-label-447' class=' answer label-10'><input type='radio' name='answer-120' id='answer-id-447' class='answer answer-10 ' value='447' \/><span class='answer'> Vous lui faites rembourser sa boite de haricots par votre service accueil, selon la proc\u00e9dure en vigueur<\/span><\/label><br \/><label for='answer-id-448' id='answer-label-448' class=' answer label-10'><input type='radio' name='answer-120' id='answer-id-448' class='answer answer-10 ' value='448' \/><span class='answer'> Vous descendez et recevez personnellement cette dame afin de trouver un accord avec elle. M\u00eame si c\u2019est une souris sur 6 millions de boites de haricots par an !<\/span><\/label><br \/><\/div><br \/>\r\n<input type=\"button\" id=\"next-question\" value=\"Question suivante &gt;\"  \/><br \/>\r\n\r\n<input type=\"submit\" name=\"action\" id=\"action-button\" value=\"Valider mes r\u00e9ponses et voir le r\u00e9sultat &nbsp; \"  \/>\r\n<input type=\"hidden\" name=\"quiz_id\" value=\"12\" \/>\r\n<\/form>\r\n<\/div>\r\n\r\n\n","protected":false},"excerpt":{"rendered":"","protected":false},"author":50,"featured_media":7662,"comment_status":"open","ping_status":"open","sticky":false,"template":"","format":"standard","meta":{"_acf_changed":false,"_mi_skip_tracking":false,"footnotes":""},"categories":[9],"tags":[1078,131,50],"class_list":["post-7661","post","type-post","status-publish","format-standard","has-post-thumbnail","hentry","category-developpement-personnel-et-efficacite-professionnelle","tag-bad-buzz","tag-communication","tag-crise"],"acf":[],"yoast_head":"<!-- This site is optimized with the Yoast SEO plugin v23.4 - https:\/\/yoast.com\/wordpress\/plugins\/seo\/ -->\n<title>Quiz : Communication de crise, quelle attitude adopter ? - Le Blog GERESO<\/title>\n<meta name=\"robots\" content=\"index, follow, max-snippet:-1, max-image-preview:large, max-video-preview:-1\" \/>\n<link rel=\"canonical\" href=\"https:\/\/www.gereso.com\/actualites\/2017\/02\/16\/quiz-communication-de-crise-quelle-attitude-adopter\/\" \/>\n<meta property=\"og:locale\" content=\"fr_FR\" \/>\n<meta property=\"og:type\" content=\"article\" \/>\n<meta property=\"og:title\" content=\"Quiz : Communication de crise, quelle attitude adopter ? - Le Blog GERESO\" \/>\n<meta property=\"og:url\" content=\"https:\/\/www.gereso.com\/actualites\/2017\/02\/16\/quiz-communication-de-crise-quelle-attitude-adopter\/\" \/>\n<meta property=\"og:site_name\" content=\"Le Blog GERESO\" \/>\n<meta property=\"article:published_time\" content=\"2017-02-16T06:45:11+00:00\" \/>\n<meta property=\"article:modified_time\" content=\"2017-02-16T07:46:26+00:00\" \/>\n<meta property=\"og:image\" content=\"https:\/\/www.gereso.com\/actualites\/wp-content\/uploads\/2017\/02\/communiquer-crise-bad-buzz.jpg\" \/>\n\t<meta property=\"og:image:width\" content=\"600\" \/>\n\t<meta property=\"og:image:height\" content=\"400\" \/>\n\t<meta property=\"og:image:type\" content=\"image\/jpeg\" \/>\n<meta name=\"author\" content=\"Muriel Jouas\" \/>\n<meta name=\"twitter:card\" content=\"summary_large_image\" \/>\n<script type=\"application\/ld+json\" class=\"yoast-schema-graph\">{\"@context\":\"https:\/\/schema.org\",\"@graph\":[{\"@type\":\"WebPage\",\"@id\":\"https:\/\/www.gereso.com\/actualites\/2017\/02\/16\/quiz-communication-de-crise-quelle-attitude-adopter\/\",\"url\":\"https:\/\/www.gereso.com\/actualites\/2017\/02\/16\/quiz-communication-de-crise-quelle-attitude-adopter\/\",\"name\":\"Quiz : Communication de crise, quelle attitude adopter ? - Le Blog GERESO\",\"isPartOf\":{\"@id\":\"https:\/\/www.gereso.com\/actualites\/#website\"},\"primaryImageOfPage\":{\"@id\":\"https:\/\/www.gereso.com\/actualites\/2017\/02\/16\/quiz-communication-de-crise-quelle-attitude-adopter\/#primaryimage\"},\"image\":{\"@id\":\"https:\/\/www.gereso.com\/actualites\/2017\/02\/16\/quiz-communication-de-crise-quelle-attitude-adopter\/#primaryimage\"},\"thumbnailUrl\":\"https:\/\/www.gereso.com\/actualites\/wp-content\/uploads\/2017\/02\/communiquer-crise-bad-buzz.jpg\",\"datePublished\":\"2017-02-16T06:45:11+00:00\",\"dateModified\":\"2017-02-16T07:46:26+00:00\",\"author\":{\"@id\":\"https:\/\/www.gereso.com\/actualites\/#\/schema\/person\/94a388c72c8bd3d4dddfeac9ff7abad4\"},\"breadcrumb\":{\"@id\":\"https:\/\/www.gereso.com\/actualites\/2017\/02\/16\/quiz-communication-de-crise-quelle-attitude-adopter\/#breadcrumb\"},\"inLanguage\":\"fr-FR\",\"potentialAction\":[{\"@type\":\"ReadAction\",\"target\":[\"https:\/\/www.gereso.com\/actualites\/2017\/02\/16\/quiz-communication-de-crise-quelle-attitude-adopter\/\"]}]},{\"@type\":\"ImageObject\",\"inLanguage\":\"fr-FR\",\"@id\":\"https:\/\/www.gereso.com\/actualites\/2017\/02\/16\/quiz-communication-de-crise-quelle-attitude-adopter\/#primaryimage\",\"url\":\"https:\/\/www.gereso.com\/actualites\/wp-content\/uploads\/2017\/02\/communiquer-crise-bad-buzz.jpg\",\"contentUrl\":\"https:\/\/www.gereso.com\/actualites\/wp-content\/uploads\/2017\/02\/communiquer-crise-bad-buzz.jpg\",\"width\":600,\"height\":400,\"caption\":\"Communication de crise : comment agir face au bad buzz ?\"},{\"@type\":\"BreadcrumbList\",\"@id\":\"https:\/\/www.gereso.com\/actualites\/2017\/02\/16\/quiz-communication-de-crise-quelle-attitude-adopter\/#breadcrumb\",\"itemListElement\":[{\"@type\":\"ListItem\",\"position\":1,\"name\":\"Home\",\"item\":\"https:\/\/www.gereso.com\/actualites\/\"},{\"@type\":\"ListItem\",\"position\":2,\"name\":\"Quiz : Communication de crise, quelle attitude adopter ?\"}]},{\"@type\":\"WebSite\",\"@id\":\"https:\/\/www.gereso.com\/actualites\/#website\",\"url\":\"https:\/\/www.gereso.com\/actualites\/\",\"name\":\"Le Blog GERESO\",\"description\":\"Toute l&#039;actu RH, Finance, Fonction Publique, Management...\",\"potentialAction\":[{\"@type\":\"SearchAction\",\"target\":{\"@type\":\"EntryPoint\",\"urlTemplate\":\"https:\/\/www.gereso.com\/actualites\/?s={search_term_string}\"},\"query-input\":{\"@type\":\"PropertyValueSpecification\",\"valueRequired\":true,\"valueName\":\"search_term_string\"}}],\"inLanguage\":\"fr-FR\"},{\"@type\":\"Person\",\"@id\":\"https:\/\/www.gereso.com\/actualites\/#\/schema\/person\/94a388c72c8bd3d4dddfeac9ff7abad4\",\"name\":\"Muriel Jouas\",\"image\":{\"@type\":\"ImageObject\",\"inLanguage\":\"fr-FR\",\"@id\":\"https:\/\/www.gereso.com\/actualites\/#\/schema\/person\/image\/\",\"url\":\"https:\/\/www.gereso.com\/actualites\/wp-content\/uploads\/2017\/02\/muriel-jouas.jpg\",\"contentUrl\":\"https:\/\/www.gereso.com\/actualites\/wp-content\/uploads\/2017\/02\/muriel-jouas.jpg\",\"caption\":\"Muriel Jouas\"},\"description\":\"Formatrice et consultante en d\u00e9veloppement personnel et efficacit\u00e9 professionnelle\",\"url\":\"https:\/\/www.gereso.com\/actualites\/author\/m-jouas\/\"}]}<\/script>\n<!-- \/ Yoast SEO plugin. -->","yoast_head_json":{"title":"Quiz : Communication de crise, quelle attitude adopter ? - Le Blog GERESO","robots":{"index":"index","follow":"follow","max-snippet":"max-snippet:-1","max-image-preview":"max-image-preview:large","max-video-preview":"max-video-preview:-1"},"canonical":"https:\/\/www.gereso.com\/actualites\/2017\/02\/16\/quiz-communication-de-crise-quelle-attitude-adopter\/","og_locale":"fr_FR","og_type":"article","og_title":"Quiz : Communication de crise, quelle attitude adopter ? - Le Blog GERESO","og_url":"https:\/\/www.gereso.com\/actualites\/2017\/02\/16\/quiz-communication-de-crise-quelle-attitude-adopter\/","og_site_name":"Le Blog GERESO","article_published_time":"2017-02-16T06:45:11+00:00","article_modified_time":"2017-02-16T07:46:26+00:00","og_image":[{"width":600,"height":400,"url":"https:\/\/www.gereso.com\/actualites\/wp-content\/uploads\/2017\/02\/communiquer-crise-bad-buzz.jpg","type":"image\/jpeg"}],"author":"Muriel Jouas","twitter_card":"summary_large_image","schema":{"@context":"https:\/\/schema.org","@graph":[{"@type":"WebPage","@id":"https:\/\/www.gereso.com\/actualites\/2017\/02\/16\/quiz-communication-de-crise-quelle-attitude-adopter\/","url":"https:\/\/www.gereso.com\/actualites\/2017\/02\/16\/quiz-communication-de-crise-quelle-attitude-adopter\/","name":"Quiz : Communication de crise, quelle attitude adopter ? - Le Blog GERESO","isPartOf":{"@id":"https:\/\/www.gereso.com\/actualites\/#website"},"primaryImageOfPage":{"@id":"https:\/\/www.gereso.com\/actualites\/2017\/02\/16\/quiz-communication-de-crise-quelle-attitude-adopter\/#primaryimage"},"image":{"@id":"https:\/\/www.gereso.com\/actualites\/2017\/02\/16\/quiz-communication-de-crise-quelle-attitude-adopter\/#primaryimage"},"thumbnailUrl":"https:\/\/www.gereso.com\/actualites\/wp-content\/uploads\/2017\/02\/communiquer-crise-bad-buzz.jpg","datePublished":"2017-02-16T06:45:11+00:00","dateModified":"2017-02-16T07:46:26+00:00","author":{"@id":"https:\/\/www.gereso.com\/actualites\/#\/schema\/person\/94a388c72c8bd3d4dddfeac9ff7abad4"},"breadcrumb":{"@id":"https:\/\/www.gereso.com\/actualites\/2017\/02\/16\/quiz-communication-de-crise-quelle-attitude-adopter\/#breadcrumb"},"inLanguage":"fr-FR","potentialAction":[{"@type":"ReadAction","target":["https:\/\/www.gereso.com\/actualites\/2017\/02\/16\/quiz-communication-de-crise-quelle-attitude-adopter\/"]}]},{"@type":"ImageObject","inLanguage":"fr-FR","@id":"https:\/\/www.gereso.com\/actualites\/2017\/02\/16\/quiz-communication-de-crise-quelle-attitude-adopter\/#primaryimage","url":"https:\/\/www.gereso.com\/actualites\/wp-content\/uploads\/2017\/02\/communiquer-crise-bad-buzz.jpg","contentUrl":"https:\/\/www.gereso.com\/actualites\/wp-content\/uploads\/2017\/02\/communiquer-crise-bad-buzz.jpg","width":600,"height":400,"caption":"Communication de crise : comment agir face au bad buzz ?"},{"@type":"BreadcrumbList","@id":"https:\/\/www.gereso.com\/actualites\/2017\/02\/16\/quiz-communication-de-crise-quelle-attitude-adopter\/#breadcrumb","itemListElement":[{"@type":"ListItem","position":1,"name":"Home","item":"https:\/\/www.gereso.com\/actualites\/"},{"@type":"ListItem","position":2,"name":"Quiz : Communication de crise, quelle attitude adopter ?"}]},{"@type":"WebSite","@id":"https:\/\/www.gereso.com\/actualites\/#website","url":"https:\/\/www.gereso.com\/actualites\/","name":"Le Blog GERESO","description":"Toute l&#039;actu RH, Finance, Fonction Publique, Management...","potentialAction":[{"@type":"SearchAction","target":{"@type":"EntryPoint","urlTemplate":"https:\/\/www.gereso.com\/actualites\/?s={search_term_string}"},"query-input":{"@type":"PropertyValueSpecification","valueRequired":true,"valueName":"search_term_string"}}],"inLanguage":"fr-FR"},{"@type":"Person","@id":"https:\/\/www.gereso.com\/actualites\/#\/schema\/person\/94a388c72c8bd3d4dddfeac9ff7abad4","name":"Muriel Jouas","image":{"@type":"ImageObject","inLanguage":"fr-FR","@id":"https:\/\/www.gereso.com\/actualites\/#\/schema\/person\/image\/","url":"https:\/\/www.gereso.com\/actualites\/wp-content\/uploads\/2017\/02\/muriel-jouas.jpg","contentUrl":"https:\/\/www.gereso.com\/actualites\/wp-content\/uploads\/2017\/02\/muriel-jouas.jpg","caption":"Muriel Jouas"},"description":"Formatrice et consultante en d\u00e9veloppement personnel et efficacit\u00e9 professionnelle","url":"https:\/\/www.gereso.com\/actualites\/author\/m-jouas\/"}]}},"_links":{"self":[{"href":"https:\/\/www.gereso.com\/actualites\/wp-json\/wp\/v2\/posts\/7661","targetHints":{"allow":["GET"]}}],"collection":[{"href":"https:\/\/www.gereso.com\/actualites\/wp-json\/wp\/v2\/posts"}],"about":[{"href":"https:\/\/www.gereso.com\/actualites\/wp-json\/wp\/v2\/types\/post"}],"author":[{"embeddable":true,"href":"https:\/\/www.gereso.com\/actualites\/wp-json\/wp\/v2\/users\/50"}],"replies":[{"embeddable":true,"href":"https:\/\/www.gereso.com\/actualites\/wp-json\/wp\/v2\/comments?post=7661"}],"version-history":[{"count":3,"href":"https:\/\/www.gereso.com\/actualites\/wp-json\/wp\/v2\/posts\/7661\/revisions"}],"predecessor-version":[{"id":7677,"href":"https:\/\/www.gereso.com\/actualites\/wp-json\/wp\/v2\/posts\/7661\/revisions\/7677"}],"wp:featuredmedia":[{"embeddable":true,"href":"https:\/\/www.gereso.com\/actualites\/wp-json\/wp\/v2\/media\/7662"}],"wp:attachment":[{"href":"https:\/\/www.gereso.com\/actualites\/wp-json\/wp\/v2\/media?parent=7661"}],"wp:term":[{"taxonomy":"category","embeddable":true,"href":"https:\/\/www.gereso.com\/actualites\/wp-json\/wp\/v2\/categories?post=7661"},{"taxonomy":"post_tag","embeddable":true,"href":"https:\/\/www.gereso.com\/actualites\/wp-json\/wp\/v2\/tags?post=7661"}],"curies":[{"name":"wp","href":"https:\/\/api.w.org\/{rel}","templated":true}]}}