{"id":7687,"date":"2017-02-22T11:25:58","date_gmt":"2017-02-22T09:25:58","guid":{"rendered":"https:\/\/www.gereso.com\/actualites\/?p=7687"},"modified":"2017-02-22T11:25:58","modified_gmt":"2017-02-22T09:25:58","slug":"declaration-des-resultats-18-mai-2017","status":"publish","type":"post","link":"https:\/\/www.gereso.com\/actualites\/2017\/02\/22\/declaration-des-resultats-18-mai-2017\/","title":{"rendered":"D\u00e9claration des r\u00e9sultats pour le 18 mai 2017"},"content":{"rendered":"<p>C&rsquo;est une r\u00e8gle qui est enfin devenue act\u00e9e et devrait rester stable dans le temps ! Si les exploitants individuels ont en principe jusqu&rsquo;au <strong>2\u00e8me jour ouvr\u00e9 suivant le 1er mai<\/strong> pour d\u00e9poser leur d\u00e9claration de r\u00e9sultats, \u00e0 chaque fois, ces deux derni\u00e8res ann\u00e9es, le minist\u00e8re des Finances avait octroy\u00e9 tardivement un d\u00e9lai suppl\u00e9mentaire d&rsquo;une quinzaine de jours pour les entreprises qui proc\u00e8dent \u00e0 cette obligation par <strong>t\u00e9l\u00e9d\u00e9claration<\/strong> (en mode EDI ou en mode EFI).<\/p>\n<p>Afin de p\u00e9renniser cette r\u00e8gle dans le temps, et de sortir notamment les <strong>cabinets d&rsquo;expertise comptable<\/strong> de cette inconnue sur le calendrier, l&rsquo;administration fiscale vient de modifier sa doctrine (actualit\u00e9 BOFiP du 17 f\u00e9vrier 2017). Le d\u00e9lai de <strong>15 jours suppl\u00e9mentaires<\/strong> sera octroy\u00e9 \u00e0 tous les exploitants individuels soumis \u00e0 un r\u00e9gime r\u00e9el d&rsquo;imposition qui transmettent leur d\u00e9claration de r\u00e9sultats par voie d\u00e9mat\u00e9rialis\u00e9e (la transmission par cette voie est obligatoire, quel que soit le montant du chiffre d&rsquo;affaires depuis 2015). Sont ainsi concern\u00e9s par la mesure, les exploitants hors statut \u00ab\u00a0micro\u00a0\u00bb qui rel\u00e8vent des <strong>BIC<\/strong> (b\u00e9n\u00e9fices industriels et commerciaux), des <strong>BNC<\/strong> (b\u00e9n\u00e9fices non commerciaux) ou des <strong>BA<\/strong> (b\u00e9n\u00e9fices agricoles).<\/p>\n<p>Les <strong>SCI<\/strong> (soci\u00e9t\u00e9s civiles immobili\u00e8res) de location non transparentes b\u00e9n\u00e9ficient \u00e9galement de cette r\u00e8gle pour le d\u00e9p\u00f4t de la d\u00e9claration <strong>n\u00b02072<\/strong>.<\/p>\n<p>Ainsi, pour 2017, le d\u00e9lai suppl\u00e9mentaire de 15 jours porte la date limite du d\u00e9p\u00f4t des d\u00e9clarations de r\u00e9sultats au <strong>18 mai 2017<\/strong>.<\/p>\n<p>Source : <a href=\"http:\/\/bofip.impots.gouv.fr\/bofip\/10861-PGP?branch=2\">http:\/\/bofip.impots.gouv.fr\/bofip\/10861-PGP?branch=2<\/a><\/p>\n<p>Pour les BIC (BOI-BIC-DECLA-30-20-10, \u00a7230) : <a href=\"http:\/\/bofip.impots.gouv.fr\/bofip\/2833-PGP.html?identifiant=BOI-BIC-DECLA-30-20-10-20170217\">http:\/\/bofip.impots.gouv.fr\/bofip\/2833-PGP.html?identifiant=BOI-BIC-DECLA-30-20-10-20170217<\/a><\/p>\n","protected":false},"excerpt":{"rendered":"<p>C&rsquo;est une r\u00e8gle qui est enfin devenue act\u00e9e et devrait rester stable dans le temps ! Si les exploitants individuels ont en principe jusqu&rsquo;au 2\u00e8me jour ouvr\u00e9 suivant le 1er mai pour d\u00e9poser leur d\u00e9claration de r\u00e9sultats, \u00e0 chaque fois, ces deux derni\u00e8res ann\u00e9es, le minist\u00e8re des Finances avait octroy\u00e9 tardivement un d\u00e9lai suppl\u00e9mentaire d&rsquo;une [&hellip;]<\/p>\n","protected":false},"author":45,"featured_media":0,"comment_status":"open","ping_status":"open","sticky":false,"template":"","format":"quote","meta":{"_acf_changed":false,"_mi_skip_tracking":false,"footnotes":""},"categories":[12,3],"tags":[1079],"class_list":["post-7687","post","type-post","status-publish","format-quote","hentry","category-actualites","category-comptabilite-fiscalite-et-gestion-financiere","tag-declaration-de-resultats","post_format-post-format-quote"],"acf":[],"yoast_head":"<!-- This site is optimized with the Yoast SEO plugin v23.4 - https:\/\/yoast.com\/wordpress\/plugins\/seo\/ -->\n<title>D\u00e9claration des r\u00e9sultats pour le 18 mai 2017 - Le Blog GERESO<\/title>\n<meta name=\"robots\" content=\"index, follow, max-snippet:-1, max-image-preview:large, max-video-preview:-1\" \/>\n<link rel=\"canonical\" href=\"https:\/\/www.gereso.com\/actualites\/2017\/02\/22\/declaration-des-resultats-18-mai-2017\/\" \/>\n<meta property=\"og:locale\" content=\"fr_FR\" \/>\n<meta property=\"og:type\" content=\"article\" \/>\n<meta property=\"og:title\" content=\"D\u00e9claration des r\u00e9sultats pour le 18 mai 2017 - Le Blog GERESO\" \/>\n<meta property=\"og:description\" content=\"C&rsquo;est une r\u00e8gle qui est enfin devenue act\u00e9e et devrait rester stable dans le temps ! Si les exploitants individuels ont en principe jusqu&rsquo;au 2\u00e8me jour ouvr\u00e9 suivant le 1er mai pour d\u00e9poser leur d\u00e9claration de r\u00e9sultats, \u00e0 chaque fois, ces deux derni\u00e8res ann\u00e9es, le minist\u00e8re des Finances avait octroy\u00e9 tardivement un d\u00e9lai suppl\u00e9mentaire d&rsquo;une [&hellip;]\" \/>\n<meta property=\"og:url\" content=\"https:\/\/www.gereso.com\/actualites\/2017\/02\/22\/declaration-des-resultats-18-mai-2017\/\" \/>\n<meta property=\"og:site_name\" content=\"Le Blog GERESO\" \/>\n<meta property=\"article:published_time\" content=\"2017-02-22T09:25:58+00:00\" \/>\n<meta name=\"author\" content=\"Damien P\u00e9an\" \/>\n<meta name=\"twitter:card\" content=\"summary_large_image\" \/>\n<script type=\"application\/ld+json\" class=\"yoast-schema-graph\">{\"@context\":\"https:\/\/schema.org\",\"@graph\":[{\"@type\":\"WebPage\",\"@id\":\"https:\/\/www.gereso.com\/actualites\/2017\/02\/22\/declaration-des-resultats-18-mai-2017\/\",\"url\":\"https:\/\/www.gereso.com\/actualites\/2017\/02\/22\/declaration-des-resultats-18-mai-2017\/\",\"name\":\"D\u00e9claration des r\u00e9sultats pour le 18 mai 2017 - Le Blog GERESO\",\"isPartOf\":{\"@id\":\"https:\/\/www.gereso.com\/actualites\/#website\"},\"datePublished\":\"2017-02-22T09:25:58+00:00\",\"dateModified\":\"2017-02-22T09:25:58+00:00\",\"author\":{\"@id\":\"https:\/\/www.gereso.com\/actualites\/#\/schema\/person\/c91814f92d627ed4715993fbbf7c7e8d\"},\"breadcrumb\":{\"@id\":\"https:\/\/www.gereso.com\/actualites\/2017\/02\/22\/declaration-des-resultats-18-mai-2017\/#breadcrumb\"},\"inLanguage\":\"fr-FR\",\"potentialAction\":[{\"@type\":\"ReadAction\",\"target\":[\"https:\/\/www.gereso.com\/actualites\/2017\/02\/22\/declaration-des-resultats-18-mai-2017\/\"]}]},{\"@type\":\"BreadcrumbList\",\"@id\":\"https:\/\/www.gereso.com\/actualites\/2017\/02\/22\/declaration-des-resultats-18-mai-2017\/#breadcrumb\",\"itemListElement\":[{\"@type\":\"ListItem\",\"position\":1,\"name\":\"Home\",\"item\":\"https:\/\/www.gereso.com\/actualites\/\"},{\"@type\":\"ListItem\",\"position\":2,\"name\":\"D\u00e9claration des r\u00e9sultats pour le 18 mai 2017\"}]},{\"@type\":\"WebSite\",\"@id\":\"https:\/\/www.gereso.com\/actualites\/#website\",\"url\":\"https:\/\/www.gereso.com\/actualites\/\",\"name\":\"Le Blog GERESO\",\"description\":\"Toute l&#039;actu RH, Finance, Fonction Publique, Management...\",\"potentialAction\":[{\"@type\":\"SearchAction\",\"target\":{\"@type\":\"EntryPoint\",\"urlTemplate\":\"https:\/\/www.gereso.com\/actualites\/?s={search_term_string}\"},\"query-input\":{\"@type\":\"PropertyValueSpecification\",\"valueRequired\":true,\"valueName\":\"search_term_string\"}}],\"inLanguage\":\"fr-FR\"},{\"@type\":\"Person\",\"@id\":\"https:\/\/www.gereso.com\/actualites\/#\/schema\/person\/c91814f92d627ed4715993fbbf7c7e8d\",\"name\":\"Damien P\u00e9an\",\"image\":{\"@type\":\"ImageObject\",\"inLanguage\":\"fr-FR\",\"@id\":\"https:\/\/www.gereso.com\/actualites\/#\/schema\/person\/image\/\",\"url\":\"https:\/\/www.gereso.com\/actualites\/wp-content\/uploads\/2016\/03\/damien-pean.jpg\",\"contentUrl\":\"https:\/\/www.gereso.com\/actualites\/wp-content\/uploads\/2016\/03\/damien-pean.jpg\",\"caption\":\"Damien P\u00e9an\"},\"description\":\"Damien P\u00c9AN est titulaire du Dipl\u00f4me d'\u00e9tudes sup\u00e9rieures comptables et financi\u00e8res (DESCF). Il intervient depuis plusieurs ann\u00e9es aupr\u00e8s d'\u00e9tudiants en licence de comptabilit\u00e9 et de gestion, \u00e0 qui il enseigne le contr\u00f4le de gestion, la comptabilit\u00e9 approfondie, le management, la fiscalit\u00e9, le droit des soci\u00e9t\u00e9s et le droit du travail. Il intervient \u00e9galement en formation continue pour le compte de divers organismes de formation sur des th\u00e9matiques techniques en comptabilit\u00e9 et fiscalit\u00e9. Il forme aussi un public de non-initi\u00e9s aux fondamentaux de la finance.\",\"url\":\"https:\/\/www.gereso.com\/actualites\/author\/d-pean\/\"}]}<\/script>\n<!-- \/ Yoast SEO plugin. -->","yoast_head_json":{"title":"D\u00e9claration des r\u00e9sultats pour le 18 mai 2017 - Le Blog GERESO","robots":{"index":"index","follow":"follow","max-snippet":"max-snippet:-1","max-image-preview":"max-image-preview:large","max-video-preview":"max-video-preview:-1"},"canonical":"https:\/\/www.gereso.com\/actualites\/2017\/02\/22\/declaration-des-resultats-18-mai-2017\/","og_locale":"fr_FR","og_type":"article","og_title":"D\u00e9claration des r\u00e9sultats pour le 18 mai 2017 - Le Blog GERESO","og_description":"C&rsquo;est une r\u00e8gle qui est enfin devenue act\u00e9e et devrait rester stable dans le temps ! Si les exploitants individuels ont en principe jusqu&rsquo;au 2\u00e8me jour ouvr\u00e9 suivant le 1er mai pour d\u00e9poser leur d\u00e9claration de r\u00e9sultats, \u00e0 chaque fois, ces deux derni\u00e8res ann\u00e9es, le minist\u00e8re des Finances avait octroy\u00e9 tardivement un d\u00e9lai suppl\u00e9mentaire d&rsquo;une [&hellip;]","og_url":"https:\/\/www.gereso.com\/actualites\/2017\/02\/22\/declaration-des-resultats-18-mai-2017\/","og_site_name":"Le Blog GERESO","article_published_time":"2017-02-22T09:25:58+00:00","author":"Damien P\u00e9an","twitter_card":"summary_large_image","schema":{"@context":"https:\/\/schema.org","@graph":[{"@type":"WebPage","@id":"https:\/\/www.gereso.com\/actualites\/2017\/02\/22\/declaration-des-resultats-18-mai-2017\/","url":"https:\/\/www.gereso.com\/actualites\/2017\/02\/22\/declaration-des-resultats-18-mai-2017\/","name":"D\u00e9claration des r\u00e9sultats pour le 18 mai 2017 - Le Blog GERESO","isPartOf":{"@id":"https:\/\/www.gereso.com\/actualites\/#website"},"datePublished":"2017-02-22T09:25:58+00:00","dateModified":"2017-02-22T09:25:58+00:00","author":{"@id":"https:\/\/www.gereso.com\/actualites\/#\/schema\/person\/c91814f92d627ed4715993fbbf7c7e8d"},"breadcrumb":{"@id":"https:\/\/www.gereso.com\/actualites\/2017\/02\/22\/declaration-des-resultats-18-mai-2017\/#breadcrumb"},"inLanguage":"fr-FR","potentialAction":[{"@type":"ReadAction","target":["https:\/\/www.gereso.com\/actualites\/2017\/02\/22\/declaration-des-resultats-18-mai-2017\/"]}]},{"@type":"BreadcrumbList","@id":"https:\/\/www.gereso.com\/actualites\/2017\/02\/22\/declaration-des-resultats-18-mai-2017\/#breadcrumb","itemListElement":[{"@type":"ListItem","position":1,"name":"Home","item":"https:\/\/www.gereso.com\/actualites\/"},{"@type":"ListItem","position":2,"name":"D\u00e9claration des r\u00e9sultats pour le 18 mai 2017"}]},{"@type":"WebSite","@id":"https:\/\/www.gereso.com\/actualites\/#website","url":"https:\/\/www.gereso.com\/actualites\/","name":"Le Blog GERESO","description":"Toute l&#039;actu RH, Finance, Fonction Publique, Management...","potentialAction":[{"@type":"SearchAction","target":{"@type":"EntryPoint","urlTemplate":"https:\/\/www.gereso.com\/actualites\/?s={search_term_string}"},"query-input":{"@type":"PropertyValueSpecification","valueRequired":true,"valueName":"search_term_string"}}],"inLanguage":"fr-FR"},{"@type":"Person","@id":"https:\/\/www.gereso.com\/actualites\/#\/schema\/person\/c91814f92d627ed4715993fbbf7c7e8d","name":"Damien P\u00e9an","image":{"@type":"ImageObject","inLanguage":"fr-FR","@id":"https:\/\/www.gereso.com\/actualites\/#\/schema\/person\/image\/","url":"https:\/\/www.gereso.com\/actualites\/wp-content\/uploads\/2016\/03\/damien-pean.jpg","contentUrl":"https:\/\/www.gereso.com\/actualites\/wp-content\/uploads\/2016\/03\/damien-pean.jpg","caption":"Damien P\u00e9an"},"description":"Damien P\u00c9AN est titulaire du Dipl\u00f4me d'\u00e9tudes sup\u00e9rieures comptables et financi\u00e8res (DESCF). Il intervient depuis plusieurs ann\u00e9es aupr\u00e8s d'\u00e9tudiants en licence de comptabilit\u00e9 et de gestion, \u00e0 qui il enseigne le contr\u00f4le de gestion, la comptabilit\u00e9 approfondie, le management, la fiscalit\u00e9, le droit des soci\u00e9t\u00e9s et le droit du travail. Il intervient \u00e9galement en formation continue pour le compte de divers organismes de formation sur des th\u00e9matiques techniques en comptabilit\u00e9 et fiscalit\u00e9. Il forme aussi un public de non-initi\u00e9s aux fondamentaux de la finance.","url":"https:\/\/www.gereso.com\/actualites\/author\/d-pean\/"}]}},"_links":{"self":[{"href":"https:\/\/www.gereso.com\/actualites\/wp-json\/wp\/v2\/posts\/7687","targetHints":{"allow":["GET"]}}],"collection":[{"href":"https:\/\/www.gereso.com\/actualites\/wp-json\/wp\/v2\/posts"}],"about":[{"href":"https:\/\/www.gereso.com\/actualites\/wp-json\/wp\/v2\/types\/post"}],"author":[{"embeddable":true,"href":"https:\/\/www.gereso.com\/actualites\/wp-json\/wp\/v2\/users\/45"}],"replies":[{"embeddable":true,"href":"https:\/\/www.gereso.com\/actualites\/wp-json\/wp\/v2\/comments?post=7687"}],"version-history":[{"count":3,"href":"https:\/\/www.gereso.com\/actualites\/wp-json\/wp\/v2\/posts\/7687\/revisions"}],"predecessor-version":[{"id":7690,"href":"https:\/\/www.gereso.com\/actualites\/wp-json\/wp\/v2\/posts\/7687\/revisions\/7690"}],"wp:attachment":[{"href":"https:\/\/www.gereso.com\/actualites\/wp-json\/wp\/v2\/media?parent=7687"}],"wp:term":[{"taxonomy":"category","embeddable":true,"href":"https:\/\/www.gereso.com\/actualites\/wp-json\/wp\/v2\/categories?post=7687"},{"taxonomy":"post_tag","embeddable":true,"href":"https:\/\/www.gereso.com\/actualites\/wp-json\/wp\/v2\/tags?post=7687"}],"curies":[{"name":"wp","href":"https:\/\/api.w.org\/{rel}","templated":true}]}}