{"id":7734,"date":"2017-03-02T14:20:21","date_gmt":"2017-03-02T12:20:21","guid":{"rendered":"https:\/\/www.gereso.com\/actualites\/?p=7734"},"modified":"2017-03-02T15:20:06","modified_gmt":"2017-03-02T13:20:06","slug":"quiz-le-compte-personnel-dactivite","status":"publish","type":"post","link":"https:\/\/www.gereso.com\/actualites\/2017\/03\/02\/quiz-le-compte-personnel-dactivite\/","title":{"rendered":"Quiz : Le compte personnel d\u2019activit\u00e9"},"content":{"rendered":"<p>Entr\u00e9 en vigueur le 1er janvier 2017, employeur comme salari\u00e9, chacun se doit de connaitre les grandes dispositions du CPA qui va d\u00e9sormais <strong>guider chaque carri\u00e8re et \u00e9volution professionnelle<\/strong>. Il est donc temps de voir si vous \u00eates-vous au point sur les grandes lignes encadrant ce nouveau dispositif\u00a0!<\/p>\n<link type=\"text\/css\" rel=\"stylesheet\" href=\"https:\/\/www.gereso.com\/actualites\/wp-content\/plugins\/quizzin\/style.css\" \/>\r\n<script type=\"text\/javascript\" src=\"https:\/\/www.gereso.com\/actualites\/wp-includes\/js\/jquery\/jquery.js\"><\/script>\r\n<script type=\"text\/javascript\" src=\"https:\/\/www.gereso.com\/actualites\/wp-content\/plugins\/quizzin\/script.js\"><\/script>\r\n\r\n<div class=\"quiz-area single-page-quiz\">\r\n<form action=\"\" method=\"post\" class=\"quiz-form\" id=\"quiz-13\">\r\n<div class='quizzin-question' id='question-1'><div class='question-content'>Question 1\/10 :\u00a0Le compte personnel d\u2019activit\u00e9 regroupe des comptes diff\u00e9rents<\/div><br \/><input type='hidden' name='question_id[]' value='121' \/><label for='answer-id-452' id='answer-label-452' class=' answer label-1'><input type='radio' name='answer-121' id='answer-id-452' class='answer answer-1 ' value='452' \/><span class='answer'> Vrai<\/span><\/label><br \/><label for='answer-id-453' id='answer-label-453' class=' answer label-1'><input type='radio' name='answer-121' id='answer-id-453' class='answer answer-1 ' value='453' \/><span class='answer'> Faux<\/span><\/label><br \/><\/div><div class='quizzin-question' id='question-2'><div class='question-content'>Question 2\/10 : Le salari\u00e9 a l\u2019obligation de s\u2019inscrire sur le portail internet permettant de consulter son CPA<\/div><br \/><input type='hidden' name='question_id[]' value='122' \/><label for='answer-id-454' id='answer-label-454' class=' answer label-2'><input type='radio' name='answer-122' id='answer-id-454' class='answer answer-2 ' value='454' \/><span class='answer'> Vrai<\/span><\/label><br \/><label for='answer-id-455' id='answer-label-455' class=' answer label-2'><input type='radio' name='answer-122' id='answer-id-455' class='answer answer-2 ' value='455' \/><span class='answer'> Faux<\/span><\/label><br \/><\/div><div class='quizzin-question' id='question-3'><div class='question-content'>Question 3\/10 :\u00a0Le portail du CPA permet \u00e9galement au salari\u00e9 d\u2019acc\u00e9der \u00e0 sa fiche de paie d\u00e9mat\u00e9rialis\u00e9e<\/div><br \/><input type='hidden' name='question_id[]' value='123' \/><label for='answer-id-456' id='answer-label-456' class=' answer label-3'><input type='radio' name='answer-123' id='answer-id-456' class='answer answer-3 ' value='456' \/><span class='answer'> Vrai<\/span><\/label><br \/><label for='answer-id-457' id='answer-label-457' class=' answer label-3'><input type='radio' name='answer-123' id='answer-id-457' class='answer answer-3 ' value='457' \/><span class='answer'> Faux<\/span><\/label><br \/><\/div><div class='quizzin-question' id='question-4'><div class='question-content'>Question 4\/10 :\u00a0Le CPA s\u2019adresse uniquement aux salari\u00e9s de plus de 18 ans.<\/div><br \/><input type='hidden' name='question_id[]' value='124' \/><label for='answer-id-458' id='answer-label-458' class=' answer label-4'><input type='radio' name='answer-124' id='answer-id-458' class='answer answer-4 ' value='458' \/><span class='answer'> Vrai<\/span><\/label><br \/><label for='answer-id-459' id='answer-label-459' class=' answer label-4'><input type='radio' name='answer-124' id='answer-id-459' class='answer answer-4 ' value='459' \/><span class='answer'> Faux<\/span><\/label><br \/><\/div><div class='quizzin-question' id='question-5'><div class='question-content'>Question 5\/10 :\u00a0Le Compte d\u2019Engagement Citoyen (CEC), englob\u00e9 dans le CPA, permet l\u2019obtention d\u2019heures de formation suppl\u00e9mentaires<\/div><br \/><input type='hidden' name='question_id[]' value='125' \/><label for='answer-id-460' id='answer-label-460' class=' answer label-5'><input type='radio' name='answer-125' id='answer-id-460' class='answer answer-5 ' value='460' \/><span class='answer'> Vrai<\/span><\/label><br \/><label for='answer-id-461' id='answer-label-461' class=' answer label-5'><input type='radio' name='answer-125' id='answer-id-461' class='answer answer-5 ' value='461' \/><span class='answer'> Faux<\/span><\/label><br \/><\/div><div class='quizzin-question' id='question-6'><div class='question-content'>Question 6\/10 :\u00a0Dans le Compte Personnel de pr\u00e9vention de la p\u00e9nibilit\u00e9 (C3P), le d\u00e9compte des droits s\u2019effectue en points.<\/div><br \/><input type='hidden' name='question_id[]' value='126' \/><label for='answer-id-464' id='answer-label-464' class=' answer label-6'><input type='radio' name='answer-126' id='answer-id-464' class='answer answer-6 ' value='464' \/><span class='answer'> Vrai<\/span><\/label><br \/><label for='answer-id-465' id='answer-label-465' class=' answer label-6'><input type='radio' name='answer-126' id='answer-id-465' class='answer answer-6 ' value='465' \/><span class='answer'> Faux<\/span><\/label><br \/><\/div><div class='quizzin-question' id='question-7'><div class='question-content'>Question 7\/10 :\u00a0Dans le cadre du CPA, les personnes de droit priv\u00e9 sont automatiquement cr\u00e9dit\u00e9es de 150 heures de formation<\/div><br \/><input type='hidden' name='question_id[]' value='127' \/><label for='answer-id-466' id='answer-label-466' class=' answer label-7'><input type='radio' name='answer-127' id='answer-id-466' class='answer answer-7 ' value='466' \/><span class='answer'> Vrai<\/span><\/label><br \/><label for='answer-id-467' id='answer-label-467' class=' answer label-7'><input type='radio' name='answer-127' id='answer-id-467' class='answer answer-7 ' value='467' \/><span class='answer'> Faux<\/span><\/label><br \/><\/div><div class='quizzin-question' id='question-8'><div class='question-content'>Question 8\/10 :\u00a0Dans le cadre du CPA, des personnes sans qualification peuvent cumuler au maximum 150 heures de formation<\/div><br \/><input type='hidden' name='question_id[]' value='128' \/><label for='answer-id-468' id='answer-label-468' class=' answer label-8'><input type='radio' name='answer-128' id='answer-id-468' class='answer answer-8 ' value='468' \/><span class='answer'> Vrai<\/span><\/label><br \/><label for='answer-id-469' id='answer-label-469' class=' answer label-8'><input type='radio' name='answer-128' id='answer-id-469' class='answer answer-8 ' value='469' \/><span class='answer'> Faux<\/span><\/label><br \/><\/div><div class='quizzin-question' id='question-9'><div class='question-content'>Question 9\/10 :\u00a0Le salari\u00e9\u00a0doit utiliser ses droits acquis s\u2019il change d\u2019entreprise<\/div><br \/><input type='hidden' name='question_id[]' value='129' \/><label for='answer-id-470' id='answer-label-470' class=' answer label-9'><input type='radio' name='answer-129' id='answer-id-470' class='answer answer-9 ' value='470' \/><span class='answer'> Vrai<\/span><\/label><br \/><label for='answer-id-471' id='answer-label-471' class=' answer label-9'><input type='radio' name='answer-129' id='answer-id-471' class='answer answer-9 ' value='471' \/><span class='answer'> Faux<\/span><\/label><br \/><\/div><div class='quizzin-question' id='question-10'><div class='question-content'>Question 10\/10 :\u00a0L\u2019employeur peut obliger le salari\u00e9 \u00e0 utiliser les heures de formation inscrites \u00e0 son CPF<\/div><br \/><input type='hidden' name='question_id[]' value='130' \/><label for='answer-id-472' id='answer-label-472' class=' answer label-10'><input type='radio' name='answer-130' id='answer-id-472' class='answer answer-10 ' value='472' \/><span class='answer'> Vrai<\/span><\/label><br \/><label for='answer-id-473' id='answer-label-473' class=' answer label-10'><input type='radio' name='answer-130' id='answer-id-473' class='answer answer-10 ' value='473' \/><span class='answer'> Faux<\/span><\/label><br \/><\/div><br \/>\r\n<input type=\"button\" id=\"next-question\" value=\"Question suivante &gt;\"  \/><br \/>\r\n\r\n<input type=\"submit\" name=\"action\" id=\"action-button\" value=\"Valider mes r\u00e9ponses et voir le r\u00e9sultat &nbsp; \"  \/>\r\n<input type=\"hidden\" name=\"quiz_id\" value=\"13\" \/>\r\n<\/form>\r\n<\/div>\r\n\r\n\n","protected":false},"excerpt":{"rendered":"<p>Entr\u00e9 en vigueur le 1er janvier 2017, employeur comme salari\u00e9, chacun se doit de connaitre les grandes dispositions du CPA qui va d\u00e9sormais guider chaque carri\u00e8re et \u00e9volution professionnelle. Il est donc temps de voir si vous \u00eates-vous au point sur les grandes lignes encadrant ce nouveau dispositif\u00a0!<\/p>\n","protected":false},"author":44,"featured_media":7735,"comment_status":"open","ping_status":"open","sticky":false,"template":"","format":"standard","meta":{"_acf_changed":false,"_mi_skip_tracking":false,"footnotes":""},"categories":[828,1],"tags":[644,379,1081,894,38,282],"class_list":["post-7734","post","type-post","status-publish","format-standard","has-post-thumbnail","hentry","category-formation-professionnelle","category-non-classe","tag-bulletin-de-paie","tag-chomage","tag-compte-personnel","tag-cpa","tag-formation","tag-penibilite"],"acf":[],"yoast_head":"<!-- This site is optimized with the Yoast SEO plugin v23.4 - https:\/\/yoast.com\/wordpress\/plugins\/seo\/ -->\n<title>Quiz : Le compte personnel d\u2019activit\u00e9 - Le Blog GERESO<\/title>\n<meta name=\"robots\" content=\"index, follow, max-snippet:-1, max-image-preview:large, max-video-preview:-1\" \/>\n<link rel=\"canonical\" href=\"https:\/\/www.gereso.com\/actualites\/2017\/03\/02\/quiz-le-compte-personnel-dactivite\/\" \/>\n<meta property=\"og:locale\" content=\"fr_FR\" \/>\n<meta property=\"og:type\" content=\"article\" \/>\n<meta property=\"og:title\" content=\"Quiz : Le compte personnel d\u2019activit\u00e9 - Le Blog GERESO\" \/>\n<meta property=\"og:description\" content=\"Entr\u00e9 en vigueur le 1er janvier 2017, employeur comme salari\u00e9, chacun se doit de connaitre les grandes dispositions du CPA qui va d\u00e9sormais guider chaque carri\u00e8re et \u00e9volution professionnelle. Il est donc temps de voir si vous \u00eates-vous au point sur les grandes lignes encadrant ce nouveau dispositif\u00a0!\" \/>\n<meta property=\"og:url\" content=\"https:\/\/www.gereso.com\/actualites\/2017\/03\/02\/quiz-le-compte-personnel-dactivite\/\" \/>\n<meta property=\"og:site_name\" content=\"Le Blog GERESO\" \/>\n<meta property=\"article:published_time\" content=\"2017-03-02T12:20:21+00:00\" \/>\n<meta property=\"article:modified_time\" content=\"2017-03-02T13:20:06+00:00\" \/>\n<meta property=\"og:image\" content=\"https:\/\/www.gereso.com\/actualites\/wp-content\/uploads\/2017\/03\/cpa-compte-personnel-activite.png\" \/>\n\t<meta property=\"og:image:width\" content=\"479\" \/>\n\t<meta property=\"og:image:height\" content=\"319\" \/>\n\t<meta property=\"og:image:type\" content=\"image\/png\" \/>\n<meta name=\"author\" content=\"Gwendoline Aubourg\" \/>\n<meta name=\"twitter:card\" content=\"summary_large_image\" \/>\n<script type=\"application\/ld+json\" class=\"yoast-schema-graph\">{\"@context\":\"https:\/\/schema.org\",\"@graph\":[{\"@type\":\"WebPage\",\"@id\":\"https:\/\/www.gereso.com\/actualites\/2017\/03\/02\/quiz-le-compte-personnel-dactivite\/\",\"url\":\"https:\/\/www.gereso.com\/actualites\/2017\/03\/02\/quiz-le-compte-personnel-dactivite\/\",\"name\":\"Quiz : Le compte personnel d\u2019activit\u00e9 - Le Blog GERESO\",\"isPartOf\":{\"@id\":\"https:\/\/www.gereso.com\/actualites\/#website\"},\"primaryImageOfPage\":{\"@id\":\"https:\/\/www.gereso.com\/actualites\/2017\/03\/02\/quiz-le-compte-personnel-dactivite\/#primaryimage\"},\"image\":{\"@id\":\"https:\/\/www.gereso.com\/actualites\/2017\/03\/02\/quiz-le-compte-personnel-dactivite\/#primaryimage\"},\"thumbnailUrl\":\"https:\/\/www.gereso.com\/actualites\/wp-content\/uploads\/2017\/03\/cpa-compte-personnel-activite.png\",\"datePublished\":\"2017-03-02T12:20:21+00:00\",\"dateModified\":\"2017-03-02T13:20:06+00:00\",\"author\":{\"@id\":\"https:\/\/www.gereso.com\/actualites\/#\/schema\/person\/74853d141382f3563939c9e96dcdc2ce\"},\"breadcrumb\":{\"@id\":\"https:\/\/www.gereso.com\/actualites\/2017\/03\/02\/quiz-le-compte-personnel-dactivite\/#breadcrumb\"},\"inLanguage\":\"fr-FR\",\"potentialAction\":[{\"@type\":\"ReadAction\",\"target\":[\"https:\/\/www.gereso.com\/actualites\/2017\/03\/02\/quiz-le-compte-personnel-dactivite\/\"]}]},{\"@type\":\"ImageObject\",\"inLanguage\":\"fr-FR\",\"@id\":\"https:\/\/www.gereso.com\/actualites\/2017\/03\/02\/quiz-le-compte-personnel-dactivite\/#primaryimage\",\"url\":\"https:\/\/www.gereso.com\/actualites\/wp-content\/uploads\/2017\/03\/cpa-compte-personnel-activite.png\",\"contentUrl\":\"https:\/\/www.gereso.com\/actualites\/wp-content\/uploads\/2017\/03\/cpa-compte-personnel-activite.png\",\"width\":479,\"height\":319,\"caption\":\"Le CPA r\u00e9unit dans un seul compte diff\u00e9rents droits acquis par le salari\u00e9\"},{\"@type\":\"BreadcrumbList\",\"@id\":\"https:\/\/www.gereso.com\/actualites\/2017\/03\/02\/quiz-le-compte-personnel-dactivite\/#breadcrumb\",\"itemListElement\":[{\"@type\":\"ListItem\",\"position\":1,\"name\":\"Home\",\"item\":\"https:\/\/www.gereso.com\/actualites\/\"},{\"@type\":\"ListItem\",\"position\":2,\"name\":\"Quiz : Le compte personnel d\u2019activit\u00e9\"}]},{\"@type\":\"WebSite\",\"@id\":\"https:\/\/www.gereso.com\/actualites\/#website\",\"url\":\"https:\/\/www.gereso.com\/actualites\/\",\"name\":\"Le Blog GERESO\",\"description\":\"Toute l&#039;actu RH, Finance, Fonction Publique, Management...\",\"potentialAction\":[{\"@type\":\"SearchAction\",\"target\":{\"@type\":\"EntryPoint\",\"urlTemplate\":\"https:\/\/www.gereso.com\/actualites\/?s={search_term_string}\"},\"query-input\":{\"@type\":\"PropertyValueSpecification\",\"valueRequired\":true,\"valueName\":\"search_term_string\"}}],\"inLanguage\":\"fr-FR\"},{\"@type\":\"Person\",\"@id\":\"https:\/\/www.gereso.com\/actualites\/#\/schema\/person\/74853d141382f3563939c9e96dcdc2ce\",\"name\":\"Gwendoline Aubourg\",\"image\":{\"@type\":\"ImageObject\",\"inLanguage\":\"fr-FR\",\"@id\":\"https:\/\/www.gereso.com\/actualites\/#\/schema\/person\/image\/\",\"url\":\"https:\/\/www.gereso.com\/actualites\/wp-content\/uploads\/2016\/10\/GwendolineAubourg-1-144x144.jpg\",\"contentUrl\":\"https:\/\/www.gereso.com\/actualites\/wp-content\/uploads\/2016\/10\/GwendolineAubourg-1-144x144.jpg\",\"caption\":\"Gwendoline Aubourg\"},\"description\":\"Juriste, dipl\u00f4m\u00e9e en droit social de la Facult\u00e9 des sciences juridiques, politiques et sociales de Lille, r\u00e9dactrice RH et auteure de nombreux ouvrages sur les th\u00e8mes du droit du travail et des droits du consommateurs.\",\"url\":\"https:\/\/www.gereso.com\/actualites\/author\/g-aubourg\/\"}]}<\/script>\n<!-- \/ Yoast SEO plugin. -->","yoast_head_json":{"title":"Quiz : Le compte personnel d\u2019activit\u00e9 - Le Blog GERESO","robots":{"index":"index","follow":"follow","max-snippet":"max-snippet:-1","max-image-preview":"max-image-preview:large","max-video-preview":"max-video-preview:-1"},"canonical":"https:\/\/www.gereso.com\/actualites\/2017\/03\/02\/quiz-le-compte-personnel-dactivite\/","og_locale":"fr_FR","og_type":"article","og_title":"Quiz : Le compte personnel d\u2019activit\u00e9 - Le Blog GERESO","og_description":"Entr\u00e9 en vigueur le 1er janvier 2017, employeur comme salari\u00e9, chacun se doit de connaitre les grandes dispositions du CPA qui va d\u00e9sormais guider chaque carri\u00e8re et \u00e9volution professionnelle. Il est donc temps de voir si vous \u00eates-vous au point sur les grandes lignes encadrant ce nouveau dispositif\u00a0!","og_url":"https:\/\/www.gereso.com\/actualites\/2017\/03\/02\/quiz-le-compte-personnel-dactivite\/","og_site_name":"Le Blog GERESO","article_published_time":"2017-03-02T12:20:21+00:00","article_modified_time":"2017-03-02T13:20:06+00:00","og_image":[{"width":479,"height":319,"url":"https:\/\/www.gereso.com\/actualites\/wp-content\/uploads\/2017\/03\/cpa-compte-personnel-activite.png","type":"image\/png"}],"author":"Gwendoline Aubourg","twitter_card":"summary_large_image","schema":{"@context":"https:\/\/schema.org","@graph":[{"@type":"WebPage","@id":"https:\/\/www.gereso.com\/actualites\/2017\/03\/02\/quiz-le-compte-personnel-dactivite\/","url":"https:\/\/www.gereso.com\/actualites\/2017\/03\/02\/quiz-le-compte-personnel-dactivite\/","name":"Quiz : Le compte personnel d\u2019activit\u00e9 - Le Blog GERESO","isPartOf":{"@id":"https:\/\/www.gereso.com\/actualites\/#website"},"primaryImageOfPage":{"@id":"https:\/\/www.gereso.com\/actualites\/2017\/03\/02\/quiz-le-compte-personnel-dactivite\/#primaryimage"},"image":{"@id":"https:\/\/www.gereso.com\/actualites\/2017\/03\/02\/quiz-le-compte-personnel-dactivite\/#primaryimage"},"thumbnailUrl":"https:\/\/www.gereso.com\/actualites\/wp-content\/uploads\/2017\/03\/cpa-compte-personnel-activite.png","datePublished":"2017-03-02T12:20:21+00:00","dateModified":"2017-03-02T13:20:06+00:00","author":{"@id":"https:\/\/www.gereso.com\/actualites\/#\/schema\/person\/74853d141382f3563939c9e96dcdc2ce"},"breadcrumb":{"@id":"https:\/\/www.gereso.com\/actualites\/2017\/03\/02\/quiz-le-compte-personnel-dactivite\/#breadcrumb"},"inLanguage":"fr-FR","potentialAction":[{"@type":"ReadAction","target":["https:\/\/www.gereso.com\/actualites\/2017\/03\/02\/quiz-le-compte-personnel-dactivite\/"]}]},{"@type":"ImageObject","inLanguage":"fr-FR","@id":"https:\/\/www.gereso.com\/actualites\/2017\/03\/02\/quiz-le-compte-personnel-dactivite\/#primaryimage","url":"https:\/\/www.gereso.com\/actualites\/wp-content\/uploads\/2017\/03\/cpa-compte-personnel-activite.png","contentUrl":"https:\/\/www.gereso.com\/actualites\/wp-content\/uploads\/2017\/03\/cpa-compte-personnel-activite.png","width":479,"height":319,"caption":"Le CPA r\u00e9unit dans un seul compte diff\u00e9rents droits acquis par le salari\u00e9"},{"@type":"BreadcrumbList","@id":"https:\/\/www.gereso.com\/actualites\/2017\/03\/02\/quiz-le-compte-personnel-dactivite\/#breadcrumb","itemListElement":[{"@type":"ListItem","position":1,"name":"Home","item":"https:\/\/www.gereso.com\/actualites\/"},{"@type":"ListItem","position":2,"name":"Quiz : Le compte personnel d\u2019activit\u00e9"}]},{"@type":"WebSite","@id":"https:\/\/www.gereso.com\/actualites\/#website","url":"https:\/\/www.gereso.com\/actualites\/","name":"Le Blog GERESO","description":"Toute l&#039;actu RH, Finance, Fonction Publique, Management...","potentialAction":[{"@type":"SearchAction","target":{"@type":"EntryPoint","urlTemplate":"https:\/\/www.gereso.com\/actualites\/?s={search_term_string}"},"query-input":{"@type":"PropertyValueSpecification","valueRequired":true,"valueName":"search_term_string"}}],"inLanguage":"fr-FR"},{"@type":"Person","@id":"https:\/\/www.gereso.com\/actualites\/#\/schema\/person\/74853d141382f3563939c9e96dcdc2ce","name":"Gwendoline Aubourg","image":{"@type":"ImageObject","inLanguage":"fr-FR","@id":"https:\/\/www.gereso.com\/actualites\/#\/schema\/person\/image\/","url":"https:\/\/www.gereso.com\/actualites\/wp-content\/uploads\/2016\/10\/GwendolineAubourg-1-144x144.jpg","contentUrl":"https:\/\/www.gereso.com\/actualites\/wp-content\/uploads\/2016\/10\/GwendolineAubourg-1-144x144.jpg","caption":"Gwendoline Aubourg"},"description":"Juriste, dipl\u00f4m\u00e9e en droit social de la Facult\u00e9 des sciences juridiques, politiques et sociales de Lille, r\u00e9dactrice RH et auteure de nombreux ouvrages sur les th\u00e8mes du droit du travail et des droits du consommateurs.","url":"https:\/\/www.gereso.com\/actualites\/author\/g-aubourg\/"}]}},"_links":{"self":[{"href":"https:\/\/www.gereso.com\/actualites\/wp-json\/wp\/v2\/posts\/7734","targetHints":{"allow":["GET"]}}],"collection":[{"href":"https:\/\/www.gereso.com\/actualites\/wp-json\/wp\/v2\/posts"}],"about":[{"href":"https:\/\/www.gereso.com\/actualites\/wp-json\/wp\/v2\/types\/post"}],"author":[{"embeddable":true,"href":"https:\/\/www.gereso.com\/actualites\/wp-json\/wp\/v2\/users\/44"}],"replies":[{"embeddable":true,"href":"https:\/\/www.gereso.com\/actualites\/wp-json\/wp\/v2\/comments?post=7734"}],"version-history":[{"count":3,"href":"https:\/\/www.gereso.com\/actualites\/wp-json\/wp\/v2\/posts\/7734\/revisions"}],"predecessor-version":[{"id":7738,"href":"https:\/\/www.gereso.com\/actualites\/wp-json\/wp\/v2\/posts\/7734\/revisions\/7738"}],"wp:featuredmedia":[{"embeddable":true,"href":"https:\/\/www.gereso.com\/actualites\/wp-json\/wp\/v2\/media\/7735"}],"wp:attachment":[{"href":"https:\/\/www.gereso.com\/actualites\/wp-json\/wp\/v2\/media?parent=7734"}],"wp:term":[{"taxonomy":"category","embeddable":true,"href":"https:\/\/www.gereso.com\/actualites\/wp-json\/wp\/v2\/categories?post=7734"},{"taxonomy":"post_tag","embeddable":true,"href":"https:\/\/www.gereso.com\/actualites\/wp-json\/wp\/v2\/tags?post=7734"}],"curies":[{"name":"wp","href":"https:\/\/api.w.org\/{rel}","templated":true}]}}