{"id":7759,"date":"2017-03-13T22:57:52","date_gmt":"2017-03-13T20:57:52","guid":{"rendered":"https:\/\/www.gereso.com\/actualites\/?p=7759"},"modified":"2017-03-14T17:23:19","modified_gmt":"2017-03-14T15:23:19","slug":"le-credit-dimpot-recherche-principes-et-dernieres-evolutions-legislatives","status":"publish","type":"post","link":"https:\/\/www.gereso.com\/actualites\/2017\/03\/13\/le-credit-dimpot-recherche-principes-et-dernieres-evolutions-legislatives\/","title":{"rendered":"Le cr\u00e9dit d\u2019imp\u00f4t recherche : principes et derni\u00e8res \u00e9volutions l\u00e9gislatives"},"content":{"rendered":"<p>Ce r\u00e9gime, l&rsquo;un des plus avantageux au monde a incit\u00e9 de nombreuses multinationales \u00e0 ouvrir un service R&amp;D en France. <strong>Les PME<\/strong> b\u00e9n\u00e9ficient en outre, d&rsquo;un <strong>cr\u00e9dit d&rsquo;imp\u00f4t innovation (CII).<\/strong> La l\u00e9gislation du CIR est n\u00e9anmoins assez complexe, notamment sur la d\u00e9finition m\u00eame de ce que repr\u00e9sente la R&amp;D. Les nombreux contr\u00f4les fiscaux et redressements \u00e0 ce sujet ont pouss\u00e9 le l\u00e9gislateur \u00e0 mettre en place ces derni\u00e8res ann\u00e9es des mesures permettant aux entreprises de s&rsquo;assurer de l&rsquo;\u00e9ligibilit\u00e9 de leur projet au CIR.<\/p>\n<h2><strong>Entreprises \u00e9ligibles au CIR<\/strong><\/h2>\n<p>Peuvent b\u00e9n\u00e9ficier du CIR, les entreprises industrielles, commerciales, artisanales ou agricoles impos\u00e9es selon un r\u00e9gime r\u00e9el dans la <strong>cat\u00e9gorie des BIC ou a l&rsquo;imp\u00f4t sur les <\/strong>soci\u00e9t\u00e9s.<\/p>\n<p>Les entreprises soumises \u00e0 un r\u00e9gime \u00ab\u00a0micro\u00a0\u00bb ne peuvent en revanche b\u00e9n\u00e9ficier de ce dispositif.<\/p>\n<p>Les associations exer\u00e7ant une activit\u00e9 lucrative et soumises aux imp\u00f4ts commerciaux (dont l&rsquo;IS) peuvent \u00e9galement en b\u00e9n\u00e9ficier.<\/p>\n<h2><strong>Les activit\u00e9s de R&amp;D \u00e9ligibles<\/strong><\/h2>\n<h3>Les 3 types d&rsquo;activit\u00e9s \u00e9ligibles<\/h3>\n<p>Ouvrent droit au CIR, les op\u00e9rations de recherche relevant d\u2019au moins une des 3 cat\u00e9gories suivantes :<\/p>\n<table border=\"1\">\n<tbody>\n<tr>\n<td width=\"177\"><strong>Activit\u00e9s<\/strong><\/td>\n<td width=\"437\"><strong>Contenu<\/strong><\/td>\n<\/tr>\n<tr>\n<td width=\"177\"><strong>Recherche fondamentale<\/strong><\/td>\n<td width=\"437\">Acquisition de connaissances nouvelles (contribution th\u00e9orique ou exp\u00e9rimentale)<\/td>\n<\/tr>\n<tr>\n<td width=\"177\"><strong>Recherche appliqu\u00e9e<\/strong><\/td>\n<td width=\"437\">Acquisition de connaissances nouvelles dans un domaine d&rsquo;application<\/td>\n<\/tr>\n<tr>\n<td width=\"177\"><strong>D\u00e9veloppement exp\u00e9rimental<\/strong><\/td>\n<td width=\"437\">Activit\u00e9 permettant de r\u00e9unir les \u00e9l\u00e9ments techniques n\u00e9cessaires :<\/p>\n<ul>\n<li>\u00e0 la mise au point de nouveaux mat\u00e9riaux, produits ou dispositifs<\/li>\n<li>l\u2019\u00e9tablissement de nouveaux proc\u00e9d\u00e9s, syst\u00e8mes ou services<\/li>\n<li>l\u2019am\u00e9lioration substantielle de ceux qui existent d\u00e9j\u00e0.<\/li>\n<\/ul>\n<p>Cette activit\u00e9 d\u00e9bouche sur la conception de prototypes ou d&rsquo;installations pilotes exp\u00e9rimentaux.<\/td>\n<\/tr>\n<\/tbody>\n<\/table>\n<p>Ces activit\u00e9s de <strong>R&amp;D<\/strong> doivent \u00eatre distingu\u00e9es au sein de l\u2019ensemble des activit\u00e9s d&rsquo;innovation. La R&amp;D n&rsquo;est en effet qu&rsquo;un sous-ensemble de l&rsquo;innovation. C&rsquo;est \u00e9galement la partie la plus incertaine et la plus risqu\u00e9e.<\/p>\n<p>\u00c0 la diff\u00e9rence du reste des activit\u00e9s d&rsquo;innovation, un projet de R&amp;D combine un \u00e9l\u00e9ment de nouveaut\u00e9 non n\u00e9gligeable avec la dissipation d\u2019une incertitude scientifique et\/ou technique. \u00c0 l&rsquo;int\u00e9rieur de ce projet, seuls les sous-projets pour lesquels il est n\u00e9cessaire de <strong>lever un verrou scientifique ou technologique <\/strong>constituent des projets \u00e9ligibles au CIR.<\/p>\n<p>Pour savoir si un projet est \u00e9ligible ou non, l&rsquo;entreprise doit proc\u00e9der aux 3 \u00e9tapes suivantes :<\/p>\n<table border=\"1\">\n<tbody>\n<tr>\n<td width=\"102\"><strong>\u00c9tapes<\/strong><\/td>\n<td width=\"512\"><strong>Contenu<\/strong><\/td>\n<\/tr>\n<tr>\n<td width=\"102\"><strong>1\u00e8re \u00e9tape<\/strong><\/td>\n<td width=\"512\">L&rsquo;entreprise doit r\u00e9pondre \u00e0 la question suivante : pour chaque sous-projet rencontre-t-elle des <strong>difficult\u00e9s d\u2019ordre scientifique ou technique<\/strong> pour mener \u00e0 bien sa r\u00e9alisation ?<\/p>\n<p>En cas de r\u00e9ponse n\u00e9gative, le projet n&rsquo;est pas \u00e9ligible, dans le cas contraire, il faut passer \u00e0 la 2nde \u00e9tape.<\/td>\n<\/tr>\n<tr>\n<td width=\"102\"><strong>2nde \u00e9tape<\/strong><\/td>\n<td width=\"512\">L&rsquo;entreprise doit r\u00e9pondre \u00e0 la question suivante : l\u2019\u00e9tat de l\u2019art (c&rsquo;est-\u00e0-dire les connaissances accessibles) permet-il de r\u00e9soudre les difficult\u00e9s identifi\u00e9es ?<\/p>\n<p>En cas de r\u00e9ponse positive, le projet n&rsquo;est pas \u00e9ligible.<\/td>\n<\/tr>\n<tr>\n<td width=\"102\"><strong>3\u00e8me \u00e9tape<\/strong><\/td>\n<td width=\"512\">Si la seconde \u00e9tape d\u00e9bouche sur une r\u00e9ponse n\u00e9gative, l&rsquo;entreprise doit ensuite identifier, <strong>formuler les connaissances manquantes<\/strong> et pr\u00e9ciser de mani\u00e8re suffisante les incertitudes et verrous scientifiques ou techniques bloquant la r\u00e9alisation du projet.<\/td>\n<\/tr>\n<\/tbody>\n<\/table>\n<p>Le guide du cr\u00e9dit d&rsquo;imp\u00f4t recherche, disponible sur le site http:\/\/www.enseignementsup-recherche.gouv.fr propose une d\u00e9marche d&rsquo;identification des activit\u00e9s de R&amp;D consistant \u00e0 r\u00e9pondre \u00e0 une s\u00e9rie de questions.<\/p>\n<p>La difficult\u00e9 est de prouver \u00e0 post\u00e9riori l&rsquo;existence d&rsquo;une activit\u00e9 de R&amp;D. La preuve (ou commencement de preuve) peut notamment \u00eatre constitu\u00e9e par les \u00e9l\u00e9ments suivants : d\u00e9p\u00f4t d&rsquo;un <strong>brevet<\/strong>, le sujet de l&rsquo;activit\u00e9 a fait l&rsquo;objet d&rsquo;une th\u00e8se d&rsquo;un doctorant, des publications ou pr\u00e9sentations scientifiques ont \u00e9t\u00e9 faites \u00e0 l\u2019issue du projet, etc.<\/p>\n<h2><strong>\u00a0L&rsquo;assiette du CIR<\/strong><\/h2>\n<p>Les d\u00e9penses exclusivement affect\u00e9es aux op\u00e9rations de recherche dans le cadre d&rsquo;un projet individualis\u00e9 entrent dans la base de calcul du CIR. Les d\u00e9penses de personnel repr\u00e9sentent en moyenne 50% de l&rsquo;assiette.<\/p>\n<table border=\"1\">\n<tbody>\n<tr style=\"height: 56px;\">\n<td style=\"height: 56px; text-align: center;\" width=\"122\"><strong>D\u00e9penses<\/strong><\/td>\n<td style=\"height: 56px;\" width=\"471\">\n<p style=\"text-align: center;\"><strong>Observations<\/strong><\/p>\n<\/td>\n<\/tr>\n<tr style=\"height: 192.156px;\">\n<td style=\"height: 192.156px; text-align: center;\" width=\"122\"><strong>Dotations aux amortissements fiscalement d\u00e9ductibles<\/strong><\/td>\n<td style=\"height: 192.156px;\" width=\"471\">Immobilisations affect\u00e9es directement \u00e0 la r\u00e9alisation des op\u00e9rations de recherche (biens meubles, biens immeubles acquis \u00e0 compter du 1er janvier 1991).<\/p>\n<p>Les biens pris en cr\u00e9dit-bail affect\u00e9s aux op\u00e9rations de recherche sont \u00e9galement \u00e9ligibles pour le montant des dotations pratiqu\u00e9es par l&rsquo;\u00e9tablissement de cr\u00e9dit-bail propri\u00e9taire.<\/td>\n<\/tr>\n<tr style=\"height: 296px;\">\n<td style=\"height: 296px; text-align: center;\" width=\"122\"><strong>D\u00e9penses de personnel<\/strong><\/td>\n<td style=\"height: 296px;\" width=\"471\">R\u00e9mun\u00e9rations et cotisations sociales obligatoires des <strong>chercheurs<\/strong> et <strong>techniciens de recherche<\/strong> affect\u00e9s exclusivement aux op\u00e9rations de recherche.<\/p>\n<p>Les d\u00e9penses de personnel se rapportant \u00e0 des <strong>doctorants<\/strong> sont prises en compte pour le <strong>double<\/strong> de leur montant pendant les <strong>24 premiers mois<\/strong> suivant leur premier recrutement\u00a0 \u00e0 condition :<\/p>\n<ul>\n<li>qu&rsquo;il soit embauch\u00e9 sous CDI<\/li>\n<li>et que l&rsquo;effectif du personnel de recherche salari\u00e9 de l&rsquo;entreprise ne soit pas inf\u00e9rieur \u00e0 celui de l&rsquo;ann\u00e9e pr\u00e9c\u00e9dente.<\/li>\n<\/ul>\n<\/td>\n<\/tr>\n<tr style=\"height: 208px;\">\n<td style=\"height: 208px; text-align: center;\" width=\"122\"><strong>Autres d\u00e9penses de fonctionnement<\/strong><\/td>\n<td style=\"height: 208px;\" width=\"471\">Elles sont fix\u00e9es <strong>forfaitairement,<\/strong> sans justificatif n\u00e9cessaire pour la valeur suivante :<\/p>\n<ul>\n<li>50% des d\u00e9penses de personnel et 200% des d\u00e9penses de personnel en jeune doctorant (uniquement les 24 premiers mois)<\/li>\n<li>75% des dotations aux amortissements retenues dans la base de calcul du CIR.<\/li>\n<\/ul>\n<\/td>\n<\/tr>\n<tr style=\"height: 400px;\">\n<td style=\"height: 400px; text-align: center;\" width=\"122\"><strong>D\u00e9penses de sous-traitance<\/strong><\/td>\n<td style=\"height: 400px;\" width=\"471\">Pour les d\u00e9penses de <strong>sous-traitance de R&amp;D<\/strong>, 2 situations sont \u00e0 distinguer :<\/p>\n<p>1) Les d\u00e9penses de recherche confi\u00e9es \u00e0 des fondations d\u2019utilit\u00e9 publique ou des \u00e9tablissements d\u2019enseignement sup\u00e9rieur ou des organismes de recherche publics sont retenues pour le double de leur montant pour la d\u00e9termination de la base du CIR.<\/p>\n<p><strong>Plafond = 12 millions \u20ac<\/strong><\/p>\n<p>2) Les d\u00e9penses de recherche confi\u00e9es \u00e0 des organismes de recherche priv\u00e9s agr\u00e9\u00e9s sont retenues pour leur montant r\u00e9el.<\/p>\n<p><strong>Plafond = 10 millions \u20ac <\/strong><\/p>\n<p>Dans les deux cas, le plafond est ramen\u00e9 \u00e0 2 millions \u20ac s&rsquo;il existe un lien de d\u00e9pendance entre les deux entreprises.<\/td>\n<\/tr>\n<tr style=\"height: 312px;\">\n<td style=\"height: 312px; text-align: center;\" width=\"122\"><strong>D\u00e9penses relatives \u00e0 la protection de la propri\u00e9t\u00e9 industrielle<\/strong><\/td>\n<td style=\"height: 312px;\" width=\"471\">Entrent dans la base de calcul du CIR :<\/p>\n<ul>\n<li>les dotations aux amortissements des <strong>brevets ou des certificats d&rsquo;obtention v\u00e9g\u00e9tale (COV) <\/strong>acquis en vue de r\u00e9aliser des op\u00e9rations de R&amp;D<\/li>\n<li>les frais de d\u00e9p\u00f4t et de maintenance des brevets et des COV<\/li>\n<li>les frais de d\u00e9fense des brevets et des COV (actions en contrefa\u00e7on notamment)<\/li>\n<li>les frais d&rsquo;assurance des brevets et des COV dans la limite de 60.000 \u20ac par an.<\/li>\n<\/ul>\n<\/td>\n<\/tr>\n<tr style=\"height: 344px;\">\n<td style=\"height: 344px; text-align: center;\" width=\"122\"><strong>D\u00e9penses de normalisation<\/strong><\/td>\n<td style=\"height: 344px;\" width=\"471\">Certaines d\u00e9penses relatives \u00e0 la <strong>normalisation<\/strong> sont prises en compte dans le calcul de l\u2019assiette du CIR :<\/p>\n<ul>\n<li>les salaires et charges sociales relatives aux r\u00e9unions de normalisation<\/li>\n<li>les autres d\u00e9penses li\u00e9es \u00e0 la normalisation\u00a0sont \u00e9valu\u00e9es forfaitairement \u00e0 <strong>30 <\/strong>% des salaires et cotisations vis\u00e9es au tiret pr\u00e9c\u00e9dent<\/li>\n<li>les d\u00e9penses expos\u00e9es par l&rsquo;exploitant individuel ou les mandataires sociaux d&rsquo;une soci\u00e9t\u00e9, li\u00e9es \u00e0 la participation \u00e0 des r\u00e9unions officielles de normalisation \u00e0 raison d&rsquo;un forfait journalier de 450 \u20ac par jour de pr\u00e9sence aux r\u00e9unions.<\/li>\n<\/ul>\n<\/td>\n<\/tr>\n<tr style=\"height: 104px;\">\n<td style=\"height: 104px; text-align: center;\" width=\"122\"><strong>D\u00e9penses de veille technologique<\/strong><\/td>\n<td style=\"height: 104px;\" width=\"471\">D\u00e9penses d\u2019abonnements \u00e0 des revues scientifiques, de participation \u00e0 des congr\u00e8s scientifiques dans la limite de 60.000 \u20ac par an.<\/td>\n<\/tr>\n<\/tbody>\n<\/table>\n<p>En revanche, doivent \u00eatre retranch\u00e9es du montant de l&rsquo;assiette du CIR :<\/p>\n<ul>\n<li>les <strong>subventions publiques<\/strong> ou avances remboursables re\u00e7ues \u00e0 raison d&rsquo;op\u00e9rations ouvrant droit au CIR<\/li>\n<li>les d\u00e9penses expos\u00e9es au titre des <strong>prestations de conseil relatives au CIR<\/strong>.<\/li>\n<\/ul>\n<h2><strong>Calcul du CIR<\/strong><\/h2>\n<p>Le cr\u00e9dit d&rsquo;imp\u00f4t recherche s&rsquo;\u00e9l\u00e8ve :<\/p>\n<ul>\n<li>\u00e0 <strong>30 %<\/strong> de la fraction des d\u00e9penses de recherche inf\u00e9rieure ou \u00e9gale \u00e0 100 millions \u20ac<\/li>\n<li><strong>\u00e0 5 %<\/strong> de la fraction de ces m\u00eames d\u00e9penses sup\u00e9rieure \u00e0 100 millions \u20ac.<\/li>\n<\/ul>\n<p>Depuis le 1er janvier 2015, dans les exploitations situ\u00e9es dans un d\u00e9partement d\u2019outre-mer (<strong>DOM<\/strong>), le taux du CIR est fix\u00e9 \u00e0 <strong>50%<\/strong> pour les d\u00e9penses de recherche pour la fraction qui n&rsquo;exc\u00e8de pas 100 millions \u20ac et 5% au-del\u00e0.<\/p>\n<h2><strong>Imputation du CIR<\/strong><\/h2>\n<p>Dans le cas g\u00e9n\u00e9ral, le cr\u00e9dit d&rsquo;imp\u00f4t recherche (CIR) est imput\u00e9 sur l&rsquo;imp\u00f4t sur les b\u00e9n\u00e9fices (imp\u00f4t sur le revenu ou imp\u00f4t sur les soci\u00e9t\u00e9s) d\u00fb par l&rsquo;entreprise au titre de l&rsquo;ann\u00e9e au cours de laquelle les d\u00e9penses de recherche ont eu lieu.<\/p>\n<p>En cas d&rsquo;exc\u00e9dent du CIR sur le montant de l&rsquo;imp\u00f4t, le solde non imput\u00e9 peut \u00eatre utilis\u00e9 pour le paiement de l&rsquo;imp\u00f4t d\u00fb au titre <strong>des 3 ann\u00e9es suivantes<\/strong>. Au bout de 3 ans, la cr\u00e9ance est <strong>remboursable<\/strong> par l&rsquo;\u00c9tat.<\/p>\n<p>Dans les cas suivants, l&rsquo;exc\u00e9dent de CIR est <strong>rembours\u00e9 directement<\/strong> par l&rsquo;\u00c9tat :<\/p>\n<ul>\n<li>les entreprises r\u00e9pondant \u00e0 la d\u00e9finition de <strong>PME <\/strong>communautaire (effectif inf\u00e9rieur \u00e0 250 salari\u00e9s et chiffre d&rsquo;affaires inf\u00e9rieur \u00e0 50 millions \u20ac ou total du bilan inf\u00e9rieur \u00e0 43 millions \u20ac)<\/li>\n<li>les entreprises en difficult\u00e9 (proc\u00e9dure de sauvegarde, redressement ou liquidation judiciaire)<\/li>\n<li>les entreprises nouvelles pendant 5 ans<\/li>\n<li>les jeunes entreprises innovantes (JEI) pendant toute la p\u00e9riode o\u00f9 elles b\u00e9n\u00e9ficient de ce statut<\/li>\n<li>les <strong>entreprises de moins de 2 ans<\/strong>.<\/li>\n<\/ul>\n<p>Pour obtenir le remboursement imm\u00e9diat de son CIR, la soci\u00e9t\u00e9 int\u00e9ress\u00e9e doit s&rsquo;adresser au service des imp\u00f4ts aux entreprises (SIE) dont elle d\u00e9pend.<\/p>\n<p>La cr\u00e9ance de CIR peut \u00eatre <strong>mobilis\u00e9e<\/strong> aupr\u00e8s d&rsquo;un \u00e9tablissement de cr\u00e9dit, en compl\u00e9tant la d\u00e9claration n\u00b02574-SD. Ce dispositif de pr\u00e9financement permet aux entreprises de b\u00e9n\u00e9ficier de la tr\u00e9sorerie relative au CIR, l&rsquo;ann\u00e9e o\u00f9 les d\u00e9penses sont engag\u00e9es, sans avoir \u00e0 attendre son remboursement, l&rsquo;ann\u00e9e suivante.<\/p>\n<h2><strong>Le cr\u00e9dit d&rsquo;imp\u00f4t innovation<\/strong><\/h2>\n<p>Pour les d\u00e9penses expos\u00e9es \u00e0 compter du 1er janvier 2013, les <strong>PME<\/strong> au sens communautaire (effectif inf\u00e9rieur \u00e0 250 salari\u00e9s et chiffre d&rsquo;affaires qui n&rsquo;exc\u00e8de pas 50 millions \u20ac ou total du bilan qui n&rsquo;exc\u00e8de pas 43 millions \u20ac) peuvent b\u00e9n\u00e9ficier d&rsquo;un <strong>cr\u00e9dit d&rsquo;imp\u00f4t \u00ab innovation \u00bb.<\/strong> Il s&rsquo;\u00e9l\u00e8ve \u00e0 20% des d\u00e9penses relatives \u00e0 la r\u00e9alisation d\u2019op\u00e9rations de conception de prototypes ou installations pilotes de nouveaux produits.<\/p>\n<p>Les d\u00e9penses \u00e0 prendre en compte sont celles se rapportant \u00e0 cette activit\u00e9 d&rsquo;innovation et non d\u00e9j\u00e0 prises en comptes pour le calcul du CIR. Les r\u00e8gles de calcul de l&rsquo;assiette sont proches de celles du cr\u00e9dit d&rsquo;imp\u00f4t recherche (dotations aux amortissements, d\u00e9penses de personnel, autres d\u00e9penses de fonctionnement fix\u00e9es forfaitairement \u00e0 75% des dotations aux amortissements et 50% des d\u00e9penses de personnel, etc.).<\/p>\n<p>Les d\u00e9penses \u00e9ligibles au cr\u00e9dit d&rsquo;imp\u00f4t innovation entrent dans la base de calcul dans la <strong>limite globale de 400.000 \u20ac par an.<\/strong><\/p>\n<h2><strong>Mesures en faveur d&rsquo;une s\u00e9curisation du CIR et du CII<\/strong><\/h2>\n<p>Les soci\u00e9t\u00e9s souhaitant s&rsquo;assurer de l&rsquo;\u00e9ligibilit\u00e9 d&rsquo;un projet au CIR peuvent d\u00e9sormais d\u00e9poser <strong>un rescrit<\/strong> qui engage la responsabilit\u00e9 de l&rsquo;administration. Les PME peuvent m\u00eame se voir valider une assiette minimale de cet avantage fiscal. Enfin, <strong>un comit\u00e9 consultatif<\/strong> a \u00e9t\u00e9 cr\u00e9\u00e9 afin de r\u00e9soudre les litiges fiscaux sur le CIR entre l&rsquo;administration fiscale et les entreprises.<\/p>\n<table border=\"1\">\n<tbody>\n<tr>\n<td width=\"177\"><strong>Rescrit d&rsquo;\u00e9ligibilit\u00e9 (article L. 80 B-3\u00b0 du LPF)<\/strong><\/td>\n<td width=\"437\">Depuis le 1er janvier 2013, toutes les entreprises peuvent d\u00e9poser un rescrit afin de b\u00e9n\u00e9ficier de\u00a0l&rsquo;accord pr\u00e9alable de l&rsquo;administration fiscale pour s&rsquo;assurer qu&rsquo;un <strong>projet de recherche<\/strong> est <strong>\u00e9ligible <\/strong>au cr\u00e9dit d&rsquo;imp\u00f4t recherche (<strong>CIR<\/strong>) ou au cr\u00e9dit d&rsquo;imp\u00f4t innovation (<strong>CII<\/strong>).<\/p>\n<p>L&rsquo;absence de r\u00e9ponse de l&rsquo;administration dans les 3 mois du d\u00e9p\u00f4t de la demande vaut accord tacite d&rsquo;\u00e9ligibilit\u00e9 du projet au CIR.<\/td>\n<\/tr>\n<tr>\n<td width=\"177\"><strong>Rescrit de validation d&rsquo;une assiette planch\u00e9e de CIR<\/strong><\/td>\n<td width=\"437\">Depuis le <strong>1<sup>er<\/sup>\u00a0septembre 2015<\/strong>, les PME peuvent obtenir en plus un rescrit de l&rsquo;administration permettant de valider un <strong>montant plancher<\/strong> de leur future cr\u00e9ance de CIR.<\/p>\n<p>Sont des PME au sens de cette disposition, les entreprises dont le chiffre d&rsquo;affaires :<\/p>\n<ul>\n<li>n&rsquo;exc\u00e8de pas <strong>1.500.000 \u20ac<\/strong> pour les entreprises dont le commerce principal est la vente de marchandises, d&rsquo;objets, de fournitures et de denr\u00e9es \u00e0 emporter ou \u00e0 consommer sur place ou la fourniture de logement,<\/li>\n<li>n&rsquo;exc\u00e8de pas <strong>450.000 \u20ac<\/strong> pour les autres entreprises.<\/li>\n<\/ul>\n<p>Le rescrit pr\u00e9sent\u00e9 par la PME doit \u00eatre r\u00e9alis\u00e9 corr\u00e9lativement \u00e0 la demande d&rsquo;appr\u00e9ciation de l&rsquo;\u00e9ligibilit\u00e9 du programme au CIR et selon un mod\u00e8le d\u00e9fini par l&rsquo;administration fiscale. Ce rescrit ne concerne pas le CII.<\/p>\n<p>Le montant des d\u00e9penses valid\u00e9 est opposable \u00e0 l&rsquo;administration et doit \u00eatre d\u00e9pos\u00e9 au moins <strong>6 mois<\/strong> avant la date limite de transmission de la d\u00e9claration de CIR.<\/td>\n<\/tr>\n<tr>\n<td style=\"text-align: center;\" width=\"177\"><strong>Comit\u00e9 consultatif pour le CIR<\/strong><\/td>\n<td width=\"437\">Malgr\u00e9 les nouveaux dispositifs de rescrit pr\u00e9sent\u00e9s ci-dessus, les <strong>litiges<\/strong> relatifs au montant ou \u00e0 l&rsquo;\u00e9ligibilit\u00e9 du projet au CIR ou CII sont nombreux.<\/p>\n<p>Cette situation s&rsquo;explique largement par le <strong>pouvoir d&rsquo;interpr\u00e9tation<\/strong> important dont dispose l&rsquo;administration sur l&rsquo;existence ou non d&rsquo;un projet de recherche.<\/p>\n<p>Pour att\u00e9nuer le nombre de litiges, l&rsquo;article 46 de la loi de finances rectificative pour 2015 a mis en place <strong>un comit\u00e9 consultatif<\/strong> relatif au CIR et au CII. Il est charg\u00e9 d&rsquo;\u00e9mettre un avis en cas de d\u00e9saccord entre l&rsquo;administration et le contribuable sur l&rsquo;existence de d\u00e9penses de recherche \u00e9ligibles au CIR ou CII.<\/p>\n<p>Le comit\u00e9 consultatif peut \u00eatre saisi par l\u2019administration ou les contribuables pour les propositions de rectification adress\u00e9es depuis le <strong>1er juillet 2016<\/strong>.<\/td>\n<\/tr>\n<\/tbody>\n<\/table>\n<h2><strong>Obligations d\u00e9claratives<\/strong><\/h2>\n<p>Le CIR ou le CII n\u00e9cessite le d\u00e9p\u00f4t de la d\u00e9claration <strong>n\u00b02069-A-SD<\/strong> \u00e0 la fois :<\/p>\n<ul>\n<li>\u00e0 l&rsquo;administration fiscale (SIE comp\u00e9tent ou DGE)<\/li>\n<li>au <strong>MENESER <\/strong>(Minist\u00e8re de l&rsquo;\u00c9ducation nationale, de l\u2019Enseignement sup\u00e9rieur et de la Recherche). Le d\u00e9p\u00f4t \u00e0 ce minist\u00e8re est inutile en cas de t\u00e9l\u00e9d\u00e9claration de cet imprim\u00e9 (transmission automatique au minist\u00e8re).<\/li>\n<\/ul>\n<p>Pour les soci\u00e9t\u00e9s soumises \u00e0 l&rsquo;imp\u00f4t sur les soci\u00e9t\u00e9s (IS), cet imprim\u00e9 doit \u00eatre d\u00e9pos\u00e9 en m\u00eame temps que le solde de l&rsquo;IS (<strong>15 mai N+1<\/strong> pour les soci\u00e9t\u00e9s qui cl\u00f4turent au 31 d\u00e9cembre N).<\/p>\n<p>Pour les entreprises dont le b\u00e9n\u00e9fice est imposable \u00e0 l&rsquo;imp\u00f4t sur le revenu, la d\u00e9claration n\u00b02069-A-SD doit \u00eatre d\u00e9pos\u00e9e en m\u00eame temps que la d\u00e9claration de r\u00e9sultats. Pour les cl\u00f4tures en 2016, la date limite de d\u00e9p\u00f4t est fix\u00e9e au <strong>18 mai 2017<\/strong>.<\/p>\n","protected":false},"excerpt":{"rendered":"<p>Ce r\u00e9gime, l&rsquo;un des plus avantageux au monde a incit\u00e9 de nombreuses multinationales \u00e0 ouvrir un service R&amp;D en France. Les PME b\u00e9n\u00e9ficient en outre, d&rsquo;un cr\u00e9dit d&rsquo;imp\u00f4t innovation (CII). La l\u00e9gislation du CIR est n\u00e9anmoins assez complexe, notamment sur la d\u00e9finition m\u00eame de ce que repr\u00e9sente la R&amp;D. Les nombreux contr\u00f4les fiscaux et redressements [&hellip;]<\/p>\n","protected":false},"author":45,"featured_media":7767,"comment_status":"open","ping_status":"open","sticky":false,"template":"","format":"standard","meta":{"_acf_changed":false,"_mi_skip_tracking":false,"footnotes":""},"categories":[12,3],"tags":[215],"class_list":["post-7759","post","type-post","status-publish","format-standard","has-post-thumbnail","hentry","category-actualites","category-comptabilite-fiscalite-et-gestion-financiere","tag-cir"],"acf":[],"yoast_head":"<!-- This site is optimized with the Yoast SEO plugin v23.4 - https:\/\/yoast.com\/wordpress\/plugins\/seo\/ -->\n<title>Le cr\u00e9dit d\u2019imp\u00f4t recherche : principes et derni\u00e8res \u00e9volutions l\u00e9gislatives - Le Blog GERESO<\/title>\n<meta name=\"robots\" content=\"index, follow, max-snippet:-1, max-image-preview:large, max-video-preview:-1\" \/>\n<link rel=\"canonical\" href=\"https:\/\/www.gereso.com\/actualites\/2017\/03\/13\/le-credit-dimpot-recherche-principes-et-dernieres-evolutions-legislatives\/\" \/>\n<meta property=\"og:locale\" content=\"fr_FR\" \/>\n<meta property=\"og:type\" content=\"article\" \/>\n<meta property=\"og:title\" content=\"Le cr\u00e9dit d\u2019imp\u00f4t recherche : principes et derni\u00e8res \u00e9volutions l\u00e9gislatives - Le Blog GERESO\" \/>\n<meta property=\"og:description\" content=\"Ce r\u00e9gime, l&rsquo;un des plus avantageux au monde a incit\u00e9 de nombreuses multinationales \u00e0 ouvrir un service R&amp;D en France. Les PME b\u00e9n\u00e9ficient en outre, d&rsquo;un cr\u00e9dit d&rsquo;imp\u00f4t innovation (CII). La l\u00e9gislation du CIR est n\u00e9anmoins assez complexe, notamment sur la d\u00e9finition m\u00eame de ce que repr\u00e9sente la R&amp;D. Les nombreux contr\u00f4les fiscaux et redressements [&hellip;]\" \/>\n<meta property=\"og:url\" content=\"https:\/\/www.gereso.com\/actualites\/2017\/03\/13\/le-credit-dimpot-recherche-principes-et-dernieres-evolutions-legislatives\/\" \/>\n<meta property=\"og:site_name\" content=\"Le Blog GERESO\" \/>\n<meta property=\"article:published_time\" content=\"2017-03-13T20:57:52+00:00\" \/>\n<meta property=\"article:modified_time\" content=\"2017-03-14T15:23:19+00:00\" \/>\n<meta property=\"og:image\" content=\"https:\/\/www.gereso.com\/actualites\/wp-content\/uploads\/2017\/03\/credit-impot-recherche.jpg\" \/>\n\t<meta property=\"og:image:width\" content=\"600\" \/>\n\t<meta property=\"og:image:height\" content=\"400\" \/>\n\t<meta property=\"og:image:type\" content=\"image\/jpeg\" \/>\n<meta name=\"author\" content=\"Damien P\u00e9an\" \/>\n<meta name=\"twitter:card\" content=\"summary_large_image\" \/>\n<script type=\"application\/ld+json\" class=\"yoast-schema-graph\">{\"@context\":\"https:\/\/schema.org\",\"@graph\":[{\"@type\":\"WebPage\",\"@id\":\"https:\/\/www.gereso.com\/actualites\/2017\/03\/13\/le-credit-dimpot-recherche-principes-et-dernieres-evolutions-legislatives\/\",\"url\":\"https:\/\/www.gereso.com\/actualites\/2017\/03\/13\/le-credit-dimpot-recherche-principes-et-dernieres-evolutions-legislatives\/\",\"name\":\"Le cr\u00e9dit d\u2019imp\u00f4t recherche : principes et derni\u00e8res \u00e9volutions l\u00e9gislatives - Le Blog GERESO\",\"isPartOf\":{\"@id\":\"https:\/\/www.gereso.com\/actualites\/#website\"},\"primaryImageOfPage\":{\"@id\":\"https:\/\/www.gereso.com\/actualites\/2017\/03\/13\/le-credit-dimpot-recherche-principes-et-dernieres-evolutions-legislatives\/#primaryimage\"},\"image\":{\"@id\":\"https:\/\/www.gereso.com\/actualites\/2017\/03\/13\/le-credit-dimpot-recherche-principes-et-dernieres-evolutions-legislatives\/#primaryimage\"},\"thumbnailUrl\":\"https:\/\/www.gereso.com\/actualites\/wp-content\/uploads\/2017\/03\/credit-impot-recherche.jpg\",\"datePublished\":\"2017-03-13T20:57:52+00:00\",\"dateModified\":\"2017-03-14T15:23:19+00:00\",\"author\":{\"@id\":\"https:\/\/www.gereso.com\/actualites\/#\/schema\/person\/c91814f92d627ed4715993fbbf7c7e8d\"},\"breadcrumb\":{\"@id\":\"https:\/\/www.gereso.com\/actualites\/2017\/03\/13\/le-credit-dimpot-recherche-principes-et-dernieres-evolutions-legislatives\/#breadcrumb\"},\"inLanguage\":\"fr-FR\",\"potentialAction\":[{\"@type\":\"ReadAction\",\"target\":[\"https:\/\/www.gereso.com\/actualites\/2017\/03\/13\/le-credit-dimpot-recherche-principes-et-dernieres-evolutions-legislatives\/\"]}]},{\"@type\":\"ImageObject\",\"inLanguage\":\"fr-FR\",\"@id\":\"https:\/\/www.gereso.com\/actualites\/2017\/03\/13\/le-credit-dimpot-recherche-principes-et-dernieres-evolutions-legislatives\/#primaryimage\",\"url\":\"https:\/\/www.gereso.com\/actualites\/wp-content\/uploads\/2017\/03\/credit-impot-recherche.jpg\",\"contentUrl\":\"https:\/\/www.gereso.com\/actualites\/wp-content\/uploads\/2017\/03\/credit-impot-recherche.jpg\",\"width\":600,\"height\":400,\"caption\":\"Cr\u00e9dit d'imp\u00f4t sur la recherche\"},{\"@type\":\"BreadcrumbList\",\"@id\":\"https:\/\/www.gereso.com\/actualites\/2017\/03\/13\/le-credit-dimpot-recherche-principes-et-dernieres-evolutions-legislatives\/#breadcrumb\",\"itemListElement\":[{\"@type\":\"ListItem\",\"position\":1,\"name\":\"Home\",\"item\":\"https:\/\/www.gereso.com\/actualites\/\"},{\"@type\":\"ListItem\",\"position\":2,\"name\":\"Le cr\u00e9dit d\u2019imp\u00f4t recherche : principes et derni\u00e8res \u00e9volutions l\u00e9gislatives\"}]},{\"@type\":\"WebSite\",\"@id\":\"https:\/\/www.gereso.com\/actualites\/#website\",\"url\":\"https:\/\/www.gereso.com\/actualites\/\",\"name\":\"Le Blog GERESO\",\"description\":\"Toute l&#039;actu RH, Finance, Fonction Publique, Management...\",\"potentialAction\":[{\"@type\":\"SearchAction\",\"target\":{\"@type\":\"EntryPoint\",\"urlTemplate\":\"https:\/\/www.gereso.com\/actualites\/?s={search_term_string}\"},\"query-input\":{\"@type\":\"PropertyValueSpecification\",\"valueRequired\":true,\"valueName\":\"search_term_string\"}}],\"inLanguage\":\"fr-FR\"},{\"@type\":\"Person\",\"@id\":\"https:\/\/www.gereso.com\/actualites\/#\/schema\/person\/c91814f92d627ed4715993fbbf7c7e8d\",\"name\":\"Damien P\u00e9an\",\"image\":{\"@type\":\"ImageObject\",\"inLanguage\":\"fr-FR\",\"@id\":\"https:\/\/www.gereso.com\/actualites\/#\/schema\/person\/image\/\",\"url\":\"https:\/\/www.gereso.com\/actualites\/wp-content\/uploads\/2016\/03\/damien-pean.jpg\",\"contentUrl\":\"https:\/\/www.gereso.com\/actualites\/wp-content\/uploads\/2016\/03\/damien-pean.jpg\",\"caption\":\"Damien P\u00e9an\"},\"description\":\"Damien P\u00c9AN est titulaire du Dipl\u00f4me d'\u00e9tudes sup\u00e9rieures comptables et financi\u00e8res (DESCF). Il intervient depuis plusieurs ann\u00e9es aupr\u00e8s d'\u00e9tudiants en licence de comptabilit\u00e9 et de gestion, \u00e0 qui il enseigne le contr\u00f4le de gestion, la comptabilit\u00e9 approfondie, le management, la fiscalit\u00e9, le droit des soci\u00e9t\u00e9s et le droit du travail. Il intervient \u00e9galement en formation continue pour le compte de divers organismes de formation sur des th\u00e9matiques techniques en comptabilit\u00e9 et fiscalit\u00e9. Il forme aussi un public de non-initi\u00e9s aux fondamentaux de la finance.\",\"url\":\"https:\/\/www.gereso.com\/actualites\/author\/d-pean\/\"}]}<\/script>\n<!-- \/ Yoast SEO plugin. -->","yoast_head_json":{"title":"Le cr\u00e9dit d\u2019imp\u00f4t recherche : principes et derni\u00e8res \u00e9volutions l\u00e9gislatives - Le Blog GERESO","robots":{"index":"index","follow":"follow","max-snippet":"max-snippet:-1","max-image-preview":"max-image-preview:large","max-video-preview":"max-video-preview:-1"},"canonical":"https:\/\/www.gereso.com\/actualites\/2017\/03\/13\/le-credit-dimpot-recherche-principes-et-dernieres-evolutions-legislatives\/","og_locale":"fr_FR","og_type":"article","og_title":"Le cr\u00e9dit d\u2019imp\u00f4t recherche : principes et derni\u00e8res \u00e9volutions l\u00e9gislatives - Le Blog GERESO","og_description":"Ce r\u00e9gime, l&rsquo;un des plus avantageux au monde a incit\u00e9 de nombreuses multinationales \u00e0 ouvrir un service R&amp;D en France. Les PME b\u00e9n\u00e9ficient en outre, d&rsquo;un cr\u00e9dit d&rsquo;imp\u00f4t innovation (CII). La l\u00e9gislation du CIR est n\u00e9anmoins assez complexe, notamment sur la d\u00e9finition m\u00eame de ce que repr\u00e9sente la R&amp;D. Les nombreux contr\u00f4les fiscaux et redressements [&hellip;]","og_url":"https:\/\/www.gereso.com\/actualites\/2017\/03\/13\/le-credit-dimpot-recherche-principes-et-dernieres-evolutions-legislatives\/","og_site_name":"Le Blog GERESO","article_published_time":"2017-03-13T20:57:52+00:00","article_modified_time":"2017-03-14T15:23:19+00:00","og_image":[{"width":600,"height":400,"url":"https:\/\/www.gereso.com\/actualites\/wp-content\/uploads\/2017\/03\/credit-impot-recherche.jpg","type":"image\/jpeg"}],"author":"Damien P\u00e9an","twitter_card":"summary_large_image","schema":{"@context":"https:\/\/schema.org","@graph":[{"@type":"WebPage","@id":"https:\/\/www.gereso.com\/actualites\/2017\/03\/13\/le-credit-dimpot-recherche-principes-et-dernieres-evolutions-legislatives\/","url":"https:\/\/www.gereso.com\/actualites\/2017\/03\/13\/le-credit-dimpot-recherche-principes-et-dernieres-evolutions-legislatives\/","name":"Le cr\u00e9dit d\u2019imp\u00f4t recherche : principes et derni\u00e8res \u00e9volutions l\u00e9gislatives - Le Blog GERESO","isPartOf":{"@id":"https:\/\/www.gereso.com\/actualites\/#website"},"primaryImageOfPage":{"@id":"https:\/\/www.gereso.com\/actualites\/2017\/03\/13\/le-credit-dimpot-recherche-principes-et-dernieres-evolutions-legislatives\/#primaryimage"},"image":{"@id":"https:\/\/www.gereso.com\/actualites\/2017\/03\/13\/le-credit-dimpot-recherche-principes-et-dernieres-evolutions-legislatives\/#primaryimage"},"thumbnailUrl":"https:\/\/www.gereso.com\/actualites\/wp-content\/uploads\/2017\/03\/credit-impot-recherche.jpg","datePublished":"2017-03-13T20:57:52+00:00","dateModified":"2017-03-14T15:23:19+00:00","author":{"@id":"https:\/\/www.gereso.com\/actualites\/#\/schema\/person\/c91814f92d627ed4715993fbbf7c7e8d"},"breadcrumb":{"@id":"https:\/\/www.gereso.com\/actualites\/2017\/03\/13\/le-credit-dimpot-recherche-principes-et-dernieres-evolutions-legislatives\/#breadcrumb"},"inLanguage":"fr-FR","potentialAction":[{"@type":"ReadAction","target":["https:\/\/www.gereso.com\/actualites\/2017\/03\/13\/le-credit-dimpot-recherche-principes-et-dernieres-evolutions-legislatives\/"]}]},{"@type":"ImageObject","inLanguage":"fr-FR","@id":"https:\/\/www.gereso.com\/actualites\/2017\/03\/13\/le-credit-dimpot-recherche-principes-et-dernieres-evolutions-legislatives\/#primaryimage","url":"https:\/\/www.gereso.com\/actualites\/wp-content\/uploads\/2017\/03\/credit-impot-recherche.jpg","contentUrl":"https:\/\/www.gereso.com\/actualites\/wp-content\/uploads\/2017\/03\/credit-impot-recherche.jpg","width":600,"height":400,"caption":"Cr\u00e9dit d'imp\u00f4t sur la recherche"},{"@type":"BreadcrumbList","@id":"https:\/\/www.gereso.com\/actualites\/2017\/03\/13\/le-credit-dimpot-recherche-principes-et-dernieres-evolutions-legislatives\/#breadcrumb","itemListElement":[{"@type":"ListItem","position":1,"name":"Home","item":"https:\/\/www.gereso.com\/actualites\/"},{"@type":"ListItem","position":2,"name":"Le cr\u00e9dit d\u2019imp\u00f4t recherche : principes et derni\u00e8res \u00e9volutions l\u00e9gislatives"}]},{"@type":"WebSite","@id":"https:\/\/www.gereso.com\/actualites\/#website","url":"https:\/\/www.gereso.com\/actualites\/","name":"Le Blog GERESO","description":"Toute l&#039;actu RH, Finance, Fonction Publique, Management...","potentialAction":[{"@type":"SearchAction","target":{"@type":"EntryPoint","urlTemplate":"https:\/\/www.gereso.com\/actualites\/?s={search_term_string}"},"query-input":{"@type":"PropertyValueSpecification","valueRequired":true,"valueName":"search_term_string"}}],"inLanguage":"fr-FR"},{"@type":"Person","@id":"https:\/\/www.gereso.com\/actualites\/#\/schema\/person\/c91814f92d627ed4715993fbbf7c7e8d","name":"Damien P\u00e9an","image":{"@type":"ImageObject","inLanguage":"fr-FR","@id":"https:\/\/www.gereso.com\/actualites\/#\/schema\/person\/image\/","url":"https:\/\/www.gereso.com\/actualites\/wp-content\/uploads\/2016\/03\/damien-pean.jpg","contentUrl":"https:\/\/www.gereso.com\/actualites\/wp-content\/uploads\/2016\/03\/damien-pean.jpg","caption":"Damien P\u00e9an"},"description":"Damien P\u00c9AN est titulaire du Dipl\u00f4me d'\u00e9tudes sup\u00e9rieures comptables et financi\u00e8res (DESCF). Il intervient depuis plusieurs ann\u00e9es aupr\u00e8s d'\u00e9tudiants en licence de comptabilit\u00e9 et de gestion, \u00e0 qui il enseigne le contr\u00f4le de gestion, la comptabilit\u00e9 approfondie, le management, la fiscalit\u00e9, le droit des soci\u00e9t\u00e9s et le droit du travail. Il intervient \u00e9galement en formation continue pour le compte de divers organismes de formation sur des th\u00e9matiques techniques en comptabilit\u00e9 et fiscalit\u00e9. Il forme aussi un public de non-initi\u00e9s aux fondamentaux de la finance.","url":"https:\/\/www.gereso.com\/actualites\/author\/d-pean\/"}]}},"_links":{"self":[{"href":"https:\/\/www.gereso.com\/actualites\/wp-json\/wp\/v2\/posts\/7759","targetHints":{"allow":["GET"]}}],"collection":[{"href":"https:\/\/www.gereso.com\/actualites\/wp-json\/wp\/v2\/posts"}],"about":[{"href":"https:\/\/www.gereso.com\/actualites\/wp-json\/wp\/v2\/types\/post"}],"author":[{"embeddable":true,"href":"https:\/\/www.gereso.com\/actualites\/wp-json\/wp\/v2\/users\/45"}],"replies":[{"embeddable":true,"href":"https:\/\/www.gereso.com\/actualites\/wp-json\/wp\/v2\/comments?post=7759"}],"version-history":[{"count":4,"href":"https:\/\/www.gereso.com\/actualites\/wp-json\/wp\/v2\/posts\/7759\/revisions"}],"predecessor-version":[{"id":7768,"href":"https:\/\/www.gereso.com\/actualites\/wp-json\/wp\/v2\/posts\/7759\/revisions\/7768"}],"wp:featuredmedia":[{"embeddable":true,"href":"https:\/\/www.gereso.com\/actualites\/wp-json\/wp\/v2\/media\/7767"}],"wp:attachment":[{"href":"https:\/\/www.gereso.com\/actualites\/wp-json\/wp\/v2\/media?parent=7759"}],"wp:term":[{"taxonomy":"category","embeddable":true,"href":"https:\/\/www.gereso.com\/actualites\/wp-json\/wp\/v2\/categories?post=7759"},{"taxonomy":"post_tag","embeddable":true,"href":"https:\/\/www.gereso.com\/actualites\/wp-json\/wp\/v2\/tags?post=7759"}],"curies":[{"name":"wp","href":"https:\/\/api.w.org\/{rel}","templated":true}]}}