{"id":7773,"date":"2017-03-15T15:41:06","date_gmt":"2017-03-15T13:41:06","guid":{"rendered":"https:\/\/www.gereso.com\/actualites\/?p=7773"},"modified":"2017-03-15T15:41:37","modified_gmt":"2017-03-15T13:41:37","slug":"formation-professionnelle-et-idees-recues","status":"publish","type":"post","link":"https:\/\/www.gereso.com\/actualites\/2017\/03\/15\/formation-professionnelle-et-idees-recues\/","title":{"rendered":"Formation professionnelle : Top 10 des id\u00e9es re\u00e7ues"},"content":{"rendered":"<p><strong>1. \u00ab\u00a0Me former ne m&rsquo;aidera pas \u00e0 trouver un emploi\u00a0\u00bb.<\/strong><\/p>\n<p>60% des demandeurs d&#8217;emploi trouvent un poste 6 mois apr\u00e8s avoir suivi une formation.<br \/>\nPour 3\/4 des personnes, il s&rsquo;agit d&rsquo;un CDI.<\/p>\n<p><strong>2. \u00ab\u00a0Je ne pourrais pas suivre une formation tant que je n&rsquo;aurais pas 5 ans d&rsquo;exp\u00e9rience dans mon entreprise\u00a0\u00bb.<\/strong><\/p>\n<p>Que l&rsquo;exp\u00e9rience dans l&rsquo;entreprise soit de moins d&rsquo;1 an ou plus de 7 ans, on note un pourcentage \u00e9quivalent de personnes ayant suivi une formation.<br \/>\nDe 6 \u00e0 12 mois : 53%<br \/>\nDe 1 \u00e0 moins de 5 ans : 46%<br \/>\nDe 5 \u00e0 moins de 7 ans : 50%<br \/>\nDe 7 \u00e0 moins de 10 ans : 53%<br \/>\nDe 10 \u00e0 moins de 15 ans : 54%<br \/>\n15 ans et plus : 50%<\/p>\n<p><strong>3. \u00ab\u00a0Je vais devoir payer moi-m\u00eame ma formation\u00a0\u00bb.<\/strong><\/p>\n<p>Dans 96% des cas, la formation est financ\u00e9e par d&rsquo;autres acteurs que la personne qui recevra la formation. Alors ne tardez plus et renseignez-vous sur les diff\u00e9rentes possibilit\u00e9s qui s&rsquo;offrent \u00e0 vous pour faire financer votre formation !<br \/>\n43% Entreprises, 19% Fonction Publique, 14% R\u00e9gions, 14% \u00c9tat, 6% Autres administrations, 4% M\u00e9nages.<\/p>\n<p><strong>4. \u00ab\u00a0Pour suivre une formation, il faut travailler dans une grande entreprise\u00a0\u00bb.<\/strong><\/p>\n<p>Plus d&rsquo;1 salari\u00e9 sur 3 travaillant au sein d&rsquo;une TPE a suivi une formation. (34%)<br \/>\nPlus d&rsquo;1 salari\u00e9 sur 2 travaillant au sein d&rsquo;une PME a suivi une formation. (53%)<\/p>\n<p><strong>5. \u00ab\u00a0La formation n&rsquo;est pas assez digitalis\u00e9e\u00a0\u00bb.<\/strong><\/p>\n<p>90% des DRH en entreprises estiment que la formation s&rsquo;est nettement digitalis\u00e9e au sein de leur entreprise.<\/p>\n<p><strong>6. \u00ab\u00a0Les formations sont g\u00e9n\u00e9ralement trop th\u00e9oriques\u00a0\u00bb.<\/strong><\/p>\n<p>Les organisme redoublent d&rsquo;imagination pour offrir des formats ludiques qui se veulent de plus en plus pratiques : jeu, \u00e9tude de cas, mises en situation, r\u00e9alit\u00e9 virtuelle, BarCamp.<\/p>\n<p><strong>7. \u00ab\u00a0La formation, c&rsquo;est surtout pour les jeunes managers\u00a0\u00bb.<\/strong><\/p>\n<p>Une proportion importante de 45-59 ans se forme (46%).<br \/>\nDe plus, le management, le marketing ou encore la communication ne figurent pas dans le Top 5 des formations les plus achet\u00e9es.<\/p>\n<p><strong>8. \u00ab\u00a0Le CPF n&rsquo;int\u00e9resse personne\u00a0\u00bb.<\/strong><\/p>\n<p>Depuis son lancement en janvier 2015, le Compte Personnel Formation c&rsquo;est plus de 3 millions de comptes ouverts\u00a0et plus de 425 000 demandes accept\u00e9es.<\/p>\n<p><strong>9. \u00a0\u00bb Plus une formation est longue, plus elle est ch\u00e8re\u00a0\u00bb.<\/strong><\/p>\n<p>Plus une formation est longue, plus le co\u00fbt \u00e0 la journ\u00e9e est faible :<br \/>\n1 jour : \u00e0 partir de 690\u20ac, 2 jours : 660\u20ac, 3 jours : 576\u20ac, 4 jours : 499\u20ac, 5 jours 497\u20ac, 6 \u00e0 10 jours : 405\u20ac, 11 \u00e0 100 jours : 338\u20ac.<\/p>\n<p><strong>10. \u00ab\u00a0Les salari\u00e9s du priv\u00e9 sont plus form\u00e9s que ceux du public\u00a0\u00bb.<\/strong><\/p>\n<p>62% des salari\u00e9s du public ont suivi une formation, contre 46,3% seulement pour les salari\u00e9s du secteur priv\u00e9.<\/p>\n<p>&nbsp;<\/p>\n<p>&nbsp;<\/p>\n","protected":false},"excerpt":{"rendered":"<p>1. \u00ab\u00a0Me former ne m&rsquo;aidera pas \u00e0 trouver un emploi\u00a0\u00bb. 60% des demandeurs d&#8217;emploi trouvent un poste 6 mois apr\u00e8s avoir suivi une formation. Pour 3\/4 des personnes, il s&rsquo;agit d&rsquo;un CDI. 2. \u00ab\u00a0Je ne pourrais pas suivre une formation tant que je n&rsquo;aurais pas 5 ans d&rsquo;exp\u00e9rience dans mon entreprise\u00a0\u00bb. Que l&rsquo;exp\u00e9rience dans l&rsquo;entreprise [&hellip;]<\/p>\n","protected":false},"author":32,"featured_media":7774,"comment_status":"open","ping_status":"open","sticky":false,"template":"","format":"standard","meta":{"_acf_changed":false,"_mi_skip_tracking":false,"footnotes":""},"categories":[12,828],"tags":[46],"class_list":["post-7773","post","type-post","status-publish","format-standard","has-post-thumbnail","hentry","category-actualites","category-formation-professionnelle","tag-formation-professionnelle"],"acf":[],"yoast_head":"<!-- This site is optimized with the Yoast SEO plugin v23.4 - https:\/\/yoast.com\/wordpress\/plugins\/seo\/ -->\n<title>Formation professionnelle : Top 10 des id\u00e9es re\u00e7ues - Le Blog GERESO<\/title>\n<meta name=\"robots\" content=\"index, follow, max-snippet:-1, max-image-preview:large, max-video-preview:-1\" \/>\n<link rel=\"canonical\" href=\"https:\/\/www.gereso.com\/actualites\/2017\/03\/15\/formation-professionnelle-et-idees-recues\/\" \/>\n<meta property=\"og:locale\" content=\"fr_FR\" \/>\n<meta property=\"og:type\" content=\"article\" \/>\n<meta property=\"og:title\" content=\"Formation professionnelle : Top 10 des id\u00e9es re\u00e7ues - Le Blog GERESO\" \/>\n<meta property=\"og:description\" content=\"1. \u00ab\u00a0Me former ne m&rsquo;aidera pas \u00e0 trouver un emploi\u00a0\u00bb. 60% des demandeurs d&#8217;emploi trouvent un poste 6 mois apr\u00e8s avoir suivi une formation. Pour 3\/4 des personnes, il s&rsquo;agit d&rsquo;un CDI. 2. \u00ab\u00a0Je ne pourrais pas suivre une formation tant que je n&rsquo;aurais pas 5 ans d&rsquo;exp\u00e9rience dans mon entreprise\u00a0\u00bb. Que l&rsquo;exp\u00e9rience dans l&rsquo;entreprise [&hellip;]\" \/>\n<meta property=\"og:url\" content=\"https:\/\/www.gereso.com\/actualites\/2017\/03\/15\/formation-professionnelle-et-idees-recues\/\" \/>\n<meta property=\"og:site_name\" content=\"Le Blog GERESO\" \/>\n<meta property=\"article:published_time\" content=\"2017-03-15T13:41:06+00:00\" \/>\n<meta property=\"article:modified_time\" content=\"2017-03-15T13:41:37+00:00\" \/>\n<meta property=\"og:image\" content=\"https:\/\/www.gereso.com\/actualites\/wp-content\/uploads\/2017\/03\/infographie-formation-professionnelle.png\" \/>\n\t<meta property=\"og:image:width\" content=\"900\" \/>\n\t<meta property=\"og:image:height\" content=\"7080\" \/>\n\t<meta property=\"og:image:type\" content=\"image\/png\" \/>\n<meta name=\"author\" content=\"\u00c9quipe GERESO\" \/>\n<meta name=\"twitter:card\" content=\"summary_large_image\" \/>\n<script type=\"application\/ld+json\" class=\"yoast-schema-graph\">{\"@context\":\"https:\/\/schema.org\",\"@graph\":[{\"@type\":\"WebPage\",\"@id\":\"https:\/\/www.gereso.com\/actualites\/2017\/03\/15\/formation-professionnelle-et-idees-recues\/\",\"url\":\"https:\/\/www.gereso.com\/actualites\/2017\/03\/15\/formation-professionnelle-et-idees-recues\/\",\"name\":\"Formation professionnelle : Top 10 des id\u00e9es re\u00e7ues - Le Blog GERESO\",\"isPartOf\":{\"@id\":\"https:\/\/www.gereso.com\/actualites\/#website\"},\"primaryImageOfPage\":{\"@id\":\"https:\/\/www.gereso.com\/actualites\/2017\/03\/15\/formation-professionnelle-et-idees-recues\/#primaryimage\"},\"image\":{\"@id\":\"https:\/\/www.gereso.com\/actualites\/2017\/03\/15\/formation-professionnelle-et-idees-recues\/#primaryimage\"},\"thumbnailUrl\":\"https:\/\/www.gereso.com\/actualites\/wp-content\/uploads\/2017\/03\/infographie-formation-professionnelle.png\",\"datePublished\":\"2017-03-15T13:41:06+00:00\",\"dateModified\":\"2017-03-15T13:41:37+00:00\",\"author\":{\"@id\":\"https:\/\/www.gereso.com\/actualites\/#\/schema\/person\/197d8aef40cb4ae3f6a0aa9e1d3df2a6\"},\"breadcrumb\":{\"@id\":\"https:\/\/www.gereso.com\/actualites\/2017\/03\/15\/formation-professionnelle-et-idees-recues\/#breadcrumb\"},\"inLanguage\":\"fr-FR\",\"potentialAction\":[{\"@type\":\"ReadAction\",\"target\":[\"https:\/\/www.gereso.com\/actualites\/2017\/03\/15\/formation-professionnelle-et-idees-recues\/\"]}]},{\"@type\":\"ImageObject\",\"inLanguage\":\"fr-FR\",\"@id\":\"https:\/\/www.gereso.com\/actualites\/2017\/03\/15\/formation-professionnelle-et-idees-recues\/#primaryimage\",\"url\":\"https:\/\/www.gereso.com\/actualites\/wp-content\/uploads\/2017\/03\/infographie-formation-professionnelle.png\",\"contentUrl\":\"https:\/\/www.gereso.com\/actualites\/wp-content\/uploads\/2017\/03\/infographie-formation-professionnelle.png\",\"width\":900,\"height\":7080,\"caption\":\"Infographie 10 id\u00e9es re\u00e7ues sur la formation professionnelle\"},{\"@type\":\"BreadcrumbList\",\"@id\":\"https:\/\/www.gereso.com\/actualites\/2017\/03\/15\/formation-professionnelle-et-idees-recues\/#breadcrumb\",\"itemListElement\":[{\"@type\":\"ListItem\",\"position\":1,\"name\":\"Home\",\"item\":\"https:\/\/www.gereso.com\/actualites\/\"},{\"@type\":\"ListItem\",\"position\":2,\"name\":\"Formation professionnelle : Top 10 des id\u00e9es re\u00e7ues\"}]},{\"@type\":\"WebSite\",\"@id\":\"https:\/\/www.gereso.com\/actualites\/#website\",\"url\":\"https:\/\/www.gereso.com\/actualites\/\",\"name\":\"Le Blog GERESO\",\"description\":\"Toute l&#039;actu RH, Finance, Fonction Publique, Management...\",\"potentialAction\":[{\"@type\":\"SearchAction\",\"target\":{\"@type\":\"EntryPoint\",\"urlTemplate\":\"https:\/\/www.gereso.com\/actualites\/?s={search_term_string}\"},\"query-input\":{\"@type\":\"PropertyValueSpecification\",\"valueRequired\":true,\"valueName\":\"search_term_string\"}}],\"inLanguage\":\"fr-FR\"},{\"@type\":\"Person\",\"@id\":\"https:\/\/www.gereso.com\/actualites\/#\/schema\/person\/197d8aef40cb4ae3f6a0aa9e1d3df2a6\",\"name\":\"\u00c9quipe GERESO\",\"image\":{\"@type\":\"ImageObject\",\"inLanguage\":\"fr-FR\",\"@id\":\"https:\/\/www.gereso.com\/actualites\/#\/schema\/person\/image\/\",\"url\":\"https:\/\/www.gereso.com\/actualites\/wp-content\/uploads\/2013\/12\/avatar-gereso-1.png\",\"contentUrl\":\"https:\/\/www.gereso.com\/actualites\/wp-content\/uploads\/2013\/12\/avatar-gereso-1.png\",\"caption\":\"\u00c9quipe GERESO\"},\"url\":\"https:\/\/www.gereso.com\/actualites\/author\/gereso\/\"}]}<\/script>\n<!-- \/ Yoast SEO plugin. -->","yoast_head_json":{"title":"Formation professionnelle : Top 10 des id\u00e9es re\u00e7ues - Le Blog GERESO","robots":{"index":"index","follow":"follow","max-snippet":"max-snippet:-1","max-image-preview":"max-image-preview:large","max-video-preview":"max-video-preview:-1"},"canonical":"https:\/\/www.gereso.com\/actualites\/2017\/03\/15\/formation-professionnelle-et-idees-recues\/","og_locale":"fr_FR","og_type":"article","og_title":"Formation professionnelle : Top 10 des id\u00e9es re\u00e7ues - Le Blog GERESO","og_description":"1. \u00ab\u00a0Me former ne m&rsquo;aidera pas \u00e0 trouver un emploi\u00a0\u00bb. 60% des demandeurs d&#8217;emploi trouvent un poste 6 mois apr\u00e8s avoir suivi une formation. Pour 3\/4 des personnes, il s&rsquo;agit d&rsquo;un CDI. 2. \u00ab\u00a0Je ne pourrais pas suivre une formation tant que je n&rsquo;aurais pas 5 ans d&rsquo;exp\u00e9rience dans mon entreprise\u00a0\u00bb. Que l&rsquo;exp\u00e9rience dans l&rsquo;entreprise [&hellip;]","og_url":"https:\/\/www.gereso.com\/actualites\/2017\/03\/15\/formation-professionnelle-et-idees-recues\/","og_site_name":"Le Blog GERESO","article_published_time":"2017-03-15T13:41:06+00:00","article_modified_time":"2017-03-15T13:41:37+00:00","og_image":[{"width":900,"height":7080,"url":"https:\/\/www.gereso.com\/actualites\/wp-content\/uploads\/2017\/03\/infographie-formation-professionnelle.png","type":"image\/png"}],"author":"\u00c9quipe GERESO","twitter_card":"summary_large_image","schema":{"@context":"https:\/\/schema.org","@graph":[{"@type":"WebPage","@id":"https:\/\/www.gereso.com\/actualites\/2017\/03\/15\/formation-professionnelle-et-idees-recues\/","url":"https:\/\/www.gereso.com\/actualites\/2017\/03\/15\/formation-professionnelle-et-idees-recues\/","name":"Formation professionnelle : Top 10 des id\u00e9es re\u00e7ues - Le Blog GERESO","isPartOf":{"@id":"https:\/\/www.gereso.com\/actualites\/#website"},"primaryImageOfPage":{"@id":"https:\/\/www.gereso.com\/actualites\/2017\/03\/15\/formation-professionnelle-et-idees-recues\/#primaryimage"},"image":{"@id":"https:\/\/www.gereso.com\/actualites\/2017\/03\/15\/formation-professionnelle-et-idees-recues\/#primaryimage"},"thumbnailUrl":"https:\/\/www.gereso.com\/actualites\/wp-content\/uploads\/2017\/03\/infographie-formation-professionnelle.png","datePublished":"2017-03-15T13:41:06+00:00","dateModified":"2017-03-15T13:41:37+00:00","author":{"@id":"https:\/\/www.gereso.com\/actualites\/#\/schema\/person\/197d8aef40cb4ae3f6a0aa9e1d3df2a6"},"breadcrumb":{"@id":"https:\/\/www.gereso.com\/actualites\/2017\/03\/15\/formation-professionnelle-et-idees-recues\/#breadcrumb"},"inLanguage":"fr-FR","potentialAction":[{"@type":"ReadAction","target":["https:\/\/www.gereso.com\/actualites\/2017\/03\/15\/formation-professionnelle-et-idees-recues\/"]}]},{"@type":"ImageObject","inLanguage":"fr-FR","@id":"https:\/\/www.gereso.com\/actualites\/2017\/03\/15\/formation-professionnelle-et-idees-recues\/#primaryimage","url":"https:\/\/www.gereso.com\/actualites\/wp-content\/uploads\/2017\/03\/infographie-formation-professionnelle.png","contentUrl":"https:\/\/www.gereso.com\/actualites\/wp-content\/uploads\/2017\/03\/infographie-formation-professionnelle.png","width":900,"height":7080,"caption":"Infographie 10 id\u00e9es re\u00e7ues sur la formation professionnelle"},{"@type":"BreadcrumbList","@id":"https:\/\/www.gereso.com\/actualites\/2017\/03\/15\/formation-professionnelle-et-idees-recues\/#breadcrumb","itemListElement":[{"@type":"ListItem","position":1,"name":"Home","item":"https:\/\/www.gereso.com\/actualites\/"},{"@type":"ListItem","position":2,"name":"Formation professionnelle : Top 10 des id\u00e9es re\u00e7ues"}]},{"@type":"WebSite","@id":"https:\/\/www.gereso.com\/actualites\/#website","url":"https:\/\/www.gereso.com\/actualites\/","name":"Le Blog GERESO","description":"Toute l&#039;actu RH, Finance, Fonction Publique, Management...","potentialAction":[{"@type":"SearchAction","target":{"@type":"EntryPoint","urlTemplate":"https:\/\/www.gereso.com\/actualites\/?s={search_term_string}"},"query-input":{"@type":"PropertyValueSpecification","valueRequired":true,"valueName":"search_term_string"}}],"inLanguage":"fr-FR"},{"@type":"Person","@id":"https:\/\/www.gereso.com\/actualites\/#\/schema\/person\/197d8aef40cb4ae3f6a0aa9e1d3df2a6","name":"\u00c9quipe GERESO","image":{"@type":"ImageObject","inLanguage":"fr-FR","@id":"https:\/\/www.gereso.com\/actualites\/#\/schema\/person\/image\/","url":"https:\/\/www.gereso.com\/actualites\/wp-content\/uploads\/2013\/12\/avatar-gereso-1.png","contentUrl":"https:\/\/www.gereso.com\/actualites\/wp-content\/uploads\/2013\/12\/avatar-gereso-1.png","caption":"\u00c9quipe GERESO"},"url":"https:\/\/www.gereso.com\/actualites\/author\/gereso\/"}]}},"_links":{"self":[{"href":"https:\/\/www.gereso.com\/actualites\/wp-json\/wp\/v2\/posts\/7773","targetHints":{"allow":["GET"]}}],"collection":[{"href":"https:\/\/www.gereso.com\/actualites\/wp-json\/wp\/v2\/posts"}],"about":[{"href":"https:\/\/www.gereso.com\/actualites\/wp-json\/wp\/v2\/types\/post"}],"author":[{"embeddable":true,"href":"https:\/\/www.gereso.com\/actualites\/wp-json\/wp\/v2\/users\/32"}],"replies":[{"embeddable":true,"href":"https:\/\/www.gereso.com\/actualites\/wp-json\/wp\/v2\/comments?post=7773"}],"version-history":[{"count":4,"href":"https:\/\/www.gereso.com\/actualites\/wp-json\/wp\/v2\/posts\/7773\/revisions"}],"predecessor-version":[{"id":7778,"href":"https:\/\/www.gereso.com\/actualites\/wp-json\/wp\/v2\/posts\/7773\/revisions\/7778"}],"wp:featuredmedia":[{"embeddable":true,"href":"https:\/\/www.gereso.com\/actualites\/wp-json\/wp\/v2\/media\/7774"}],"wp:attachment":[{"href":"https:\/\/www.gereso.com\/actualites\/wp-json\/wp\/v2\/media?parent=7773"}],"wp:term":[{"taxonomy":"category","embeddable":true,"href":"https:\/\/www.gereso.com\/actualites\/wp-json\/wp\/v2\/categories?post=7773"},{"taxonomy":"post_tag","embeddable":true,"href":"https:\/\/www.gereso.com\/actualites\/wp-json\/wp\/v2\/tags?post=7773"}],"curies":[{"name":"wp","href":"https:\/\/api.w.org\/{rel}","templated":true}]}}