{"id":7910,"date":"2017-04-05T11:08:25","date_gmt":"2017-04-05T09:08:25","guid":{"rendered":"https:\/\/www.gereso.com\/actualites\/?p=7910"},"modified":"2022-05-09T08:50:39","modified_gmt":"2022-05-09T06:50:39","slug":"quiz-la-periode-dessai","status":"publish","type":"post","link":"https:\/\/www.gereso.com\/actualites\/2017\/04\/05\/quiz-la-periode-dessai\/","title":{"rendered":"Quiz : La p\u00e9riode d\u2019essai"},"content":{"rendered":"<p style=\"text-align: justify;\">Mise en place, dur\u00e9e, renouvellement, rupture, d\u00e9lai de pr\u00e9venance\u2026 La p\u00e9riode d\u2019essai est encadr\u00e9e par des <strong>textes juridiques pr\u00e9cis<\/strong>. Ce quiz doit vous permettre de faire le point sur vos connaissances.<\/p>\n<h3 style=\"text-align: center;\"><strong>R\u00e9pondez par Vrai ou Faux \u00e0 chacune des 10 affirmations suivantes.<\/strong><\/h3>\n<link type=\"text\/css\" rel=\"stylesheet\" href=\"https:\/\/www.gereso.com\/actualites\/wp-content\/plugins\/quizzin\/style.css\" \/>\r\n<script type=\"text\/javascript\" src=\"https:\/\/www.gereso.com\/actualites\/wp-includes\/js\/jquery\/jquery.js\"><\/script>\r\n<script type=\"text\/javascript\" src=\"https:\/\/www.gereso.com\/actualites\/wp-content\/plugins\/quizzin\/script.js\"><\/script>\r\n\r\n<div class=\"quiz-area single-page-quiz\">\r\n<form action=\"\" method=\"post\" class=\"quiz-form\" id=\"quiz-14\">\r\n<div class='quizzin-question' id='question-1'><div class='question-content'><span style=\"color: #333333;\">Question 1\/10 :\u00a0La p\u00e9riode d\u2019essai n\u2019a pas besoin d\u2019\u00eatre pr\u00e9vue dans le contrat de travail. Elle s\u2019applique de mani\u00e8re syst\u00e9matique.<\/span><\/div><br \/><input type='hidden' name='question_id[]' value='131' \/><label for='answer-id-494' id='answer-label-494' class=' answer label-1'><input type='radio' name='answer-131' id='answer-id-494' class='answer answer-1 ' value='494' \/><span class='answer'> Vrai<\/span><\/label><br \/><label for='answer-id-495' id='answer-label-495' class=' answer label-1'><input type='radio' name='answer-131' id='answer-id-495' class='answer answer-1 ' value='495' \/><span class='answer'> Faux<\/span><\/label><br \/><\/div><div class='quizzin-question' id='question-2'><div class='question-content'>Question 2\/10 :\u00a0Durant la p\u00e9riode d\u2019essai, l\u2019employeur peut pr\u00e9voir une r\u00e9mun\u00e9ration inf\u00e9rieure \u00e0 celle appliqu\u00e9e ult\u00e9rieurement.<\/div><br \/><input type='hidden' name='question_id[]' value='132' \/><label for='answer-id-476' id='answer-label-476' class=' answer label-2'><input type='radio' name='answer-132' id='answer-id-476' class='answer answer-2 ' value='476' \/><span class='answer'> Vrai <\/span><\/label><br \/><label for='answer-id-477' id='answer-label-477' class=' answer label-2'><input type='radio' name='answer-132' id='answer-id-477' class='answer answer-2 ' value='477' \/><span class='answer'> Faux<\/span><\/label><br \/><\/div><div class='quizzin-question' id='question-3'><div class='question-content'>Question 3\/10 :\u00a0Sauf en cas d\u2019accord collectif contraire, la dur\u00e9e initiale de la p\u00e9riode d\u2019essai des employ\u00e9s et des ouvriers en CDI est de 3 mois.<\/div><br \/><input type='hidden' name='question_id[]' value='133' \/><label for='answer-id-478' id='answer-label-478' class=' answer label-3'><input type='radio' name='answer-133' id='answer-id-478' class='answer answer-3 ' value='478' \/><span class='answer'> Vrai<\/span><\/label><br \/><label for='answer-id-479' id='answer-label-479' class=' answer label-3'><input type='radio' name='answer-133' id='answer-id-479' class='answer answer-3 ' value='479' \/><span class='answer'> Faux<\/span><\/label><br \/><\/div><div class='quizzin-question' id='question-4'><div class='question-content'>Question 4\/10 :\u00a0Ce n\u2019est qu\u2019\u00e0 la fin de la p\u00e9riode d\u2019essai initialement pr\u00e9vue que l\u2019employeur peut envisager son renouvellement.<\/div><br \/><input type='hidden' name='question_id[]' value='134' \/><label for='answer-id-480' id='answer-label-480' class=' answer label-4'><input type='radio' name='answer-134' id='answer-id-480' class='answer answer-4 ' value='480' \/><span class='answer'> Vrai<\/span><\/label><br \/><label for='answer-id-481' id='answer-label-481' class=' answer label-4'><input type='radio' name='answer-134' id='answer-id-481' class='answer answer-4 ' value='481' \/><span class='answer'> Faux<\/span><\/label><br \/><\/div><div class='quizzin-question' id='question-5'><div class='question-content'>Question 5\/10 :\u00a0Il n\u2019est pas possible de pr\u00e9voir une p\u00e9riode d\u2019essai lorsque le contrat est conclu pour une dur\u00e9e d\u00e9termin\u00e9e.<\/div><br \/><input type='hidden' name='question_id[]' value='135' \/><label for='answer-id-482' id='answer-label-482' class=' answer label-5'><input type='radio' name='answer-135' id='answer-id-482' class='answer answer-5 ' value='482' \/><span class='answer'> Vrai<\/span><\/label><br \/><label for='answer-id-483' id='answer-label-483' class=' answer label-5'><input type='radio' name='answer-135' id='answer-id-483' class='answer answer-5 ' value='483' \/><span class='answer'> Faux<\/span><\/label><br \/><\/div><div class='quizzin-question' id='question-6'><div class='question-content'>Question 6\/10 :\u00a0Quel que soit le type de contrat de travail, la p\u00e9riode d\u2019essai se calcule en jours calendaires.<\/div><br \/><input type='hidden' name='question_id[]' value='136' \/><label for='answer-id-484' id='answer-label-484' class=' answer label-6'><input type='radio' name='answer-136' id='answer-id-484' class='answer answer-6 ' value='484' \/><span class='answer'> Vrai<\/span><\/label><br \/><label for='answer-id-485' id='answer-label-485' class=' answer label-6'><input type='radio' name='answer-136' id='answer-id-485' class='answer answer-6 ' value='485' \/><span class='answer'> Faux<\/span><\/label><br \/><\/div><div class='quizzin-question' id='question-7'><div class='question-content'>Question 7\/10 :\u00a0Il n\u2019existe aucune limite \u00e0 la rupture de la p\u00e9riode d\u2019essai.<\/div><br \/><input type='hidden' name='question_id[]' value='137' \/><label for='answer-id-496' id='answer-label-496' class=' answer label-7'><input type='radio' name='answer-137' id='answer-id-496' class='answer answer-7 ' value='496' \/><span class='answer'> Vrai<\/span><\/label><br \/><label for='answer-id-497' id='answer-label-497' class=' answer label-7'><input type='radio' name='answer-137' id='answer-id-497' class='answer answer-7 ' value='497' \/><span class='answer'> Faux<\/span><\/label><br \/><\/div><div class='quizzin-question' id='question-8'><div class='question-content'>Question 8\/10 :\u00a0La rupture de la p\u00e9riode d\u2019essai n\u00e9cessite le respect d\u2019un d\u00e9lai de pr\u00e9venance.<\/div><br \/><input type='hidden' name='question_id[]' value='138' \/><label for='answer-id-498' id='answer-label-498' class=' answer label-8'><input type='radio' name='answer-138' id='answer-id-498' class='answer answer-8 ' value='498' \/><span class='answer'> Vrai<\/span><\/label><br \/><label for='answer-id-499' id='answer-label-499' class=' answer label-8'><input type='radio' name='answer-138' id='answer-id-499' class='answer answer-8 ' value='499' \/><span class='answer'> Faux<\/span><\/label><br \/><\/div><div class='quizzin-question' id='question-9'><div class='question-content'>Question 9\/10 :\u00a0La dur\u00e9e de la p\u00e9riode d\u2019essai est prolong\u00e9e en cas d\u2019absence du salari\u00e9.<\/div><br \/><input type='hidden' name='question_id[]' value='139' \/><label for='answer-id-490' id='answer-label-490' class=' answer label-9'><input type='radio' name='answer-139' id='answer-id-490' class='answer answer-9 ' value='490' \/><span class='answer'> Vrai<\/span><\/label><br \/><label for='answer-id-491' id='answer-label-491' class=' answer label-9'><input type='radio' name='answer-139' id='answer-id-491' class='answer answer-9 ' value='491' \/><span class='answer'> Faux<\/span><\/label><br \/><\/div><div class='quizzin-question' id='question-10'><div class='question-content'>Question 10\/10 : Un avenant au contrat de travail doit \u00eatre sign\u00e9 si le contrat se poursuit au-del\u00e0 de la p\u00e9riode d\u2019essai.<\/div><br \/><input type='hidden' name='question_id[]' value='140' \/><label for='answer-id-492' id='answer-label-492' class=' answer label-10'><input type='radio' name='answer-140' id='answer-id-492' class='answer answer-10 ' value='492' \/><span class='answer'> Vrai<\/span><\/label><br \/><label for='answer-id-493' id='answer-label-493' class=' answer label-10'><input type='radio' name='answer-140' id='answer-id-493' class='answer answer-10 ' value='493' \/><span class='answer'> Faux<\/span><\/label><br \/><\/div><br \/>\r\n<input type=\"button\" id=\"next-question\" value=\"Question suivante &gt;\"  \/><br \/>\r\n\r\n<input type=\"submit\" name=\"action\" id=\"action-button\" value=\"Valider mes r\u00e9ponses et voir le r\u00e9sultat &nbsp; \"  \/>\r\n<input type=\"hidden\" name=\"quiz_id\" value=\"14\" \/>\r\n<\/form>\r\n<\/div>\r\n\r\n\n<h3><\/h3>\n","protected":false},"excerpt":{"rendered":"<p>Mise en place, dur\u00e9e, renouvellement, rupture, d\u00e9lai de pr\u00e9venance\u2026 La p\u00e9riode d\u2019essai est encadr\u00e9e par des textes juridiques pr\u00e9cis. Ce quiz doit vous permettre de faire le point sur vos connaissances. R\u00e9pondez par Vrai ou Faux \u00e0 chacune des 10 affirmations suivantes.<\/p>\n","protected":false},"author":44,"featured_media":7911,"comment_status":"open","ping_status":"open","sticky":false,"template":"","format":"standard","meta":{"_acf_changed":false,"_mi_skip_tracking":false,"footnotes":""},"categories":[5],"tags":[197,198,385,845,553,1097,879,1096],"class_list":["post-7910","post","type-post","status-publish","format-standard","has-post-thumbnail","hentry","category-droit-du-travail","tag-cdd","tag-cdi","tag-contrat","tag-embauche","tag-emploi","tag-integration","tag-onboarding","tag-periode-essai"],"acf":[],"yoast_head":"<!-- This site is optimized with the Yoast SEO plugin v23.4 - https:\/\/yoast.com\/wordpress\/plugins\/seo\/ -->\n<title>Quiz : La p\u00e9riode d\u2019essai - Le Blog GERESO<\/title>\n<meta name=\"robots\" content=\"index, follow, max-snippet:-1, max-image-preview:large, max-video-preview:-1\" \/>\n<link rel=\"canonical\" href=\"https:\/\/www.gereso.com\/actualites\/2017\/04\/05\/quiz-la-periode-dessai\/\" \/>\n<meta property=\"og:locale\" content=\"fr_FR\" \/>\n<meta property=\"og:type\" content=\"article\" \/>\n<meta property=\"og:title\" content=\"Quiz : La p\u00e9riode d\u2019essai - Le Blog GERESO\" \/>\n<meta property=\"og:description\" content=\"Mise en place, dur\u00e9e, renouvellement, rupture, d\u00e9lai de pr\u00e9venance\u2026 La p\u00e9riode d\u2019essai est encadr\u00e9e par des textes juridiques pr\u00e9cis. Ce quiz doit vous permettre de faire le point sur vos connaissances. R\u00e9pondez par Vrai ou Faux \u00e0 chacune des 10 affirmations suivantes.\" \/>\n<meta property=\"og:url\" content=\"https:\/\/www.gereso.com\/actualites\/2017\/04\/05\/quiz-la-periode-dessai\/\" \/>\n<meta property=\"og:site_name\" content=\"Le Blog GERESO\" \/>\n<meta property=\"article:published_time\" content=\"2017-04-05T09:08:25+00:00\" \/>\n<meta property=\"article:modified_time\" content=\"2022-05-09T06:50:39+00:00\" \/>\n<meta property=\"og:image\" content=\"https:\/\/www.gereso.com\/actualites\/wp-content\/uploads\/2017\/04\/Quiz-La-p\u00e9riode-d\u2019essai.jpg\" \/>\n\t<meta property=\"og:image:width\" content=\"600\" \/>\n\t<meta property=\"og:image:height\" content=\"400\" \/>\n\t<meta property=\"og:image:type\" content=\"image\/jpeg\" \/>\n<meta name=\"author\" content=\"Gwendoline Aubourg\" \/>\n<meta name=\"twitter:card\" content=\"summary_large_image\" \/>\n<script type=\"application\/ld+json\" class=\"yoast-schema-graph\">{\"@context\":\"https:\/\/schema.org\",\"@graph\":[{\"@type\":\"WebPage\",\"@id\":\"https:\/\/www.gereso.com\/actualites\/2017\/04\/05\/quiz-la-periode-dessai\/\",\"url\":\"https:\/\/www.gereso.com\/actualites\/2017\/04\/05\/quiz-la-periode-dessai\/\",\"name\":\"Quiz : La p\u00e9riode d\u2019essai - Le Blog GERESO\",\"isPartOf\":{\"@id\":\"https:\/\/www.gereso.com\/actualites\/#website\"},\"primaryImageOfPage\":{\"@id\":\"https:\/\/www.gereso.com\/actualites\/2017\/04\/05\/quiz-la-periode-dessai\/#primaryimage\"},\"image\":{\"@id\":\"https:\/\/www.gereso.com\/actualites\/2017\/04\/05\/quiz-la-periode-dessai\/#primaryimage\"},\"thumbnailUrl\":\"https:\/\/www.gereso.com\/actualites\/wp-content\/uploads\/2017\/04\/Quiz-La-p\u00e9riode-d\u2019essai.jpg\",\"datePublished\":\"2017-04-05T09:08:25+00:00\",\"dateModified\":\"2022-05-09T06:50:39+00:00\",\"author\":{\"@id\":\"https:\/\/www.gereso.com\/actualites\/#\/schema\/person\/74853d141382f3563939c9e96dcdc2ce\"},\"breadcrumb\":{\"@id\":\"https:\/\/www.gereso.com\/actualites\/2017\/04\/05\/quiz-la-periode-dessai\/#breadcrumb\"},\"inLanguage\":\"fr-FR\",\"potentialAction\":[{\"@type\":\"ReadAction\",\"target\":[\"https:\/\/www.gereso.com\/actualites\/2017\/04\/05\/quiz-la-periode-dessai\/\"]}]},{\"@type\":\"ImageObject\",\"inLanguage\":\"fr-FR\",\"@id\":\"https:\/\/www.gereso.com\/actualites\/2017\/04\/05\/quiz-la-periode-dessai\/#primaryimage\",\"url\":\"https:\/\/www.gereso.com\/actualites\/wp-content\/uploads\/2017\/04\/Quiz-La-p\u00e9riode-d\u2019essai.jpg\",\"contentUrl\":\"https:\/\/www.gereso.com\/actualites\/wp-content\/uploads\/2017\/04\/Quiz-La-p\u00e9riode-d\u2019essai.jpg\",\"width\":600,\"height\":400,\"caption\":\"Dur\u00e9e, renouvellement, r\u00e9mun\u00e9ration\u2026 La p\u00e9riode d\u2019essai est encadr\u00e9e par des textes juridiques pr\u00e9cis.\"},{\"@type\":\"BreadcrumbList\",\"@id\":\"https:\/\/www.gereso.com\/actualites\/2017\/04\/05\/quiz-la-periode-dessai\/#breadcrumb\",\"itemListElement\":[{\"@type\":\"ListItem\",\"position\":1,\"name\":\"Home\",\"item\":\"https:\/\/www.gereso.com\/actualites\/\"},{\"@type\":\"ListItem\",\"position\":2,\"name\":\"Quiz : La p\u00e9riode d\u2019essai\"}]},{\"@type\":\"WebSite\",\"@id\":\"https:\/\/www.gereso.com\/actualites\/#website\",\"url\":\"https:\/\/www.gereso.com\/actualites\/\",\"name\":\"Le Blog GERESO\",\"description\":\"Toute l&#039;actu RH, Finance, Fonction Publique, Management...\",\"potentialAction\":[{\"@type\":\"SearchAction\",\"target\":{\"@type\":\"EntryPoint\",\"urlTemplate\":\"https:\/\/www.gereso.com\/actualites\/?s={search_term_string}\"},\"query-input\":{\"@type\":\"PropertyValueSpecification\",\"valueRequired\":true,\"valueName\":\"search_term_string\"}}],\"inLanguage\":\"fr-FR\"},{\"@type\":\"Person\",\"@id\":\"https:\/\/www.gereso.com\/actualites\/#\/schema\/person\/74853d141382f3563939c9e96dcdc2ce\",\"name\":\"Gwendoline Aubourg\",\"image\":{\"@type\":\"ImageObject\",\"inLanguage\":\"fr-FR\",\"@id\":\"https:\/\/www.gereso.com\/actualites\/#\/schema\/person\/image\/\",\"url\":\"https:\/\/www.gereso.com\/actualites\/wp-content\/uploads\/2016\/10\/GwendolineAubourg-1-144x144.jpg\",\"contentUrl\":\"https:\/\/www.gereso.com\/actualites\/wp-content\/uploads\/2016\/10\/GwendolineAubourg-1-144x144.jpg\",\"caption\":\"Gwendoline Aubourg\"},\"description\":\"Juriste, dipl\u00f4m\u00e9e en droit social de la Facult\u00e9 des sciences juridiques, politiques et sociales de Lille, r\u00e9dactrice RH et auteure de nombreux ouvrages sur les th\u00e8mes du droit du travail et des droits du consommateurs.\",\"url\":\"https:\/\/www.gereso.com\/actualites\/author\/g-aubourg\/\"}]}<\/script>\n<!-- \/ Yoast SEO plugin. -->","yoast_head_json":{"title":"Quiz : La p\u00e9riode d\u2019essai - Le Blog GERESO","robots":{"index":"index","follow":"follow","max-snippet":"max-snippet:-1","max-image-preview":"max-image-preview:large","max-video-preview":"max-video-preview:-1"},"canonical":"https:\/\/www.gereso.com\/actualites\/2017\/04\/05\/quiz-la-periode-dessai\/","og_locale":"fr_FR","og_type":"article","og_title":"Quiz : La p\u00e9riode d\u2019essai - Le Blog GERESO","og_description":"Mise en place, dur\u00e9e, renouvellement, rupture, d\u00e9lai de pr\u00e9venance\u2026 La p\u00e9riode d\u2019essai est encadr\u00e9e par des textes juridiques pr\u00e9cis. Ce quiz doit vous permettre de faire le point sur vos connaissances. R\u00e9pondez par Vrai ou Faux \u00e0 chacune des 10 affirmations suivantes.","og_url":"https:\/\/www.gereso.com\/actualites\/2017\/04\/05\/quiz-la-periode-dessai\/","og_site_name":"Le Blog GERESO","article_published_time":"2017-04-05T09:08:25+00:00","article_modified_time":"2022-05-09T06:50:39+00:00","og_image":[{"width":600,"height":400,"url":"https:\/\/www.gereso.com\/actualites\/wp-content\/uploads\/2017\/04\/Quiz-La-p\u00e9riode-d\u2019essai.jpg","type":"image\/jpeg"}],"author":"Gwendoline Aubourg","twitter_card":"summary_large_image","schema":{"@context":"https:\/\/schema.org","@graph":[{"@type":"WebPage","@id":"https:\/\/www.gereso.com\/actualites\/2017\/04\/05\/quiz-la-periode-dessai\/","url":"https:\/\/www.gereso.com\/actualites\/2017\/04\/05\/quiz-la-periode-dessai\/","name":"Quiz : La p\u00e9riode d\u2019essai - Le Blog GERESO","isPartOf":{"@id":"https:\/\/www.gereso.com\/actualites\/#website"},"primaryImageOfPage":{"@id":"https:\/\/www.gereso.com\/actualites\/2017\/04\/05\/quiz-la-periode-dessai\/#primaryimage"},"image":{"@id":"https:\/\/www.gereso.com\/actualites\/2017\/04\/05\/quiz-la-periode-dessai\/#primaryimage"},"thumbnailUrl":"https:\/\/www.gereso.com\/actualites\/wp-content\/uploads\/2017\/04\/Quiz-La-p\u00e9riode-d\u2019essai.jpg","datePublished":"2017-04-05T09:08:25+00:00","dateModified":"2022-05-09T06:50:39+00:00","author":{"@id":"https:\/\/www.gereso.com\/actualites\/#\/schema\/person\/74853d141382f3563939c9e96dcdc2ce"},"breadcrumb":{"@id":"https:\/\/www.gereso.com\/actualites\/2017\/04\/05\/quiz-la-periode-dessai\/#breadcrumb"},"inLanguage":"fr-FR","potentialAction":[{"@type":"ReadAction","target":["https:\/\/www.gereso.com\/actualites\/2017\/04\/05\/quiz-la-periode-dessai\/"]}]},{"@type":"ImageObject","inLanguage":"fr-FR","@id":"https:\/\/www.gereso.com\/actualites\/2017\/04\/05\/quiz-la-periode-dessai\/#primaryimage","url":"https:\/\/www.gereso.com\/actualites\/wp-content\/uploads\/2017\/04\/Quiz-La-p\u00e9riode-d\u2019essai.jpg","contentUrl":"https:\/\/www.gereso.com\/actualites\/wp-content\/uploads\/2017\/04\/Quiz-La-p\u00e9riode-d\u2019essai.jpg","width":600,"height":400,"caption":"Dur\u00e9e, renouvellement, r\u00e9mun\u00e9ration\u2026 La p\u00e9riode d\u2019essai est encadr\u00e9e par des textes juridiques pr\u00e9cis."},{"@type":"BreadcrumbList","@id":"https:\/\/www.gereso.com\/actualites\/2017\/04\/05\/quiz-la-periode-dessai\/#breadcrumb","itemListElement":[{"@type":"ListItem","position":1,"name":"Home","item":"https:\/\/www.gereso.com\/actualites\/"},{"@type":"ListItem","position":2,"name":"Quiz : La p\u00e9riode d\u2019essai"}]},{"@type":"WebSite","@id":"https:\/\/www.gereso.com\/actualites\/#website","url":"https:\/\/www.gereso.com\/actualites\/","name":"Le Blog GERESO","description":"Toute l&#039;actu RH, Finance, Fonction Publique, Management...","potentialAction":[{"@type":"SearchAction","target":{"@type":"EntryPoint","urlTemplate":"https:\/\/www.gereso.com\/actualites\/?s={search_term_string}"},"query-input":{"@type":"PropertyValueSpecification","valueRequired":true,"valueName":"search_term_string"}}],"inLanguage":"fr-FR"},{"@type":"Person","@id":"https:\/\/www.gereso.com\/actualites\/#\/schema\/person\/74853d141382f3563939c9e96dcdc2ce","name":"Gwendoline Aubourg","image":{"@type":"ImageObject","inLanguage":"fr-FR","@id":"https:\/\/www.gereso.com\/actualites\/#\/schema\/person\/image\/","url":"https:\/\/www.gereso.com\/actualites\/wp-content\/uploads\/2016\/10\/GwendolineAubourg-1-144x144.jpg","contentUrl":"https:\/\/www.gereso.com\/actualites\/wp-content\/uploads\/2016\/10\/GwendolineAubourg-1-144x144.jpg","caption":"Gwendoline Aubourg"},"description":"Juriste, dipl\u00f4m\u00e9e en droit social de la Facult\u00e9 des sciences juridiques, politiques et sociales de Lille, r\u00e9dactrice RH et auteure de nombreux ouvrages sur les th\u00e8mes du droit du travail et des droits du consommateurs.","url":"https:\/\/www.gereso.com\/actualites\/author\/g-aubourg\/"}]}},"_links":{"self":[{"href":"https:\/\/www.gereso.com\/actualites\/wp-json\/wp\/v2\/posts\/7910","targetHints":{"allow":["GET"]}}],"collection":[{"href":"https:\/\/www.gereso.com\/actualites\/wp-json\/wp\/v2\/posts"}],"about":[{"href":"https:\/\/www.gereso.com\/actualites\/wp-json\/wp\/v2\/types\/post"}],"author":[{"embeddable":true,"href":"https:\/\/www.gereso.com\/actualites\/wp-json\/wp\/v2\/users\/44"}],"replies":[{"embeddable":true,"href":"https:\/\/www.gereso.com\/actualites\/wp-json\/wp\/v2\/comments?post=7910"}],"version-history":[{"count":12,"href":"https:\/\/www.gereso.com\/actualites\/wp-json\/wp\/v2\/posts\/7910\/revisions"}],"predecessor-version":[{"id":7934,"href":"https:\/\/www.gereso.com\/actualites\/wp-json\/wp\/v2\/posts\/7910\/revisions\/7934"}],"wp:featuredmedia":[{"embeddable":true,"href":"https:\/\/www.gereso.com\/actualites\/wp-json\/wp\/v2\/media\/7911"}],"wp:attachment":[{"href":"https:\/\/www.gereso.com\/actualites\/wp-json\/wp\/v2\/media?parent=7910"}],"wp:term":[{"taxonomy":"category","embeddable":true,"href":"https:\/\/www.gereso.com\/actualites\/wp-json\/wp\/v2\/categories?post=7910"},{"taxonomy":"post_tag","embeddable":true,"href":"https:\/\/www.gereso.com\/actualites\/wp-json\/wp\/v2\/tags?post=7910"}],"curies":[{"name":"wp","href":"https:\/\/api.w.org\/{rel}","templated":true}]}}