{"id":7955,"date":"2017-04-26T17:03:53","date_gmt":"2017-04-26T15:03:53","guid":{"rendered":"https:\/\/www.gereso.com\/actualites\/?p=7955"},"modified":"2017-04-26T17:03:53","modified_gmt":"2017-04-26T15:03:53","slug":"mise-en-place-de-la-retenue-a-la-source-dans-la-fonction-publique-a-partir-de-2018","status":"publish","type":"post","link":"https:\/\/www.gereso.com\/actualites\/2017\/04\/26\/mise-en-place-de-la-retenue-a-la-source-dans-la-fonction-publique-a-partir-de-2018\/","title":{"rendered":"Mise en place de la retenue \u00e0 la source dans la Fonction publique \u00e0 partir de 2018"},"content":{"rendered":"<p>La direction g\u00e9n\u00e9rale des finances publiques a publi\u00e9 tr\u00e8s r\u00e9cemment un guide \u00e0 destination des collectivit\u00e9s et de leurs \u00e9tablissements publics expliquant la mise en place de la retenue \u00e0 la source dans la Fonction publique.<\/p>\n<p>Ainsi, \u00e0 partir du 1<sup>er<\/sup> janvier 2018 et dans l\u2019attente de la mise en place la d\u00e9claration sociale nominative (DSN) d&rsquo;ici le 1er janvier 2020, les employeurs\u00a0 devront d\u00e9poser tous les mois une d\u00e9claration sp\u00e9cifique, la d\u00e9claration \u00ab 3 en 1\/PASRAU \u00bb, qui servira de d\u00e9claration des informations individuelles du pr\u00e9l\u00e8vement \u00e0 la source (montants pr\u00e9lev\u00e9s, taux appliqu\u00e9s notamment) \u00e0 l\u2019administration fiscale.\u00a0 Elle permettra l\u2019envoi par la Direction g\u00e9n\u00e9rale des Finances publiques du taux de pr\u00e9l\u00e8vement \u00e0 la source qui devra \u00eatre appliqu\u00e9 pour chaque employ\u00e9 le mois suivant.<\/p>\n<p>Lorsque les employeurs publics seront entr\u00e9s dans le dispositif de d\u00e9claration de la DSN, celle-ci se substituera \u00e0 la d\u00e9claration \u00ab\u00a03 en 1\/PASRAU\u00a0\u00bb, harmonisant ainsi les pratiques d\u00e9claratives entre le priv\u00e9 et le publique.<\/p>\n","protected":false},"excerpt":{"rendered":"<p>La direction g\u00e9n\u00e9rale des finances publiques a publi\u00e9 tr\u00e8s r\u00e9cemment un guide \u00e0 destination des collectivit\u00e9s et de leurs \u00e9tablissements publics expliquant la mise en place de la retenue \u00e0 la source dans la Fonction publique. Ainsi, \u00e0 partir du 1er janvier 2018 et dans l\u2019attente de la mise en place la d\u00e9claration sociale nominative [&hellip;]<\/p>\n","protected":false},"author":1,"featured_media":0,"comment_status":"open","ping_status":"open","sticky":false,"template":"","format":"quote","meta":{"_acf_changed":false,"_mi_skip_tracking":false,"footnotes":""},"categories":[12,3,6],"tags":[726,540,117,1104],"class_list":["post-7955","post","type-post","status-publish","format-quote","hentry","category-actualites","category-comptabilite-fiscalite-et-gestion-financiere","category-fonction-publique","tag-declaration-sociale-nominative","tag-dsn","tag-fonction-publique-2","tag-retenue-a-la-source","post_format-post-format-quote"],"acf":[],"yoast_head":"<!-- This site is optimized with the Yoast SEO plugin v23.4 - https:\/\/yoast.com\/wordpress\/plugins\/seo\/ -->\n<title>Mise en place de la retenue \u00e0 la source dans la Fonction publique \u00e0 partir de 2018 - Le Blog GERESO<\/title>\n<meta name=\"robots\" content=\"index, follow, max-snippet:-1, max-image-preview:large, max-video-preview:-1\" \/>\n<link rel=\"canonical\" href=\"https:\/\/www.gereso.com\/actualites\/2017\/04\/26\/mise-en-place-de-la-retenue-a-la-source-dans-la-fonction-publique-a-partir-de-2018\/\" \/>\n<meta property=\"og:locale\" content=\"fr_FR\" \/>\n<meta property=\"og:type\" content=\"article\" \/>\n<meta property=\"og:title\" content=\"Mise en place de la retenue \u00e0 la source dans la Fonction publique \u00e0 partir de 2018 - Le Blog GERESO\" \/>\n<meta property=\"og:description\" content=\"La direction g\u00e9n\u00e9rale des finances publiques a publi\u00e9 tr\u00e8s r\u00e9cemment un guide \u00e0 destination des collectivit\u00e9s et de leurs \u00e9tablissements publics expliquant la mise en place de la retenue \u00e0 la source dans la Fonction publique. Ainsi, \u00e0 partir du 1er janvier 2018 et dans l\u2019attente de la mise en place la d\u00e9claration sociale nominative [&hellip;]\" \/>\n<meta property=\"og:url\" content=\"https:\/\/www.gereso.com\/actualites\/2017\/04\/26\/mise-en-place-de-la-retenue-a-la-source-dans-la-fonction-publique-a-partir-de-2018\/\" \/>\n<meta property=\"og:site_name\" content=\"Le Blog GERESO\" \/>\n<meta property=\"article:published_time\" content=\"2017-04-26T15:03:53+00:00\" \/>\n<meta name=\"author\" content=\"GERESO\" \/>\n<meta name=\"twitter:card\" content=\"summary_large_image\" \/>\n<script type=\"application\/ld+json\" class=\"yoast-schema-graph\">{\"@context\":\"https:\/\/schema.org\",\"@graph\":[{\"@type\":\"WebPage\",\"@id\":\"https:\/\/www.gereso.com\/actualites\/2017\/04\/26\/mise-en-place-de-la-retenue-a-la-source-dans-la-fonction-publique-a-partir-de-2018\/\",\"url\":\"https:\/\/www.gereso.com\/actualites\/2017\/04\/26\/mise-en-place-de-la-retenue-a-la-source-dans-la-fonction-publique-a-partir-de-2018\/\",\"name\":\"Mise en place de la retenue \u00e0 la source dans la Fonction publique \u00e0 partir de 2018 - Le Blog GERESO\",\"isPartOf\":{\"@id\":\"https:\/\/www.gereso.com\/actualites\/#website\"},\"datePublished\":\"2017-04-26T15:03:53+00:00\",\"dateModified\":\"2017-04-26T15:03:53+00:00\",\"author\":{\"@id\":\"https:\/\/www.gereso.com\/actualites\/#\/schema\/person\/d9b0bc27f2e9ae74ff7505881ce5306e\"},\"breadcrumb\":{\"@id\":\"https:\/\/www.gereso.com\/actualites\/2017\/04\/26\/mise-en-place-de-la-retenue-a-la-source-dans-la-fonction-publique-a-partir-de-2018\/#breadcrumb\"},\"inLanguage\":\"fr-FR\",\"potentialAction\":[{\"@type\":\"ReadAction\",\"target\":[\"https:\/\/www.gereso.com\/actualites\/2017\/04\/26\/mise-en-place-de-la-retenue-a-la-source-dans-la-fonction-publique-a-partir-de-2018\/\"]}]},{\"@type\":\"BreadcrumbList\",\"@id\":\"https:\/\/www.gereso.com\/actualites\/2017\/04\/26\/mise-en-place-de-la-retenue-a-la-source-dans-la-fonction-publique-a-partir-de-2018\/#breadcrumb\",\"itemListElement\":[{\"@type\":\"ListItem\",\"position\":1,\"name\":\"Home\",\"item\":\"https:\/\/www.gereso.com\/actualites\/\"},{\"@type\":\"ListItem\",\"position\":2,\"name\":\"Mise en place de la retenue \u00e0 la source dans la Fonction publique \u00e0 partir de 2018\"}]},{\"@type\":\"WebSite\",\"@id\":\"https:\/\/www.gereso.com\/actualites\/#website\",\"url\":\"https:\/\/www.gereso.com\/actualites\/\",\"name\":\"Le Blog GERESO\",\"description\":\"Toute l&#039;actu RH, Finance, Fonction Publique, Management...\",\"potentialAction\":[{\"@type\":\"SearchAction\",\"target\":{\"@type\":\"EntryPoint\",\"urlTemplate\":\"https:\/\/www.gereso.com\/actualites\/?s={search_term_string}\"},\"query-input\":{\"@type\":\"PropertyValueSpecification\",\"valueRequired\":true,\"valueName\":\"search_term_string\"}}],\"inLanguage\":\"fr-FR\"},{\"@type\":\"Person\",\"@id\":\"https:\/\/www.gereso.com\/actualites\/#\/schema\/person\/d9b0bc27f2e9ae74ff7505881ce5306e\",\"name\":\"GERESO\",\"image\":{\"@type\":\"ImageObject\",\"inLanguage\":\"fr-FR\",\"@id\":\"https:\/\/www.gereso.com\/actualites\/#\/schema\/person\/image\/\",\"url\":\"https:\/\/www.gereso.com\/actualites\/wp-content\/uploads\/2013\/12\/avatar-gereso-1.png\",\"contentUrl\":\"https:\/\/www.gereso.com\/actualites\/wp-content\/uploads\/2013\/12\/avatar-gereso-1.png\",\"caption\":\"GERESO\"},\"url\":\"https:\/\/www.gereso.com\/actualites\/author\/wpadm_16root\/\"}]}<\/script>\n<!-- \/ Yoast SEO plugin. -->","yoast_head_json":{"title":"Mise en place de la retenue \u00e0 la source dans la Fonction publique \u00e0 partir de 2018 - Le Blog GERESO","robots":{"index":"index","follow":"follow","max-snippet":"max-snippet:-1","max-image-preview":"max-image-preview:large","max-video-preview":"max-video-preview:-1"},"canonical":"https:\/\/www.gereso.com\/actualites\/2017\/04\/26\/mise-en-place-de-la-retenue-a-la-source-dans-la-fonction-publique-a-partir-de-2018\/","og_locale":"fr_FR","og_type":"article","og_title":"Mise en place de la retenue \u00e0 la source dans la Fonction publique \u00e0 partir de 2018 - Le Blog GERESO","og_description":"La direction g\u00e9n\u00e9rale des finances publiques a publi\u00e9 tr\u00e8s r\u00e9cemment un guide \u00e0 destination des collectivit\u00e9s et de leurs \u00e9tablissements publics expliquant la mise en place de la retenue \u00e0 la source dans la Fonction publique. Ainsi, \u00e0 partir du 1er janvier 2018 et dans l\u2019attente de la mise en place la d\u00e9claration sociale nominative [&hellip;]","og_url":"https:\/\/www.gereso.com\/actualites\/2017\/04\/26\/mise-en-place-de-la-retenue-a-la-source-dans-la-fonction-publique-a-partir-de-2018\/","og_site_name":"Le Blog GERESO","article_published_time":"2017-04-26T15:03:53+00:00","author":"GERESO","twitter_card":"summary_large_image","schema":{"@context":"https:\/\/schema.org","@graph":[{"@type":"WebPage","@id":"https:\/\/www.gereso.com\/actualites\/2017\/04\/26\/mise-en-place-de-la-retenue-a-la-source-dans-la-fonction-publique-a-partir-de-2018\/","url":"https:\/\/www.gereso.com\/actualites\/2017\/04\/26\/mise-en-place-de-la-retenue-a-la-source-dans-la-fonction-publique-a-partir-de-2018\/","name":"Mise en place de la retenue \u00e0 la source dans la Fonction publique \u00e0 partir de 2018 - Le Blog GERESO","isPartOf":{"@id":"https:\/\/www.gereso.com\/actualites\/#website"},"datePublished":"2017-04-26T15:03:53+00:00","dateModified":"2017-04-26T15:03:53+00:00","author":{"@id":"https:\/\/www.gereso.com\/actualites\/#\/schema\/person\/d9b0bc27f2e9ae74ff7505881ce5306e"},"breadcrumb":{"@id":"https:\/\/www.gereso.com\/actualites\/2017\/04\/26\/mise-en-place-de-la-retenue-a-la-source-dans-la-fonction-publique-a-partir-de-2018\/#breadcrumb"},"inLanguage":"fr-FR","potentialAction":[{"@type":"ReadAction","target":["https:\/\/www.gereso.com\/actualites\/2017\/04\/26\/mise-en-place-de-la-retenue-a-la-source-dans-la-fonction-publique-a-partir-de-2018\/"]}]},{"@type":"BreadcrumbList","@id":"https:\/\/www.gereso.com\/actualites\/2017\/04\/26\/mise-en-place-de-la-retenue-a-la-source-dans-la-fonction-publique-a-partir-de-2018\/#breadcrumb","itemListElement":[{"@type":"ListItem","position":1,"name":"Home","item":"https:\/\/www.gereso.com\/actualites\/"},{"@type":"ListItem","position":2,"name":"Mise en place de la retenue \u00e0 la source dans la Fonction publique \u00e0 partir de 2018"}]},{"@type":"WebSite","@id":"https:\/\/www.gereso.com\/actualites\/#website","url":"https:\/\/www.gereso.com\/actualites\/","name":"Le Blog GERESO","description":"Toute l&#039;actu RH, Finance, Fonction Publique, Management...","potentialAction":[{"@type":"SearchAction","target":{"@type":"EntryPoint","urlTemplate":"https:\/\/www.gereso.com\/actualites\/?s={search_term_string}"},"query-input":{"@type":"PropertyValueSpecification","valueRequired":true,"valueName":"search_term_string"}}],"inLanguage":"fr-FR"},{"@type":"Person","@id":"https:\/\/www.gereso.com\/actualites\/#\/schema\/person\/d9b0bc27f2e9ae74ff7505881ce5306e","name":"GERESO","image":{"@type":"ImageObject","inLanguage":"fr-FR","@id":"https:\/\/www.gereso.com\/actualites\/#\/schema\/person\/image\/","url":"https:\/\/www.gereso.com\/actualites\/wp-content\/uploads\/2013\/12\/avatar-gereso-1.png","contentUrl":"https:\/\/www.gereso.com\/actualites\/wp-content\/uploads\/2013\/12\/avatar-gereso-1.png","caption":"GERESO"},"url":"https:\/\/www.gereso.com\/actualites\/author\/wpadm_16root\/"}]}},"_links":{"self":[{"href":"https:\/\/www.gereso.com\/actualites\/wp-json\/wp\/v2\/posts\/7955","targetHints":{"allow":["GET"]}}],"collection":[{"href":"https:\/\/www.gereso.com\/actualites\/wp-json\/wp\/v2\/posts"}],"about":[{"href":"https:\/\/www.gereso.com\/actualites\/wp-json\/wp\/v2\/types\/post"}],"author":[{"embeddable":true,"href":"https:\/\/www.gereso.com\/actualites\/wp-json\/wp\/v2\/users\/1"}],"replies":[{"embeddable":true,"href":"https:\/\/www.gereso.com\/actualites\/wp-json\/wp\/v2\/comments?post=7955"}],"version-history":[{"count":2,"href":"https:\/\/www.gereso.com\/actualites\/wp-json\/wp\/v2\/posts\/7955\/revisions"}],"predecessor-version":[{"id":7957,"href":"https:\/\/www.gereso.com\/actualites\/wp-json\/wp\/v2\/posts\/7955\/revisions\/7957"}],"wp:attachment":[{"href":"https:\/\/www.gereso.com\/actualites\/wp-json\/wp\/v2\/media?parent=7955"}],"wp:term":[{"taxonomy":"category","embeddable":true,"href":"https:\/\/www.gereso.com\/actualites\/wp-json\/wp\/v2\/categories?post=7955"},{"taxonomy":"post_tag","embeddable":true,"href":"https:\/\/www.gereso.com\/actualites\/wp-json\/wp\/v2\/tags?post=7955"}],"curies":[{"name":"wp","href":"https:\/\/api.w.org\/{rel}","templated":true}]}}