{"id":7986,"date":"2017-04-27T10:07:09","date_gmt":"2017-04-27T08:07:09","guid":{"rendered":"https:\/\/www.gereso.com\/actualites\/?p=7986"},"modified":"2017-04-27T10:07:09","modified_gmt":"2017-04-27T08:07:09","slug":"droit-aux-are-faute-de-poste-vacant-apres-la-demande-de-reintegration","status":"publish","type":"post","link":"https:\/\/www.gereso.com\/actualites\/2017\/04\/27\/droit-aux-are-faute-de-poste-vacant-apres-la-demande-de-reintegration\/","title":{"rendered":"Droit aux ARE faute de poste vacant apr\u00e8s la demande de r\u00e9int\u00e9gration"},"content":{"rendered":"<p>Un fonctionnaire qui, en m\u00e9connaissance des obligations s&rsquo;imposant \u00e0 lui du fait des dispositions n&rsquo;a pr\u00e9sent\u00e9 \u00e0 son administration sa <strong>demande de r\u00e9int\u00e9gration<\/strong> au sein de son corps d&rsquo;origine que <strong>moins de trois mois avant l&rsquo;expiration de sa p\u00e9riode de mise en disponibilit\u00e9<\/strong> ne saurait \u00eatre regard\u00e9 comme involontairement priv\u00e9 d&#8217;emploi d\u00e8s l&rsquo;expiration de cette m\u00eame p\u00e9riode. Dans un tel cas, il n&rsquo;est r\u00e9put\u00e9 involontairement priv\u00e9 d&#8217;emploi, et d\u00e8s lors ne peut pr\u00e9tendre au b\u00e9n\u00e9fice de l&rsquo;allocation pour perte d&#8217;emploi, avant qu&rsquo;un d\u00e9lai de trois mois ne se soit \u00e9coul\u00e9 depuis sa demande de r\u00e9int\u00e9gration.<\/p>\n<p>Des d\u00e9marches accomplies par le fonctionnaire tendant \u00e0 identifier des postes susceptibles de lui convenir lors de sa r\u00e9int\u00e9gration ult\u00e9rieure, ou l&rsquo;expression par cet agent de simples souhaits de reprise des fonctions ne sauraient \u00e0 cet \u00e9gard tenir lieu de demande expresse de r\u00e9int\u00e9gration ni produire les m\u00eames effets qu&rsquo;elle.<\/p>\n<p><em>CE, n\u00b0392860, 27 janvier 2017<\/em><\/p>\n","protected":false},"excerpt":{"rendered":"<p>Un fonctionnaire qui, en m\u00e9connaissance des obligations s&rsquo;imposant \u00e0 lui du fait des dispositions n&rsquo;a pr\u00e9sent\u00e9 \u00e0 son administration sa demande de r\u00e9int\u00e9gration au sein de son corps d&rsquo;origine que moins de trois mois avant l&rsquo;expiration de sa p\u00e9riode de mise en disponibilit\u00e9 ne saurait \u00eatre regard\u00e9 comme involontairement priv\u00e9 d&#8217;emploi d\u00e8s l&rsquo;expiration de cette [&hellip;]<\/p>\n","protected":false},"author":1,"featured_media":0,"comment_status":"open","ping_status":"open","sticky":false,"template":"","format":"quote","meta":{"_acf_changed":false,"_mi_skip_tracking":false,"footnotes":""},"categories":[12,6,2],"tags":[1126,1127,1125,117],"class_list":["post-7986","post","type-post","status-publish","format-quote","hentry","category-actualites","category-fonction-publique","category-ressources-humaines","tag-demande-de-reintegration","tag-disponibilite","tag-droit-au-are","tag-fonction-publique-2","post_format-post-format-quote"],"acf":[],"yoast_head":"<!-- This site is optimized with the Yoast SEO plugin v23.4 - https:\/\/yoast.com\/wordpress\/plugins\/seo\/ -->\n<title>Droit aux ARE faute de poste vacant apr\u00e8s la demande de r\u00e9int\u00e9gration - Le Blog GERESO<\/title>\n<meta name=\"robots\" content=\"index, follow, max-snippet:-1, max-image-preview:large, max-video-preview:-1\" \/>\n<link rel=\"canonical\" href=\"https:\/\/www.gereso.com\/actualites\/2017\/04\/27\/droit-aux-are-faute-de-poste-vacant-apres-la-demande-de-reintegration\/\" \/>\n<meta property=\"og:locale\" content=\"fr_FR\" \/>\n<meta property=\"og:type\" content=\"article\" \/>\n<meta property=\"og:title\" content=\"Droit aux ARE faute de poste vacant apr\u00e8s la demande de r\u00e9int\u00e9gration - Le Blog GERESO\" \/>\n<meta property=\"og:description\" content=\"Un fonctionnaire qui, en m\u00e9connaissance des obligations s&rsquo;imposant \u00e0 lui du fait des dispositions n&rsquo;a pr\u00e9sent\u00e9 \u00e0 son administration sa demande de r\u00e9int\u00e9gration au sein de son corps d&rsquo;origine que moins de trois mois avant l&rsquo;expiration de sa p\u00e9riode de mise en disponibilit\u00e9 ne saurait \u00eatre regard\u00e9 comme involontairement priv\u00e9 d&#8217;emploi d\u00e8s l&rsquo;expiration de cette [&hellip;]\" \/>\n<meta property=\"og:url\" content=\"https:\/\/www.gereso.com\/actualites\/2017\/04\/27\/droit-aux-are-faute-de-poste-vacant-apres-la-demande-de-reintegration\/\" \/>\n<meta property=\"og:site_name\" content=\"Le Blog GERESO\" \/>\n<meta property=\"article:published_time\" content=\"2017-04-27T08:07:09+00:00\" \/>\n<meta name=\"author\" content=\"GERESO\" \/>\n<meta name=\"twitter:card\" content=\"summary_large_image\" \/>\n<script type=\"application\/ld+json\" class=\"yoast-schema-graph\">{\"@context\":\"https:\/\/schema.org\",\"@graph\":[{\"@type\":\"WebPage\",\"@id\":\"https:\/\/www.gereso.com\/actualites\/2017\/04\/27\/droit-aux-are-faute-de-poste-vacant-apres-la-demande-de-reintegration\/\",\"url\":\"https:\/\/www.gereso.com\/actualites\/2017\/04\/27\/droit-aux-are-faute-de-poste-vacant-apres-la-demande-de-reintegration\/\",\"name\":\"Droit aux ARE faute de poste vacant apr\u00e8s la demande de r\u00e9int\u00e9gration - Le Blog GERESO\",\"isPartOf\":{\"@id\":\"https:\/\/www.gereso.com\/actualites\/#website\"},\"datePublished\":\"2017-04-27T08:07:09+00:00\",\"dateModified\":\"2017-04-27T08:07:09+00:00\",\"author\":{\"@id\":\"https:\/\/www.gereso.com\/actualites\/#\/schema\/person\/d9b0bc27f2e9ae74ff7505881ce5306e\"},\"breadcrumb\":{\"@id\":\"https:\/\/www.gereso.com\/actualites\/2017\/04\/27\/droit-aux-are-faute-de-poste-vacant-apres-la-demande-de-reintegration\/#breadcrumb\"},\"inLanguage\":\"fr-FR\",\"potentialAction\":[{\"@type\":\"ReadAction\",\"target\":[\"https:\/\/www.gereso.com\/actualites\/2017\/04\/27\/droit-aux-are-faute-de-poste-vacant-apres-la-demande-de-reintegration\/\"]}]},{\"@type\":\"BreadcrumbList\",\"@id\":\"https:\/\/www.gereso.com\/actualites\/2017\/04\/27\/droit-aux-are-faute-de-poste-vacant-apres-la-demande-de-reintegration\/#breadcrumb\",\"itemListElement\":[{\"@type\":\"ListItem\",\"position\":1,\"name\":\"Home\",\"item\":\"https:\/\/www.gereso.com\/actualites\/\"},{\"@type\":\"ListItem\",\"position\":2,\"name\":\"Droit aux ARE faute de poste vacant apr\u00e8s la demande de r\u00e9int\u00e9gration\"}]},{\"@type\":\"WebSite\",\"@id\":\"https:\/\/www.gereso.com\/actualites\/#website\",\"url\":\"https:\/\/www.gereso.com\/actualites\/\",\"name\":\"Le Blog GERESO\",\"description\":\"Toute l&#039;actu RH, Finance, Fonction Publique, Management...\",\"potentialAction\":[{\"@type\":\"SearchAction\",\"target\":{\"@type\":\"EntryPoint\",\"urlTemplate\":\"https:\/\/www.gereso.com\/actualites\/?s={search_term_string}\"},\"query-input\":{\"@type\":\"PropertyValueSpecification\",\"valueRequired\":true,\"valueName\":\"search_term_string\"}}],\"inLanguage\":\"fr-FR\"},{\"@type\":\"Person\",\"@id\":\"https:\/\/www.gereso.com\/actualites\/#\/schema\/person\/d9b0bc27f2e9ae74ff7505881ce5306e\",\"name\":\"GERESO\",\"image\":{\"@type\":\"ImageObject\",\"inLanguage\":\"fr-FR\",\"@id\":\"https:\/\/www.gereso.com\/actualites\/#\/schema\/person\/image\/\",\"url\":\"https:\/\/www.gereso.com\/actualites\/wp-content\/uploads\/2013\/12\/avatar-gereso-1.png\",\"contentUrl\":\"https:\/\/www.gereso.com\/actualites\/wp-content\/uploads\/2013\/12\/avatar-gereso-1.png\",\"caption\":\"GERESO\"},\"url\":\"https:\/\/www.gereso.com\/actualites\/author\/wpadm_16root\/\"}]}<\/script>\n<!-- \/ Yoast SEO plugin. -->","yoast_head_json":{"title":"Droit aux ARE faute de poste vacant apr\u00e8s la demande de r\u00e9int\u00e9gration - Le Blog GERESO","robots":{"index":"index","follow":"follow","max-snippet":"max-snippet:-1","max-image-preview":"max-image-preview:large","max-video-preview":"max-video-preview:-1"},"canonical":"https:\/\/www.gereso.com\/actualites\/2017\/04\/27\/droit-aux-are-faute-de-poste-vacant-apres-la-demande-de-reintegration\/","og_locale":"fr_FR","og_type":"article","og_title":"Droit aux ARE faute de poste vacant apr\u00e8s la demande de r\u00e9int\u00e9gration - Le Blog GERESO","og_description":"Un fonctionnaire qui, en m\u00e9connaissance des obligations s&rsquo;imposant \u00e0 lui du fait des dispositions n&rsquo;a pr\u00e9sent\u00e9 \u00e0 son administration sa demande de r\u00e9int\u00e9gration au sein de son corps d&rsquo;origine que moins de trois mois avant l&rsquo;expiration de sa p\u00e9riode de mise en disponibilit\u00e9 ne saurait \u00eatre regard\u00e9 comme involontairement priv\u00e9 d&#8217;emploi d\u00e8s l&rsquo;expiration de cette [&hellip;]","og_url":"https:\/\/www.gereso.com\/actualites\/2017\/04\/27\/droit-aux-are-faute-de-poste-vacant-apres-la-demande-de-reintegration\/","og_site_name":"Le Blog GERESO","article_published_time":"2017-04-27T08:07:09+00:00","author":"GERESO","twitter_card":"summary_large_image","schema":{"@context":"https:\/\/schema.org","@graph":[{"@type":"WebPage","@id":"https:\/\/www.gereso.com\/actualites\/2017\/04\/27\/droit-aux-are-faute-de-poste-vacant-apres-la-demande-de-reintegration\/","url":"https:\/\/www.gereso.com\/actualites\/2017\/04\/27\/droit-aux-are-faute-de-poste-vacant-apres-la-demande-de-reintegration\/","name":"Droit aux ARE faute de poste vacant apr\u00e8s la demande de r\u00e9int\u00e9gration - Le Blog GERESO","isPartOf":{"@id":"https:\/\/www.gereso.com\/actualites\/#website"},"datePublished":"2017-04-27T08:07:09+00:00","dateModified":"2017-04-27T08:07:09+00:00","author":{"@id":"https:\/\/www.gereso.com\/actualites\/#\/schema\/person\/d9b0bc27f2e9ae74ff7505881ce5306e"},"breadcrumb":{"@id":"https:\/\/www.gereso.com\/actualites\/2017\/04\/27\/droit-aux-are-faute-de-poste-vacant-apres-la-demande-de-reintegration\/#breadcrumb"},"inLanguage":"fr-FR","potentialAction":[{"@type":"ReadAction","target":["https:\/\/www.gereso.com\/actualites\/2017\/04\/27\/droit-aux-are-faute-de-poste-vacant-apres-la-demande-de-reintegration\/"]}]},{"@type":"BreadcrumbList","@id":"https:\/\/www.gereso.com\/actualites\/2017\/04\/27\/droit-aux-are-faute-de-poste-vacant-apres-la-demande-de-reintegration\/#breadcrumb","itemListElement":[{"@type":"ListItem","position":1,"name":"Home","item":"https:\/\/www.gereso.com\/actualites\/"},{"@type":"ListItem","position":2,"name":"Droit aux ARE faute de poste vacant apr\u00e8s la demande de r\u00e9int\u00e9gration"}]},{"@type":"WebSite","@id":"https:\/\/www.gereso.com\/actualites\/#website","url":"https:\/\/www.gereso.com\/actualites\/","name":"Le Blog GERESO","description":"Toute l&#039;actu RH, Finance, Fonction Publique, Management...","potentialAction":[{"@type":"SearchAction","target":{"@type":"EntryPoint","urlTemplate":"https:\/\/www.gereso.com\/actualites\/?s={search_term_string}"},"query-input":{"@type":"PropertyValueSpecification","valueRequired":true,"valueName":"search_term_string"}}],"inLanguage":"fr-FR"},{"@type":"Person","@id":"https:\/\/www.gereso.com\/actualites\/#\/schema\/person\/d9b0bc27f2e9ae74ff7505881ce5306e","name":"GERESO","image":{"@type":"ImageObject","inLanguage":"fr-FR","@id":"https:\/\/www.gereso.com\/actualites\/#\/schema\/person\/image\/","url":"https:\/\/www.gereso.com\/actualites\/wp-content\/uploads\/2013\/12\/avatar-gereso-1.png","contentUrl":"https:\/\/www.gereso.com\/actualites\/wp-content\/uploads\/2013\/12\/avatar-gereso-1.png","caption":"GERESO"},"url":"https:\/\/www.gereso.com\/actualites\/author\/wpadm_16root\/"}]}},"_links":{"self":[{"href":"https:\/\/www.gereso.com\/actualites\/wp-json\/wp\/v2\/posts\/7986","targetHints":{"allow":["GET"]}}],"collection":[{"href":"https:\/\/www.gereso.com\/actualites\/wp-json\/wp\/v2\/posts"}],"about":[{"href":"https:\/\/www.gereso.com\/actualites\/wp-json\/wp\/v2\/types\/post"}],"author":[{"embeddable":true,"href":"https:\/\/www.gereso.com\/actualites\/wp-json\/wp\/v2\/users\/1"}],"replies":[{"embeddable":true,"href":"https:\/\/www.gereso.com\/actualites\/wp-json\/wp\/v2\/comments?post=7986"}],"version-history":[{"count":1,"href":"https:\/\/www.gereso.com\/actualites\/wp-json\/wp\/v2\/posts\/7986\/revisions"}],"predecessor-version":[{"id":7987,"href":"https:\/\/www.gereso.com\/actualites\/wp-json\/wp\/v2\/posts\/7986\/revisions\/7987"}],"wp:attachment":[{"href":"https:\/\/www.gereso.com\/actualites\/wp-json\/wp\/v2\/media?parent=7986"}],"wp:term":[{"taxonomy":"category","embeddable":true,"href":"https:\/\/www.gereso.com\/actualites\/wp-json\/wp\/v2\/categories?post=7986"},{"taxonomy":"post_tag","embeddable":true,"href":"https:\/\/www.gereso.com\/actualites\/wp-json\/wp\/v2\/tags?post=7986"}],"curies":[{"name":"wp","href":"https:\/\/api.w.org\/{rel}","templated":true}]}}