{"id":8026,"date":"2017-04-28T09:38:28","date_gmt":"2017-04-28T07:38:28","guid":{"rendered":"https:\/\/www.gereso.com\/actualites\/?p=8026"},"modified":"2017-05-30T09:32:38","modified_gmt":"2017-05-30T07:32:38","slug":"allocations-chomage-dans-la-fonction-publique-quelle-actualite","status":"publish","type":"post","link":"https:\/\/www.gereso.com\/actualites\/2017\/04\/28\/allocations-chomage-dans-la-fonction-publique-quelle-actualite\/","title":{"rendered":"Conf\u00e9rence \u00ab\u00a0Allocations ch\u00f4mage dans la fonction publique : Quelle actualit\u00e9 ?\u00a0\u00bb"},"content":{"rendered":"<p>Cette nouvelle convention d&rsquo;assurance ch\u00f4mage doit maintenant \u00eatre examin\u00e9e par les services du minist\u00e8re du Travail avant de recevoir <strong>l&rsquo;agr\u00e9ment du gouvernement<\/strong>. Les nouvelles modalit\u00e9s seront applicables \u00e0 compter du<strong> 1er septembre 2017<\/strong>, pour une <strong>dur\u00e9e de 3 ans.<\/strong><\/p>\n<p>Au cours d\u2019une conf\u00e9rence ax\u00e9e sur les changements \u00e0 venir li\u00e9s aux allocations ch\u00f4mage dans la fonction publique, Anne-Ga\u00eblle Desbois, consultante-formatrice en gestion des ressources humaines de la fonction publique, est revenue sur les diff\u00e9rentes mesures de cette r\u00e9forme.<\/p>\n<p>L\u2019occasion de r\u00e9fl\u00e9chir aux nouveaux modes de <a href=\"https:\/\/www.gereso.com\/fonction-publique\/protection-sociale\/formation-allocations-chomage-dans-la-fonction-publique\"><strong>calcul des allocations ch\u00f4mage<\/strong><\/a> des agents fonctionnaires mais aussi de d\u00e9terminer les <strong>incidences \u00e0 court, moyen et long terme<\/strong> sur les pratiques actuelles.<\/p>\n<h2>Revoir la Conf\u00e9rence \u00ab\u00a0Allocations ch\u00f4mage dans la fonction publique \u00bb :<\/h2>\n<p><iframe src=\"https:\/\/www.youtube.com\/embed\/Gusstyi_PYE\" width=\"640\" height=\"360\" frameborder=\"0\" allowfullscreen=\"allowfullscreen\"><\/iframe><\/p>\n<h2>Diaporama de la conf\u00e9rence\u00a0:<\/h2>\n<iframe src=\"https:\/\/www.slideshare.net\/slideshow\/embed_code\/75492917\" width=\"670\" height=\"542\" frameborder=\"0\" marginwidth=\"0\" marginheight=\"0\" scrolling=\"no\"><\/iframe><br\/>\n<h2>D\u00e9tails\u00a0de la conf\u00e9rence\u00a0:<\/h2>\n<h3 class=\"section-title\"><span class=\"title-inner\" data-animation=\"fadeInRight\" data-animation-delay=\"500\">DATE ET LIEU :<\/span><\/h3>\n<p>Mercredi 26 avril 2017 de 9h30 \u00e0 11h00<br \/>\nEspace Formation GERESO &#8211; Tour Maine Montparnasse, 44e \u00e9tage, 33 Avenue du Maine, Paris.<br \/>\nConf\u00e9rence gratuite.<\/p>\n<blockquote class=\"twitter-tweet\" data-lang=\"fr\">\n<p dir=\"ltr\" lang=\"fr\">Top d\u00e9part \u00e0 la Conf\u00e9rence <a href=\"https:\/\/twitter.com\/GERESO\">@GERESO<\/a> : Focus sur l&rsquo;<a href=\"https:\/\/twitter.com\/hashtag\/AssuranceCh%C3%B4mage?src=hash\">#AssuranceCh\u00f4mage<\/a> de la fonction publique. <a href=\"https:\/\/twitter.com\/hashtag\/TourMontparnasse?src=hash\">#TourMontparnasse<\/a> <a href=\"https:\/\/t.co\/JJrIoLQRwj\">pic.twitter.com\/JJrIoLQRwj<\/a><\/p>\n<p>\u2014 GERESO (@GERESO) <a href=\"https:\/\/twitter.com\/GERESO\/status\/857138107573039105\">26 avril 2017<\/a><\/p><\/blockquote>\n<p><script async src=\"\/\/platform.twitter.com\/widgets.js\" charset=\"utf-8\"><\/script><\/p>\n<h3 class=\"section-title\"><span class=\"title-inner\" data-animation=\"fadeInRight\" data-animation-delay=\"500\">OBJECTIF :<\/span><\/h3>\n<p>Sensibiliser les professionnels RH, les agents charg\u00e9s de la gestion des carri\u00e8res dans la fonction publique (\u00c9tat, Territoriale, Hospitali\u00e8re) aux \u00e9volutions des modalit\u00e9s d\u2019indemnisation du ch\u00f4mage.<\/p>\n<h3 class=\"section-title\"><span class=\"title-inner\" data-animation=\"fadeInRight\" data-animation-delay=\"500\">PUBLIC CONCERN\u00c9 :<\/span><\/h3>\n<p>Responsables et collaborateurs des services RH\/personnel, paie, agents charg\u00e9s de la gestion des carri\u00e8res, du traitement des dossiers de ch\u00f4mage dans la fonction publique d&rsquo;\u00c9tat, la fonction publique Hospitali\u00e8re ou une collectivit\u00e9 territoriale.<\/p>\n<h3 class=\"section-title\"><span class=\"title-inner\" data-animation=\"fadeInRight\" data-animation-delay=\"500\">PROGRAMME INDICATIF :<\/span><\/h3>\n<ul>\n<li>L\u2019assurance ch\u00f4mage dans la fonction publique : \u00e9tat des lieux<\/li>\n<li>Les divers modes de gestion de l\u2019assurance ch\u00f4mage dans la fonction publique en fonction des statuts (titulaires, contractuels)<\/li>\n<li>Rappel sur les r\u00e8gles en vigueur en mati\u00e8re d\u2019indemnisation du ch\u00f4mage<\/li>\n<li>Nouvelle convention d\u2019assurance ch\u00f4mage : quelles sont les nouveaut\u00e9s attendues ?<\/li>\n<li>Conclusion , questions \/ r\u00e9ponses, \u00e9changes entre participants<\/li>\n<\/ul>\n<h3 class=\"section-title\"><span class=\"title-inner\" data-animation=\"fadeInRight\" data-animation-delay=\"500\">INTERVENANTS :<\/span><\/h3>\n<p>Anne-Ga\u00eblle DESBOIS, consultante-formatrice, experte en gestion des ressources humaines de la fonction publique.<\/p>\n<p>Elle anime des formations inter et intra-\u00e9tablissements sur tous les th\u00e8mes li\u00e9s au statut et \u00e0 la gestion administrative des agents publics (\u00c9tat, Fonction Publique Hospitali\u00e8re, Collectivit\u00e9s), notamment les formations \u00ab Allocations ch\u00f4mage dans la fonction publique \u00bb, \u00ab Actualit\u00e9s et perfectionnement allocations ch\u00f4mage &#8211; Fonction publique \u00bb.<\/p>\n<p>&nbsp;<\/p>\n","protected":false},"excerpt":{"rendered":"<p>Cette nouvelle convention d&rsquo;assurance ch\u00f4mage doit maintenant \u00eatre examin\u00e9e par les services du minist\u00e8re du Travail avant de recevoir l&rsquo;agr\u00e9ment du gouvernement. Les nouvelles modalit\u00e9s seront applicables \u00e0 compter du 1er septembre 2017, pour une dur\u00e9e de 3 ans. Au cours d\u2019une conf\u00e9rence ax\u00e9e sur les changements \u00e0 venir li\u00e9s aux allocations ch\u00f4mage dans la [&hellip;]<\/p>\n","protected":false},"author":30,"featured_media":8029,"comment_status":"open","ping_status":"open","sticky":false,"template":"","format":"standard","meta":{"_acf_changed":false,"_mi_skip_tracking":false,"footnotes":""},"categories":[12,6],"tags":[1130,477,117],"class_list":["post-8026","post","type-post","status-publish","format-standard","has-post-thumbnail","hentry","category-actualites","category-fonction-publique","tag-allocations-chomage","tag-assurance-chomage","tag-fonction-publique-2"],"acf":[],"yoast_head":"<!-- This site is optimized with the Yoast SEO plugin v23.4 - https:\/\/yoast.com\/wordpress\/plugins\/seo\/ -->\n<title>Conf\u00e9rence &quot;Allocations ch\u00f4mage dans la fonction publique : Quelle actualit\u00e9 ?&quot; - Le Blog GERESO<\/title>\n<meta name=\"robots\" content=\"index, follow, max-snippet:-1, max-image-preview:large, max-video-preview:-1\" \/>\n<link rel=\"canonical\" href=\"https:\/\/www.gereso.com\/actualites\/2017\/04\/28\/allocations-chomage-dans-la-fonction-publique-quelle-actualite\/\" \/>\n<meta property=\"og:locale\" content=\"fr_FR\" \/>\n<meta property=\"og:type\" content=\"article\" \/>\n<meta property=\"og:title\" content=\"Conf\u00e9rence &quot;Allocations ch\u00f4mage dans la fonction publique : Quelle actualit\u00e9 ?&quot; - Le Blog GERESO\" \/>\n<meta property=\"og:description\" content=\"Cette nouvelle convention d&rsquo;assurance ch\u00f4mage doit maintenant \u00eatre examin\u00e9e par les services du minist\u00e8re du Travail avant de recevoir l&rsquo;agr\u00e9ment du gouvernement. Les nouvelles modalit\u00e9s seront applicables \u00e0 compter du 1er septembre 2017, pour une dur\u00e9e de 3 ans. Au cours d\u2019une conf\u00e9rence ax\u00e9e sur les changements \u00e0 venir li\u00e9s aux allocations ch\u00f4mage dans la [&hellip;]\" \/>\n<meta property=\"og:url\" content=\"https:\/\/www.gereso.com\/actualites\/2017\/04\/28\/allocations-chomage-dans-la-fonction-publique-quelle-actualite\/\" \/>\n<meta property=\"og:site_name\" content=\"Le Blog GERESO\" \/>\n<meta property=\"article:published_time\" content=\"2017-04-28T07:38:28+00:00\" \/>\n<meta property=\"article:modified_time\" content=\"2017-05-30T07:32:38+00:00\" \/>\n<meta property=\"og:image\" content=\"https:\/\/www.gereso.com\/actualites\/wp-content\/uploads\/2017\/04\/Conf\u00e9rence-Gereso-Allocations-chomage-dans-la-fonction-publique.jpg\" \/>\n\t<meta property=\"og:image:width\" content=\"600\" \/>\n\t<meta property=\"og:image:height\" content=\"400\" \/>\n\t<meta property=\"og:image:type\" content=\"image\/jpeg\" \/>\n<meta name=\"author\" content=\"Anne-Ga\u00eblle Desbois\" \/>\n<meta name=\"twitter:card\" content=\"summary_large_image\" \/>\n<script type=\"application\/ld+json\" class=\"yoast-schema-graph\">{\"@context\":\"https:\/\/schema.org\",\"@graph\":[{\"@type\":\"WebPage\",\"@id\":\"https:\/\/www.gereso.com\/actualites\/2017\/04\/28\/allocations-chomage-dans-la-fonction-publique-quelle-actualite\/\",\"url\":\"https:\/\/www.gereso.com\/actualites\/2017\/04\/28\/allocations-chomage-dans-la-fonction-publique-quelle-actualite\/\",\"name\":\"Conf\u00e9rence \\\"Allocations ch\u00f4mage dans la fonction publique : Quelle actualit\u00e9 ?\\\" - Le Blog GERESO\",\"isPartOf\":{\"@id\":\"https:\/\/www.gereso.com\/actualites\/#website\"},\"primaryImageOfPage\":{\"@id\":\"https:\/\/www.gereso.com\/actualites\/2017\/04\/28\/allocations-chomage-dans-la-fonction-publique-quelle-actualite\/#primaryimage\"},\"image\":{\"@id\":\"https:\/\/www.gereso.com\/actualites\/2017\/04\/28\/allocations-chomage-dans-la-fonction-publique-quelle-actualite\/#primaryimage\"},\"thumbnailUrl\":\"https:\/\/www.gereso.com\/actualites\/wp-content\/uploads\/2017\/04\/Conf\u00e9rence-Gereso-Allocations-chomage-dans-la-fonction-publique.jpg\",\"datePublished\":\"2017-04-28T07:38:28+00:00\",\"dateModified\":\"2017-05-30T07:32:38+00:00\",\"author\":{\"@id\":\"https:\/\/www.gereso.com\/actualites\/#\/schema\/person\/e94b01cebb8315aabc36d7b628f6329c\"},\"breadcrumb\":{\"@id\":\"https:\/\/www.gereso.com\/actualites\/2017\/04\/28\/allocations-chomage-dans-la-fonction-publique-quelle-actualite\/#breadcrumb\"},\"inLanguage\":\"fr-FR\",\"potentialAction\":[{\"@type\":\"ReadAction\",\"target\":[\"https:\/\/www.gereso.com\/actualites\/2017\/04\/28\/allocations-chomage-dans-la-fonction-publique-quelle-actualite\/\"]}]},{\"@type\":\"ImageObject\",\"inLanguage\":\"fr-FR\",\"@id\":\"https:\/\/www.gereso.com\/actualites\/2017\/04\/28\/allocations-chomage-dans-la-fonction-publique-quelle-actualite\/#primaryimage\",\"url\":\"https:\/\/www.gereso.com\/actualites\/wp-content\/uploads\/2017\/04\/Conf\u00e9rence-Gereso-Allocations-chomage-dans-la-fonction-publique.jpg\",\"contentUrl\":\"https:\/\/www.gereso.com\/actualites\/wp-content\/uploads\/2017\/04\/Conf\u00e9rence-Gereso-Allocations-chomage-dans-la-fonction-publique.jpg\",\"width\":600,\"height\":400},{\"@type\":\"BreadcrumbList\",\"@id\":\"https:\/\/www.gereso.com\/actualites\/2017\/04\/28\/allocations-chomage-dans-la-fonction-publique-quelle-actualite\/#breadcrumb\",\"itemListElement\":[{\"@type\":\"ListItem\",\"position\":1,\"name\":\"Home\",\"item\":\"https:\/\/www.gereso.com\/actualites\/\"},{\"@type\":\"ListItem\",\"position\":2,\"name\":\"Conf\u00e9rence \u00ab\u00a0Allocations ch\u00f4mage dans la fonction publique : Quelle actualit\u00e9 ?\u00a0\u00bb\"}]},{\"@type\":\"WebSite\",\"@id\":\"https:\/\/www.gereso.com\/actualites\/#website\",\"url\":\"https:\/\/www.gereso.com\/actualites\/\",\"name\":\"Le Blog GERESO\",\"description\":\"Toute l&#039;actu RH, Finance, Fonction Publique, Management...\",\"potentialAction\":[{\"@type\":\"SearchAction\",\"target\":{\"@type\":\"EntryPoint\",\"urlTemplate\":\"https:\/\/www.gereso.com\/actualites\/?s={search_term_string}\"},\"query-input\":{\"@type\":\"PropertyValueSpecification\",\"valueRequired\":true,\"valueName\":\"search_term_string\"}}],\"inLanguage\":\"fr-FR\"},{\"@type\":\"Person\",\"@id\":\"https:\/\/www.gereso.com\/actualites\/#\/schema\/person\/e94b01cebb8315aabc36d7b628f6329c\",\"name\":\"Anne-Ga\u00eblle Desbois\",\"image\":{\"@type\":\"ImageObject\",\"inLanguage\":\"fr-FR\",\"@id\":\"https:\/\/www.gereso.com\/actualites\/#\/schema\/person\/image\/\",\"url\":\"https:\/\/www.gereso.com\/actualites\/wp-content\/uploads\/2013\/04\/anne-gaelle-desbois-1-144x144.jpg\",\"contentUrl\":\"https:\/\/www.gereso.com\/actualites\/wp-content\/uploads\/2013\/04\/anne-gaelle-desbois-1-144x144.jpg\",\"caption\":\"Anne-Ga\u00eblle Desbois\"},\"description\":\"Anne-Ga\u00eblle DESBOIS est consultante-formatrice en gestion des ressources humaines de la fonction publique. Elle anime notamment des formations inter et intra-\u00e9tablissements sur tous les th\u00e8mes li\u00e9s au statut et \u00e0 la gestion administrative des agents publics (\u00c9tat, Fonction Publique Hospitali\u00e8re, Collectivit\u00e9s)\",\"url\":\"https:\/\/www.gereso.com\/actualites\/author\/ag-desbois\/\"}]}<\/script>\n<!-- \/ Yoast SEO plugin. -->","yoast_head_json":{"title":"Conf\u00e9rence \"Allocations ch\u00f4mage dans la fonction publique : Quelle actualit\u00e9 ?\" - Le Blog GERESO","robots":{"index":"index","follow":"follow","max-snippet":"max-snippet:-1","max-image-preview":"max-image-preview:large","max-video-preview":"max-video-preview:-1"},"canonical":"https:\/\/www.gereso.com\/actualites\/2017\/04\/28\/allocations-chomage-dans-la-fonction-publique-quelle-actualite\/","og_locale":"fr_FR","og_type":"article","og_title":"Conf\u00e9rence \"Allocations ch\u00f4mage dans la fonction publique : Quelle actualit\u00e9 ?\" - Le Blog GERESO","og_description":"Cette nouvelle convention d&rsquo;assurance ch\u00f4mage doit maintenant \u00eatre examin\u00e9e par les services du minist\u00e8re du Travail avant de recevoir l&rsquo;agr\u00e9ment du gouvernement. Les nouvelles modalit\u00e9s seront applicables \u00e0 compter du 1er septembre 2017, pour une dur\u00e9e de 3 ans. Au cours d\u2019une conf\u00e9rence ax\u00e9e sur les changements \u00e0 venir li\u00e9s aux allocations ch\u00f4mage dans la [&hellip;]","og_url":"https:\/\/www.gereso.com\/actualites\/2017\/04\/28\/allocations-chomage-dans-la-fonction-publique-quelle-actualite\/","og_site_name":"Le Blog GERESO","article_published_time":"2017-04-28T07:38:28+00:00","article_modified_time":"2017-05-30T07:32:38+00:00","og_image":[{"width":600,"height":400,"url":"https:\/\/www.gereso.com\/actualites\/wp-content\/uploads\/2017\/04\/Conf\u00e9rence-Gereso-Allocations-chomage-dans-la-fonction-publique.jpg","type":"image\/jpeg"}],"author":"Anne-Ga\u00eblle Desbois","twitter_card":"summary_large_image","schema":{"@context":"https:\/\/schema.org","@graph":[{"@type":"WebPage","@id":"https:\/\/www.gereso.com\/actualites\/2017\/04\/28\/allocations-chomage-dans-la-fonction-publique-quelle-actualite\/","url":"https:\/\/www.gereso.com\/actualites\/2017\/04\/28\/allocations-chomage-dans-la-fonction-publique-quelle-actualite\/","name":"Conf\u00e9rence \"Allocations ch\u00f4mage dans la fonction publique : Quelle actualit\u00e9 ?\" - Le Blog GERESO","isPartOf":{"@id":"https:\/\/www.gereso.com\/actualites\/#website"},"primaryImageOfPage":{"@id":"https:\/\/www.gereso.com\/actualites\/2017\/04\/28\/allocations-chomage-dans-la-fonction-publique-quelle-actualite\/#primaryimage"},"image":{"@id":"https:\/\/www.gereso.com\/actualites\/2017\/04\/28\/allocations-chomage-dans-la-fonction-publique-quelle-actualite\/#primaryimage"},"thumbnailUrl":"https:\/\/www.gereso.com\/actualites\/wp-content\/uploads\/2017\/04\/Conf\u00e9rence-Gereso-Allocations-chomage-dans-la-fonction-publique.jpg","datePublished":"2017-04-28T07:38:28+00:00","dateModified":"2017-05-30T07:32:38+00:00","author":{"@id":"https:\/\/www.gereso.com\/actualites\/#\/schema\/person\/e94b01cebb8315aabc36d7b628f6329c"},"breadcrumb":{"@id":"https:\/\/www.gereso.com\/actualites\/2017\/04\/28\/allocations-chomage-dans-la-fonction-publique-quelle-actualite\/#breadcrumb"},"inLanguage":"fr-FR","potentialAction":[{"@type":"ReadAction","target":["https:\/\/www.gereso.com\/actualites\/2017\/04\/28\/allocations-chomage-dans-la-fonction-publique-quelle-actualite\/"]}]},{"@type":"ImageObject","inLanguage":"fr-FR","@id":"https:\/\/www.gereso.com\/actualites\/2017\/04\/28\/allocations-chomage-dans-la-fonction-publique-quelle-actualite\/#primaryimage","url":"https:\/\/www.gereso.com\/actualites\/wp-content\/uploads\/2017\/04\/Conf\u00e9rence-Gereso-Allocations-chomage-dans-la-fonction-publique.jpg","contentUrl":"https:\/\/www.gereso.com\/actualites\/wp-content\/uploads\/2017\/04\/Conf\u00e9rence-Gereso-Allocations-chomage-dans-la-fonction-publique.jpg","width":600,"height":400},{"@type":"BreadcrumbList","@id":"https:\/\/www.gereso.com\/actualites\/2017\/04\/28\/allocations-chomage-dans-la-fonction-publique-quelle-actualite\/#breadcrumb","itemListElement":[{"@type":"ListItem","position":1,"name":"Home","item":"https:\/\/www.gereso.com\/actualites\/"},{"@type":"ListItem","position":2,"name":"Conf\u00e9rence \u00ab\u00a0Allocations ch\u00f4mage dans la fonction publique : Quelle actualit\u00e9 ?\u00a0\u00bb"}]},{"@type":"WebSite","@id":"https:\/\/www.gereso.com\/actualites\/#website","url":"https:\/\/www.gereso.com\/actualites\/","name":"Le Blog GERESO","description":"Toute l&#039;actu RH, Finance, Fonction Publique, Management...","potentialAction":[{"@type":"SearchAction","target":{"@type":"EntryPoint","urlTemplate":"https:\/\/www.gereso.com\/actualites\/?s={search_term_string}"},"query-input":{"@type":"PropertyValueSpecification","valueRequired":true,"valueName":"search_term_string"}}],"inLanguage":"fr-FR"},{"@type":"Person","@id":"https:\/\/www.gereso.com\/actualites\/#\/schema\/person\/e94b01cebb8315aabc36d7b628f6329c","name":"Anne-Ga\u00eblle Desbois","image":{"@type":"ImageObject","inLanguage":"fr-FR","@id":"https:\/\/www.gereso.com\/actualites\/#\/schema\/person\/image\/","url":"https:\/\/www.gereso.com\/actualites\/wp-content\/uploads\/2013\/04\/anne-gaelle-desbois-1-144x144.jpg","contentUrl":"https:\/\/www.gereso.com\/actualites\/wp-content\/uploads\/2013\/04\/anne-gaelle-desbois-1-144x144.jpg","caption":"Anne-Ga\u00eblle Desbois"},"description":"Anne-Ga\u00eblle DESBOIS est consultante-formatrice en gestion des ressources humaines de la fonction publique. Elle anime notamment des formations inter et intra-\u00e9tablissements sur tous les th\u00e8mes li\u00e9s au statut et \u00e0 la gestion administrative des agents publics (\u00c9tat, Fonction Publique Hospitali\u00e8re, Collectivit\u00e9s)","url":"https:\/\/www.gereso.com\/actualites\/author\/ag-desbois\/"}]}},"_links":{"self":[{"href":"https:\/\/www.gereso.com\/actualites\/wp-json\/wp\/v2\/posts\/8026","targetHints":{"allow":["GET"]}}],"collection":[{"href":"https:\/\/www.gereso.com\/actualites\/wp-json\/wp\/v2\/posts"}],"about":[{"href":"https:\/\/www.gereso.com\/actualites\/wp-json\/wp\/v2\/types\/post"}],"author":[{"embeddable":true,"href":"https:\/\/www.gereso.com\/actualites\/wp-json\/wp\/v2\/users\/30"}],"replies":[{"embeddable":true,"href":"https:\/\/www.gereso.com\/actualites\/wp-json\/wp\/v2\/comments?post=8026"}],"version-history":[{"count":11,"href":"https:\/\/www.gereso.com\/actualites\/wp-json\/wp\/v2\/posts\/8026\/revisions"}],"predecessor-version":[{"id":8127,"href":"https:\/\/www.gereso.com\/actualites\/wp-json\/wp\/v2\/posts\/8026\/revisions\/8127"}],"wp:featuredmedia":[{"embeddable":true,"href":"https:\/\/www.gereso.com\/actualites\/wp-json\/wp\/v2\/media\/8029"}],"wp:attachment":[{"href":"https:\/\/www.gereso.com\/actualites\/wp-json\/wp\/v2\/media?parent=8026"}],"wp:term":[{"taxonomy":"category","embeddable":true,"href":"https:\/\/www.gereso.com\/actualites\/wp-json\/wp\/v2\/categories?post=8026"},{"taxonomy":"post_tag","embeddable":true,"href":"https:\/\/www.gereso.com\/actualites\/wp-json\/wp\/v2\/tags?post=8026"}],"curies":[{"name":"wp","href":"https:\/\/api.w.org\/{rel}","templated":true}]}}