{"id":8053,"date":"2017-05-09T12:10:29","date_gmt":"2017-05-09T10:10:29","guid":{"rendered":"https:\/\/www.gereso.com\/actualites\/?p=8053"},"modified":"2017-05-09T12:10:59","modified_gmt":"2017-05-09T10:10:59","slug":"associations-credit-impot-taxe-sur-les-salaires","status":"publish","type":"post","link":"https:\/\/www.gereso.com\/actualites\/2017\/05\/09\/associations-credit-impot-taxe-sur-les-salaires\/","title":{"rendered":"Associations : cr\u00e9dit d\u2019imp\u00f4t sur la taxe sur les salaires"},"content":{"rendered":"<p>Depuis 2013, les entit\u00e9s soumises \u00e0 l\u2019imp\u00f4t sur les b\u00e9n\u00e9fices (imp\u00f4t sur le revenu ou imp\u00f4t sur les soci\u00e9t\u00e9s) et employant des salari\u00e9s, b\u00e9n\u00e9ficient d\u2019un cr\u00e9dit d\u2019imp\u00f4t comp\u00e9titivit\u00e9 emploi (<strong>CICE<\/strong>) calcul\u00e9 sur la base des salaires bruts qui n\u2019exc\u00e8dent pas 2,5 SMIC, vers\u00e9s au cours d\u2019une ann\u00e9e civile. Ce CICE ne b\u00e9n\u00e9ficie pas aux organismes exer\u00e7ant une activit\u00e9 sans but lucratif, un secteur qui emploie pourtant beaucoup de salari\u00e9s. Afin d\u2019encourager l\u2019emploi dans ce secteur, l\u2019article 88 de la <strong>loi de finances pour 2017<\/strong> a instaur\u00e9 le <strong>CITS<\/strong> (cr\u00e9dit d\u2019imp\u00f4t sur la taxe sur les salaires), r\u00e9serv\u00e9 aux <strong>organismes exer\u00e7ant une activit\u00e9 sans but lucratif<\/strong>.<\/p>\n<p>Ses modalit\u00e9s de calcul sont proches du CICE. Le CITS est \u00e9galement d\u00e9termin\u00e9 sur la base des salaires bruts vers\u00e9s qui n\u2019exc\u00e8dent pas <strong>2,5 SMIC<\/strong>. En revanche, si le CICE est imputable sur l\u2019imp\u00f4t sur les b\u00e9n\u00e9fices, le CITS s\u2019impute lui, sur la <strong>taxe sur les salaires<\/strong>. Sont soumis \u00e0 cette taxe, les entit\u00e9s redevables de la TVA sur une base inf\u00e9rieure \u00e0 90% de leur chiffre d&rsquo;affaires. \u00a0De m\u00eame, le taux du CICE est de 7% pour les r\u00e9mun\u00e9rations vers\u00e9es depuis le 1<sup>er<\/sup> janvier 2017 (6% pour 2014 \u00e0 2016, et 4% en 2013) alors que <strong>le taux du CITS est fix\u00e9 \u00e0 4%<\/strong>.<\/p>\n<p>L\u2019administration fiscale vient de commenter dans sa documentation les modalit\u00e9s de d\u00e9termination et de d\u00e9claration du CITS (actualit\u00e9 <strong>BOFiP <\/strong>du 4 mai 2017, BOI-TPS-TS-35). Les \u00e9l\u00e9ments suivants sont ainsi pr\u00e9cis\u00e9s\u00a0:<\/p>\n<ul>\n<li>Une r\u00e9mun\u00e9ration ne peut \u00e0 la fois b\u00e9n\u00e9ficier du CICE et du CITS.<\/li>\n<li>Comme pour le CICE, le plafond de prise en compte du salaire brut d\u2019un salari\u00e9 pour le CITS est calcul\u00e9 en prenant en compte les heures compl\u00e9mentaires ou suppl\u00e9mentaires mais sans tenir compte des majorations auxquelles elles donnent droit.<\/li>\n<li>Le montant du CITS doit \u00eatre diminu\u00e9 de l\u2019abattement r\u00e9serv\u00e9 aux associations employant moins de 30 salari\u00e9s (abattement \u00e9gal \u00e0 20.304 \u20ac pour les r\u00e9mun\u00e9rations vers\u00e9es en 2017).<\/li>\n<li>Le CITS est \u00e0 d\u00e9clarer sur l\u2019imprim\u00e9 de liquidation de la taxe sur les salaires (imprim\u00e9 n\u00b0\u00a02502-SD), pour le 15 janvier de l\u2019ann\u00e9e suivante (tol\u00e9rance pour un d\u00e9p\u00f4t jusqu&rsquo;au <strong>31 janvier N+1<\/strong>).<\/li>\n<li>Le d\u00e9p\u00f4t doit obligatoirement \u00eatre r\u00e9alis\u00e9 par <strong>t\u00e9l\u00e9transmission<\/strong>.<\/li>\n<li>l\u2019exc\u00e9dent de CITS qui n\u2019aurait pu \u00eatre d\u00e9duit de la taxe de l\u2019ann\u00e9e est imputable sur le solde de la taxe sur les salaires d\u00fb au titre <strong>des trois ann\u00e9es suivantes<\/strong>. A l\u2019issu de ce d\u00e9lai, le solde non encore imput\u00e9 fait l\u2019objet d\u2019un remboursement.<\/li>\n<\/ul>\n","protected":false},"excerpt":{"rendered":"<p>Depuis 2013, les entit\u00e9s soumises \u00e0 l\u2019imp\u00f4t sur les b\u00e9n\u00e9fices (imp\u00f4t sur le revenu ou imp\u00f4t sur les soci\u00e9t\u00e9s) et employant des salari\u00e9s, b\u00e9n\u00e9ficient d\u2019un cr\u00e9dit d\u2019imp\u00f4t comp\u00e9titivit\u00e9 emploi (CICE) calcul\u00e9 sur la base des salaires bruts qui n\u2019exc\u00e8dent pas 2,5 SMIC, vers\u00e9s au cours d\u2019une ann\u00e9e civile. Ce CICE ne b\u00e9n\u00e9ficie pas aux organismes [&hellip;]<\/p>\n","protected":false},"author":45,"featured_media":0,"comment_status":"open","ping_status":"open","sticky":false,"template":"","format":"quote","meta":{"_acf_changed":false,"_mi_skip_tracking":false,"footnotes":""},"categories":[12,3],"tags":[1045,1136],"class_list":["post-8053","post","type-post","status-publish","format-quote","hentry","category-actualites","category-comptabilite-fiscalite-et-gestion-financiere","tag-credit-dimpot","tag-taxe-sur-les-salaires","post_format-post-format-quote"],"acf":[],"yoast_head":"<!-- This site is optimized with the Yoast SEO plugin v23.4 - https:\/\/yoast.com\/wordpress\/plugins\/seo\/ -->\n<title>Associations : cr\u00e9dit d\u2019imp\u00f4t sur la taxe sur les salaires - Le Blog GERESO<\/title>\n<meta name=\"robots\" content=\"index, follow, max-snippet:-1, max-image-preview:large, max-video-preview:-1\" \/>\n<link rel=\"canonical\" href=\"https:\/\/www.gereso.com\/actualites\/2017\/05\/09\/associations-credit-impot-taxe-sur-les-salaires\/\" \/>\n<meta property=\"og:locale\" content=\"fr_FR\" \/>\n<meta property=\"og:type\" content=\"article\" \/>\n<meta property=\"og:title\" content=\"Associations : cr\u00e9dit d\u2019imp\u00f4t sur la taxe sur les salaires - Le Blog GERESO\" \/>\n<meta property=\"og:description\" content=\"Depuis 2013, les entit\u00e9s soumises \u00e0 l\u2019imp\u00f4t sur les b\u00e9n\u00e9fices (imp\u00f4t sur le revenu ou imp\u00f4t sur les soci\u00e9t\u00e9s) et employant des salari\u00e9s, b\u00e9n\u00e9ficient d\u2019un cr\u00e9dit d\u2019imp\u00f4t comp\u00e9titivit\u00e9 emploi (CICE) calcul\u00e9 sur la base des salaires bruts qui n\u2019exc\u00e8dent pas 2,5 SMIC, vers\u00e9s au cours d\u2019une ann\u00e9e civile. Ce CICE ne b\u00e9n\u00e9ficie pas aux organismes [&hellip;]\" \/>\n<meta property=\"og:url\" content=\"https:\/\/www.gereso.com\/actualites\/2017\/05\/09\/associations-credit-impot-taxe-sur-les-salaires\/\" \/>\n<meta property=\"og:site_name\" content=\"Le Blog GERESO\" \/>\n<meta property=\"article:published_time\" content=\"2017-05-09T10:10:29+00:00\" \/>\n<meta property=\"article:modified_time\" content=\"2017-05-09T10:10:59+00:00\" \/>\n<meta name=\"author\" content=\"Damien P\u00e9an\" \/>\n<meta name=\"twitter:card\" content=\"summary_large_image\" \/>\n<script type=\"application\/ld+json\" class=\"yoast-schema-graph\">{\"@context\":\"https:\/\/schema.org\",\"@graph\":[{\"@type\":\"WebPage\",\"@id\":\"https:\/\/www.gereso.com\/actualites\/2017\/05\/09\/associations-credit-impot-taxe-sur-les-salaires\/\",\"url\":\"https:\/\/www.gereso.com\/actualites\/2017\/05\/09\/associations-credit-impot-taxe-sur-les-salaires\/\",\"name\":\"Associations : cr\u00e9dit d\u2019imp\u00f4t sur la taxe sur les salaires - Le Blog GERESO\",\"isPartOf\":{\"@id\":\"https:\/\/www.gereso.com\/actualites\/#website\"},\"datePublished\":\"2017-05-09T10:10:29+00:00\",\"dateModified\":\"2017-05-09T10:10:59+00:00\",\"author\":{\"@id\":\"https:\/\/www.gereso.com\/actualites\/#\/schema\/person\/c91814f92d627ed4715993fbbf7c7e8d\"},\"breadcrumb\":{\"@id\":\"https:\/\/www.gereso.com\/actualites\/2017\/05\/09\/associations-credit-impot-taxe-sur-les-salaires\/#breadcrumb\"},\"inLanguage\":\"fr-FR\",\"potentialAction\":[{\"@type\":\"ReadAction\",\"target\":[\"https:\/\/www.gereso.com\/actualites\/2017\/05\/09\/associations-credit-impot-taxe-sur-les-salaires\/\"]}]},{\"@type\":\"BreadcrumbList\",\"@id\":\"https:\/\/www.gereso.com\/actualites\/2017\/05\/09\/associations-credit-impot-taxe-sur-les-salaires\/#breadcrumb\",\"itemListElement\":[{\"@type\":\"ListItem\",\"position\":1,\"name\":\"Home\",\"item\":\"https:\/\/www.gereso.com\/actualites\/\"},{\"@type\":\"ListItem\",\"position\":2,\"name\":\"Associations : cr\u00e9dit d\u2019imp\u00f4t sur la taxe sur les salaires\"}]},{\"@type\":\"WebSite\",\"@id\":\"https:\/\/www.gereso.com\/actualites\/#website\",\"url\":\"https:\/\/www.gereso.com\/actualites\/\",\"name\":\"Le Blog GERESO\",\"description\":\"Toute l&#039;actu RH, Finance, Fonction Publique, Management...\",\"potentialAction\":[{\"@type\":\"SearchAction\",\"target\":{\"@type\":\"EntryPoint\",\"urlTemplate\":\"https:\/\/www.gereso.com\/actualites\/?s={search_term_string}\"},\"query-input\":{\"@type\":\"PropertyValueSpecification\",\"valueRequired\":true,\"valueName\":\"search_term_string\"}}],\"inLanguage\":\"fr-FR\"},{\"@type\":\"Person\",\"@id\":\"https:\/\/www.gereso.com\/actualites\/#\/schema\/person\/c91814f92d627ed4715993fbbf7c7e8d\",\"name\":\"Damien P\u00e9an\",\"image\":{\"@type\":\"ImageObject\",\"inLanguage\":\"fr-FR\",\"@id\":\"https:\/\/www.gereso.com\/actualites\/#\/schema\/person\/image\/\",\"url\":\"https:\/\/www.gereso.com\/actualites\/wp-content\/uploads\/2016\/03\/damien-pean.jpg\",\"contentUrl\":\"https:\/\/www.gereso.com\/actualites\/wp-content\/uploads\/2016\/03\/damien-pean.jpg\",\"caption\":\"Damien P\u00e9an\"},\"description\":\"Damien P\u00c9AN est titulaire du Dipl\u00f4me d'\u00e9tudes sup\u00e9rieures comptables et financi\u00e8res (DESCF). Il intervient depuis plusieurs ann\u00e9es aupr\u00e8s d'\u00e9tudiants en licence de comptabilit\u00e9 et de gestion, \u00e0 qui il enseigne le contr\u00f4le de gestion, la comptabilit\u00e9 approfondie, le management, la fiscalit\u00e9, le droit des soci\u00e9t\u00e9s et le droit du travail. Il intervient \u00e9galement en formation continue pour le compte de divers organismes de formation sur des th\u00e9matiques techniques en comptabilit\u00e9 et fiscalit\u00e9. Il forme aussi un public de non-initi\u00e9s aux fondamentaux de la finance.\",\"url\":\"https:\/\/www.gereso.com\/actualites\/author\/d-pean\/\"}]}<\/script>\n<!-- \/ Yoast SEO plugin. -->","yoast_head_json":{"title":"Associations : cr\u00e9dit d\u2019imp\u00f4t sur la taxe sur les salaires - Le Blog GERESO","robots":{"index":"index","follow":"follow","max-snippet":"max-snippet:-1","max-image-preview":"max-image-preview:large","max-video-preview":"max-video-preview:-1"},"canonical":"https:\/\/www.gereso.com\/actualites\/2017\/05\/09\/associations-credit-impot-taxe-sur-les-salaires\/","og_locale":"fr_FR","og_type":"article","og_title":"Associations : cr\u00e9dit d\u2019imp\u00f4t sur la taxe sur les salaires - Le Blog GERESO","og_description":"Depuis 2013, les entit\u00e9s soumises \u00e0 l\u2019imp\u00f4t sur les b\u00e9n\u00e9fices (imp\u00f4t sur le revenu ou imp\u00f4t sur les soci\u00e9t\u00e9s) et employant des salari\u00e9s, b\u00e9n\u00e9ficient d\u2019un cr\u00e9dit d\u2019imp\u00f4t comp\u00e9titivit\u00e9 emploi (CICE) calcul\u00e9 sur la base des salaires bruts qui n\u2019exc\u00e8dent pas 2,5 SMIC, vers\u00e9s au cours d\u2019une ann\u00e9e civile. Ce CICE ne b\u00e9n\u00e9ficie pas aux organismes [&hellip;]","og_url":"https:\/\/www.gereso.com\/actualites\/2017\/05\/09\/associations-credit-impot-taxe-sur-les-salaires\/","og_site_name":"Le Blog GERESO","article_published_time":"2017-05-09T10:10:29+00:00","article_modified_time":"2017-05-09T10:10:59+00:00","author":"Damien P\u00e9an","twitter_card":"summary_large_image","schema":{"@context":"https:\/\/schema.org","@graph":[{"@type":"WebPage","@id":"https:\/\/www.gereso.com\/actualites\/2017\/05\/09\/associations-credit-impot-taxe-sur-les-salaires\/","url":"https:\/\/www.gereso.com\/actualites\/2017\/05\/09\/associations-credit-impot-taxe-sur-les-salaires\/","name":"Associations : cr\u00e9dit d\u2019imp\u00f4t sur la taxe sur les salaires - Le Blog GERESO","isPartOf":{"@id":"https:\/\/www.gereso.com\/actualites\/#website"},"datePublished":"2017-05-09T10:10:29+00:00","dateModified":"2017-05-09T10:10:59+00:00","author":{"@id":"https:\/\/www.gereso.com\/actualites\/#\/schema\/person\/c91814f92d627ed4715993fbbf7c7e8d"},"breadcrumb":{"@id":"https:\/\/www.gereso.com\/actualites\/2017\/05\/09\/associations-credit-impot-taxe-sur-les-salaires\/#breadcrumb"},"inLanguage":"fr-FR","potentialAction":[{"@type":"ReadAction","target":["https:\/\/www.gereso.com\/actualites\/2017\/05\/09\/associations-credit-impot-taxe-sur-les-salaires\/"]}]},{"@type":"BreadcrumbList","@id":"https:\/\/www.gereso.com\/actualites\/2017\/05\/09\/associations-credit-impot-taxe-sur-les-salaires\/#breadcrumb","itemListElement":[{"@type":"ListItem","position":1,"name":"Home","item":"https:\/\/www.gereso.com\/actualites\/"},{"@type":"ListItem","position":2,"name":"Associations : cr\u00e9dit d\u2019imp\u00f4t sur la taxe sur les salaires"}]},{"@type":"WebSite","@id":"https:\/\/www.gereso.com\/actualites\/#website","url":"https:\/\/www.gereso.com\/actualites\/","name":"Le Blog GERESO","description":"Toute l&#039;actu RH, Finance, Fonction Publique, Management...","potentialAction":[{"@type":"SearchAction","target":{"@type":"EntryPoint","urlTemplate":"https:\/\/www.gereso.com\/actualites\/?s={search_term_string}"},"query-input":{"@type":"PropertyValueSpecification","valueRequired":true,"valueName":"search_term_string"}}],"inLanguage":"fr-FR"},{"@type":"Person","@id":"https:\/\/www.gereso.com\/actualites\/#\/schema\/person\/c91814f92d627ed4715993fbbf7c7e8d","name":"Damien P\u00e9an","image":{"@type":"ImageObject","inLanguage":"fr-FR","@id":"https:\/\/www.gereso.com\/actualites\/#\/schema\/person\/image\/","url":"https:\/\/www.gereso.com\/actualites\/wp-content\/uploads\/2016\/03\/damien-pean.jpg","contentUrl":"https:\/\/www.gereso.com\/actualites\/wp-content\/uploads\/2016\/03\/damien-pean.jpg","caption":"Damien P\u00e9an"},"description":"Damien P\u00c9AN est titulaire du Dipl\u00f4me d'\u00e9tudes sup\u00e9rieures comptables et financi\u00e8res (DESCF). Il intervient depuis plusieurs ann\u00e9es aupr\u00e8s d'\u00e9tudiants en licence de comptabilit\u00e9 et de gestion, \u00e0 qui il enseigne le contr\u00f4le de gestion, la comptabilit\u00e9 approfondie, le management, la fiscalit\u00e9, le droit des soci\u00e9t\u00e9s et le droit du travail. Il intervient \u00e9galement en formation continue pour le compte de divers organismes de formation sur des th\u00e9matiques techniques en comptabilit\u00e9 et fiscalit\u00e9. Il forme aussi un public de non-initi\u00e9s aux fondamentaux de la finance.","url":"https:\/\/www.gereso.com\/actualites\/author\/d-pean\/"}]}},"_links":{"self":[{"href":"https:\/\/www.gereso.com\/actualites\/wp-json\/wp\/v2\/posts\/8053","targetHints":{"allow":["GET"]}}],"collection":[{"href":"https:\/\/www.gereso.com\/actualites\/wp-json\/wp\/v2\/posts"}],"about":[{"href":"https:\/\/www.gereso.com\/actualites\/wp-json\/wp\/v2\/types\/post"}],"author":[{"embeddable":true,"href":"https:\/\/www.gereso.com\/actualites\/wp-json\/wp\/v2\/users\/45"}],"replies":[{"embeddable":true,"href":"https:\/\/www.gereso.com\/actualites\/wp-json\/wp\/v2\/comments?post=8053"}],"version-history":[{"count":1,"href":"https:\/\/www.gereso.com\/actualites\/wp-json\/wp\/v2\/posts\/8053\/revisions"}],"predecessor-version":[{"id":8054,"href":"https:\/\/www.gereso.com\/actualites\/wp-json\/wp\/v2\/posts\/8053\/revisions\/8054"}],"wp:attachment":[{"href":"https:\/\/www.gereso.com\/actualites\/wp-json\/wp\/v2\/media?parent=8053"}],"wp:term":[{"taxonomy":"category","embeddable":true,"href":"https:\/\/www.gereso.com\/actualites\/wp-json\/wp\/v2\/categories?post=8053"},{"taxonomy":"post_tag","embeddable":true,"href":"https:\/\/www.gereso.com\/actualites\/wp-json\/wp\/v2\/tags?post=8053"}],"curies":[{"name":"wp","href":"https:\/\/api.w.org\/{rel}","templated":true}]}}