{"id":8140,"date":"2017-05-30T15:30:41","date_gmt":"2017-05-30T13:30:41","guid":{"rendered":"https:\/\/www.gereso.com\/actualites\/?p=8140"},"modified":"2018-08-13T09:12:46","modified_gmt":"2018-08-13T07:12:46","slug":"censure-de-la-cvae-en-fonction-du-ca-du-groupe","status":"publish","type":"post","link":"https:\/\/www.gereso.com\/actualites\/2017\/05\/30\/censure-de-la-cvae-en-fonction-du-ca-du-groupe\/","title":{"rendered":"Censure de la CVAE en fonction du CA du groupe"},"content":{"rendered":"<p>Le <strong>Conseil constitutionnel<\/strong> vient de d\u00e9clarer contraire \u00e0 la Constitution, le calcul du <strong>taux de la CVAE<\/strong> en fonction du chiffre d&rsquo;affaires de l&rsquo;ensemble du <strong>groupe int\u00e9gr\u00e9 fiscalement<\/strong> (D\u00e9cision n\u00b02017-629 du 19 mai 2017). Cette censure pourrait aboutir sur de nombreuses demandes de remboursement aupr\u00e8s de l&rsquo;\u00c9tat.<\/p>\n<p>La cotisation sur la valeur ajout\u00e9e des entreprises (<strong>CVAE<\/strong>) est issue de la r\u00e9forme de la taxe professionnelle. Assise sur le montant de la valeur ajout\u00e9e produite au cours de l&rsquo;exercice, le taux de la CVAE est en principe d\u00e9termin\u00e9 \u00e0 partir d&rsquo;une formule de calcul\u00a0 d\u00e9pendant du niveau du <strong>chiffre d&rsquo;affaires de la soci\u00e9t\u00e9<\/strong>. Plus le niveau de chiffre d&rsquo;affaires est \u00e9lev\u00e9 et plus le montant de la CVAE est \u00e9lev\u00e9. Les entreprises dont le chiffre d&rsquo;affaires exc\u00e8de 50 millions \u20ac sont soumises \u00e0 un taux de CVAE de 1,5%, soit le taux maximum.<\/p>\n<p>Des mesures d\u00e9rogatoires sont pr\u00e9vues par l&rsquo;article 1586 du CGI pour <strong>les groupes int\u00e9gr\u00e9s fiscalement<\/strong> au sens de l&rsquo;article 223A du CGI. Le chiffre d&rsquo;affaires \u00e0 retenir pour chaque soci\u00e9t\u00e9 membre du groupe, pour la d\u00e9termination du taux de CVAE est celui de <strong>l&rsquo;ensemble du groupe<\/strong> fiscalement int\u00e9gr\u00e9 et non celui de la soci\u00e9t\u00e9. Le taux obtenu est en revanche \u00e9videmment d\u00e9termin\u00e9 \u00e0 partir de la valeur ajout\u00e9e de la soci\u00e9t\u00e9 et non du groupe. Cette mesure permet d&rsquo;\u00e9viter les restructurations abusives de ces groupes qui auraient pour but essentiel de r\u00e9duire l&rsquo;imposition \u00e0 la CVAE.<\/p>\n<p>Cette disposition pr\u00e9vue \u00e0 l&rsquo;article 1586 du CGI a \u00e9t\u00e9 <strong>censur\u00e9e<\/strong> par le Conseil constitutionnel dans une d\u00e9cision du 19 mai dernier. Les Sages ont estim\u00e9 que cette mesure \u00e9tait <strong>contraire au principe d&rsquo;\u00e9galit\u00e9<\/strong> car elle entra\u00eene pour deux groupes identiques, des CVAE globales diff\u00e9rentes selon que le groupe ait opt\u00e9 pour l&rsquo;int\u00e9gration fiscale (d\u00e9termination du taux de CVAE en fonction du CA du groupe) ou non (d\u00e9termination du taux de CVAE en fonction du chiffre d&rsquo;affaires de chaque soci\u00e9t\u00e9). Le Conseil justifie sa d\u00e9cision en soulignant que ces groupes peuvent r\u00e9aliser des op\u00e9rations de restructuration pour des raisons d&rsquo;optimisation qu&rsquo;ils optent ou non pour le r\u00e9gime de l&rsquo;int\u00e9gration fiscale.<\/p>\n<p>Source :\u00a0http:\/\/www.conseil-constitutionnel.fr\/conseil-constitutionnel\/francais\/les-decisions\/acces-par-date\/decisions-<em>\u00a0<\/em><\/p>\n","protected":false},"excerpt":{"rendered":"<p>Le Conseil constitutionnel vient de d\u00e9clarer contraire \u00e0 la Constitution, le calcul du taux de la CVAE en fonction du chiffre d&rsquo;affaires de l&rsquo;ensemble du groupe int\u00e9gr\u00e9 fiscalement (D\u00e9cision n\u00b02017-629 du 19 mai 2017). Cette censure pourrait aboutir sur de nombreuses demandes de remboursement aupr\u00e8s de l&rsquo;\u00c9tat. La cotisation sur la valeur ajout\u00e9e des entreprises [&hellip;]<\/p>\n","protected":false},"author":45,"featured_media":0,"comment_status":"open","ping_status":"open","sticky":false,"template":"","format":"quote","meta":{"_acf_changed":false,"_mi_skip_tracking":false,"footnotes":""},"categories":[12,3],"tags":[1102,1154],"class_list":["post-8140","post","type-post","status-publish","format-quote","hentry","category-actualites","category-comptabilite-fiscalite-et-gestion-financiere","tag-cvae","tag-integration-fiscale","post_format-post-format-quote"],"acf":[],"yoast_head":"<!-- This site is optimized with the Yoast SEO plugin v23.4 - https:\/\/yoast.com\/wordpress\/plugins\/seo\/ -->\n<title>Censure de la CVAE en fonction du CA du groupe - Le Blog GERESO<\/title>\n<meta name=\"robots\" content=\"index, follow, max-snippet:-1, max-image-preview:large, max-video-preview:-1\" \/>\n<link rel=\"canonical\" href=\"https:\/\/www.gereso.com\/actualites\/2017\/05\/30\/censure-de-la-cvae-en-fonction-du-ca-du-groupe\/\" \/>\n<meta property=\"og:locale\" content=\"fr_FR\" \/>\n<meta property=\"og:type\" content=\"article\" \/>\n<meta property=\"og:title\" content=\"Censure de la CVAE en fonction du CA du groupe - Le Blog GERESO\" \/>\n<meta property=\"og:description\" content=\"Le Conseil constitutionnel vient de d\u00e9clarer contraire \u00e0 la Constitution, le calcul du taux de la CVAE en fonction du chiffre d&rsquo;affaires de l&rsquo;ensemble du groupe int\u00e9gr\u00e9 fiscalement (D\u00e9cision n\u00b02017-629 du 19 mai 2017). Cette censure pourrait aboutir sur de nombreuses demandes de remboursement aupr\u00e8s de l&rsquo;\u00c9tat. La cotisation sur la valeur ajout\u00e9e des entreprises [&hellip;]\" \/>\n<meta property=\"og:url\" content=\"https:\/\/www.gereso.com\/actualites\/2017\/05\/30\/censure-de-la-cvae-en-fonction-du-ca-du-groupe\/\" \/>\n<meta property=\"og:site_name\" content=\"Le Blog GERESO\" \/>\n<meta property=\"article:published_time\" content=\"2017-05-30T13:30:41+00:00\" \/>\n<meta property=\"article:modified_time\" content=\"2018-08-13T07:12:46+00:00\" \/>\n<meta name=\"author\" content=\"Damien P\u00e9an\" \/>\n<meta name=\"twitter:card\" content=\"summary_large_image\" \/>\n<script type=\"application\/ld+json\" class=\"yoast-schema-graph\">{\"@context\":\"https:\/\/schema.org\",\"@graph\":[{\"@type\":\"WebPage\",\"@id\":\"https:\/\/www.gereso.com\/actualites\/2017\/05\/30\/censure-de-la-cvae-en-fonction-du-ca-du-groupe\/\",\"url\":\"https:\/\/www.gereso.com\/actualites\/2017\/05\/30\/censure-de-la-cvae-en-fonction-du-ca-du-groupe\/\",\"name\":\"Censure de la CVAE en fonction du CA du groupe - Le Blog GERESO\",\"isPartOf\":{\"@id\":\"https:\/\/www.gereso.com\/actualites\/#website\"},\"datePublished\":\"2017-05-30T13:30:41+00:00\",\"dateModified\":\"2018-08-13T07:12:46+00:00\",\"author\":{\"@id\":\"https:\/\/www.gereso.com\/actualites\/#\/schema\/person\/c91814f92d627ed4715993fbbf7c7e8d\"},\"breadcrumb\":{\"@id\":\"https:\/\/www.gereso.com\/actualites\/2017\/05\/30\/censure-de-la-cvae-en-fonction-du-ca-du-groupe\/#breadcrumb\"},\"inLanguage\":\"fr-FR\",\"potentialAction\":[{\"@type\":\"ReadAction\",\"target\":[\"https:\/\/www.gereso.com\/actualites\/2017\/05\/30\/censure-de-la-cvae-en-fonction-du-ca-du-groupe\/\"]}]},{\"@type\":\"BreadcrumbList\",\"@id\":\"https:\/\/www.gereso.com\/actualites\/2017\/05\/30\/censure-de-la-cvae-en-fonction-du-ca-du-groupe\/#breadcrumb\",\"itemListElement\":[{\"@type\":\"ListItem\",\"position\":1,\"name\":\"Home\",\"item\":\"https:\/\/www.gereso.com\/actualites\/\"},{\"@type\":\"ListItem\",\"position\":2,\"name\":\"Censure de la CVAE en fonction du CA du groupe\"}]},{\"@type\":\"WebSite\",\"@id\":\"https:\/\/www.gereso.com\/actualites\/#website\",\"url\":\"https:\/\/www.gereso.com\/actualites\/\",\"name\":\"Le Blog GERESO\",\"description\":\"Toute l&#039;actu RH, Finance, Fonction Publique, Management...\",\"potentialAction\":[{\"@type\":\"SearchAction\",\"target\":{\"@type\":\"EntryPoint\",\"urlTemplate\":\"https:\/\/www.gereso.com\/actualites\/?s={search_term_string}\"},\"query-input\":{\"@type\":\"PropertyValueSpecification\",\"valueRequired\":true,\"valueName\":\"search_term_string\"}}],\"inLanguage\":\"fr-FR\"},{\"@type\":\"Person\",\"@id\":\"https:\/\/www.gereso.com\/actualites\/#\/schema\/person\/c91814f92d627ed4715993fbbf7c7e8d\",\"name\":\"Damien P\u00e9an\",\"image\":{\"@type\":\"ImageObject\",\"inLanguage\":\"fr-FR\",\"@id\":\"https:\/\/www.gereso.com\/actualites\/#\/schema\/person\/image\/\",\"url\":\"https:\/\/www.gereso.com\/actualites\/wp-content\/uploads\/2016\/03\/damien-pean.jpg\",\"contentUrl\":\"https:\/\/www.gereso.com\/actualites\/wp-content\/uploads\/2016\/03\/damien-pean.jpg\",\"caption\":\"Damien P\u00e9an\"},\"description\":\"Damien P\u00c9AN est titulaire du Dipl\u00f4me d'\u00e9tudes sup\u00e9rieures comptables et financi\u00e8res (DESCF). Il intervient depuis plusieurs ann\u00e9es aupr\u00e8s d'\u00e9tudiants en licence de comptabilit\u00e9 et de gestion, \u00e0 qui il enseigne le contr\u00f4le de gestion, la comptabilit\u00e9 approfondie, le management, la fiscalit\u00e9, le droit des soci\u00e9t\u00e9s et le droit du travail. Il intervient \u00e9galement en formation continue pour le compte de divers organismes de formation sur des th\u00e9matiques techniques en comptabilit\u00e9 et fiscalit\u00e9. Il forme aussi un public de non-initi\u00e9s aux fondamentaux de la finance.\",\"url\":\"https:\/\/www.gereso.com\/actualites\/author\/d-pean\/\"}]}<\/script>\n<!-- \/ Yoast SEO plugin. -->","yoast_head_json":{"title":"Censure de la CVAE en fonction du CA du groupe - Le Blog GERESO","robots":{"index":"index","follow":"follow","max-snippet":"max-snippet:-1","max-image-preview":"max-image-preview:large","max-video-preview":"max-video-preview:-1"},"canonical":"https:\/\/www.gereso.com\/actualites\/2017\/05\/30\/censure-de-la-cvae-en-fonction-du-ca-du-groupe\/","og_locale":"fr_FR","og_type":"article","og_title":"Censure de la CVAE en fonction du CA du groupe - Le Blog GERESO","og_description":"Le Conseil constitutionnel vient de d\u00e9clarer contraire \u00e0 la Constitution, le calcul du taux de la CVAE en fonction du chiffre d&rsquo;affaires de l&rsquo;ensemble du groupe int\u00e9gr\u00e9 fiscalement (D\u00e9cision n\u00b02017-629 du 19 mai 2017). Cette censure pourrait aboutir sur de nombreuses demandes de remboursement aupr\u00e8s de l&rsquo;\u00c9tat. La cotisation sur la valeur ajout\u00e9e des entreprises [&hellip;]","og_url":"https:\/\/www.gereso.com\/actualites\/2017\/05\/30\/censure-de-la-cvae-en-fonction-du-ca-du-groupe\/","og_site_name":"Le Blog GERESO","article_published_time":"2017-05-30T13:30:41+00:00","article_modified_time":"2018-08-13T07:12:46+00:00","author":"Damien P\u00e9an","twitter_card":"summary_large_image","schema":{"@context":"https:\/\/schema.org","@graph":[{"@type":"WebPage","@id":"https:\/\/www.gereso.com\/actualites\/2017\/05\/30\/censure-de-la-cvae-en-fonction-du-ca-du-groupe\/","url":"https:\/\/www.gereso.com\/actualites\/2017\/05\/30\/censure-de-la-cvae-en-fonction-du-ca-du-groupe\/","name":"Censure de la CVAE en fonction du CA du groupe - Le Blog GERESO","isPartOf":{"@id":"https:\/\/www.gereso.com\/actualites\/#website"},"datePublished":"2017-05-30T13:30:41+00:00","dateModified":"2018-08-13T07:12:46+00:00","author":{"@id":"https:\/\/www.gereso.com\/actualites\/#\/schema\/person\/c91814f92d627ed4715993fbbf7c7e8d"},"breadcrumb":{"@id":"https:\/\/www.gereso.com\/actualites\/2017\/05\/30\/censure-de-la-cvae-en-fonction-du-ca-du-groupe\/#breadcrumb"},"inLanguage":"fr-FR","potentialAction":[{"@type":"ReadAction","target":["https:\/\/www.gereso.com\/actualites\/2017\/05\/30\/censure-de-la-cvae-en-fonction-du-ca-du-groupe\/"]}]},{"@type":"BreadcrumbList","@id":"https:\/\/www.gereso.com\/actualites\/2017\/05\/30\/censure-de-la-cvae-en-fonction-du-ca-du-groupe\/#breadcrumb","itemListElement":[{"@type":"ListItem","position":1,"name":"Home","item":"https:\/\/www.gereso.com\/actualites\/"},{"@type":"ListItem","position":2,"name":"Censure de la CVAE en fonction du CA du groupe"}]},{"@type":"WebSite","@id":"https:\/\/www.gereso.com\/actualites\/#website","url":"https:\/\/www.gereso.com\/actualites\/","name":"Le Blog GERESO","description":"Toute l&#039;actu RH, Finance, Fonction Publique, Management...","potentialAction":[{"@type":"SearchAction","target":{"@type":"EntryPoint","urlTemplate":"https:\/\/www.gereso.com\/actualites\/?s={search_term_string}"},"query-input":{"@type":"PropertyValueSpecification","valueRequired":true,"valueName":"search_term_string"}}],"inLanguage":"fr-FR"},{"@type":"Person","@id":"https:\/\/www.gereso.com\/actualites\/#\/schema\/person\/c91814f92d627ed4715993fbbf7c7e8d","name":"Damien P\u00e9an","image":{"@type":"ImageObject","inLanguage":"fr-FR","@id":"https:\/\/www.gereso.com\/actualites\/#\/schema\/person\/image\/","url":"https:\/\/www.gereso.com\/actualites\/wp-content\/uploads\/2016\/03\/damien-pean.jpg","contentUrl":"https:\/\/www.gereso.com\/actualites\/wp-content\/uploads\/2016\/03\/damien-pean.jpg","caption":"Damien P\u00e9an"},"description":"Damien P\u00c9AN est titulaire du Dipl\u00f4me d'\u00e9tudes sup\u00e9rieures comptables et financi\u00e8res (DESCF). Il intervient depuis plusieurs ann\u00e9es aupr\u00e8s d'\u00e9tudiants en licence de comptabilit\u00e9 et de gestion, \u00e0 qui il enseigne le contr\u00f4le de gestion, la comptabilit\u00e9 approfondie, le management, la fiscalit\u00e9, le droit des soci\u00e9t\u00e9s et le droit du travail. Il intervient \u00e9galement en formation continue pour le compte de divers organismes de formation sur des th\u00e9matiques techniques en comptabilit\u00e9 et fiscalit\u00e9. Il forme aussi un public de non-initi\u00e9s aux fondamentaux de la finance.","url":"https:\/\/www.gereso.com\/actualites\/author\/d-pean\/"}]}},"_links":{"self":[{"href":"https:\/\/www.gereso.com\/actualites\/wp-json\/wp\/v2\/posts\/8140","targetHints":{"allow":["GET"]}}],"collection":[{"href":"https:\/\/www.gereso.com\/actualites\/wp-json\/wp\/v2\/posts"}],"about":[{"href":"https:\/\/www.gereso.com\/actualites\/wp-json\/wp\/v2\/types\/post"}],"author":[{"embeddable":true,"href":"https:\/\/www.gereso.com\/actualites\/wp-json\/wp\/v2\/users\/45"}],"replies":[{"embeddable":true,"href":"https:\/\/www.gereso.com\/actualites\/wp-json\/wp\/v2\/comments?post=8140"}],"version-history":[{"count":3,"href":"https:\/\/www.gereso.com\/actualites\/wp-json\/wp\/v2\/posts\/8140\/revisions"}],"predecessor-version":[{"id":9478,"href":"https:\/\/www.gereso.com\/actualites\/wp-json\/wp\/v2\/posts\/8140\/revisions\/9478"}],"wp:attachment":[{"href":"https:\/\/www.gereso.com\/actualites\/wp-json\/wp\/v2\/media?parent=8140"}],"wp:term":[{"taxonomy":"category","embeddable":true,"href":"https:\/\/www.gereso.com\/actualites\/wp-json\/wp\/v2\/categories?post=8140"},{"taxonomy":"post_tag","embeddable":true,"href":"https:\/\/www.gereso.com\/actualites\/wp-json\/wp\/v2\/tags?post=8140"}],"curies":[{"name":"wp","href":"https:\/\/api.w.org\/{rel}","templated":true}]}}