{"id":8417,"date":"2017-09-19T14:20:02","date_gmt":"2017-09-19T12:20:02","guid":{"rendered":"https:\/\/www.gereso.com\/actualites\/?p=8417"},"modified":"2022-03-14T11:34:49","modified_gmt":"2022-03-14T09:34:49","slug":"intelligence-prismatique-decouvrez-le-profil-le-plus-repandu-chez-les-managers","status":"publish","type":"post","link":"https:\/\/www.gereso.com\/actualites\/2017\/09\/19\/intelligence-prismatique-decouvrez-le-profil-le-plus-repandu-chez-les-managers\/","title":{"rendered":"Intelligence prismatique : D\u00e9couvrez le profil le plus r\u00e9pandu chez les managers&#8230;"},"content":{"rendered":"<p>L\u2019<strong>intelligence prismatique <\/strong>est une approche de la personnalit\u00e9 qui associe <strong>l\u2019intelligence cognitive<\/strong> \u00e0 <strong>l\u2019intelligence comportementale <\/strong>pour d\u00e9crire les <strong>strat\u00e9gies d\u2019adaptation<\/strong> mises en \u0153uvre par l\u2019individu hors pression et sous pression afin de s\u2019adapter \u00e0 son environnement.<\/p>\n<p>A travers la pr\u00e9sentation de<strong> 16 Talents <\/strong>(Animateur, Expansif, Meneur, Innovateur, Facilitateur, \u00c9picurien, Organisateur, R\u00e9aliste, Cr\u00e9atif, Id\u00e9aliste, Perfectionniste, Penseur, Protecteur, Discret, Gardien, Pragmatique), elle permet de mieux comprendre <strong>les leviers de d\u00e9veloppement de la personnalit\u00e9<\/strong> mais aussi de d\u00e9gager les risques d\u2019\u00e9puisement mental et physique dus \u00e0 une mise sous pression continue.<\/p>\n<p>Selon une \u00e9tude r\u00e9alis\u00e9e aupr\u00e8s de <strong>1 284 personnes,<\/strong> le Talent le plus repr\u00e9sent\u00e9 chez les managers, hommes ou femmes, est celui de l\u2019<strong>Organisateur<\/strong>.<\/p>\n<p>Dans cet extrait de l\u2019ouvrage <strong>\u00ab\u00a0R\u00e9v\u00e9lez votre Talent avec l\u2019intelligence prismatique\u00a0\u00bb<\/strong> publi\u00e9 aux \u00e9ditions GERESO, d\u00e9couvrez les principaux traits de caract\u00e8re de <strong>l\u2019Organisateur\u00a0:<\/strong><\/p>\n<h2><strong>Personnalit\u00e9<\/strong><\/h2>\n<p>Organisateurs logiques et m\u00e9thodiques, les Organisateurs appr\u00e9cient de mener leurs actions \u00e0 travers des m\u00e9thodes connues et d\u00e9j\u00e0 \u00e9prouv\u00e9es. Ils seront <strong>respectueux des proc\u00e9dures<\/strong> qu\u2019ils appliqueront avec rigueur et pr\u00e9cision.<\/p>\n<p><strong>Respectueux des r\u00e8gles<\/strong> et des traditions, ils favoriseront tout ce qui peut aider au bon fonctionnement des institutions.<\/p>\n<p>Ayant un grand <strong>sens des responsabilit\u00e9s<\/strong>, ils sont en g\u00e9n\u00e9ral dignes de confiance. Faisant preuve d\u2019un <strong>fort engagement personnel<\/strong>, tant au niveau de leurs id\u00e9es que de leurs actions, ils feront l\u2019impossible pour tenir leur promesse.<\/p>\n<p>Dot\u00e9s de <strong>forte capacit\u00e9 de contact<\/strong>, ils n\u2019ont aucune difficult\u00e9 \u00e0 d\u00e9velopper des relations interpersonnelles sans pour autant d\u00e9voiler ce qu\u2019ils ressentent. Aimant particuli\u00e8rement programmer et organiser, ils peuvent devenir des dirigeants d\u2019associations et mettre en place des activit\u00e9s multiples.<\/p>\n<p>Leurs motivations reposent dans la satisfaction de r\u00e9alisations concr\u00e8tes et l\u2019efficacit\u00e9 des solutions qu\u2019ils auront su mettre en place. Ils sont <strong>respectueux de la hi\u00e9rarchie<\/strong> et attendent d\u2019\u00eatre respect\u00e9s de m\u00eame lorsqu\u2019ils ont une position hi\u00e9rarchique.<\/p>\n<p>Ils accordent beaucoup d\u2019attention \u00e0 la bonne ex\u00e9cution des activit\u00e9s et ils prennent plaisir \u00e0 <strong>planifier dans le d\u00e9tail<\/strong> les t\u00e2ches \u00e0 faire.<\/p>\n<p>Ils aiment apprendre des choses utiles dans leurs activit\u00e9s quotidiennes. Ils pr\u00e9f\u00e8rent int\u00e9grer un <strong>mode d\u2019enseignement bien programm\u00e9<\/strong> et planifi\u00e9.<\/p>\n<p>Ils ont une grande facilit\u00e9 \u00e0 s\u00e9curiser les modes de gestion et les t\u00e2ches administratives. Ils savent contribuer de mani\u00e8re efficace \u00e0 la mise en place concr\u00e8te des projets.<\/p>\n<h2><strong>Dans les organisations<\/strong><\/h2>\n<p>Les Organisateurs sont <strong>\u00e0 l\u2019aise dans la prise de d\u00e9cision<\/strong> et n\u2019ont pas peur de prendre des responsabilit\u00e9s en entreprise. Respectueux de l\u2019ordre et de l\u2019autorit\u00e9, ils se situent ais\u00e9ment dans un syst\u00e8me hi\u00e9rarchique. Ils excellent dans l\u2019\u00e9tablissement de proc\u00e9dures et savent fixer les normes qui permettront de les rendre op\u00e9rationnelles. Ils sauront planifier et contr\u00f4ler l\u2019ex\u00e9cution des t\u00e2ches n\u00e9cessaires \u00e0 la r\u00e9alisation des projets.<\/p>\n<h4><u>Style de leadership :<\/u><\/h4>\n<p>ils n\u2019ont pas peur de prendre les choses en main et savent utiliser les exp\u00e9riences pass\u00e9es pour r\u00e9soudre les probl\u00e8mes.<\/p>\n<h4><u>Mode d\u2019apprentissage<\/u><u> :<\/u><\/h4>\n<p>Ils pr\u00e9f\u00e8rent apprendre \u00e0 travers des apprentissages pratiques et structur\u00e9s avec un objectif d\u2019application rapide.<\/p>\n<h4><u>R\u00e9solution de probl\u00e8mes :<\/u><\/h4>\n<p>Ils analysent les situations de mani\u00e8re logique sur la base de faits et de d\u00e9tails pr\u00e9cis. Ils risquent de n\u00e9gliger le facteur humain et ne pas consid\u00e9rer les id\u00e9es des autres.<\/p>\n<h4><u>Environnement de travail :<\/u><\/h4>\n<p>Ils pr\u00e9f\u00e9reront travailler dans un environnement structur\u00e9, orient\u00e9 vers la productivit\u00e9 et l\u2019efficacit\u00e9. Ils appr\u00e9cieront des organisations apportant stabilit\u00e9 et pr\u00e9visibilit\u00e9.<\/p>\n<h2><strong>Leurs limites potentielles<\/strong><\/h2>\n<p>Leur go\u00fbt pour la r\u00e9alisation et leur facilit\u00e9 \u00e0 prendre des d\u00e9cisions peuvent les amener \u00e0 n\u00e9gliger la prise d\u2019information n\u00e9cessaire et \u00e0 prendre des d\u00e9cisions trop rapidement. Ils auront ensuite <strong>tendance \u00e0 vouloir imposer leurs d\u00e9cisions<\/strong> \u00e0 leur entourage sans tenir compte de leur avis, persuad\u00e9s que leur d\u00e9cision est la meilleure.<\/p>\n<p>Ils ont des <strong>difficult\u00e9s \u00e0 exprimer leurs sentiments<\/strong> et ne sont pas tr\u00e8s clairs sur leurs propres valeurs et sentiments. Ils privil\u00e9gient la conformit\u00e9 aux normes et ont du mal \u00e0 se construire leur propre syst\u00e8me de valeur.<\/p>\n<p>Ils sont tr\u00e8s <strong>critiques vis-\u00e0-vis des autres<\/strong> et mettront plus ais\u00e9ment en avant des appr\u00e9ciations n\u00e9gatives que positives. S\u2019ils ignorent trop longtemps leurs sentiments et \u00e9motions, ils peuvent se laisser submerger par des \u00e9motions fortes et incontr\u00f4lables.<\/p>\n<h2><strong>Axes de d\u00e9veloppement<\/strong><\/h2>\n<p>Avant de prendre une d\u00e9cision les Organisateurs auraient tout avantage \u00e0 int\u00e9grer l\u2019ensemble des param\u00e8tres, en y incluant le facteur humain. Ils devraient faire un effort pour davantage montrer leur appr\u00e9ciation des autres et \u00eatre plus ouverts \u00e0 leur mani\u00e8re de faire et de penser. Ils devraient <strong>accepter l\u2019impr\u00e9vu<\/strong> et ne pas vouloir syst\u00e9matiquement tout organiser et contr\u00f4ler.<\/p>\n<p>En que manager, cet ouvrage s\u2019impose comme LA r\u00e9f\u00e9rence vous permettant d\u2019<strong>identifier votre Talent<\/strong>, de mieux exploiter vos forces et de travailler sur vos faiblesses.<\/p>\n<p>Ouvrage disponible en <strong>version papier<\/strong> ou <strong>ebook\u00a0<\/strong>sur <strong><a href=\"http:\/\/www.la-librairie-rh.com\" target=\"_blank\" rel=\"noopener\">www.la-librairie-rh.com<\/a><\/strong><\/p>\n","protected":false},"excerpt":{"rendered":"<p>L\u2019intelligence prismatique est une approche de la personnalit\u00e9 qui associe l\u2019intelligence cognitive \u00e0 l\u2019intelligence comportementale pour d\u00e9crire les strat\u00e9gies d\u2019adaptation mises en \u0153uvre par l\u2019individu hors pression et sous pression afin de s\u2019adapter \u00e0 son environnement. A travers la pr\u00e9sentation de 16 Talents (Animateur, Expansif, Meneur, Innovateur, Facilitateur, \u00c9picurien, Organisateur, R\u00e9aliste, Cr\u00e9atif, Id\u00e9aliste, Perfectionniste, Penseur, [&hellip;]<\/p>\n","protected":false},"author":53,"featured_media":8419,"comment_status":"open","ping_status":"open","sticky":false,"template":"","format":"standard","meta":{"_acf_changed":false,"_mi_skip_tracking":false,"footnotes":""},"categories":[9,10],"tags":[1228,955,1247,55,1246,1245,1229],"class_list":["post-8417","post","type-post","status-publish","format-standard","has-post-thumbnail","hentry","category-developpement-personnel-et-efficacite-professionnelle","category-management-et-leadership","tag-intelligence-prismatique","tag-leadership","tag-management-de-personnes","tag-manager","tag-organisateur","tag-personnalite","tag-talent"],"acf":[],"yoast_head":"<!-- This site is optimized with the Yoast SEO plugin v23.4 - https:\/\/yoast.com\/wordpress\/plugins\/seo\/ -->\n<title>Intelligence prismatique : D\u00e9couvrez le profil le plus r\u00e9pandu chez les managers... - Le Blog GERESO<\/title>\n<meta name=\"robots\" content=\"index, follow, max-snippet:-1, max-image-preview:large, max-video-preview:-1\" \/>\n<link rel=\"canonical\" href=\"https:\/\/www.gereso.com\/actualites\/2017\/09\/19\/intelligence-prismatique-decouvrez-le-profil-le-plus-repandu-chez-les-managers\/\" \/>\n<meta property=\"og:locale\" content=\"fr_FR\" \/>\n<meta property=\"og:type\" content=\"article\" \/>\n<meta property=\"og:title\" content=\"Intelligence prismatique : D\u00e9couvrez le profil le plus r\u00e9pandu chez les managers... - Le Blog GERESO\" \/>\n<meta property=\"og:description\" content=\"L\u2019intelligence prismatique est une approche de la personnalit\u00e9 qui associe l\u2019intelligence cognitive \u00e0 l\u2019intelligence comportementale pour d\u00e9crire les strat\u00e9gies d\u2019adaptation mises en \u0153uvre par l\u2019individu hors pression et sous pression afin de s\u2019adapter \u00e0 son environnement. A travers la pr\u00e9sentation de 16 Talents (Animateur, Expansif, Meneur, Innovateur, Facilitateur, \u00c9picurien, Organisateur, R\u00e9aliste, Cr\u00e9atif, Id\u00e9aliste, Perfectionniste, Penseur, [&hellip;]\" \/>\n<meta property=\"og:url\" content=\"https:\/\/www.gereso.com\/actualites\/2017\/09\/19\/intelligence-prismatique-decouvrez-le-profil-le-plus-repandu-chez-les-managers\/\" \/>\n<meta property=\"og:site_name\" content=\"Le Blog GERESO\" \/>\n<meta property=\"article:published_time\" content=\"2017-09-19T12:20:02+00:00\" \/>\n<meta property=\"article:modified_time\" content=\"2022-03-14T09:34:49+00:00\" \/>\n<meta property=\"og:image\" content=\"https:\/\/www.gereso.com\/actualites\/wp-content\/uploads\/2017\/09\/Intelligence-prismatique-organisateur.jpg\" \/>\n\t<meta property=\"og:image:width\" content=\"600\" \/>\n\t<meta property=\"og:image:height\" content=\"400\" \/>\n\t<meta property=\"og:image:type\" content=\"image\/jpeg\" \/>\n<meta name=\"author\" content=\"Magali Norrito\" \/>\n<meta name=\"twitter:card\" content=\"summary_large_image\" \/>\n<script type=\"application\/ld+json\" class=\"yoast-schema-graph\">{\"@context\":\"https:\/\/schema.org\",\"@graph\":[{\"@type\":\"WebPage\",\"@id\":\"https:\/\/www.gereso.com\/actualites\/2017\/09\/19\/intelligence-prismatique-decouvrez-le-profil-le-plus-repandu-chez-les-managers\/\",\"url\":\"https:\/\/www.gereso.com\/actualites\/2017\/09\/19\/intelligence-prismatique-decouvrez-le-profil-le-plus-repandu-chez-les-managers\/\",\"name\":\"Intelligence prismatique : D\u00e9couvrez le profil le plus r\u00e9pandu chez les managers... - Le Blog GERESO\",\"isPartOf\":{\"@id\":\"https:\/\/www.gereso.com\/actualites\/#website\"},\"primaryImageOfPage\":{\"@id\":\"https:\/\/www.gereso.com\/actualites\/2017\/09\/19\/intelligence-prismatique-decouvrez-le-profil-le-plus-repandu-chez-les-managers\/#primaryimage\"},\"image\":{\"@id\":\"https:\/\/www.gereso.com\/actualites\/2017\/09\/19\/intelligence-prismatique-decouvrez-le-profil-le-plus-repandu-chez-les-managers\/#primaryimage\"},\"thumbnailUrl\":\"https:\/\/www.gereso.com\/actualites\/wp-content\/uploads\/2017\/09\/Intelligence-prismatique-organisateur.jpg\",\"datePublished\":\"2017-09-19T12:20:02+00:00\",\"dateModified\":\"2022-03-14T09:34:49+00:00\",\"author\":{\"@id\":\"https:\/\/www.gereso.com\/actualites\/#\/schema\/person\/e124f2237379101cc03b841f0ed642f8\"},\"breadcrumb\":{\"@id\":\"https:\/\/www.gereso.com\/actualites\/2017\/09\/19\/intelligence-prismatique-decouvrez-le-profil-le-plus-repandu-chez-les-managers\/#breadcrumb\"},\"inLanguage\":\"fr-FR\",\"potentialAction\":[{\"@type\":\"ReadAction\",\"target\":[\"https:\/\/www.gereso.com\/actualites\/2017\/09\/19\/intelligence-prismatique-decouvrez-le-profil-le-plus-repandu-chez-les-managers\/\"]}]},{\"@type\":\"ImageObject\",\"inLanguage\":\"fr-FR\",\"@id\":\"https:\/\/www.gereso.com\/actualites\/2017\/09\/19\/intelligence-prismatique-decouvrez-le-profil-le-plus-repandu-chez-les-managers\/#primaryimage\",\"url\":\"https:\/\/www.gereso.com\/actualites\/wp-content\/uploads\/2017\/09\/Intelligence-prismatique-organisateur.jpg\",\"contentUrl\":\"https:\/\/www.gereso.com\/actualites\/wp-content\/uploads\/2017\/09\/Intelligence-prismatique-organisateur.jpg\",\"width\":600,\"height\":400,\"caption\":\"Intelligence-prismatique-organisateur\"},{\"@type\":\"BreadcrumbList\",\"@id\":\"https:\/\/www.gereso.com\/actualites\/2017\/09\/19\/intelligence-prismatique-decouvrez-le-profil-le-plus-repandu-chez-les-managers\/#breadcrumb\",\"itemListElement\":[{\"@type\":\"ListItem\",\"position\":1,\"name\":\"Home\",\"item\":\"https:\/\/www.gereso.com\/actualites\/\"},{\"@type\":\"ListItem\",\"position\":2,\"name\":\"Intelligence prismatique : D\u00e9couvrez le profil le plus r\u00e9pandu chez les managers&#8230;\"}]},{\"@type\":\"WebSite\",\"@id\":\"https:\/\/www.gereso.com\/actualites\/#website\",\"url\":\"https:\/\/www.gereso.com\/actualites\/\",\"name\":\"Le Blog GERESO\",\"description\":\"Toute l&#039;actu RH, Finance, Fonction Publique, Management...\",\"potentialAction\":[{\"@type\":\"SearchAction\",\"target\":{\"@type\":\"EntryPoint\",\"urlTemplate\":\"https:\/\/www.gereso.com\/actualites\/?s={search_term_string}\"},\"query-input\":{\"@type\":\"PropertyValueSpecification\",\"valueRequired\":true,\"valueName\":\"search_term_string\"}}],\"inLanguage\":\"fr-FR\"},{\"@type\":\"Person\",\"@id\":\"https:\/\/www.gereso.com\/actualites\/#\/schema\/person\/e124f2237379101cc03b841f0ed642f8\",\"name\":\"Magali Norrito\",\"image\":{\"@type\":\"ImageObject\",\"inLanguage\":\"fr-FR\",\"@id\":\"https:\/\/www.gereso.com\/actualites\/#\/schema\/person\/image\/\",\"url\":\"https:\/\/www.gereso.com\/actualites\/wp-content\/uploads\/2017\/09\/magali-norrito-144x144.jpg\",\"contentUrl\":\"https:\/\/www.gereso.com\/actualites\/wp-content\/uploads\/2017\/09\/magali-norrito-144x144.jpg\",\"caption\":\"Magali Norrito\"},\"description\":\"Auteur de l'ouvrage \\\"R\u00e9v\u00e9lez votre Talent avec l'intelligence prismatique\\\" aux \u00e9ditions GERESO, et Co-Fondatrice d\u2019Executive Profiler, Magali Norrito se consacre depuis de nombreuses ann\u00e9es \u00e0 l\u2019\u00e9tude de la performance professionnelle et notamment au niveau du comportement des individus. Forte d'une longue exp\u00e9rience dans le management des RH en France et \u00e0 l\u2019international, elle est la cr\u00e9atrice de l\u2019ensemble des questionnaires psychom\u00e9triques d\u2019Executive Profiler.\",\"sameAs\":[\"https:\/\/www.executiveprofiler.net\/\"],\"url\":\"https:\/\/www.gereso.com\/actualites\/author\/m-norrito\/\"}]}<\/script>\n<!-- \/ Yoast SEO plugin. -->","yoast_head_json":{"title":"Intelligence prismatique : D\u00e9couvrez le profil le plus r\u00e9pandu chez les managers... - Le Blog GERESO","robots":{"index":"index","follow":"follow","max-snippet":"max-snippet:-1","max-image-preview":"max-image-preview:large","max-video-preview":"max-video-preview:-1"},"canonical":"https:\/\/www.gereso.com\/actualites\/2017\/09\/19\/intelligence-prismatique-decouvrez-le-profil-le-plus-repandu-chez-les-managers\/","og_locale":"fr_FR","og_type":"article","og_title":"Intelligence prismatique : D\u00e9couvrez le profil le plus r\u00e9pandu chez les managers... - Le Blog GERESO","og_description":"L\u2019intelligence prismatique est une approche de la personnalit\u00e9 qui associe l\u2019intelligence cognitive \u00e0 l\u2019intelligence comportementale pour d\u00e9crire les strat\u00e9gies d\u2019adaptation mises en \u0153uvre par l\u2019individu hors pression et sous pression afin de s\u2019adapter \u00e0 son environnement. A travers la pr\u00e9sentation de 16 Talents (Animateur, Expansif, Meneur, Innovateur, Facilitateur, \u00c9picurien, Organisateur, R\u00e9aliste, Cr\u00e9atif, Id\u00e9aliste, Perfectionniste, Penseur, [&hellip;]","og_url":"https:\/\/www.gereso.com\/actualites\/2017\/09\/19\/intelligence-prismatique-decouvrez-le-profil-le-plus-repandu-chez-les-managers\/","og_site_name":"Le Blog GERESO","article_published_time":"2017-09-19T12:20:02+00:00","article_modified_time":"2022-03-14T09:34:49+00:00","og_image":[{"width":600,"height":400,"url":"https:\/\/www.gereso.com\/actualites\/wp-content\/uploads\/2017\/09\/Intelligence-prismatique-organisateur.jpg","type":"image\/jpeg"}],"author":"Magali Norrito","twitter_card":"summary_large_image","schema":{"@context":"https:\/\/schema.org","@graph":[{"@type":"WebPage","@id":"https:\/\/www.gereso.com\/actualites\/2017\/09\/19\/intelligence-prismatique-decouvrez-le-profil-le-plus-repandu-chez-les-managers\/","url":"https:\/\/www.gereso.com\/actualites\/2017\/09\/19\/intelligence-prismatique-decouvrez-le-profil-le-plus-repandu-chez-les-managers\/","name":"Intelligence prismatique : D\u00e9couvrez le profil le plus r\u00e9pandu chez les managers... - Le Blog GERESO","isPartOf":{"@id":"https:\/\/www.gereso.com\/actualites\/#website"},"primaryImageOfPage":{"@id":"https:\/\/www.gereso.com\/actualites\/2017\/09\/19\/intelligence-prismatique-decouvrez-le-profil-le-plus-repandu-chez-les-managers\/#primaryimage"},"image":{"@id":"https:\/\/www.gereso.com\/actualites\/2017\/09\/19\/intelligence-prismatique-decouvrez-le-profil-le-plus-repandu-chez-les-managers\/#primaryimage"},"thumbnailUrl":"https:\/\/www.gereso.com\/actualites\/wp-content\/uploads\/2017\/09\/Intelligence-prismatique-organisateur.jpg","datePublished":"2017-09-19T12:20:02+00:00","dateModified":"2022-03-14T09:34:49+00:00","author":{"@id":"https:\/\/www.gereso.com\/actualites\/#\/schema\/person\/e124f2237379101cc03b841f0ed642f8"},"breadcrumb":{"@id":"https:\/\/www.gereso.com\/actualites\/2017\/09\/19\/intelligence-prismatique-decouvrez-le-profil-le-plus-repandu-chez-les-managers\/#breadcrumb"},"inLanguage":"fr-FR","potentialAction":[{"@type":"ReadAction","target":["https:\/\/www.gereso.com\/actualites\/2017\/09\/19\/intelligence-prismatique-decouvrez-le-profil-le-plus-repandu-chez-les-managers\/"]}]},{"@type":"ImageObject","inLanguage":"fr-FR","@id":"https:\/\/www.gereso.com\/actualites\/2017\/09\/19\/intelligence-prismatique-decouvrez-le-profil-le-plus-repandu-chez-les-managers\/#primaryimage","url":"https:\/\/www.gereso.com\/actualites\/wp-content\/uploads\/2017\/09\/Intelligence-prismatique-organisateur.jpg","contentUrl":"https:\/\/www.gereso.com\/actualites\/wp-content\/uploads\/2017\/09\/Intelligence-prismatique-organisateur.jpg","width":600,"height":400,"caption":"Intelligence-prismatique-organisateur"},{"@type":"BreadcrumbList","@id":"https:\/\/www.gereso.com\/actualites\/2017\/09\/19\/intelligence-prismatique-decouvrez-le-profil-le-plus-repandu-chez-les-managers\/#breadcrumb","itemListElement":[{"@type":"ListItem","position":1,"name":"Home","item":"https:\/\/www.gereso.com\/actualites\/"},{"@type":"ListItem","position":2,"name":"Intelligence prismatique : D\u00e9couvrez le profil le plus r\u00e9pandu chez les managers&#8230;"}]},{"@type":"WebSite","@id":"https:\/\/www.gereso.com\/actualites\/#website","url":"https:\/\/www.gereso.com\/actualites\/","name":"Le Blog GERESO","description":"Toute l&#039;actu RH, Finance, Fonction Publique, Management...","potentialAction":[{"@type":"SearchAction","target":{"@type":"EntryPoint","urlTemplate":"https:\/\/www.gereso.com\/actualites\/?s={search_term_string}"},"query-input":{"@type":"PropertyValueSpecification","valueRequired":true,"valueName":"search_term_string"}}],"inLanguage":"fr-FR"},{"@type":"Person","@id":"https:\/\/www.gereso.com\/actualites\/#\/schema\/person\/e124f2237379101cc03b841f0ed642f8","name":"Magali Norrito","image":{"@type":"ImageObject","inLanguage":"fr-FR","@id":"https:\/\/www.gereso.com\/actualites\/#\/schema\/person\/image\/","url":"https:\/\/www.gereso.com\/actualites\/wp-content\/uploads\/2017\/09\/magali-norrito-144x144.jpg","contentUrl":"https:\/\/www.gereso.com\/actualites\/wp-content\/uploads\/2017\/09\/magali-norrito-144x144.jpg","caption":"Magali Norrito"},"description":"Auteur de l'ouvrage \"R\u00e9v\u00e9lez votre Talent avec l'intelligence prismatique\" aux \u00e9ditions GERESO, et Co-Fondatrice d\u2019Executive Profiler, Magali Norrito se consacre depuis de nombreuses ann\u00e9es \u00e0 l\u2019\u00e9tude de la performance professionnelle et notamment au niveau du comportement des individus. Forte d'une longue exp\u00e9rience dans le management des RH en France et \u00e0 l\u2019international, elle est la cr\u00e9atrice de l\u2019ensemble des questionnaires psychom\u00e9triques d\u2019Executive Profiler.","sameAs":["https:\/\/www.executiveprofiler.net\/"],"url":"https:\/\/www.gereso.com\/actualites\/author\/m-norrito\/"}]}},"_links":{"self":[{"href":"https:\/\/www.gereso.com\/actualites\/wp-json\/wp\/v2\/posts\/8417","targetHints":{"allow":["GET"]}}],"collection":[{"href":"https:\/\/www.gereso.com\/actualites\/wp-json\/wp\/v2\/posts"}],"about":[{"href":"https:\/\/www.gereso.com\/actualites\/wp-json\/wp\/v2\/types\/post"}],"author":[{"embeddable":true,"href":"https:\/\/www.gereso.com\/actualites\/wp-json\/wp\/v2\/users\/53"}],"replies":[{"embeddable":true,"href":"https:\/\/www.gereso.com\/actualites\/wp-json\/wp\/v2\/comments?post=8417"}],"version-history":[{"count":9,"href":"https:\/\/www.gereso.com\/actualites\/wp-json\/wp\/v2\/posts\/8417\/revisions"}],"predecessor-version":[{"id":26316,"href":"https:\/\/www.gereso.com\/actualites\/wp-json\/wp\/v2\/posts\/8417\/revisions\/26316"}],"wp:featuredmedia":[{"embeddable":true,"href":"https:\/\/www.gereso.com\/actualites\/wp-json\/wp\/v2\/media\/8419"}],"wp:attachment":[{"href":"https:\/\/www.gereso.com\/actualites\/wp-json\/wp\/v2\/media?parent=8417"}],"wp:term":[{"taxonomy":"category","embeddable":true,"href":"https:\/\/www.gereso.com\/actualites\/wp-json\/wp\/v2\/categories?post=8417"},{"taxonomy":"post_tag","embeddable":true,"href":"https:\/\/www.gereso.com\/actualites\/wp-json\/wp\/v2\/tags?post=8417"}],"curies":[{"name":"wp","href":"https:\/\/api.w.org\/{rel}","templated":true}]}}