{"id":8500,"date":"2017-10-05T22:38:17","date_gmt":"2017-10-05T20:38:17","guid":{"rendered":"https:\/\/www.gereso.com\/actualites\/?p=8500"},"modified":"2017-10-05T22:38:17","modified_gmt":"2017-10-05T20:38:17","slug":"cice-6-2018-suppression-en-2019","status":"publish","type":"post","link":"https:\/\/www.gereso.com\/actualites\/2017\/10\/05\/cice-6-2018-suppression-en-2019\/","title":{"rendered":"CICE \u00e0 6% en 2018 et suppression en 2019"},"content":{"rendered":"<p>L&rsquo;article 42 du projet de loi de finances pour 2018 pr\u00e9voit de modifier puis de supprimer le cr\u00e9dit d&rsquo;imp\u00f4t comp\u00e9titivit\u00e9 emploi (<strong>CICE<\/strong>).<\/p>\n<h2>Baisse du CICE en 2018<\/h2>\n<p>Instaur\u00e9 \u00e0 compter de l&rsquo;ann\u00e9e civile 2013, le <strong>CICE<\/strong> est calcul\u00e9 sur la base des salaires bruts vers\u00e9s par l&rsquo;entreprise et n&rsquo;exc\u00e9dant pas <strong>2,5 SMIC<\/strong>. Alors que ce dispositif s&rsquo;apparente \u00e0 une r\u00e9duction du co\u00fbt du travail en faveur des entreprises, il prend pourtant la forme d&rsquo;un cr\u00e9dit d&rsquo;imp\u00f4t venant s&rsquo;imputer sur l&rsquo;imp\u00f4t sur les b\u00e9n\u00e9fices.<\/p>\n<p>Initialement fix\u00e9 \u00e0 4%, le taux du CICE est ensuite pass\u00e9 \u00e0 6% entre 2014 et 2016 puis \u00e0 <strong>7% en 2017<\/strong>.<\/p>\n<p>L&rsquo;article 42 du PLF 2018 pr\u00e9voit \u00e0 compter du 1er janvier <strong>2018<\/strong> de refaire passer le taux du <strong>CICE \u00e0 6%<\/strong>.<\/p>\n<h2>Remplacement en 2019 par une baisse de cotisations patronales<\/h2>\n<p>En 2019, le projet de budget pr\u00e9voit la suppression de ce cr\u00e9dit d&rsquo;imp\u00f4t et son <strong>remplacement<\/strong> par une r\u00e9duction p\u00e9renne de cotisations patronales. Le dossier de presse du projet de loi de financement de la s\u00e9curit\u00e9 sociale (PLFSS 2018) pr\u00e9cise les modalit\u00e9s de cette r\u00e9duction :<\/p>\n<ul>\n<li><strong>all\u00e8gement uniforme de 6 points<\/strong> des cotisations sociales patronales d&rsquo;assurance maladie pour les r\u00e9mun\u00e9rations inf\u00e9rieures \u00e0 2,5 SMIC<\/li>\n<li>renforcement des all\u00e8gements g\u00e9n\u00e9raux de cotisations sociales patronales pour les salaires inf\u00e9rieurs \u00e0 1,6 SMIC et d\u00e9passant m\u00eame <strong>10 points<\/strong> pour un salari\u00e9 r\u00e9mun\u00e9r\u00e9 au <strong>SMIC<\/strong>. Cette r\u00e9duction suppl\u00e9mentaire concernera la cotisation d&rsquo;assurance ch\u00f4mage et de retraite compl\u00e9mentaire.<\/li>\n<\/ul>\n<p>Une telle r\u00e9duction revient \u00e0 neutraliser en totalit\u00e9 les cotisations sociales patronales dues au titre d&rsquo;un salari\u00e9 r\u00e9mun\u00e9r\u00e9 au SMIC \u00e0 l&rsquo;exception de la cotisation d&rsquo;accident du travail et des charges fiscales sur salaire (taxe d&rsquo;apprentissage, versement transport, participation \u00e0 l&rsquo;effort de construction, etc.).<\/p>\n<p>Le dossier de presse du PLFSS 2018 pr\u00e9cise qu&rsquo;un salari\u00e9 au SMIC dans une entreprise de moins de 11 salari\u00e9s co\u00fbte actuellement 18.430 \u20ac \u00e0 l&#8217;employeur, CICE compris. En 2019, ce co\u00fbt ne sera plus que de 17.913 \u20ac soit une <strong>\u00e9conomie de 517 \u20ac.<\/strong><\/p>\n<p>En 2019, le <strong>CITS<\/strong> (cr\u00e9dit d&rsquo;imp\u00f4t sur la taxe sur les salaires) dont b\u00e9n\u00e9ficient notamment les associations et autres organismes \u00e0 but non lucratif sera \u00e9galement <strong>supprim\u00e9<\/strong>. Ces organismes b\u00e9n\u00e9ficieront \u00e9galement de la r\u00e9duction de cotisations patronales dans les m\u00eames conditions.<\/p>\n","protected":false},"excerpt":{"rendered":"<p>L&rsquo;article 42 du projet de loi de finances pour 2018 pr\u00e9voit de modifier puis de supprimer le cr\u00e9dit d&rsquo;imp\u00f4t comp\u00e9titivit\u00e9 emploi (CICE). Baisse du CICE en 2018 Instaur\u00e9 \u00e0 compter de l&rsquo;ann\u00e9e civile 2013, le CICE est calcul\u00e9 sur la base des salaires bruts vers\u00e9s par l&rsquo;entreprise et n&rsquo;exc\u00e9dant pas 2,5 SMIC. Alors que ce [&hellip;]<\/p>\n","protected":false},"author":45,"featured_media":0,"comment_status":"open","ping_status":"open","sticky":false,"template":"","format":"quote","meta":{"_acf_changed":false,"_mi_skip_tracking":false,"footnotes":""},"categories":[12,3],"tags":[219],"class_list":["post-8500","post","type-post","status-publish","format-quote","hentry","category-actualites","category-comptabilite-fiscalite-et-gestion-financiere","tag-cice","post_format-post-format-quote"],"acf":[],"yoast_head":"<!-- This site is optimized with the Yoast SEO plugin v23.4 - https:\/\/yoast.com\/wordpress\/plugins\/seo\/ -->\n<title>CICE \u00e0 6% en 2018 et suppression en 2019 - Le Blog GERESO<\/title>\n<meta name=\"robots\" content=\"index, follow, max-snippet:-1, max-image-preview:large, max-video-preview:-1\" \/>\n<link rel=\"canonical\" href=\"https:\/\/www.gereso.com\/actualites\/2017\/10\/05\/cice-6-2018-suppression-en-2019\/\" \/>\n<meta property=\"og:locale\" content=\"fr_FR\" \/>\n<meta property=\"og:type\" content=\"article\" \/>\n<meta property=\"og:title\" content=\"CICE \u00e0 6% en 2018 et suppression en 2019 - Le Blog GERESO\" \/>\n<meta property=\"og:description\" content=\"L&rsquo;article 42 du projet de loi de finances pour 2018 pr\u00e9voit de modifier puis de supprimer le cr\u00e9dit d&rsquo;imp\u00f4t comp\u00e9titivit\u00e9 emploi (CICE). Baisse du CICE en 2018 Instaur\u00e9 \u00e0 compter de l&rsquo;ann\u00e9e civile 2013, le CICE est calcul\u00e9 sur la base des salaires bruts vers\u00e9s par l&rsquo;entreprise et n&rsquo;exc\u00e9dant pas 2,5 SMIC. Alors que ce [&hellip;]\" \/>\n<meta property=\"og:url\" content=\"https:\/\/www.gereso.com\/actualites\/2017\/10\/05\/cice-6-2018-suppression-en-2019\/\" \/>\n<meta property=\"og:site_name\" content=\"Le Blog GERESO\" \/>\n<meta property=\"article:published_time\" content=\"2017-10-05T20:38:17+00:00\" \/>\n<meta name=\"author\" content=\"Damien P\u00e9an\" \/>\n<meta name=\"twitter:card\" content=\"summary_large_image\" \/>\n<script type=\"application\/ld+json\" class=\"yoast-schema-graph\">{\"@context\":\"https:\/\/schema.org\",\"@graph\":[{\"@type\":\"WebPage\",\"@id\":\"https:\/\/www.gereso.com\/actualites\/2017\/10\/05\/cice-6-2018-suppression-en-2019\/\",\"url\":\"https:\/\/www.gereso.com\/actualites\/2017\/10\/05\/cice-6-2018-suppression-en-2019\/\",\"name\":\"CICE \u00e0 6% en 2018 et suppression en 2019 - Le Blog GERESO\",\"isPartOf\":{\"@id\":\"https:\/\/www.gereso.com\/actualites\/#website\"},\"datePublished\":\"2017-10-05T20:38:17+00:00\",\"dateModified\":\"2017-10-05T20:38:17+00:00\",\"author\":{\"@id\":\"https:\/\/www.gereso.com\/actualites\/#\/schema\/person\/c91814f92d627ed4715993fbbf7c7e8d\"},\"breadcrumb\":{\"@id\":\"https:\/\/www.gereso.com\/actualites\/2017\/10\/05\/cice-6-2018-suppression-en-2019\/#breadcrumb\"},\"inLanguage\":\"fr-FR\",\"potentialAction\":[{\"@type\":\"ReadAction\",\"target\":[\"https:\/\/www.gereso.com\/actualites\/2017\/10\/05\/cice-6-2018-suppression-en-2019\/\"]}]},{\"@type\":\"BreadcrumbList\",\"@id\":\"https:\/\/www.gereso.com\/actualites\/2017\/10\/05\/cice-6-2018-suppression-en-2019\/#breadcrumb\",\"itemListElement\":[{\"@type\":\"ListItem\",\"position\":1,\"name\":\"Home\",\"item\":\"https:\/\/www.gereso.com\/actualites\/\"},{\"@type\":\"ListItem\",\"position\":2,\"name\":\"CICE \u00e0 6% en 2018 et suppression en 2019\"}]},{\"@type\":\"WebSite\",\"@id\":\"https:\/\/www.gereso.com\/actualites\/#website\",\"url\":\"https:\/\/www.gereso.com\/actualites\/\",\"name\":\"Le Blog GERESO\",\"description\":\"Toute l&#039;actu RH, Finance, Fonction Publique, Management...\",\"potentialAction\":[{\"@type\":\"SearchAction\",\"target\":{\"@type\":\"EntryPoint\",\"urlTemplate\":\"https:\/\/www.gereso.com\/actualites\/?s={search_term_string}\"},\"query-input\":{\"@type\":\"PropertyValueSpecification\",\"valueRequired\":true,\"valueName\":\"search_term_string\"}}],\"inLanguage\":\"fr-FR\"},{\"@type\":\"Person\",\"@id\":\"https:\/\/www.gereso.com\/actualites\/#\/schema\/person\/c91814f92d627ed4715993fbbf7c7e8d\",\"name\":\"Damien P\u00e9an\",\"image\":{\"@type\":\"ImageObject\",\"inLanguage\":\"fr-FR\",\"@id\":\"https:\/\/www.gereso.com\/actualites\/#\/schema\/person\/image\/\",\"url\":\"https:\/\/www.gereso.com\/actualites\/wp-content\/uploads\/2016\/03\/damien-pean.jpg\",\"contentUrl\":\"https:\/\/www.gereso.com\/actualites\/wp-content\/uploads\/2016\/03\/damien-pean.jpg\",\"caption\":\"Damien P\u00e9an\"},\"description\":\"Damien P\u00c9AN est titulaire du Dipl\u00f4me d'\u00e9tudes sup\u00e9rieures comptables et financi\u00e8res (DESCF). Il intervient depuis plusieurs ann\u00e9es aupr\u00e8s d'\u00e9tudiants en licence de comptabilit\u00e9 et de gestion, \u00e0 qui il enseigne le contr\u00f4le de gestion, la comptabilit\u00e9 approfondie, le management, la fiscalit\u00e9, le droit des soci\u00e9t\u00e9s et le droit du travail. Il intervient \u00e9galement en formation continue pour le compte de divers organismes de formation sur des th\u00e9matiques techniques en comptabilit\u00e9 et fiscalit\u00e9. Il forme aussi un public de non-initi\u00e9s aux fondamentaux de la finance.\",\"url\":\"https:\/\/www.gereso.com\/actualites\/author\/d-pean\/\"}]}<\/script>\n<!-- \/ Yoast SEO plugin. -->","yoast_head_json":{"title":"CICE \u00e0 6% en 2018 et suppression en 2019 - Le Blog GERESO","robots":{"index":"index","follow":"follow","max-snippet":"max-snippet:-1","max-image-preview":"max-image-preview:large","max-video-preview":"max-video-preview:-1"},"canonical":"https:\/\/www.gereso.com\/actualites\/2017\/10\/05\/cice-6-2018-suppression-en-2019\/","og_locale":"fr_FR","og_type":"article","og_title":"CICE \u00e0 6% en 2018 et suppression en 2019 - Le Blog GERESO","og_description":"L&rsquo;article 42 du projet de loi de finances pour 2018 pr\u00e9voit de modifier puis de supprimer le cr\u00e9dit d&rsquo;imp\u00f4t comp\u00e9titivit\u00e9 emploi (CICE). Baisse du CICE en 2018 Instaur\u00e9 \u00e0 compter de l&rsquo;ann\u00e9e civile 2013, le CICE est calcul\u00e9 sur la base des salaires bruts vers\u00e9s par l&rsquo;entreprise et n&rsquo;exc\u00e9dant pas 2,5 SMIC. Alors que ce [&hellip;]","og_url":"https:\/\/www.gereso.com\/actualites\/2017\/10\/05\/cice-6-2018-suppression-en-2019\/","og_site_name":"Le Blog GERESO","article_published_time":"2017-10-05T20:38:17+00:00","author":"Damien P\u00e9an","twitter_card":"summary_large_image","schema":{"@context":"https:\/\/schema.org","@graph":[{"@type":"WebPage","@id":"https:\/\/www.gereso.com\/actualites\/2017\/10\/05\/cice-6-2018-suppression-en-2019\/","url":"https:\/\/www.gereso.com\/actualites\/2017\/10\/05\/cice-6-2018-suppression-en-2019\/","name":"CICE \u00e0 6% en 2018 et suppression en 2019 - Le Blog GERESO","isPartOf":{"@id":"https:\/\/www.gereso.com\/actualites\/#website"},"datePublished":"2017-10-05T20:38:17+00:00","dateModified":"2017-10-05T20:38:17+00:00","author":{"@id":"https:\/\/www.gereso.com\/actualites\/#\/schema\/person\/c91814f92d627ed4715993fbbf7c7e8d"},"breadcrumb":{"@id":"https:\/\/www.gereso.com\/actualites\/2017\/10\/05\/cice-6-2018-suppression-en-2019\/#breadcrumb"},"inLanguage":"fr-FR","potentialAction":[{"@type":"ReadAction","target":["https:\/\/www.gereso.com\/actualites\/2017\/10\/05\/cice-6-2018-suppression-en-2019\/"]}]},{"@type":"BreadcrumbList","@id":"https:\/\/www.gereso.com\/actualites\/2017\/10\/05\/cice-6-2018-suppression-en-2019\/#breadcrumb","itemListElement":[{"@type":"ListItem","position":1,"name":"Home","item":"https:\/\/www.gereso.com\/actualites\/"},{"@type":"ListItem","position":2,"name":"CICE \u00e0 6% en 2018 et suppression en 2019"}]},{"@type":"WebSite","@id":"https:\/\/www.gereso.com\/actualites\/#website","url":"https:\/\/www.gereso.com\/actualites\/","name":"Le Blog GERESO","description":"Toute l&#039;actu RH, Finance, Fonction Publique, Management...","potentialAction":[{"@type":"SearchAction","target":{"@type":"EntryPoint","urlTemplate":"https:\/\/www.gereso.com\/actualites\/?s={search_term_string}"},"query-input":{"@type":"PropertyValueSpecification","valueRequired":true,"valueName":"search_term_string"}}],"inLanguage":"fr-FR"},{"@type":"Person","@id":"https:\/\/www.gereso.com\/actualites\/#\/schema\/person\/c91814f92d627ed4715993fbbf7c7e8d","name":"Damien P\u00e9an","image":{"@type":"ImageObject","inLanguage":"fr-FR","@id":"https:\/\/www.gereso.com\/actualites\/#\/schema\/person\/image\/","url":"https:\/\/www.gereso.com\/actualites\/wp-content\/uploads\/2016\/03\/damien-pean.jpg","contentUrl":"https:\/\/www.gereso.com\/actualites\/wp-content\/uploads\/2016\/03\/damien-pean.jpg","caption":"Damien P\u00e9an"},"description":"Damien P\u00c9AN est titulaire du Dipl\u00f4me d'\u00e9tudes sup\u00e9rieures comptables et financi\u00e8res (DESCF). Il intervient depuis plusieurs ann\u00e9es aupr\u00e8s d'\u00e9tudiants en licence de comptabilit\u00e9 et de gestion, \u00e0 qui il enseigne le contr\u00f4le de gestion, la comptabilit\u00e9 approfondie, le management, la fiscalit\u00e9, le droit des soci\u00e9t\u00e9s et le droit du travail. Il intervient \u00e9galement en formation continue pour le compte de divers organismes de formation sur des th\u00e9matiques techniques en comptabilit\u00e9 et fiscalit\u00e9. Il forme aussi un public de non-initi\u00e9s aux fondamentaux de la finance.","url":"https:\/\/www.gereso.com\/actualites\/author\/d-pean\/"}]}},"_links":{"self":[{"href":"https:\/\/www.gereso.com\/actualites\/wp-json\/wp\/v2\/posts\/8500","targetHints":{"allow":["GET"]}}],"collection":[{"href":"https:\/\/www.gereso.com\/actualites\/wp-json\/wp\/v2\/posts"}],"about":[{"href":"https:\/\/www.gereso.com\/actualites\/wp-json\/wp\/v2\/types\/post"}],"author":[{"embeddable":true,"href":"https:\/\/www.gereso.com\/actualites\/wp-json\/wp\/v2\/users\/45"}],"replies":[{"embeddable":true,"href":"https:\/\/www.gereso.com\/actualites\/wp-json\/wp\/v2\/comments?post=8500"}],"version-history":[{"count":1,"href":"https:\/\/www.gereso.com\/actualites\/wp-json\/wp\/v2\/posts\/8500\/revisions"}],"predecessor-version":[{"id":8501,"href":"https:\/\/www.gereso.com\/actualites\/wp-json\/wp\/v2\/posts\/8500\/revisions\/8501"}],"wp:attachment":[{"href":"https:\/\/www.gereso.com\/actualites\/wp-json\/wp\/v2\/media?parent=8500"}],"wp:term":[{"taxonomy":"category","embeddable":true,"href":"https:\/\/www.gereso.com\/actualites\/wp-json\/wp\/v2\/categories?post=8500"},{"taxonomy":"post_tag","embeddable":true,"href":"https:\/\/www.gereso.com\/actualites\/wp-json\/wp\/v2\/tags?post=8500"}],"curies":[{"name":"wp","href":"https:\/\/api.w.org\/{rel}","templated":true}]}}