{"id":8590,"date":"2017-10-27T10:00:00","date_gmt":"2017-10-27T08:00:00","guid":{"rendered":"https:\/\/www.gereso.com\/actualites\/?p=8590"},"modified":"2022-03-14T11:34:50","modified_gmt":"2022-03-14T09:34:50","slug":"intelligence-prismatique-talent-penseur","status":"publish","type":"post","link":"https:\/\/www.gereso.com\/actualites\/2017\/10\/27\/intelligence-prismatique-talent-penseur\/","title":{"rendered":"Intelligence prismatique : Mieux manager les personnalit\u00e9s introverties\u2026"},"content":{"rendered":"<p>A travers la pr\u00e9sentation de<strong> 16 Talents <\/strong>(Animateur, Expansif, Meneur, Innovateur, Facilitateur, \u00c9picurien, Organisateur, R\u00e9aliste, Cr\u00e9atif, Id\u00e9aliste, Perfectionniste, Penseur, Protecteur, Discret, Gardien, Pragmatique), elle permet de mieux comprendre <strong>les leviers de d\u00e9veloppement de la personnalit\u00e9<\/strong> mais aussi de d\u00e9gager les risques d\u2019\u00e9puisement mental et physique dus \u00e0 une mise sous pression continue.<\/p>\n<p>Dans cet extrait de l\u2019ouvrage <strong>\u00ab\u00a0R\u00e9v\u00e9lez votre Talent avec l\u2019intelligence prismatique\u00a0\u00bb<\/strong> publi\u00e9 aux \u00e9ditions GERESO, d\u00e9couvrez les principaux traits de caract\u00e8re du <strong>Penseur<\/strong>, l&rsquo;un des <strong>Talents le plus d\u00e9licat \u00e0 g\u00e9rer pour les manager<\/strong>\u00a0<strong>:<\/strong><\/p>\n<h2><strong>Personnalit\u00e9<\/strong><\/h2>\n<p>Analystes \u00e0 la pens\u00e9e profonde, les Penseurs cherchent inlassablement <strong>le \u00ab pourquoi \u00bb des choses<\/strong>. Leur pens\u00e9e introvertie analyse, ordonne et tente d\u2019expliquer les donn\u00e9es complexes r\u00e9colt\u00e9es dans le monde qui les entoure. Pour eux <strong>le processus de pens\u00e9e est plus important que le r\u00e9sultat<\/strong> et ils s\u2019investissent plus difficilement dans la mise en oeuvre de leurs id\u00e9es.<\/p>\n<p>Par plaisir intellectuel, ils sont pr\u00eats \u00e0 remettre en cause toute connaissances et m\u00e9thodes acquises. Ils en \u00e9tudient le fonctionnement de mani\u00e8re logique et en d\u00e9gagent les forces et les faiblesses avec neutralit\u00e9. Ils <strong>recherchent des solutions<\/strong> pour corriger les erreurs. Leur critique appara\u00eet parfois aux autres comme incisive car ils n\u2019h\u00e9sitent pas \u00e0 <strong>poser les questions qui d\u00e9rangent<\/strong> si cela leur semble utile.<\/p>\n<p>Ils abordent presque tout avec un <strong>regard sceptique<\/strong> et font passer par le crible de leur pens\u00e9e logique les normes et les r\u00e8glements. Ils forgent leurs <strong>propres opinions<\/strong> et les mettent en oeuvre sans faillir. Mais ils ne d\u00e9sirent ma\u00eetriser les situations que sur un plan intellectuel et ne feront rien pour imposer leur mod\u00e8le aux autres. Si leurs principes fondamentaux sont remis en cause, ils peuvent <strong>refuser de s\u2019adapter et devenir tr\u00e8s critiques<\/strong>.<\/p>\n<p>\u00c0 l\u2019aise avec les concepts et les th\u00e9ories complexes, ils d\u00e9veloppent des mod\u00e8les d\u2019analyses et des syst\u00e8mes logiques capables de r\u00e9soudre des probl\u00e8mes \u00e0 court et long termes. Ils appr\u00e9cient de <strong>travailler seuls<\/strong> et d\u2019avoir la libert\u00e9 du choix des id\u00e9es et des m\u00e9thodes.<\/p>\n<p>Les Penseurs se sentent <strong>plus \u00e0 l\u2019aise dans l\u2019\u00e9change intellectuel que dans l\u2019\u00e9change des sentiments<\/strong>. Ils peuvent \u00eatre per\u00e7us comme des observateurs calmes et d\u00e9tach\u00e9s, <strong>soucieux de leur autonomie<\/strong>. Ils sortent cependant de leur r\u00e9serve lorsqu\u2019ils dominent un sujet et attachent alors une grande importance \u00e0 la pr\u00e9cision de leurs propos.<\/p>\n<p>Leur agilit\u00e9 intellectuelle risque parfois de nuire \u00e0 l\u2019efficacit\u00e9 de leur communication car il n\u2019est pas toujours ais\u00e9 pour eux de transmettre de mani\u00e8re simple la complexit\u00e9 de leur pens\u00e9e. Ils nourrissent leur curiosit\u00e9 intellectuelle \u00e0 travers des apprentissages vari\u00e9s.<\/p>\n<h2><strong>Dans les organisations<\/strong><\/h2>\n<p>Les Penseurs apportent \u00e0 l\u2019organisation leur capacit\u00e9 d\u2019analyse et de logique rationnelle. Ils excellent particuli\u00e8rement dans la <strong>conceptualisation de solutions complexes<\/strong> en vue de r\u00e9soudre des probl\u00e8mes ardus.<\/p>\n<p>Plus orient\u00e9s vers la recherche de la solution que vers sa mise en place op\u00e9rationnelle, ils interagissent surtout au niveau intellectuel et pr\u00e9f\u00e8rent rester plus distants au niveau des sentiments. Ils sont plus dans une <strong>logique de comp\u00e9tence<\/strong> que de statut.<\/p>\n<h4><u>Style de leadership :<\/u><\/h4>\n<p>Ils s\u2019appuient sur leur expertise pour diriger les personnes et convaincre \u00e0 travers leur analyse logique.<\/p>\n<h4><u>Mode d\u2019apprentissage<\/u><u> :<\/u><\/h4>\n<p>Ils sont tr\u00e8s exigeants sur le niveau d\u2019expertise de leurs formateurs et appr\u00e9cient des formations permettant de faire des liens avec d\u2019autres disciplines.<\/p>\n<h4><u>R\u00e9solution de probl\u00e8mes :<\/u><\/h4>\n<p>Ils structurent leur pens\u00e9e int\u00e9rieurement et ont besoin de temps et d\u2019espace pour d\u00e9velopper en profondeur les solutions qu\u2019ils \u00e9laborent.<\/p>\n<h4><u>Environnement de travail :<\/u><\/h4>\n<p>Ils pr\u00e9f\u00e8rent un environnement flexible, calme qui permette de travailler seuls et de mani\u00e8re ind\u00e9pendante et autonome. Ils ont besoin qu\u2019on leur reconnaisse leur expertise et l\u2019originalit\u00e9 de leur pens\u00e9e et qu\u2019on ne les soumette pas \u00e0 des proc\u00e9dures administratives ou de contr\u00f4le.<\/p>\n<h2><strong>Leurs limites potentielles<\/strong><\/h2>\n<p>Valorisant la r\u00e9flexion profonde, les Penseurs risquent parfois de <strong>trop intellectualiser<\/strong> et de privil\u00e9gier une approche th\u00e9orique des situations. Ils peuvent \u00e9prouver des <strong>difficult\u00e9s \u00e0 communiquer clairement<\/strong> et simplement leur pens\u00e9e complexe et perdre leur interlocuteur dans des explications compliqu\u00e9es.<\/p>\n<p>Leur recherche d\u2019explication logique les am\u00e8ne dans certaines situations \u00e0 mettre trop l\u2019accent sur des incoh\u00e9rences mineures et par cons\u00e9quent \u00e0 avoir des <strong>difficult\u00e9s \u00e0 m\u00e9nager les susceptibilit\u00e9s des uns et des autres<\/strong>.<\/p>\n<p>Plus \u00e0 l\u2019aise sur les phases de conceptualisation que sur les phases de r\u00e9alisation, ils \u00e9prouvent plus de difficult\u00e9 \u00e0 d\u00e9terminer des objectifs r\u00e9alistes et op\u00e9rationnels.<\/p>\n<p>Prenant beaucoup de plaisir aux \u00e9changes intellectuels, ils <strong>peuvent d\u00e9stabiliser les personnes ayant moins d\u2019aisance dans ce domaine<\/strong> ou ayant besoin d\u2019\u00e9tablir des liens de confiance affective dans les relations interpersonnelles.<\/p>\n<h2><strong>Axes de d\u00e9veloppement<\/strong><\/h2>\n<p>Les Penseurs devraient <strong>davantage int\u00e9grer des faits concrets<\/strong>\u00a0dans leur r\u00e9flexion, qui les aideraient \u00e0 valider ou \u00e0 invalider leur approche th\u00e9orique.<\/p>\n<p>En d\u00e9veloppant une <strong>approche moins th\u00e9orique de la r\u00e9alit\u00e9<\/strong>, ils se rapprocheraient de leurs sentiments et de ceux des autres. Ils gagneraient en diplomatie et en sens relationnel.<\/p>\n<p>&nbsp;<\/p>\n<p>Ouvrage disponible en <strong>version papier<\/strong> ou <strong>ebook\u00a0<\/strong>sur <strong><a href=\"http:\/\/www.la-librairie-rh.com\" target=\"_blank\" rel=\"noopener\">www.la-librairie-rh.com<\/a><\/strong><\/p>\n","protected":false},"excerpt":{"rendered":"<p>A travers la pr\u00e9sentation de 16 Talents (Animateur, Expansif, Meneur, Innovateur, Facilitateur, \u00c9picurien, Organisateur, R\u00e9aliste, Cr\u00e9atif, Id\u00e9aliste, Perfectionniste, Penseur, Protecteur, Discret, Gardien, Pragmatique), elle permet de mieux comprendre les leviers de d\u00e9veloppement de la personnalit\u00e9 mais aussi de d\u00e9gager les risques d\u2019\u00e9puisement mental et physique dus \u00e0 une mise sous pression continue. Dans cet extrait [&hellip;]<\/p>\n","protected":false},"author":53,"featured_media":8591,"comment_status":"open","ping_status":"open","sticky":false,"template":"","format":"standard","meta":{"_acf_changed":false,"_mi_skip_tracking":false,"footnotes":""},"categories":[9,10],"tags":[1228,1286,55,1287,1245,1229],"class_list":["post-8590","post","type-post","status-publish","format-standard","has-post-thumbnail","hentry","category-developpement-personnel-et-efficacite-professionnelle","category-management-et-leadership","tag-intelligence-prismatique","tag-management-de-personne","tag-manager","tag-penseur","tag-personnalite","tag-talent"],"acf":[],"yoast_head":"<!-- This site is optimized with the Yoast SEO plugin v23.4 - https:\/\/yoast.com\/wordpress\/plugins\/seo\/ -->\n<title>Intelligence prismatique : Mieux manager les personnalit\u00e9s introverties\u2026 - Le Blog GERESO<\/title>\n<meta name=\"robots\" content=\"index, follow, max-snippet:-1, max-image-preview:large, max-video-preview:-1\" \/>\n<link rel=\"canonical\" href=\"https:\/\/www.gereso.com\/actualites\/2017\/10\/27\/intelligence-prismatique-talent-penseur\/\" \/>\n<meta property=\"og:locale\" content=\"fr_FR\" \/>\n<meta property=\"og:type\" content=\"article\" \/>\n<meta property=\"og:title\" content=\"Intelligence prismatique : Mieux manager les personnalit\u00e9s introverties\u2026 - Le Blog GERESO\" \/>\n<meta property=\"og:description\" content=\"A travers la pr\u00e9sentation de 16 Talents (Animateur, Expansif, Meneur, Innovateur, Facilitateur, \u00c9picurien, Organisateur, R\u00e9aliste, Cr\u00e9atif, Id\u00e9aliste, Perfectionniste, Penseur, Protecteur, Discret, Gardien, Pragmatique), elle permet de mieux comprendre les leviers de d\u00e9veloppement de la personnalit\u00e9 mais aussi de d\u00e9gager les risques d\u2019\u00e9puisement mental et physique dus \u00e0 une mise sous pression continue. Dans cet extrait [&hellip;]\" \/>\n<meta property=\"og:url\" content=\"https:\/\/www.gereso.com\/actualites\/2017\/10\/27\/intelligence-prismatique-talent-penseur\/\" \/>\n<meta property=\"og:site_name\" content=\"Le Blog GERESO\" \/>\n<meta property=\"article:published_time\" content=\"2017-10-27T08:00:00+00:00\" \/>\n<meta property=\"article:modified_time\" content=\"2022-03-14T09:34:50+00:00\" \/>\n<meta property=\"og:image\" content=\"https:\/\/www.gereso.com\/actualites\/wp-content\/uploads\/2017\/10\/Intelligence-prismatique-penseur.jpg\" \/>\n\t<meta property=\"og:image:width\" content=\"600\" \/>\n\t<meta property=\"og:image:height\" content=\"400\" \/>\n\t<meta property=\"og:image:type\" content=\"image\/jpeg\" \/>\n<meta name=\"author\" content=\"Magali Norrito\" \/>\n<meta name=\"twitter:card\" content=\"summary_large_image\" \/>\n<script type=\"application\/ld+json\" class=\"yoast-schema-graph\">{\"@context\":\"https:\/\/schema.org\",\"@graph\":[{\"@type\":\"WebPage\",\"@id\":\"https:\/\/www.gereso.com\/actualites\/2017\/10\/27\/intelligence-prismatique-talent-penseur\/\",\"url\":\"https:\/\/www.gereso.com\/actualites\/2017\/10\/27\/intelligence-prismatique-talent-penseur\/\",\"name\":\"Intelligence prismatique : Mieux manager les personnalit\u00e9s introverties\u2026 - Le Blog GERESO\",\"isPartOf\":{\"@id\":\"https:\/\/www.gereso.com\/actualites\/#website\"},\"primaryImageOfPage\":{\"@id\":\"https:\/\/www.gereso.com\/actualites\/2017\/10\/27\/intelligence-prismatique-talent-penseur\/#primaryimage\"},\"image\":{\"@id\":\"https:\/\/www.gereso.com\/actualites\/2017\/10\/27\/intelligence-prismatique-talent-penseur\/#primaryimage\"},\"thumbnailUrl\":\"https:\/\/www.gereso.com\/actualites\/wp-content\/uploads\/2017\/10\/Intelligence-prismatique-penseur.jpg\",\"datePublished\":\"2017-10-27T08:00:00+00:00\",\"dateModified\":\"2022-03-14T09:34:50+00:00\",\"author\":{\"@id\":\"https:\/\/www.gereso.com\/actualites\/#\/schema\/person\/e124f2237379101cc03b841f0ed642f8\"},\"breadcrumb\":{\"@id\":\"https:\/\/www.gereso.com\/actualites\/2017\/10\/27\/intelligence-prismatique-talent-penseur\/#breadcrumb\"},\"inLanguage\":\"fr-FR\",\"potentialAction\":[{\"@type\":\"ReadAction\",\"target\":[\"https:\/\/www.gereso.com\/actualites\/2017\/10\/27\/intelligence-prismatique-talent-penseur\/\"]}]},{\"@type\":\"ImageObject\",\"inLanguage\":\"fr-FR\",\"@id\":\"https:\/\/www.gereso.com\/actualites\/2017\/10\/27\/intelligence-prismatique-talent-penseur\/#primaryimage\",\"url\":\"https:\/\/www.gereso.com\/actualites\/wp-content\/uploads\/2017\/10\/Intelligence-prismatique-penseur.jpg\",\"contentUrl\":\"https:\/\/www.gereso.com\/actualites\/wp-content\/uploads\/2017\/10\/Intelligence-prismatique-penseur.jpg\",\"width\":600,\"height\":400,\"caption\":\"Intelligence-prismatique-penseur\"},{\"@type\":\"BreadcrumbList\",\"@id\":\"https:\/\/www.gereso.com\/actualites\/2017\/10\/27\/intelligence-prismatique-talent-penseur\/#breadcrumb\",\"itemListElement\":[{\"@type\":\"ListItem\",\"position\":1,\"name\":\"Home\",\"item\":\"https:\/\/www.gereso.com\/actualites\/\"},{\"@type\":\"ListItem\",\"position\":2,\"name\":\"Intelligence prismatique : Mieux manager les personnalit\u00e9s introverties\u2026\"}]},{\"@type\":\"WebSite\",\"@id\":\"https:\/\/www.gereso.com\/actualites\/#website\",\"url\":\"https:\/\/www.gereso.com\/actualites\/\",\"name\":\"Le Blog GERESO\",\"description\":\"Toute l&#039;actu RH, Finance, Fonction Publique, Management...\",\"potentialAction\":[{\"@type\":\"SearchAction\",\"target\":{\"@type\":\"EntryPoint\",\"urlTemplate\":\"https:\/\/www.gereso.com\/actualites\/?s={search_term_string}\"},\"query-input\":{\"@type\":\"PropertyValueSpecification\",\"valueRequired\":true,\"valueName\":\"search_term_string\"}}],\"inLanguage\":\"fr-FR\"},{\"@type\":\"Person\",\"@id\":\"https:\/\/www.gereso.com\/actualites\/#\/schema\/person\/e124f2237379101cc03b841f0ed642f8\",\"name\":\"Magali Norrito\",\"image\":{\"@type\":\"ImageObject\",\"inLanguage\":\"fr-FR\",\"@id\":\"https:\/\/www.gereso.com\/actualites\/#\/schema\/person\/image\/\",\"url\":\"https:\/\/www.gereso.com\/actualites\/wp-content\/uploads\/2017\/09\/magali-norrito-144x144.jpg\",\"contentUrl\":\"https:\/\/www.gereso.com\/actualites\/wp-content\/uploads\/2017\/09\/magali-norrito-144x144.jpg\",\"caption\":\"Magali Norrito\"},\"description\":\"Auteur de l'ouvrage \\\"R\u00e9v\u00e9lez votre Talent avec l'intelligence prismatique\\\" aux \u00e9ditions GERESO, et Co-Fondatrice d\u2019Executive Profiler, Magali Norrito se consacre depuis de nombreuses ann\u00e9es \u00e0 l\u2019\u00e9tude de la performance professionnelle et notamment au niveau du comportement des individus. Forte d'une longue exp\u00e9rience dans le management des RH en France et \u00e0 l\u2019international, elle est la cr\u00e9atrice de l\u2019ensemble des questionnaires psychom\u00e9triques d\u2019Executive Profiler.\",\"sameAs\":[\"https:\/\/www.executiveprofiler.net\/\"],\"url\":\"https:\/\/www.gereso.com\/actualites\/author\/m-norrito\/\"}]}<\/script>\n<!-- \/ Yoast SEO plugin. -->","yoast_head_json":{"title":"Intelligence prismatique : Mieux manager les personnalit\u00e9s introverties\u2026 - Le Blog GERESO","robots":{"index":"index","follow":"follow","max-snippet":"max-snippet:-1","max-image-preview":"max-image-preview:large","max-video-preview":"max-video-preview:-1"},"canonical":"https:\/\/www.gereso.com\/actualites\/2017\/10\/27\/intelligence-prismatique-talent-penseur\/","og_locale":"fr_FR","og_type":"article","og_title":"Intelligence prismatique : Mieux manager les personnalit\u00e9s introverties\u2026 - Le Blog GERESO","og_description":"A travers la pr\u00e9sentation de 16 Talents (Animateur, Expansif, Meneur, Innovateur, Facilitateur, \u00c9picurien, Organisateur, R\u00e9aliste, Cr\u00e9atif, Id\u00e9aliste, Perfectionniste, Penseur, Protecteur, Discret, Gardien, Pragmatique), elle permet de mieux comprendre les leviers de d\u00e9veloppement de la personnalit\u00e9 mais aussi de d\u00e9gager les risques d\u2019\u00e9puisement mental et physique dus \u00e0 une mise sous pression continue. Dans cet extrait [&hellip;]","og_url":"https:\/\/www.gereso.com\/actualites\/2017\/10\/27\/intelligence-prismatique-talent-penseur\/","og_site_name":"Le Blog GERESO","article_published_time":"2017-10-27T08:00:00+00:00","article_modified_time":"2022-03-14T09:34:50+00:00","og_image":[{"width":600,"height":400,"url":"https:\/\/www.gereso.com\/actualites\/wp-content\/uploads\/2017\/10\/Intelligence-prismatique-penseur.jpg","type":"image\/jpeg"}],"author":"Magali Norrito","twitter_card":"summary_large_image","schema":{"@context":"https:\/\/schema.org","@graph":[{"@type":"WebPage","@id":"https:\/\/www.gereso.com\/actualites\/2017\/10\/27\/intelligence-prismatique-talent-penseur\/","url":"https:\/\/www.gereso.com\/actualites\/2017\/10\/27\/intelligence-prismatique-talent-penseur\/","name":"Intelligence prismatique : Mieux manager les personnalit\u00e9s introverties\u2026 - Le Blog GERESO","isPartOf":{"@id":"https:\/\/www.gereso.com\/actualites\/#website"},"primaryImageOfPage":{"@id":"https:\/\/www.gereso.com\/actualites\/2017\/10\/27\/intelligence-prismatique-talent-penseur\/#primaryimage"},"image":{"@id":"https:\/\/www.gereso.com\/actualites\/2017\/10\/27\/intelligence-prismatique-talent-penseur\/#primaryimage"},"thumbnailUrl":"https:\/\/www.gereso.com\/actualites\/wp-content\/uploads\/2017\/10\/Intelligence-prismatique-penseur.jpg","datePublished":"2017-10-27T08:00:00+00:00","dateModified":"2022-03-14T09:34:50+00:00","author":{"@id":"https:\/\/www.gereso.com\/actualites\/#\/schema\/person\/e124f2237379101cc03b841f0ed642f8"},"breadcrumb":{"@id":"https:\/\/www.gereso.com\/actualites\/2017\/10\/27\/intelligence-prismatique-talent-penseur\/#breadcrumb"},"inLanguage":"fr-FR","potentialAction":[{"@type":"ReadAction","target":["https:\/\/www.gereso.com\/actualites\/2017\/10\/27\/intelligence-prismatique-talent-penseur\/"]}]},{"@type":"ImageObject","inLanguage":"fr-FR","@id":"https:\/\/www.gereso.com\/actualites\/2017\/10\/27\/intelligence-prismatique-talent-penseur\/#primaryimage","url":"https:\/\/www.gereso.com\/actualites\/wp-content\/uploads\/2017\/10\/Intelligence-prismatique-penseur.jpg","contentUrl":"https:\/\/www.gereso.com\/actualites\/wp-content\/uploads\/2017\/10\/Intelligence-prismatique-penseur.jpg","width":600,"height":400,"caption":"Intelligence-prismatique-penseur"},{"@type":"BreadcrumbList","@id":"https:\/\/www.gereso.com\/actualites\/2017\/10\/27\/intelligence-prismatique-talent-penseur\/#breadcrumb","itemListElement":[{"@type":"ListItem","position":1,"name":"Home","item":"https:\/\/www.gereso.com\/actualites\/"},{"@type":"ListItem","position":2,"name":"Intelligence prismatique : Mieux manager les personnalit\u00e9s introverties\u2026"}]},{"@type":"WebSite","@id":"https:\/\/www.gereso.com\/actualites\/#website","url":"https:\/\/www.gereso.com\/actualites\/","name":"Le Blog GERESO","description":"Toute l&#039;actu RH, Finance, Fonction Publique, Management...","potentialAction":[{"@type":"SearchAction","target":{"@type":"EntryPoint","urlTemplate":"https:\/\/www.gereso.com\/actualites\/?s={search_term_string}"},"query-input":{"@type":"PropertyValueSpecification","valueRequired":true,"valueName":"search_term_string"}}],"inLanguage":"fr-FR"},{"@type":"Person","@id":"https:\/\/www.gereso.com\/actualites\/#\/schema\/person\/e124f2237379101cc03b841f0ed642f8","name":"Magali Norrito","image":{"@type":"ImageObject","inLanguage":"fr-FR","@id":"https:\/\/www.gereso.com\/actualites\/#\/schema\/person\/image\/","url":"https:\/\/www.gereso.com\/actualites\/wp-content\/uploads\/2017\/09\/magali-norrito-144x144.jpg","contentUrl":"https:\/\/www.gereso.com\/actualites\/wp-content\/uploads\/2017\/09\/magali-norrito-144x144.jpg","caption":"Magali Norrito"},"description":"Auteur de l'ouvrage \"R\u00e9v\u00e9lez votre Talent avec l'intelligence prismatique\" aux \u00e9ditions GERESO, et Co-Fondatrice d\u2019Executive Profiler, Magali Norrito se consacre depuis de nombreuses ann\u00e9es \u00e0 l\u2019\u00e9tude de la performance professionnelle et notamment au niveau du comportement des individus. Forte d'une longue exp\u00e9rience dans le management des RH en France et \u00e0 l\u2019international, elle est la cr\u00e9atrice de l\u2019ensemble des questionnaires psychom\u00e9triques d\u2019Executive Profiler.","sameAs":["https:\/\/www.executiveprofiler.net\/"],"url":"https:\/\/www.gereso.com\/actualites\/author\/m-norrito\/"}]}},"_links":{"self":[{"href":"https:\/\/www.gereso.com\/actualites\/wp-json\/wp\/v2\/posts\/8590","targetHints":{"allow":["GET"]}}],"collection":[{"href":"https:\/\/www.gereso.com\/actualites\/wp-json\/wp\/v2\/posts"}],"about":[{"href":"https:\/\/www.gereso.com\/actualites\/wp-json\/wp\/v2\/types\/post"}],"author":[{"embeddable":true,"href":"https:\/\/www.gereso.com\/actualites\/wp-json\/wp\/v2\/users\/53"}],"replies":[{"embeddable":true,"href":"https:\/\/www.gereso.com\/actualites\/wp-json\/wp\/v2\/comments?post=8590"}],"version-history":[{"count":3,"href":"https:\/\/www.gereso.com\/actualites\/wp-json\/wp\/v2\/posts\/8590\/revisions"}],"predecessor-version":[{"id":26317,"href":"https:\/\/www.gereso.com\/actualites\/wp-json\/wp\/v2\/posts\/8590\/revisions\/26317"}],"wp:featuredmedia":[{"embeddable":true,"href":"https:\/\/www.gereso.com\/actualites\/wp-json\/wp\/v2\/media\/8591"}],"wp:attachment":[{"href":"https:\/\/www.gereso.com\/actualites\/wp-json\/wp\/v2\/media?parent=8590"}],"wp:term":[{"taxonomy":"category","embeddable":true,"href":"https:\/\/www.gereso.com\/actualites\/wp-json\/wp\/v2\/categories?post=8590"},{"taxonomy":"post_tag","embeddable":true,"href":"https:\/\/www.gereso.com\/actualites\/wp-json\/wp\/v2\/tags?post=8590"}],"curies":[{"name":"wp","href":"https:\/\/api.w.org\/{rel}","templated":true}]}}