{"id":8619,"date":"2017-11-06T07:00:23","date_gmt":"2017-11-06T05:00:23","guid":{"rendered":"https:\/\/www.gereso.com\/actualites\/?p=8619"},"modified":"2017-11-05T04:05:14","modified_gmt":"2017-11-05T02:05:14","slug":"contribution-exceptionnelle-et-contribution-additionnelle","status":"publish","type":"post","link":"https:\/\/www.gereso.com\/actualites\/2017\/11\/06\/contribution-exceptionnelle-et-contribution-additionnelle\/","title":{"rendered":"Contribution exceptionnelle et contribution additionnelle"},"content":{"rendered":"<p>Le premier projet de loi de finances rectificative pour 2017 (PLFR 2017) a \u00e9t\u00e9 pr\u00e9sent\u00e9 en Conseil des ministres ce 2 novembre 2017. Il a \u00e9t\u00e9 adopt\u00e9 par la Commission des finances de l\u2019Assembl\u00e9e nationale d\u00e8s le lendemain. Il pr\u00e9voit l\u2019instauration d\u2019une imposition sur les b\u00e9n\u00e9fices suppl\u00e9mentaire pour les soci\u00e9t\u00e9s dont le chiffre d\u2019affaires exc\u00e8de <strong>1 milliard \u20ac.<\/strong><\/p>\n<h2><strong>Contributions de 15%<\/strong><\/h2>\n<p>Ce texte vise principalement \u00e0 trouver des recettes permettant de faire face \u00e0 la r\u00e9cente d\u00e9cision du Conseil constitutionnel (d\u00e9cision QPC\u00a0n\u00b02017-660 du 6 octobre 2017) qui a censur\u00e9 dans sa globalit\u00e9 la contribution sur les revenus distribu\u00e9s (<strong>taxe \u00e0 3% sur les dividendes<\/strong>).<\/p>\n<p>L\u2019article premier du PLFR 2017 pr\u00e9voit en cons\u00e9quence d\u2019instaurer deux taxes\u00a0:<\/p>\n<ul>\n<li>Pour les soci\u00e9t\u00e9s dont le chiffre d\u2019affaires exc\u00e8de 1 milliard \u20ac\u00a0: une <strong>contribution exceptionnelle<\/strong> \u00e9gale \u00e0 15% de l\u2019IS d\u00fb avant imputation des r\u00e9ductions et cr\u00e9dits d\u2019imp\u00f4t<\/li>\n<li>Pour les soci\u00e9t\u00e9s dont le chiffre d\u2019affaires exc\u00e8de 3 milliards \u20ac\u00a0: une <strong>contribution additionnelle<\/strong> qui s\u2019\u00e9l\u00e8ve \u00e9galement \u00e0 15% de l\u2019IS.<\/li>\n<\/ul>\n<p>Compte tenu du taux d\u2019IS \u00e0 taux normal au taux de 33,1\/3%, ces contributions \u00e9quivalent \u00e0 un taux d\u2019IS suppl\u00e9mentaire de 5% chacune (33,1\/3% x 15%). Avec l\u2019IS et la CSB (contribution sur les b\u00e9n\u00e9fices, \u00e9gale \u00e0 3,3% de l\u2019IS), le taux global d\u2019imposition sur les soci\u00e9t\u00e9s s\u2019\u00e9l\u00e8vera ainsi pour ces soci\u00e9t\u00e9s \u00e0 <strong>39,43%<\/strong> et m\u00eame \u00e0 <strong>44,43%<\/strong> pour les soci\u00e9t\u00e9s dont le chiffre d\u2019affaires d\u00e9passe 3 milliards \u20ac. En tout, 320 entreprises ou groupes seraient concern\u00e9s par l\u2019une ou l\u2019autre de ces taxes.<\/p>\n<h2><strong>Versement anticip\u00e9 pour le 20 d\u00e9cembre<\/strong><\/h2>\n<p>Les 5 milliards \u20ac de recettes que l\u2019Etat esp\u00e8re obtenir de ces 2 contributions financeront en partie les remboursements estim\u00e9s \u00e0 environ 10 milliards \u20ac au titre de la censure de la contribution sur les revenus distribu\u00e9s.<\/p>\n<p>Afin que ces recettes puissent \u00eatre encaiss\u00e9es principalement sur 2017, pour assurer un d\u00e9ficit inf\u00e9rieur \u00e0 3% du PIB, le budget rectificatif pr\u00e9voit un versement anticip\u00e9 de ces contributions en m\u00eame temps que le <strong>dernier acompte d\u2019IS<\/strong>. Au lieu du 15 d\u00e9cembre, le texte fixe au <strong>20 d\u00e9cembre 2017<\/strong>, la date limite de versement de ce versement anticip\u00e9 qui devra s\u2019\u00e9lever \u00e0 95% des contributions exceptionnelles et additionnelles estim\u00e9es. Le solde sera \u00e0 verser en m\u00eame temps que le solde de l\u2019IS (15 mai 2018 pour une cl\u00f4ture au 31 d\u00e9cembre 2017).<\/p>\n<p>Ces contributions ne seront dues que pour les exercices clos entre le 31 d\u00e9cembre 2017 et le 30 d\u00e9cembre 2018.<\/p>\n","protected":false},"excerpt":{"rendered":"<p>Le premier projet de loi de finances rectificative pour 2017 (PLFR 2017) a \u00e9t\u00e9 pr\u00e9sent\u00e9 en Conseil des ministres ce 2 novembre 2017. Il a \u00e9t\u00e9 adopt\u00e9 par la Commission des finances de l\u2019Assembl\u00e9e nationale d\u00e8s le lendemain. Il pr\u00e9voit l\u2019instauration d\u2019une imposition sur les b\u00e9n\u00e9fices suppl\u00e9mentaire pour les soci\u00e9t\u00e9s dont le chiffre d\u2019affaires exc\u00e8de [&hellip;]<\/p>\n","protected":false},"author":45,"featured_media":0,"comment_status":"open","ping_status":"open","sticky":false,"template":"","format":"quote","meta":{"_acf_changed":false,"_mi_skip_tracking":false,"footnotes":""},"categories":[12,3],"tags":[874],"class_list":["post-8619","post","type-post","status-publish","format-quote","hentry","category-actualites","category-comptabilite-fiscalite-et-gestion-financiere","tag-impot-sur-les-societes","post_format-post-format-quote"],"acf":[],"yoast_head":"<!-- This site is optimized with the Yoast SEO plugin v23.4 - https:\/\/yoast.com\/wordpress\/plugins\/seo\/ -->\n<title>Contribution exceptionnelle et contribution additionnelle - Le Blog GERESO<\/title>\n<meta name=\"robots\" content=\"index, follow, max-snippet:-1, max-image-preview:large, max-video-preview:-1\" \/>\n<link rel=\"canonical\" href=\"https:\/\/www.gereso.com\/actualites\/2017\/11\/06\/contribution-exceptionnelle-et-contribution-additionnelle\/\" \/>\n<meta property=\"og:locale\" content=\"fr_FR\" \/>\n<meta property=\"og:type\" content=\"article\" \/>\n<meta property=\"og:title\" content=\"Contribution exceptionnelle et contribution additionnelle - Le Blog GERESO\" \/>\n<meta property=\"og:description\" content=\"Le premier projet de loi de finances rectificative pour 2017 (PLFR 2017) a \u00e9t\u00e9 pr\u00e9sent\u00e9 en Conseil des ministres ce 2 novembre 2017. Il a \u00e9t\u00e9 adopt\u00e9 par la Commission des finances de l\u2019Assembl\u00e9e nationale d\u00e8s le lendemain. Il pr\u00e9voit l\u2019instauration d\u2019une imposition sur les b\u00e9n\u00e9fices suppl\u00e9mentaire pour les soci\u00e9t\u00e9s dont le chiffre d\u2019affaires exc\u00e8de [&hellip;]\" \/>\n<meta property=\"og:url\" content=\"https:\/\/www.gereso.com\/actualites\/2017\/11\/06\/contribution-exceptionnelle-et-contribution-additionnelle\/\" \/>\n<meta property=\"og:site_name\" content=\"Le Blog GERESO\" \/>\n<meta property=\"article:published_time\" content=\"2017-11-06T05:00:23+00:00\" \/>\n<meta property=\"article:modified_time\" content=\"2017-11-05T02:05:14+00:00\" \/>\n<meta name=\"author\" content=\"Damien P\u00e9an\" \/>\n<meta name=\"twitter:card\" content=\"summary_large_image\" \/>\n<script type=\"application\/ld+json\" class=\"yoast-schema-graph\">{\"@context\":\"https:\/\/schema.org\",\"@graph\":[{\"@type\":\"WebPage\",\"@id\":\"https:\/\/www.gereso.com\/actualites\/2017\/11\/06\/contribution-exceptionnelle-et-contribution-additionnelle\/\",\"url\":\"https:\/\/www.gereso.com\/actualites\/2017\/11\/06\/contribution-exceptionnelle-et-contribution-additionnelle\/\",\"name\":\"Contribution exceptionnelle et contribution additionnelle - Le Blog GERESO\",\"isPartOf\":{\"@id\":\"https:\/\/www.gereso.com\/actualites\/#website\"},\"datePublished\":\"2017-11-06T05:00:23+00:00\",\"dateModified\":\"2017-11-05T02:05:14+00:00\",\"author\":{\"@id\":\"https:\/\/www.gereso.com\/actualites\/#\/schema\/person\/c91814f92d627ed4715993fbbf7c7e8d\"},\"breadcrumb\":{\"@id\":\"https:\/\/www.gereso.com\/actualites\/2017\/11\/06\/contribution-exceptionnelle-et-contribution-additionnelle\/#breadcrumb\"},\"inLanguage\":\"fr-FR\",\"potentialAction\":[{\"@type\":\"ReadAction\",\"target\":[\"https:\/\/www.gereso.com\/actualites\/2017\/11\/06\/contribution-exceptionnelle-et-contribution-additionnelle\/\"]}]},{\"@type\":\"BreadcrumbList\",\"@id\":\"https:\/\/www.gereso.com\/actualites\/2017\/11\/06\/contribution-exceptionnelle-et-contribution-additionnelle\/#breadcrumb\",\"itemListElement\":[{\"@type\":\"ListItem\",\"position\":1,\"name\":\"Home\",\"item\":\"https:\/\/www.gereso.com\/actualites\/\"},{\"@type\":\"ListItem\",\"position\":2,\"name\":\"Contribution exceptionnelle et contribution additionnelle\"}]},{\"@type\":\"WebSite\",\"@id\":\"https:\/\/www.gereso.com\/actualites\/#website\",\"url\":\"https:\/\/www.gereso.com\/actualites\/\",\"name\":\"Le Blog GERESO\",\"description\":\"Toute l&#039;actu RH, Finance, Fonction Publique, Management...\",\"potentialAction\":[{\"@type\":\"SearchAction\",\"target\":{\"@type\":\"EntryPoint\",\"urlTemplate\":\"https:\/\/www.gereso.com\/actualites\/?s={search_term_string}\"},\"query-input\":{\"@type\":\"PropertyValueSpecification\",\"valueRequired\":true,\"valueName\":\"search_term_string\"}}],\"inLanguage\":\"fr-FR\"},{\"@type\":\"Person\",\"@id\":\"https:\/\/www.gereso.com\/actualites\/#\/schema\/person\/c91814f92d627ed4715993fbbf7c7e8d\",\"name\":\"Damien P\u00e9an\",\"image\":{\"@type\":\"ImageObject\",\"inLanguage\":\"fr-FR\",\"@id\":\"https:\/\/www.gereso.com\/actualites\/#\/schema\/person\/image\/\",\"url\":\"https:\/\/www.gereso.com\/actualites\/wp-content\/uploads\/2016\/03\/damien-pean.jpg\",\"contentUrl\":\"https:\/\/www.gereso.com\/actualites\/wp-content\/uploads\/2016\/03\/damien-pean.jpg\",\"caption\":\"Damien P\u00e9an\"},\"description\":\"Damien P\u00c9AN est titulaire du Dipl\u00f4me d'\u00e9tudes sup\u00e9rieures comptables et financi\u00e8res (DESCF). Il intervient depuis plusieurs ann\u00e9es aupr\u00e8s d'\u00e9tudiants en licence de comptabilit\u00e9 et de gestion, \u00e0 qui il enseigne le contr\u00f4le de gestion, la comptabilit\u00e9 approfondie, le management, la fiscalit\u00e9, le droit des soci\u00e9t\u00e9s et le droit du travail. Il intervient \u00e9galement en formation continue pour le compte de divers organismes de formation sur des th\u00e9matiques techniques en comptabilit\u00e9 et fiscalit\u00e9. Il forme aussi un public de non-initi\u00e9s aux fondamentaux de la finance.\",\"url\":\"https:\/\/www.gereso.com\/actualites\/author\/d-pean\/\"}]}<\/script>\n<!-- \/ Yoast SEO plugin. -->","yoast_head_json":{"title":"Contribution exceptionnelle et contribution additionnelle - Le Blog GERESO","robots":{"index":"index","follow":"follow","max-snippet":"max-snippet:-1","max-image-preview":"max-image-preview:large","max-video-preview":"max-video-preview:-1"},"canonical":"https:\/\/www.gereso.com\/actualites\/2017\/11\/06\/contribution-exceptionnelle-et-contribution-additionnelle\/","og_locale":"fr_FR","og_type":"article","og_title":"Contribution exceptionnelle et contribution additionnelle - Le Blog GERESO","og_description":"Le premier projet de loi de finances rectificative pour 2017 (PLFR 2017) a \u00e9t\u00e9 pr\u00e9sent\u00e9 en Conseil des ministres ce 2 novembre 2017. Il a \u00e9t\u00e9 adopt\u00e9 par la Commission des finances de l\u2019Assembl\u00e9e nationale d\u00e8s le lendemain. Il pr\u00e9voit l\u2019instauration d\u2019une imposition sur les b\u00e9n\u00e9fices suppl\u00e9mentaire pour les soci\u00e9t\u00e9s dont le chiffre d\u2019affaires exc\u00e8de [&hellip;]","og_url":"https:\/\/www.gereso.com\/actualites\/2017\/11\/06\/contribution-exceptionnelle-et-contribution-additionnelle\/","og_site_name":"Le Blog GERESO","article_published_time":"2017-11-06T05:00:23+00:00","article_modified_time":"2017-11-05T02:05:14+00:00","author":"Damien P\u00e9an","twitter_card":"summary_large_image","schema":{"@context":"https:\/\/schema.org","@graph":[{"@type":"WebPage","@id":"https:\/\/www.gereso.com\/actualites\/2017\/11\/06\/contribution-exceptionnelle-et-contribution-additionnelle\/","url":"https:\/\/www.gereso.com\/actualites\/2017\/11\/06\/contribution-exceptionnelle-et-contribution-additionnelle\/","name":"Contribution exceptionnelle et contribution additionnelle - Le Blog GERESO","isPartOf":{"@id":"https:\/\/www.gereso.com\/actualites\/#website"},"datePublished":"2017-11-06T05:00:23+00:00","dateModified":"2017-11-05T02:05:14+00:00","author":{"@id":"https:\/\/www.gereso.com\/actualites\/#\/schema\/person\/c91814f92d627ed4715993fbbf7c7e8d"},"breadcrumb":{"@id":"https:\/\/www.gereso.com\/actualites\/2017\/11\/06\/contribution-exceptionnelle-et-contribution-additionnelle\/#breadcrumb"},"inLanguage":"fr-FR","potentialAction":[{"@type":"ReadAction","target":["https:\/\/www.gereso.com\/actualites\/2017\/11\/06\/contribution-exceptionnelle-et-contribution-additionnelle\/"]}]},{"@type":"BreadcrumbList","@id":"https:\/\/www.gereso.com\/actualites\/2017\/11\/06\/contribution-exceptionnelle-et-contribution-additionnelle\/#breadcrumb","itemListElement":[{"@type":"ListItem","position":1,"name":"Home","item":"https:\/\/www.gereso.com\/actualites\/"},{"@type":"ListItem","position":2,"name":"Contribution exceptionnelle et contribution additionnelle"}]},{"@type":"WebSite","@id":"https:\/\/www.gereso.com\/actualites\/#website","url":"https:\/\/www.gereso.com\/actualites\/","name":"Le Blog GERESO","description":"Toute l&#039;actu RH, Finance, Fonction Publique, Management...","potentialAction":[{"@type":"SearchAction","target":{"@type":"EntryPoint","urlTemplate":"https:\/\/www.gereso.com\/actualites\/?s={search_term_string}"},"query-input":{"@type":"PropertyValueSpecification","valueRequired":true,"valueName":"search_term_string"}}],"inLanguage":"fr-FR"},{"@type":"Person","@id":"https:\/\/www.gereso.com\/actualites\/#\/schema\/person\/c91814f92d627ed4715993fbbf7c7e8d","name":"Damien P\u00e9an","image":{"@type":"ImageObject","inLanguage":"fr-FR","@id":"https:\/\/www.gereso.com\/actualites\/#\/schema\/person\/image\/","url":"https:\/\/www.gereso.com\/actualites\/wp-content\/uploads\/2016\/03\/damien-pean.jpg","contentUrl":"https:\/\/www.gereso.com\/actualites\/wp-content\/uploads\/2016\/03\/damien-pean.jpg","caption":"Damien P\u00e9an"},"description":"Damien P\u00c9AN est titulaire du Dipl\u00f4me d'\u00e9tudes sup\u00e9rieures comptables et financi\u00e8res (DESCF). Il intervient depuis plusieurs ann\u00e9es aupr\u00e8s d'\u00e9tudiants en licence de comptabilit\u00e9 et de gestion, \u00e0 qui il enseigne le contr\u00f4le de gestion, la comptabilit\u00e9 approfondie, le management, la fiscalit\u00e9, le droit des soci\u00e9t\u00e9s et le droit du travail. Il intervient \u00e9galement en formation continue pour le compte de divers organismes de formation sur des th\u00e9matiques techniques en comptabilit\u00e9 et fiscalit\u00e9. Il forme aussi un public de non-initi\u00e9s aux fondamentaux de la finance.","url":"https:\/\/www.gereso.com\/actualites\/author\/d-pean\/"}]}},"_links":{"self":[{"href":"https:\/\/www.gereso.com\/actualites\/wp-json\/wp\/v2\/posts\/8619","targetHints":{"allow":["GET"]}}],"collection":[{"href":"https:\/\/www.gereso.com\/actualites\/wp-json\/wp\/v2\/posts"}],"about":[{"href":"https:\/\/www.gereso.com\/actualites\/wp-json\/wp\/v2\/types\/post"}],"author":[{"embeddable":true,"href":"https:\/\/www.gereso.com\/actualites\/wp-json\/wp\/v2\/users\/45"}],"replies":[{"embeddable":true,"href":"https:\/\/www.gereso.com\/actualites\/wp-json\/wp\/v2\/comments?post=8619"}],"version-history":[{"count":1,"href":"https:\/\/www.gereso.com\/actualites\/wp-json\/wp\/v2\/posts\/8619\/revisions"}],"predecessor-version":[{"id":8620,"href":"https:\/\/www.gereso.com\/actualites\/wp-json\/wp\/v2\/posts\/8619\/revisions\/8620"}],"wp:attachment":[{"href":"https:\/\/www.gereso.com\/actualites\/wp-json\/wp\/v2\/media?parent=8619"}],"wp:term":[{"taxonomy":"category","embeddable":true,"href":"https:\/\/www.gereso.com\/actualites\/wp-json\/wp\/v2\/categories?post=8619"},{"taxonomy":"post_tag","embeddable":true,"href":"https:\/\/www.gereso.com\/actualites\/wp-json\/wp\/v2\/tags?post=8619"}],"curies":[{"name":"wp","href":"https:\/\/api.w.org\/{rel}","templated":true}]}}