{"id":8645,"date":"2017-11-20T12:39:46","date_gmt":"2017-11-20T10:39:46","guid":{"rendered":"https:\/\/www.gereso.com\/actualites\/?p=8645"},"modified":"2017-11-20T12:39:46","modified_gmt":"2017-11-20T10:39:46","slug":"second-projet-de-loi-de-finances-rectificative-pour-2017","status":"publish","type":"post","link":"https:\/\/www.gereso.com\/actualites\/2017\/11\/20\/second-projet-de-loi-de-finances-rectificative-pour-2017\/","title":{"rendered":"Second projet de loi de finances rectificative pour 2017"},"content":{"rendered":"<p>Le 15 novembre dernier, le Gouvernement a pr\u00e9sent\u00e9 <strong>le 2<sup>nd<\/sup> projet de loi de finances rectificative pour 2017 <\/strong>(PLFR 2017 \u2013 II).<\/p>\n<h2><strong>La mise en \u0153uvre du pr\u00e9l\u00e8vement \u00e0 la source<\/strong><\/h2>\n<p>Ce budget rectificatif est d\u00e9j\u00e0 le second puisqu\u2019en d\u00e9but de mois, un premier projet de loi a \u00e9t\u00e9 pr\u00e9sent\u00e9 afin d\u2019instaurer <strong>une contribution exceptionnelle<\/strong> assise sur l\u2019imp\u00f4t sur les soci\u00e9t\u00e9s d\u00fb par les soci\u00e9t\u00e9s r\u00e9alisant plus d\u20191 milliard \u20ac de chiffre d\u2019affaires. Adopt\u00e9 afin de financer les remboursements attendus de la taxe sur les dividendes r\u00e9cemment censur\u00e9e, ce texte va justement lui aussi faire l\u2019objet d\u2019une analyse par le Conseil constitutionnel.<\/p>\n<p>Le PLFR 2017-II comprend <strong>36 articles<\/strong> dont le principal (article 9) concerne l\u2019am\u00e9nagement de la mise en \u0153uvre du <strong>pr\u00e9l\u00e8vement \u00e0 la source de l\u2019imp\u00f4t sur le revenu<\/strong>. Il confirme que la mise en \u0153uvre se fera \u00e0 compter du <strong>1<sup>er<\/sup> janvier 2019<\/strong> mais avec une phase de <strong>\u00ab\u00a0pr\u00e9figuration\u00a0\u00bb<\/strong> qui consiste \u00e0 partir de septembre 2018 \u00e0 offrir la possibilit\u00e9 aux collecteurs volontaires d\u2019afficher sur les bulletins de paye, le montant du pr\u00e9l\u00e8vement \u00e0 la source qui aurait \u00e9t\u00e9 appliqu\u00e9 si la mesure avait d\u00e9j\u00e0 \u00e9t\u00e9 en vigueur. Le texte pr\u00e9voit \u00e9galement une r\u00e9duction des amendes applicables en cas d\u2019erreur d\u00e9clarative du collecteur et en cas de modulation erron\u00e9e \u00e0 la baisse du pr\u00e9l\u00e8vement \u00e0 la source par les contribuables.<\/p>\n<h2><strong>Les autres dispositions<\/strong><\/h2>\n<p>Parmi les autres dispositions, on peut notamment retenir les suivantes\u00a0:<\/p>\n<ul>\n<li>L\u2019instauration d\u2019un <strong>dispositif d\u2019exon\u00e9ration fiscale<\/strong> (article 13) en faveur des entreprises \u00e9tablies dans un bassin urbain de <strong>plus d\u2019un million d\u2019habitant<\/strong> n\u00e9cessitant une redynamisation \u00e0 cause notamment d\u2019un fort taux de ch\u00f4mage (seul le bassin minier du Nord et du Pas-de-Calais serait \u00e9ligible pour le moment)<\/li>\n<li>Report au 1<sup>er<\/sup> janvier 2019 de la mise \u00e0 jour permanente des tarifs issus de la <strong>revalorisation des valeurs locatives des locaux professionnels<\/strong> permettant l\u2019\u00e9tablissement des taxes fonci\u00e8res et des CFE (article 17)<\/li>\n<li>La <strong>r\u00e9duction du taux d\u2019int\u00e9r\u00eat de retard et des int\u00e9r\u00eats moratoires<\/strong> (article 24) applicables en cas de retard de paiement des imp\u00f4ts par les redevables mais \u00e9galement au titre des sommes \u00e0 verser par l\u2019Etat en cas de d\u00e9gr\u00e8vement d\u2019imp\u00f4t notamment\u00a0: le taux va passer \u00e0 compter du 1<sup>er<\/sup> janvier 2018 <strong>de 0,4 \u00e0 0,2% par mois<\/strong> (soit de 4,8 \u00e0 2,4% par an).<\/li>\n<\/ul>\n<p>Le texte complet du PLFR 2017 &#8211; II peut \u00eatre consult\u00e9 sur le site de l\u2019Assembl\u00e9e nationale :\u00a0<a href=\"http:\/\/www.assemblee-nationale.fr\/15\/projets\/pl0384.asp\">http:\/\/www.assemblee-nationale.fr\/15\/projets\/pl0384.asp<\/a><\/p>\n","protected":false},"excerpt":{"rendered":"<p>Le 15 novembre dernier, le Gouvernement a pr\u00e9sent\u00e9 le 2nd projet de loi de finances rectificative pour 2017 (PLFR 2017 \u2013 II). La mise en \u0153uvre du pr\u00e9l\u00e8vement \u00e0 la source Ce budget rectificatif est d\u00e9j\u00e0 le second puisqu\u2019en d\u00e9but de mois, un premier projet de loi a \u00e9t\u00e9 pr\u00e9sent\u00e9 afin d\u2019instaurer une contribution exceptionnelle [&hellip;]<\/p>\n","protected":false},"author":45,"featured_media":0,"comment_status":"open","ping_status":"open","sticky":false,"template":"","format":"quote","meta":{"_acf_changed":false,"_mi_skip_tracking":false,"footnotes":""},"categories":[12,3],"tags":[1044],"class_list":["post-8645","post","type-post","status-publish","format-quote","hentry","category-actualites","category-comptabilite-fiscalite-et-gestion-financiere","tag-prelevement-a-la-source","post_format-post-format-quote"],"acf":[],"yoast_head":"<!-- This site is optimized with the Yoast SEO plugin v23.4 - https:\/\/yoast.com\/wordpress\/plugins\/seo\/ -->\n<title>Second projet de loi de finances rectificative pour 2017 - Le Blog GERESO<\/title>\n<meta name=\"robots\" content=\"index, follow, max-snippet:-1, max-image-preview:large, max-video-preview:-1\" \/>\n<link rel=\"canonical\" href=\"https:\/\/www.gereso.com\/actualites\/2017\/11\/20\/second-projet-de-loi-de-finances-rectificative-pour-2017\/\" \/>\n<meta property=\"og:locale\" content=\"fr_FR\" \/>\n<meta property=\"og:type\" content=\"article\" \/>\n<meta property=\"og:title\" content=\"Second projet de loi de finances rectificative pour 2017 - Le Blog GERESO\" \/>\n<meta property=\"og:description\" content=\"Le 15 novembre dernier, le Gouvernement a pr\u00e9sent\u00e9 le 2nd projet de loi de finances rectificative pour 2017 (PLFR 2017 \u2013 II). La mise en \u0153uvre du pr\u00e9l\u00e8vement \u00e0 la source Ce budget rectificatif est d\u00e9j\u00e0 le second puisqu\u2019en d\u00e9but de mois, un premier projet de loi a \u00e9t\u00e9 pr\u00e9sent\u00e9 afin d\u2019instaurer une contribution exceptionnelle [&hellip;]\" \/>\n<meta property=\"og:url\" content=\"https:\/\/www.gereso.com\/actualites\/2017\/11\/20\/second-projet-de-loi-de-finances-rectificative-pour-2017\/\" \/>\n<meta property=\"og:site_name\" content=\"Le Blog GERESO\" \/>\n<meta property=\"article:published_time\" content=\"2017-11-20T10:39:46+00:00\" \/>\n<meta name=\"author\" content=\"Damien P\u00e9an\" \/>\n<meta name=\"twitter:card\" content=\"summary_large_image\" \/>\n<script type=\"application\/ld+json\" class=\"yoast-schema-graph\">{\"@context\":\"https:\/\/schema.org\",\"@graph\":[{\"@type\":\"WebPage\",\"@id\":\"https:\/\/www.gereso.com\/actualites\/2017\/11\/20\/second-projet-de-loi-de-finances-rectificative-pour-2017\/\",\"url\":\"https:\/\/www.gereso.com\/actualites\/2017\/11\/20\/second-projet-de-loi-de-finances-rectificative-pour-2017\/\",\"name\":\"Second projet de loi de finances rectificative pour 2017 - Le Blog GERESO\",\"isPartOf\":{\"@id\":\"https:\/\/www.gereso.com\/actualites\/#website\"},\"datePublished\":\"2017-11-20T10:39:46+00:00\",\"dateModified\":\"2017-11-20T10:39:46+00:00\",\"author\":{\"@id\":\"https:\/\/www.gereso.com\/actualites\/#\/schema\/person\/c91814f92d627ed4715993fbbf7c7e8d\"},\"breadcrumb\":{\"@id\":\"https:\/\/www.gereso.com\/actualites\/2017\/11\/20\/second-projet-de-loi-de-finances-rectificative-pour-2017\/#breadcrumb\"},\"inLanguage\":\"fr-FR\",\"potentialAction\":[{\"@type\":\"ReadAction\",\"target\":[\"https:\/\/www.gereso.com\/actualites\/2017\/11\/20\/second-projet-de-loi-de-finances-rectificative-pour-2017\/\"]}]},{\"@type\":\"BreadcrumbList\",\"@id\":\"https:\/\/www.gereso.com\/actualites\/2017\/11\/20\/second-projet-de-loi-de-finances-rectificative-pour-2017\/#breadcrumb\",\"itemListElement\":[{\"@type\":\"ListItem\",\"position\":1,\"name\":\"Home\",\"item\":\"https:\/\/www.gereso.com\/actualites\/\"},{\"@type\":\"ListItem\",\"position\":2,\"name\":\"Second projet de loi de finances rectificative pour 2017\"}]},{\"@type\":\"WebSite\",\"@id\":\"https:\/\/www.gereso.com\/actualites\/#website\",\"url\":\"https:\/\/www.gereso.com\/actualites\/\",\"name\":\"Le Blog GERESO\",\"description\":\"Toute l&#039;actu RH, Finance, Fonction Publique, Management...\",\"potentialAction\":[{\"@type\":\"SearchAction\",\"target\":{\"@type\":\"EntryPoint\",\"urlTemplate\":\"https:\/\/www.gereso.com\/actualites\/?s={search_term_string}\"},\"query-input\":{\"@type\":\"PropertyValueSpecification\",\"valueRequired\":true,\"valueName\":\"search_term_string\"}}],\"inLanguage\":\"fr-FR\"},{\"@type\":\"Person\",\"@id\":\"https:\/\/www.gereso.com\/actualites\/#\/schema\/person\/c91814f92d627ed4715993fbbf7c7e8d\",\"name\":\"Damien P\u00e9an\",\"image\":{\"@type\":\"ImageObject\",\"inLanguage\":\"fr-FR\",\"@id\":\"https:\/\/www.gereso.com\/actualites\/#\/schema\/person\/image\/\",\"url\":\"https:\/\/www.gereso.com\/actualites\/wp-content\/uploads\/2016\/03\/damien-pean.jpg\",\"contentUrl\":\"https:\/\/www.gereso.com\/actualites\/wp-content\/uploads\/2016\/03\/damien-pean.jpg\",\"caption\":\"Damien P\u00e9an\"},\"description\":\"Damien P\u00c9AN est titulaire du Dipl\u00f4me d'\u00e9tudes sup\u00e9rieures comptables et financi\u00e8res (DESCF). Il intervient depuis plusieurs ann\u00e9es aupr\u00e8s d'\u00e9tudiants en licence de comptabilit\u00e9 et de gestion, \u00e0 qui il enseigne le contr\u00f4le de gestion, la comptabilit\u00e9 approfondie, le management, la fiscalit\u00e9, le droit des soci\u00e9t\u00e9s et le droit du travail. Il intervient \u00e9galement en formation continue pour le compte de divers organismes de formation sur des th\u00e9matiques techniques en comptabilit\u00e9 et fiscalit\u00e9. Il forme aussi un public de non-initi\u00e9s aux fondamentaux de la finance.\",\"url\":\"https:\/\/www.gereso.com\/actualites\/author\/d-pean\/\"}]}<\/script>\n<!-- \/ Yoast SEO plugin. -->","yoast_head_json":{"title":"Second projet de loi de finances rectificative pour 2017 - Le Blog GERESO","robots":{"index":"index","follow":"follow","max-snippet":"max-snippet:-1","max-image-preview":"max-image-preview:large","max-video-preview":"max-video-preview:-1"},"canonical":"https:\/\/www.gereso.com\/actualites\/2017\/11\/20\/second-projet-de-loi-de-finances-rectificative-pour-2017\/","og_locale":"fr_FR","og_type":"article","og_title":"Second projet de loi de finances rectificative pour 2017 - Le Blog GERESO","og_description":"Le 15 novembre dernier, le Gouvernement a pr\u00e9sent\u00e9 le 2nd projet de loi de finances rectificative pour 2017 (PLFR 2017 \u2013 II). La mise en \u0153uvre du pr\u00e9l\u00e8vement \u00e0 la source Ce budget rectificatif est d\u00e9j\u00e0 le second puisqu\u2019en d\u00e9but de mois, un premier projet de loi a \u00e9t\u00e9 pr\u00e9sent\u00e9 afin d\u2019instaurer une contribution exceptionnelle [&hellip;]","og_url":"https:\/\/www.gereso.com\/actualites\/2017\/11\/20\/second-projet-de-loi-de-finances-rectificative-pour-2017\/","og_site_name":"Le Blog GERESO","article_published_time":"2017-11-20T10:39:46+00:00","author":"Damien P\u00e9an","twitter_card":"summary_large_image","schema":{"@context":"https:\/\/schema.org","@graph":[{"@type":"WebPage","@id":"https:\/\/www.gereso.com\/actualites\/2017\/11\/20\/second-projet-de-loi-de-finances-rectificative-pour-2017\/","url":"https:\/\/www.gereso.com\/actualites\/2017\/11\/20\/second-projet-de-loi-de-finances-rectificative-pour-2017\/","name":"Second projet de loi de finances rectificative pour 2017 - Le Blog GERESO","isPartOf":{"@id":"https:\/\/www.gereso.com\/actualites\/#website"},"datePublished":"2017-11-20T10:39:46+00:00","dateModified":"2017-11-20T10:39:46+00:00","author":{"@id":"https:\/\/www.gereso.com\/actualites\/#\/schema\/person\/c91814f92d627ed4715993fbbf7c7e8d"},"breadcrumb":{"@id":"https:\/\/www.gereso.com\/actualites\/2017\/11\/20\/second-projet-de-loi-de-finances-rectificative-pour-2017\/#breadcrumb"},"inLanguage":"fr-FR","potentialAction":[{"@type":"ReadAction","target":["https:\/\/www.gereso.com\/actualites\/2017\/11\/20\/second-projet-de-loi-de-finances-rectificative-pour-2017\/"]}]},{"@type":"BreadcrumbList","@id":"https:\/\/www.gereso.com\/actualites\/2017\/11\/20\/second-projet-de-loi-de-finances-rectificative-pour-2017\/#breadcrumb","itemListElement":[{"@type":"ListItem","position":1,"name":"Home","item":"https:\/\/www.gereso.com\/actualites\/"},{"@type":"ListItem","position":2,"name":"Second projet de loi de finances rectificative pour 2017"}]},{"@type":"WebSite","@id":"https:\/\/www.gereso.com\/actualites\/#website","url":"https:\/\/www.gereso.com\/actualites\/","name":"Le Blog GERESO","description":"Toute l&#039;actu RH, Finance, Fonction Publique, Management...","potentialAction":[{"@type":"SearchAction","target":{"@type":"EntryPoint","urlTemplate":"https:\/\/www.gereso.com\/actualites\/?s={search_term_string}"},"query-input":{"@type":"PropertyValueSpecification","valueRequired":true,"valueName":"search_term_string"}}],"inLanguage":"fr-FR"},{"@type":"Person","@id":"https:\/\/www.gereso.com\/actualites\/#\/schema\/person\/c91814f92d627ed4715993fbbf7c7e8d","name":"Damien P\u00e9an","image":{"@type":"ImageObject","inLanguage":"fr-FR","@id":"https:\/\/www.gereso.com\/actualites\/#\/schema\/person\/image\/","url":"https:\/\/www.gereso.com\/actualites\/wp-content\/uploads\/2016\/03\/damien-pean.jpg","contentUrl":"https:\/\/www.gereso.com\/actualites\/wp-content\/uploads\/2016\/03\/damien-pean.jpg","caption":"Damien P\u00e9an"},"description":"Damien P\u00c9AN est titulaire du Dipl\u00f4me d'\u00e9tudes sup\u00e9rieures comptables et financi\u00e8res (DESCF). Il intervient depuis plusieurs ann\u00e9es aupr\u00e8s d'\u00e9tudiants en licence de comptabilit\u00e9 et de gestion, \u00e0 qui il enseigne le contr\u00f4le de gestion, la comptabilit\u00e9 approfondie, le management, la fiscalit\u00e9, le droit des soci\u00e9t\u00e9s et le droit du travail. Il intervient \u00e9galement en formation continue pour le compte de divers organismes de formation sur des th\u00e9matiques techniques en comptabilit\u00e9 et fiscalit\u00e9. Il forme aussi un public de non-initi\u00e9s aux fondamentaux de la finance.","url":"https:\/\/www.gereso.com\/actualites\/author\/d-pean\/"}]}},"_links":{"self":[{"href":"https:\/\/www.gereso.com\/actualites\/wp-json\/wp\/v2\/posts\/8645","targetHints":{"allow":["GET"]}}],"collection":[{"href":"https:\/\/www.gereso.com\/actualites\/wp-json\/wp\/v2\/posts"}],"about":[{"href":"https:\/\/www.gereso.com\/actualites\/wp-json\/wp\/v2\/types\/post"}],"author":[{"embeddable":true,"href":"https:\/\/www.gereso.com\/actualites\/wp-json\/wp\/v2\/users\/45"}],"replies":[{"embeddable":true,"href":"https:\/\/www.gereso.com\/actualites\/wp-json\/wp\/v2\/comments?post=8645"}],"version-history":[{"count":1,"href":"https:\/\/www.gereso.com\/actualites\/wp-json\/wp\/v2\/posts\/8645\/revisions"}],"predecessor-version":[{"id":8646,"href":"https:\/\/www.gereso.com\/actualites\/wp-json\/wp\/v2\/posts\/8645\/revisions\/8646"}],"wp:attachment":[{"href":"https:\/\/www.gereso.com\/actualites\/wp-json\/wp\/v2\/media?parent=8645"}],"wp:term":[{"taxonomy":"category","embeddable":true,"href":"https:\/\/www.gereso.com\/actualites\/wp-json\/wp\/v2\/categories?post=8645"},{"taxonomy":"post_tag","embeddable":true,"href":"https:\/\/www.gereso.com\/actualites\/wp-json\/wp\/v2\/tags?post=8645"}],"curies":[{"name":"wp","href":"https:\/\/api.w.org\/{rel}","templated":true}]}}