{"id":8674,"date":"2017-12-05T23:42:46","date_gmt":"2017-12-05T21:42:46","guid":{"rendered":"https:\/\/www.gereso.com\/actualites\/?p=8674"},"modified":"2017-12-05T23:43:12","modified_gmt":"2017-12-05T21:43:12","slug":"le-plfss-2018-adopte-definitivement","status":"publish","type":"post","link":"https:\/\/www.gereso.com\/actualites\/2017\/12\/05\/le-plfss-2018-adopte-definitivement\/","title":{"rendered":"Le PLFSS 2018 adopt\u00e9 d\u00e9finitivement"},"content":{"rendered":"<p>Le <strong>projet de loi de financement de la s\u00e9curit\u00e9 sociale pour 2018<\/strong> (PLFSS 2018) a \u00e9t\u00e9 adopt\u00e9 en derni\u00e8re lecture par les d\u00e9put\u00e9s ce lundi 4 d\u00e9cembre.<\/p>\n<p>Les d\u00e9bats sur ce budget ont \u00e9t\u00e9 marqu\u00e9s par l\u2019opposition entre les d\u00e9put\u00e9s, de majorit\u00e9 LREM, et des s\u00e9nateurs o\u00f9 le parti du Pr\u00e9sident ne dispose pas de la majorit\u00e9. Le principal point de d\u00e9saccord portait sur la hausse de la <strong>CSG<\/strong> pour les retrait\u00e9s. En seconde lecture le S\u00e9nat avait vot\u00e9 contre ce budget le 1<sup>er<\/sup> d\u00e9cembre. Mais c\u2019est l\u2019Assembl\u00e9e nationale qui a le dernier mot en la mati\u00e8re. Le texte, assez proche de sa version d\u2019origine, a \u00e9t\u00e9 adopt\u00e9 par 43 voix contre 13.<\/p>\n<p>On retiendra notamment de ce budget, les mesures suivantes\u00a0:<\/p>\n<ul>\n<li><strong>Suppression des cotisations salariales d\u2019assurance ch\u00f4mage<\/strong> (article 8 VI et VII), partiellement entre janvier et septembre (r\u00e9duction d\u20191,45 point) et totalement \u00e0 compter d\u2019octobre (suppression du solde de 0,95 point)<\/li>\n<li><strong>Suppression de la cotisation salariale maladie<\/strong> (0,75 point) \u00e0 compter du 1<sup>er<\/sup> janvier 2018 (article 8 V)<\/li>\n<li>En contrepartie de ces suppressions, <strong>hausse de la CSG de 1,7 point<\/strong> sur tous les revenus d\u2019activit\u00e9 et du capital, \u00e0 l\u2019exception des allocations ch\u00f4mage et des indemnit\u00e9s journali\u00e8res de s\u00e9curit\u00e9 sociale (article 8 V)<\/li>\n<li>Taux du <strong>CICE<\/strong> (cr\u00e9dit d\u2019imp\u00f4t comp\u00e9titivit\u00e9 emploi) fix\u00e9 \u00e0 <strong>6% en 2018<\/strong> au lieu de 7% cette ann\u00e9e en 2018 et <strong>suppression<\/strong> du CICE en <strong>2019 <\/strong>au profit d\u2019une r\u00e9duction de cotisations patronales (article 9)<\/li>\n<li>Abaissement du taux de la contribution patronale sur les <strong>attributions d\u2019actions gratuites<\/strong> qui passerait de 30% actuellement \u00e0 <strong>20%<\/strong> (article 11)<\/li>\n<li><strong>Suppression du RSI<\/strong> et adossement de la gestion du r\u00e9gime des ind\u00e9pendants \u00e0 la S\u00e9curit\u00e9 sociale (article 15)<\/li>\n<li>R\u00e9duction de cotisations sociales pour les <strong>travailleurs ind\u00e9pendants<\/strong> (article 8)<\/li>\n<li>Extension \u00e0 partir du 1<sup>er<\/sup> janvier 2019 du dispositif d\u2019exon\u00e9ration de cotisations <strong>ACCRE<\/strong> \u00e0 tous les cr\u00e9ateurs et repreneurs d\u2019entreprise (article 13).<\/li>\n<\/ul>\n<p>Le texte est disponible sur le lien suivant\u00a0: <a href=\"http:\/\/www.assemblee-nationale.fr\/15\/ta\/ta0041.asp\">http:\/\/www.assemblee-nationale.fr\/15\/ta\/ta0041.asp<\/a><\/p>\n","protected":false},"excerpt":{"rendered":"<p>Le projet de loi de financement de la s\u00e9curit\u00e9 sociale pour 2018 (PLFSS 2018) a \u00e9t\u00e9 adopt\u00e9 en derni\u00e8re lecture par les d\u00e9put\u00e9s ce lundi 4 d\u00e9cembre. Les d\u00e9bats sur ce budget ont \u00e9t\u00e9 marqu\u00e9s par l\u2019opposition entre les d\u00e9put\u00e9s, de majorit\u00e9 LREM, et des s\u00e9nateurs o\u00f9 le parti du Pr\u00e9sident ne dispose pas de [&hellip;]<\/p>\n","protected":false},"author":45,"featured_media":0,"comment_status":"open","ping_status":"open","sticky":false,"template":"","format":"quote","meta":{"_acf_changed":false,"_mi_skip_tracking":false,"footnotes":""},"categories":[12,8],"tags":[426,1015],"class_list":["post-8674","post","type-post","status-publish","format-quote","hentry","category-actualites","category-paie-et-administration-du-personnel","tag-cotisations-sociales","tag-rsi","post_format-post-format-quote"],"acf":[],"yoast_head":"<!-- This site is optimized with the Yoast SEO plugin v23.4 - https:\/\/yoast.com\/wordpress\/plugins\/seo\/ -->\n<title>Le PLFSS 2018 adopt\u00e9 d\u00e9finitivement - Le Blog GERESO<\/title>\n<meta name=\"robots\" content=\"index, follow, max-snippet:-1, max-image-preview:large, max-video-preview:-1\" \/>\n<link rel=\"canonical\" href=\"https:\/\/www.gereso.com\/actualites\/2017\/12\/05\/le-plfss-2018-adopte-definitivement\/\" \/>\n<meta property=\"og:locale\" content=\"fr_FR\" \/>\n<meta property=\"og:type\" content=\"article\" \/>\n<meta property=\"og:title\" content=\"Le PLFSS 2018 adopt\u00e9 d\u00e9finitivement - Le Blog GERESO\" \/>\n<meta property=\"og:description\" content=\"Le projet de loi de financement de la s\u00e9curit\u00e9 sociale pour 2018 (PLFSS 2018) a \u00e9t\u00e9 adopt\u00e9 en derni\u00e8re lecture par les d\u00e9put\u00e9s ce lundi 4 d\u00e9cembre. Les d\u00e9bats sur ce budget ont \u00e9t\u00e9 marqu\u00e9s par l\u2019opposition entre les d\u00e9put\u00e9s, de majorit\u00e9 LREM, et des s\u00e9nateurs o\u00f9 le parti du Pr\u00e9sident ne dispose pas de [&hellip;]\" \/>\n<meta property=\"og:url\" content=\"https:\/\/www.gereso.com\/actualites\/2017\/12\/05\/le-plfss-2018-adopte-definitivement\/\" \/>\n<meta property=\"og:site_name\" content=\"Le Blog GERESO\" \/>\n<meta property=\"article:published_time\" content=\"2017-12-05T21:42:46+00:00\" \/>\n<meta property=\"article:modified_time\" content=\"2017-12-05T21:43:12+00:00\" \/>\n<meta name=\"author\" content=\"Damien P\u00e9an\" \/>\n<meta name=\"twitter:card\" content=\"summary_large_image\" \/>\n<script type=\"application\/ld+json\" class=\"yoast-schema-graph\">{\"@context\":\"https:\/\/schema.org\",\"@graph\":[{\"@type\":\"WebPage\",\"@id\":\"https:\/\/www.gereso.com\/actualites\/2017\/12\/05\/le-plfss-2018-adopte-definitivement\/\",\"url\":\"https:\/\/www.gereso.com\/actualites\/2017\/12\/05\/le-plfss-2018-adopte-definitivement\/\",\"name\":\"Le PLFSS 2018 adopt\u00e9 d\u00e9finitivement - Le Blog GERESO\",\"isPartOf\":{\"@id\":\"https:\/\/www.gereso.com\/actualites\/#website\"},\"datePublished\":\"2017-12-05T21:42:46+00:00\",\"dateModified\":\"2017-12-05T21:43:12+00:00\",\"author\":{\"@id\":\"https:\/\/www.gereso.com\/actualites\/#\/schema\/person\/c91814f92d627ed4715993fbbf7c7e8d\"},\"breadcrumb\":{\"@id\":\"https:\/\/www.gereso.com\/actualites\/2017\/12\/05\/le-plfss-2018-adopte-definitivement\/#breadcrumb\"},\"inLanguage\":\"fr-FR\",\"potentialAction\":[{\"@type\":\"ReadAction\",\"target\":[\"https:\/\/www.gereso.com\/actualites\/2017\/12\/05\/le-plfss-2018-adopte-definitivement\/\"]}]},{\"@type\":\"BreadcrumbList\",\"@id\":\"https:\/\/www.gereso.com\/actualites\/2017\/12\/05\/le-plfss-2018-adopte-definitivement\/#breadcrumb\",\"itemListElement\":[{\"@type\":\"ListItem\",\"position\":1,\"name\":\"Home\",\"item\":\"https:\/\/www.gereso.com\/actualites\/\"},{\"@type\":\"ListItem\",\"position\":2,\"name\":\"Le PLFSS 2018 adopt\u00e9 d\u00e9finitivement\"}]},{\"@type\":\"WebSite\",\"@id\":\"https:\/\/www.gereso.com\/actualites\/#website\",\"url\":\"https:\/\/www.gereso.com\/actualites\/\",\"name\":\"Le Blog GERESO\",\"description\":\"Toute l&#039;actu RH, Finance, Fonction Publique, Management...\",\"potentialAction\":[{\"@type\":\"SearchAction\",\"target\":{\"@type\":\"EntryPoint\",\"urlTemplate\":\"https:\/\/www.gereso.com\/actualites\/?s={search_term_string}\"},\"query-input\":{\"@type\":\"PropertyValueSpecification\",\"valueRequired\":true,\"valueName\":\"search_term_string\"}}],\"inLanguage\":\"fr-FR\"},{\"@type\":\"Person\",\"@id\":\"https:\/\/www.gereso.com\/actualites\/#\/schema\/person\/c91814f92d627ed4715993fbbf7c7e8d\",\"name\":\"Damien P\u00e9an\",\"image\":{\"@type\":\"ImageObject\",\"inLanguage\":\"fr-FR\",\"@id\":\"https:\/\/www.gereso.com\/actualites\/#\/schema\/person\/image\/\",\"url\":\"https:\/\/www.gereso.com\/actualites\/wp-content\/uploads\/2016\/03\/damien-pean.jpg\",\"contentUrl\":\"https:\/\/www.gereso.com\/actualites\/wp-content\/uploads\/2016\/03\/damien-pean.jpg\",\"caption\":\"Damien P\u00e9an\"},\"description\":\"Damien P\u00c9AN est titulaire du Dipl\u00f4me d'\u00e9tudes sup\u00e9rieures comptables et financi\u00e8res (DESCF). Il intervient depuis plusieurs ann\u00e9es aupr\u00e8s d'\u00e9tudiants en licence de comptabilit\u00e9 et de gestion, \u00e0 qui il enseigne le contr\u00f4le de gestion, la comptabilit\u00e9 approfondie, le management, la fiscalit\u00e9, le droit des soci\u00e9t\u00e9s et le droit du travail. Il intervient \u00e9galement en formation continue pour le compte de divers organismes de formation sur des th\u00e9matiques techniques en comptabilit\u00e9 et fiscalit\u00e9. Il forme aussi un public de non-initi\u00e9s aux fondamentaux de la finance.\",\"url\":\"https:\/\/www.gereso.com\/actualites\/author\/d-pean\/\"}]}<\/script>\n<!-- \/ Yoast SEO plugin. -->","yoast_head_json":{"title":"Le PLFSS 2018 adopt\u00e9 d\u00e9finitivement - Le Blog GERESO","robots":{"index":"index","follow":"follow","max-snippet":"max-snippet:-1","max-image-preview":"max-image-preview:large","max-video-preview":"max-video-preview:-1"},"canonical":"https:\/\/www.gereso.com\/actualites\/2017\/12\/05\/le-plfss-2018-adopte-definitivement\/","og_locale":"fr_FR","og_type":"article","og_title":"Le PLFSS 2018 adopt\u00e9 d\u00e9finitivement - Le Blog GERESO","og_description":"Le projet de loi de financement de la s\u00e9curit\u00e9 sociale pour 2018 (PLFSS 2018) a \u00e9t\u00e9 adopt\u00e9 en derni\u00e8re lecture par les d\u00e9put\u00e9s ce lundi 4 d\u00e9cembre. Les d\u00e9bats sur ce budget ont \u00e9t\u00e9 marqu\u00e9s par l\u2019opposition entre les d\u00e9put\u00e9s, de majorit\u00e9 LREM, et des s\u00e9nateurs o\u00f9 le parti du Pr\u00e9sident ne dispose pas de [&hellip;]","og_url":"https:\/\/www.gereso.com\/actualites\/2017\/12\/05\/le-plfss-2018-adopte-definitivement\/","og_site_name":"Le Blog GERESO","article_published_time":"2017-12-05T21:42:46+00:00","article_modified_time":"2017-12-05T21:43:12+00:00","author":"Damien P\u00e9an","twitter_card":"summary_large_image","schema":{"@context":"https:\/\/schema.org","@graph":[{"@type":"WebPage","@id":"https:\/\/www.gereso.com\/actualites\/2017\/12\/05\/le-plfss-2018-adopte-definitivement\/","url":"https:\/\/www.gereso.com\/actualites\/2017\/12\/05\/le-plfss-2018-adopte-definitivement\/","name":"Le PLFSS 2018 adopt\u00e9 d\u00e9finitivement - Le Blog GERESO","isPartOf":{"@id":"https:\/\/www.gereso.com\/actualites\/#website"},"datePublished":"2017-12-05T21:42:46+00:00","dateModified":"2017-12-05T21:43:12+00:00","author":{"@id":"https:\/\/www.gereso.com\/actualites\/#\/schema\/person\/c91814f92d627ed4715993fbbf7c7e8d"},"breadcrumb":{"@id":"https:\/\/www.gereso.com\/actualites\/2017\/12\/05\/le-plfss-2018-adopte-definitivement\/#breadcrumb"},"inLanguage":"fr-FR","potentialAction":[{"@type":"ReadAction","target":["https:\/\/www.gereso.com\/actualites\/2017\/12\/05\/le-plfss-2018-adopte-definitivement\/"]}]},{"@type":"BreadcrumbList","@id":"https:\/\/www.gereso.com\/actualites\/2017\/12\/05\/le-plfss-2018-adopte-definitivement\/#breadcrumb","itemListElement":[{"@type":"ListItem","position":1,"name":"Home","item":"https:\/\/www.gereso.com\/actualites\/"},{"@type":"ListItem","position":2,"name":"Le PLFSS 2018 adopt\u00e9 d\u00e9finitivement"}]},{"@type":"WebSite","@id":"https:\/\/www.gereso.com\/actualites\/#website","url":"https:\/\/www.gereso.com\/actualites\/","name":"Le Blog GERESO","description":"Toute l&#039;actu RH, Finance, Fonction Publique, Management...","potentialAction":[{"@type":"SearchAction","target":{"@type":"EntryPoint","urlTemplate":"https:\/\/www.gereso.com\/actualites\/?s={search_term_string}"},"query-input":{"@type":"PropertyValueSpecification","valueRequired":true,"valueName":"search_term_string"}}],"inLanguage":"fr-FR"},{"@type":"Person","@id":"https:\/\/www.gereso.com\/actualites\/#\/schema\/person\/c91814f92d627ed4715993fbbf7c7e8d","name":"Damien P\u00e9an","image":{"@type":"ImageObject","inLanguage":"fr-FR","@id":"https:\/\/www.gereso.com\/actualites\/#\/schema\/person\/image\/","url":"https:\/\/www.gereso.com\/actualites\/wp-content\/uploads\/2016\/03\/damien-pean.jpg","contentUrl":"https:\/\/www.gereso.com\/actualites\/wp-content\/uploads\/2016\/03\/damien-pean.jpg","caption":"Damien P\u00e9an"},"description":"Damien P\u00c9AN est titulaire du Dipl\u00f4me d'\u00e9tudes sup\u00e9rieures comptables et financi\u00e8res (DESCF). Il intervient depuis plusieurs ann\u00e9es aupr\u00e8s d'\u00e9tudiants en licence de comptabilit\u00e9 et de gestion, \u00e0 qui il enseigne le contr\u00f4le de gestion, la comptabilit\u00e9 approfondie, le management, la fiscalit\u00e9, le droit des soci\u00e9t\u00e9s et le droit du travail. Il intervient \u00e9galement en formation continue pour le compte de divers organismes de formation sur des th\u00e9matiques techniques en comptabilit\u00e9 et fiscalit\u00e9. Il forme aussi un public de non-initi\u00e9s aux fondamentaux de la finance.","url":"https:\/\/www.gereso.com\/actualites\/author\/d-pean\/"}]}},"_links":{"self":[{"href":"https:\/\/www.gereso.com\/actualites\/wp-json\/wp\/v2\/posts\/8674","targetHints":{"allow":["GET"]}}],"collection":[{"href":"https:\/\/www.gereso.com\/actualites\/wp-json\/wp\/v2\/posts"}],"about":[{"href":"https:\/\/www.gereso.com\/actualites\/wp-json\/wp\/v2\/types\/post"}],"author":[{"embeddable":true,"href":"https:\/\/www.gereso.com\/actualites\/wp-json\/wp\/v2\/users\/45"}],"replies":[{"embeddable":true,"href":"https:\/\/www.gereso.com\/actualites\/wp-json\/wp\/v2\/comments?post=8674"}],"version-history":[{"count":1,"href":"https:\/\/www.gereso.com\/actualites\/wp-json\/wp\/v2\/posts\/8674\/revisions"}],"predecessor-version":[{"id":8675,"href":"https:\/\/www.gereso.com\/actualites\/wp-json\/wp\/v2\/posts\/8674\/revisions\/8675"}],"wp:attachment":[{"href":"https:\/\/www.gereso.com\/actualites\/wp-json\/wp\/v2\/media?parent=8674"}],"wp:term":[{"taxonomy":"category","embeddable":true,"href":"https:\/\/www.gereso.com\/actualites\/wp-json\/wp\/v2\/categories?post=8674"},{"taxonomy":"post_tag","embeddable":true,"href":"https:\/\/www.gereso.com\/actualites\/wp-json\/wp\/v2\/tags?post=8674"}],"curies":[{"name":"wp","href":"https:\/\/api.w.org\/{rel}","templated":true}]}}