{"id":8712,"date":"2017-12-11T12:08:58","date_gmt":"2017-12-11T10:08:58","guid":{"rendered":"https:\/\/www.gereso.com\/actualites\/?p=8712"},"modified":"2017-12-11T12:08:58","modified_gmt":"2017-12-11T10:08:58","slug":"la-france-1ere-en-ue-pour-les-prelevements-obligatoires","status":"publish","type":"post","link":"https:\/\/www.gereso.com\/actualites\/2017\/12\/11\/la-france-1ere-en-ue-pour-les-prelevements-obligatoires\/","title":{"rendered":"La France 1\u00e8re en UE pour les pr\u00e9l\u00e8vements obligatoires"},"content":{"rendered":"<p>Selon les statistiques publi\u00e9es ce jeudi par Eurostat, la France est en 2016, l\u2019\u00c9tat membre de l\u2019Union europ\u00e9enne o\u00f9 le <strong>poids des imp\u00f4ts et des cotisations sociales<\/strong>, en pourcentage du PIB est le plus \u00e9lev\u00e9. Ce taux s\u2019est \u00e9lev\u00e9 en 2016, \u00e0 <strong>47,6%,<\/strong> comme en 2015, ann\u00e9e o\u00f9 elle partageait la premi\u00e8re place avec la Belgique. La moyenne en Union europ\u00e9enne s\u2019\u00e9l\u00e8ve \u00e0 40% en 2016 contre 39,7% en 2015.<\/p>\n<p>L\u2019Allemagne se situe en 9<sup>\u00e8me<\/sup> position avec un taux de 40,4%. Comme en 2015, <strong>l\u2019Irlande<\/strong>, est l\u2019\u00c9tat membre o\u00f9 ce taux est <strong>le plus faible<\/strong>.<\/p>\n<table border=\"1\" width=\"434\">\n<tbody>\n<tr>\n<td style=\"text-align: center\" width=\"32\">&nbsp;<\/td>\n<td style=\"text-align: center\" width=\"184\"><strong>Pays<\/strong><\/td>\n<td style=\"text-align: center\" width=\"210\"><strong>Poids en 2016 des pr\u00e9l\u00e8vements obligatoires (en %age du PIB)<\/strong><\/td>\n<\/tr>\n<tr>\n<td style=\"text-align: center\" width=\"32\">1<\/td>\n<td style=\"text-align: center\" width=\"184\"><strong>France<\/strong><\/td>\n<td style=\"text-align: center\" width=\"210\">47,6<\/td>\n<\/tr>\n<tr>\n<td style=\"text-align: center\" width=\"32\">2<\/td>\n<td style=\"text-align: center\" width=\"184\"><strong>Danemark<\/strong><\/td>\n<td style=\"text-align: center\" width=\"210\">47,3<\/td>\n<\/tr>\n<tr>\n<td style=\"text-align: center\" width=\"32\">3<\/td>\n<td style=\"text-align: center\" width=\"184\"><strong>Belgique<\/strong><\/td>\n<td style=\"text-align: center\" width=\"210\">46,8<\/td>\n<\/tr>\n<tr>\n<td style=\"text-align: center\" width=\"32\">4<\/td>\n<td style=\"text-align: center\" width=\"184\"><strong>Su\u00e8de<\/strong><\/td>\n<td style=\"text-align: center\" width=\"210\">44,6<\/td>\n<\/tr>\n<tr>\n<td style=\"text-align: center\" width=\"32\">5<\/td>\n<td style=\"text-align: center\" width=\"184\"><strong>Finlande<\/strong><\/td>\n<td style=\"text-align: center\" width=\"210\">44,3<\/td>\n<\/tr>\n<tr>\n<td style=\"text-align: center\" width=\"32\">&nbsp;<\/td>\n<td style=\"text-align: center\" width=\"184\"><strong>\u2026<\/strong><\/td>\n<td style=\"text-align: center\" width=\"210\">&nbsp;<\/td>\n<\/tr>\n<tr>\n<td style=\"text-align: center\" width=\"32\">26<\/td>\n<td style=\"text-align: center\" width=\"184\"><strong>Bulgarie<\/strong><\/td>\n<td style=\"text-align: center\" width=\"210\">29,0<\/td>\n<\/tr>\n<tr>\n<td style=\"text-align: center\" width=\"32\">27<\/td>\n<td style=\"text-align: center\" width=\"184\"><strong>Roumanie<\/strong><\/td>\n<td style=\"text-align: center\" width=\"210\">26,0<\/td>\n<\/tr>\n<tr>\n<td style=\"text-align: center\" width=\"32\">28<\/td>\n<td style=\"text-align: center\" width=\"184\"><strong>Irlande<\/strong><\/td>\n<td style=\"text-align: center\" width=\"210\">23,8<\/td>\n<\/tr>\n<\/tbody>\n<\/table>\n<p>La situation fran\u00e7aise s\u2019explique principalement par le niveau de <strong>ses cotisations sociales<\/strong> qui s\u2019\u00e9l\u00e8vent \u00e0 18,8% du PIB en 2016 (1<sup>\u00e8re<\/sup> place du classement UE) alors que la moyenne dans les \u00c9tats membres ne s\u2019\u00e9l\u00e8ve qu\u2019\u00e0 13,3%. La France arrive \u00e9galement \u00e0 la 6<sup>\u00e8me<\/sup> place en ce qui concerne le poids des imp\u00f4ts sur la production et sur les importations (16,1% du PIB pour une moyenne UE de 13,6%).<\/p>\n<p>En revanche, la France se situe <strong>en dessous de la moyenne<\/strong>\u00a0:<\/p>\n<ul>\n<li>Pour le poids de la <strong>TVA\u00a0<\/strong>: 6,9% (moyenne UE\u00a0: 7%)<\/li>\n<li>Pour le poids de <strong>l\u2019imp\u00f4t sur le revenu<\/strong> des m\u00e9nages\u00a0: 8,7% (moyenne UE\u00a0: 9,3%)<\/li>\n<li>Pour le poids de <strong>l\u2019imp\u00f4t sur les b\u00e9n\u00e9fices<\/strong>: 2,6% (moyenne UE\u00a0: 2,6%)<\/li>\n<\/ul>\n<p>L\u2019ensemble de l\u2019\u00e9tude d\u2019Eurostat est disponible sur le lien suivant\u00a0: <a href=\"http:\/\/ec.europa.eu\/eurostat\/documents\/2995521\/8516002\/2-07122017-BP-FR.pdf\/fe2436ff-4891-46bc-86d4-ba5908cef012\">http:\/\/ec.europa.eu\/eurostat\/documents\/2995521\/8516002\/2-07122017-BP-FR.pdf\/fe2436ff-4891-46bc-86d4-ba5908cef012<\/a><\/p>\n","protected":false},"excerpt":{"rendered":"<p>Selon les statistiques publi\u00e9es ce jeudi par Eurostat, la France est en 2016, l\u2019\u00c9tat membre de l\u2019Union europ\u00e9enne o\u00f9 le poids des imp\u00f4ts et des cotisations sociales, en pourcentage du PIB est le plus \u00e9lev\u00e9. Ce taux s\u2019est \u00e9lev\u00e9 en 2016, \u00e0 47,6%, comme en 2015, ann\u00e9e o\u00f9 elle partageait la premi\u00e8re place avec la [&hellip;]<\/p>\n","protected":false},"author":45,"featured_media":0,"comment_status":"open","ping_status":"open","sticky":false,"template":"","format":"quote","meta":{"_acf_changed":false,"_mi_skip_tracking":false,"footnotes":""},"categories":[12,3],"tags":[426,1047],"class_list":["post-8712","post","type-post","status-publish","format-quote","hentry","category-actualites","category-comptabilite-fiscalite-et-gestion-financiere","tag-cotisations-sociales","tag-tva","post_format-post-format-quote"],"acf":[],"yoast_head":"<!-- This site is optimized with the Yoast SEO plugin v23.4 - https:\/\/yoast.com\/wordpress\/plugins\/seo\/ -->\n<title>La France 1\u00e8re en UE pour les pr\u00e9l\u00e8vements obligatoires - Le Blog GERESO<\/title>\n<meta name=\"robots\" content=\"index, follow, max-snippet:-1, max-image-preview:large, max-video-preview:-1\" \/>\n<link rel=\"canonical\" href=\"https:\/\/www.gereso.com\/actualites\/2017\/12\/11\/la-france-1ere-en-ue-pour-les-prelevements-obligatoires\/\" \/>\n<meta property=\"og:locale\" content=\"fr_FR\" \/>\n<meta property=\"og:type\" content=\"article\" \/>\n<meta property=\"og:title\" content=\"La France 1\u00e8re en UE pour les pr\u00e9l\u00e8vements obligatoires - Le Blog GERESO\" \/>\n<meta property=\"og:description\" content=\"Selon les statistiques publi\u00e9es ce jeudi par Eurostat, la France est en 2016, l\u2019\u00c9tat membre de l\u2019Union europ\u00e9enne o\u00f9 le poids des imp\u00f4ts et des cotisations sociales, en pourcentage du PIB est le plus \u00e9lev\u00e9. Ce taux s\u2019est \u00e9lev\u00e9 en 2016, \u00e0 47,6%, comme en 2015, ann\u00e9e o\u00f9 elle partageait la premi\u00e8re place avec la [&hellip;]\" \/>\n<meta property=\"og:url\" content=\"https:\/\/www.gereso.com\/actualites\/2017\/12\/11\/la-france-1ere-en-ue-pour-les-prelevements-obligatoires\/\" \/>\n<meta property=\"og:site_name\" content=\"Le Blog GERESO\" \/>\n<meta property=\"article:published_time\" content=\"2017-12-11T10:08:58+00:00\" \/>\n<meta name=\"author\" content=\"Damien P\u00e9an\" \/>\n<meta name=\"twitter:card\" content=\"summary_large_image\" \/>\n<script type=\"application\/ld+json\" class=\"yoast-schema-graph\">{\"@context\":\"https:\/\/schema.org\",\"@graph\":[{\"@type\":\"WebPage\",\"@id\":\"https:\/\/www.gereso.com\/actualites\/2017\/12\/11\/la-france-1ere-en-ue-pour-les-prelevements-obligatoires\/\",\"url\":\"https:\/\/www.gereso.com\/actualites\/2017\/12\/11\/la-france-1ere-en-ue-pour-les-prelevements-obligatoires\/\",\"name\":\"La France 1\u00e8re en UE pour les pr\u00e9l\u00e8vements obligatoires - Le Blog GERESO\",\"isPartOf\":{\"@id\":\"https:\/\/www.gereso.com\/actualites\/#website\"},\"datePublished\":\"2017-12-11T10:08:58+00:00\",\"dateModified\":\"2017-12-11T10:08:58+00:00\",\"author\":{\"@id\":\"https:\/\/www.gereso.com\/actualites\/#\/schema\/person\/c91814f92d627ed4715993fbbf7c7e8d\"},\"breadcrumb\":{\"@id\":\"https:\/\/www.gereso.com\/actualites\/2017\/12\/11\/la-france-1ere-en-ue-pour-les-prelevements-obligatoires\/#breadcrumb\"},\"inLanguage\":\"fr-FR\",\"potentialAction\":[{\"@type\":\"ReadAction\",\"target\":[\"https:\/\/www.gereso.com\/actualites\/2017\/12\/11\/la-france-1ere-en-ue-pour-les-prelevements-obligatoires\/\"]}]},{\"@type\":\"BreadcrumbList\",\"@id\":\"https:\/\/www.gereso.com\/actualites\/2017\/12\/11\/la-france-1ere-en-ue-pour-les-prelevements-obligatoires\/#breadcrumb\",\"itemListElement\":[{\"@type\":\"ListItem\",\"position\":1,\"name\":\"Home\",\"item\":\"https:\/\/www.gereso.com\/actualites\/\"},{\"@type\":\"ListItem\",\"position\":2,\"name\":\"La France 1\u00e8re en UE pour les pr\u00e9l\u00e8vements obligatoires\"}]},{\"@type\":\"WebSite\",\"@id\":\"https:\/\/www.gereso.com\/actualites\/#website\",\"url\":\"https:\/\/www.gereso.com\/actualites\/\",\"name\":\"Le Blog GERESO\",\"description\":\"Toute l&#039;actu RH, Finance, Fonction Publique, Management...\",\"potentialAction\":[{\"@type\":\"SearchAction\",\"target\":{\"@type\":\"EntryPoint\",\"urlTemplate\":\"https:\/\/www.gereso.com\/actualites\/?s={search_term_string}\"},\"query-input\":{\"@type\":\"PropertyValueSpecification\",\"valueRequired\":true,\"valueName\":\"search_term_string\"}}],\"inLanguage\":\"fr-FR\"},{\"@type\":\"Person\",\"@id\":\"https:\/\/www.gereso.com\/actualites\/#\/schema\/person\/c91814f92d627ed4715993fbbf7c7e8d\",\"name\":\"Damien P\u00e9an\",\"image\":{\"@type\":\"ImageObject\",\"inLanguage\":\"fr-FR\",\"@id\":\"https:\/\/www.gereso.com\/actualites\/#\/schema\/person\/image\/\",\"url\":\"https:\/\/www.gereso.com\/actualites\/wp-content\/uploads\/2016\/03\/damien-pean.jpg\",\"contentUrl\":\"https:\/\/www.gereso.com\/actualites\/wp-content\/uploads\/2016\/03\/damien-pean.jpg\",\"caption\":\"Damien P\u00e9an\"},\"description\":\"Damien P\u00c9AN est titulaire du Dipl\u00f4me d'\u00e9tudes sup\u00e9rieures comptables et financi\u00e8res (DESCF). Il intervient depuis plusieurs ann\u00e9es aupr\u00e8s d'\u00e9tudiants en licence de comptabilit\u00e9 et de gestion, \u00e0 qui il enseigne le contr\u00f4le de gestion, la comptabilit\u00e9 approfondie, le management, la fiscalit\u00e9, le droit des soci\u00e9t\u00e9s et le droit du travail. Il intervient \u00e9galement en formation continue pour le compte de divers organismes de formation sur des th\u00e9matiques techniques en comptabilit\u00e9 et fiscalit\u00e9. Il forme aussi un public de non-initi\u00e9s aux fondamentaux de la finance.\",\"url\":\"https:\/\/www.gereso.com\/actualites\/author\/d-pean\/\"}]}<\/script>\n<!-- \/ Yoast SEO plugin. -->","yoast_head_json":{"title":"La France 1\u00e8re en UE pour les pr\u00e9l\u00e8vements obligatoires - Le Blog GERESO","robots":{"index":"index","follow":"follow","max-snippet":"max-snippet:-1","max-image-preview":"max-image-preview:large","max-video-preview":"max-video-preview:-1"},"canonical":"https:\/\/www.gereso.com\/actualites\/2017\/12\/11\/la-france-1ere-en-ue-pour-les-prelevements-obligatoires\/","og_locale":"fr_FR","og_type":"article","og_title":"La France 1\u00e8re en UE pour les pr\u00e9l\u00e8vements obligatoires - Le Blog GERESO","og_description":"Selon les statistiques publi\u00e9es ce jeudi par Eurostat, la France est en 2016, l\u2019\u00c9tat membre de l\u2019Union europ\u00e9enne o\u00f9 le poids des imp\u00f4ts et des cotisations sociales, en pourcentage du PIB est le plus \u00e9lev\u00e9. Ce taux s\u2019est \u00e9lev\u00e9 en 2016, \u00e0 47,6%, comme en 2015, ann\u00e9e o\u00f9 elle partageait la premi\u00e8re place avec la [&hellip;]","og_url":"https:\/\/www.gereso.com\/actualites\/2017\/12\/11\/la-france-1ere-en-ue-pour-les-prelevements-obligatoires\/","og_site_name":"Le Blog GERESO","article_published_time":"2017-12-11T10:08:58+00:00","author":"Damien P\u00e9an","twitter_card":"summary_large_image","schema":{"@context":"https:\/\/schema.org","@graph":[{"@type":"WebPage","@id":"https:\/\/www.gereso.com\/actualites\/2017\/12\/11\/la-france-1ere-en-ue-pour-les-prelevements-obligatoires\/","url":"https:\/\/www.gereso.com\/actualites\/2017\/12\/11\/la-france-1ere-en-ue-pour-les-prelevements-obligatoires\/","name":"La France 1\u00e8re en UE pour les pr\u00e9l\u00e8vements obligatoires - Le Blog GERESO","isPartOf":{"@id":"https:\/\/www.gereso.com\/actualites\/#website"},"datePublished":"2017-12-11T10:08:58+00:00","dateModified":"2017-12-11T10:08:58+00:00","author":{"@id":"https:\/\/www.gereso.com\/actualites\/#\/schema\/person\/c91814f92d627ed4715993fbbf7c7e8d"},"breadcrumb":{"@id":"https:\/\/www.gereso.com\/actualites\/2017\/12\/11\/la-france-1ere-en-ue-pour-les-prelevements-obligatoires\/#breadcrumb"},"inLanguage":"fr-FR","potentialAction":[{"@type":"ReadAction","target":["https:\/\/www.gereso.com\/actualites\/2017\/12\/11\/la-france-1ere-en-ue-pour-les-prelevements-obligatoires\/"]}]},{"@type":"BreadcrumbList","@id":"https:\/\/www.gereso.com\/actualites\/2017\/12\/11\/la-france-1ere-en-ue-pour-les-prelevements-obligatoires\/#breadcrumb","itemListElement":[{"@type":"ListItem","position":1,"name":"Home","item":"https:\/\/www.gereso.com\/actualites\/"},{"@type":"ListItem","position":2,"name":"La France 1\u00e8re en UE pour les pr\u00e9l\u00e8vements obligatoires"}]},{"@type":"WebSite","@id":"https:\/\/www.gereso.com\/actualites\/#website","url":"https:\/\/www.gereso.com\/actualites\/","name":"Le Blog GERESO","description":"Toute l&#039;actu RH, Finance, Fonction Publique, Management...","potentialAction":[{"@type":"SearchAction","target":{"@type":"EntryPoint","urlTemplate":"https:\/\/www.gereso.com\/actualites\/?s={search_term_string}"},"query-input":{"@type":"PropertyValueSpecification","valueRequired":true,"valueName":"search_term_string"}}],"inLanguage":"fr-FR"},{"@type":"Person","@id":"https:\/\/www.gereso.com\/actualites\/#\/schema\/person\/c91814f92d627ed4715993fbbf7c7e8d","name":"Damien P\u00e9an","image":{"@type":"ImageObject","inLanguage":"fr-FR","@id":"https:\/\/www.gereso.com\/actualites\/#\/schema\/person\/image\/","url":"https:\/\/www.gereso.com\/actualites\/wp-content\/uploads\/2016\/03\/damien-pean.jpg","contentUrl":"https:\/\/www.gereso.com\/actualites\/wp-content\/uploads\/2016\/03\/damien-pean.jpg","caption":"Damien P\u00e9an"},"description":"Damien P\u00c9AN est titulaire du Dipl\u00f4me d'\u00e9tudes sup\u00e9rieures comptables et financi\u00e8res (DESCF). Il intervient depuis plusieurs ann\u00e9es aupr\u00e8s d'\u00e9tudiants en licence de comptabilit\u00e9 et de gestion, \u00e0 qui il enseigne le contr\u00f4le de gestion, la comptabilit\u00e9 approfondie, le management, la fiscalit\u00e9, le droit des soci\u00e9t\u00e9s et le droit du travail. Il intervient \u00e9galement en formation continue pour le compte de divers organismes de formation sur des th\u00e9matiques techniques en comptabilit\u00e9 et fiscalit\u00e9. Il forme aussi un public de non-initi\u00e9s aux fondamentaux de la finance.","url":"https:\/\/www.gereso.com\/actualites\/author\/d-pean\/"}]}},"_links":{"self":[{"href":"https:\/\/www.gereso.com\/actualites\/wp-json\/wp\/v2\/posts\/8712","targetHints":{"allow":["GET"]}}],"collection":[{"href":"https:\/\/www.gereso.com\/actualites\/wp-json\/wp\/v2\/posts"}],"about":[{"href":"https:\/\/www.gereso.com\/actualites\/wp-json\/wp\/v2\/types\/post"}],"author":[{"embeddable":true,"href":"https:\/\/www.gereso.com\/actualites\/wp-json\/wp\/v2\/users\/45"}],"replies":[{"embeddable":true,"href":"https:\/\/www.gereso.com\/actualites\/wp-json\/wp\/v2\/comments?post=8712"}],"version-history":[{"count":1,"href":"https:\/\/www.gereso.com\/actualites\/wp-json\/wp\/v2\/posts\/8712\/revisions"}],"predecessor-version":[{"id":8714,"href":"https:\/\/www.gereso.com\/actualites\/wp-json\/wp\/v2\/posts\/8712\/revisions\/8714"}],"wp:attachment":[{"href":"https:\/\/www.gereso.com\/actualites\/wp-json\/wp\/v2\/media?parent=8712"}],"wp:term":[{"taxonomy":"category","embeddable":true,"href":"https:\/\/www.gereso.com\/actualites\/wp-json\/wp\/v2\/categories?post=8712"},{"taxonomy":"post_tag","embeddable":true,"href":"https:\/\/www.gereso.com\/actualites\/wp-json\/wp\/v2\/tags?post=8712"}],"curies":[{"name":"wp","href":"https:\/\/api.w.org\/{rel}","templated":true}]}}