{"id":8763,"date":"2017-12-21T17:20:34","date_gmt":"2017-12-21T15:20:34","guid":{"rendered":"https:\/\/www.gereso.com\/actualites\/?p=8763"},"modified":"2017-12-21T17:20:34","modified_gmt":"2017-12-21T15:20:34","slug":"le-plf-2018-definitivement-adopte","status":"publish","type":"post","link":"https:\/\/www.gereso.com\/actualites\/2017\/12\/21\/le-plf-2018-definitivement-adopte\/","title":{"rendered":"Le PLF 2018 d\u00e9finitivement adopt\u00e9"},"content":{"rendered":"<p>L\u2019Assembl\u00e9e nationale a adopt\u00e9 ce jeudi, le projet de loi de finances pour 2018 en derni\u00e8re lecture. C\u2019est la fin d\u2019un marathon parlementaire qui a commenc\u00e9 d\u00e9but octobre. Si les d\u00e9put\u00e9s (majorit\u00e9 LREM) ont dans l\u2019ensemble toujours vot\u00e9 en faveur des mesures propos\u00e9es par le Gouvernement, les s\u00e9nateurs, de majorit\u00e9 de droite, se sont en revanche, r\u00e9guli\u00e8rement oppos\u00e9s \u00e0 certaines dispositions fortes du texte.<\/p>\n<h2><strong>Du projet de loi de finances \u00e0 l\u2019adoption d\u00e9finitive<\/strong><\/h2>\n<p>L\u2019absence d\u2019accord en commission mixte paritaire sur un budget commun a entra\u00een\u00e9 des d\u00e9bats \u00e0 rallonge\u00a0:<\/p>\n<ul>\n<li>21 novembre\u00a0: adoption en premi\u00e8re lecture par les d\u00e9put\u00e9s<\/li>\n<li>12 d\u00e9cembre\u00a0: adoption en premi\u00e8re lecture par les s\u00e9nateurs avec de nombreux amendements adopt\u00e9s (suppression de l\u2019IFI et des d\u00e9gr\u00e8vements de la taxe d\u2019habitation, augmentation du plafond du quotient familial, etc.)<\/li>\n<li>13 d\u00e9cembre : \u00e9chec de la commission mixte paritaire sur un texte commun<\/li>\n<li>15 d\u00e9cembre\u00a0: adoption en nouvelle lecture par l\u2019Assembl\u00e9e nationale (r\u00e9int\u00e9gration des mesures supprim\u00e9es par le S\u00e9nat tels l\u2019IFI et le d\u00e9gr\u00e8vement de la taxe d\u2019habitation)<\/li>\n<li>19 d\u00e9cembre\u00a0: vote du S\u00e9nat contre le PLF 2018<\/li>\n<li>21 d\u00e9cembre 2017\u00a0: adoption en derni\u00e8re lecture du PLF 2018 par l\u2019Assembl\u00e9e nationale.<\/li>\n<\/ul>\n<p>L\u2019Assembl\u00e9e nationale dispose constitutionnellement du dernier mot. Ce budget 2018 est donc d\u00e9finitivement adopt\u00e9 ou presque. En effet, plusieurs d\u00e9put\u00e9s et s\u00e9nateurs du groupe Les R\u00e9publicains ont annonc\u00e9 leur volont\u00e9 de saisir le Conseil constitutionnel. Ce dernier devra rendre sa d\u00e9cision avant la fin de l\u2019ann\u00e9e.<\/p>\n<h2><strong>Les principales dispositions adopt\u00e9es<\/strong><\/h2>\n<p>Le texte finalement adopt\u00e9 est riche en propositions en faveur des entreprises et des particuliers. Selon G\u00e9rald Darmanin, il devrait permettre de passer de 44,7% de pr\u00e9l\u00e8vements obligatoires actuellement (en pourcentage du PIB) \u00e0 44,3%.<\/p>\n<p>Les principales dispositions en faveur des particuliers\u00a0:<\/p>\n<ul>\n<li>Instauration d\u2019un d\u00e9gr\u00e8vement de la taxe d\u2019habitation qui aboutira au bout de 3 ans \u00e0 une suppression de cette taxe pour 80% des Fran\u00e7ais.<\/li>\n<li>Remplacement de l\u2019ISF par l\u2019IFI (imp\u00f4t sur la fortune immobili\u00e8re)\u00a0: seuls les biens immobiliers seront soumis \u00e0 l\u2019imp\u00f4t, les titres et autres valeurs mobili\u00e8res seront exclus du champ d\u2019application.<\/li>\n<li>Instauration d\u2019un pr\u00e9l\u00e8vement forfaitaire unique au taux de 30% au titre de l\u2019imp\u00f4t sur le revenu et des pr\u00e9l\u00e8vements sociaux (CSG) applicable aux revenus du capital (dividendes, int\u00e9r\u00eats, plus-values sur titres).<\/li>\n<\/ul>\n<p>Les principales dispositions en faveur des entreprises\u00a0:<\/p>\n<ul>\n<li>R\u00e9duction sur 5 ans du taux normal de l\u2019imp\u00f4t sur les soci\u00e9t\u00e9s de 33,33% actuellement \u00e0 25% en 2022.<\/li>\n<li>R\u00e9duction du taux du CICE (cr\u00e9dit d\u2019imp\u00f4t comp\u00e9titivit\u00e9 emploi)\u00a0: il sera fix\u00e9 \u00e0 6% en 2018 au lieu de 7% actuellement, et sera supprim\u00e9 \u00e0 compter de 2019 au profit d\u2019une r\u00e9duction de cotisations patronales.<\/li>\n<li>Doublement des plafonds de chiffre d\u2019affaires permettant de b\u00e9n\u00e9ficier du r\u00e9gime de micro-entrepreneur (ex-autoentrepreneur).<\/li>\n<li>Suppression de la taxe de 3% sur les dividendes (contribution additionnelle \u00e0 l\u2019IS sur les revenus distribu\u00e9s) en r\u00e9action \u00e0 la censure de cette taxe par le Conseil constitutionnel.<\/li>\n<li>Suppression de la derni\u00e8re tranche de la taxe sur les salaires (taux \u00e0 20%).<\/li>\n<\/ul>\n","protected":false},"excerpt":{"rendered":"<p>L\u2019Assembl\u00e9e nationale a adopt\u00e9 ce jeudi, le projet de loi de finances pour 2018 en derni\u00e8re lecture. C\u2019est la fin d\u2019un marathon parlementaire qui a commenc\u00e9 d\u00e9but octobre. Si les d\u00e9put\u00e9s (majorit\u00e9 LREM) ont dans l\u2019ensemble toujours vot\u00e9 en faveur des mesures propos\u00e9es par le Gouvernement, les s\u00e9nateurs, de majorit\u00e9 de droite, se sont en [&hellip;]<\/p>\n","protected":false},"author":45,"featured_media":0,"comment_status":"open","ping_status":"open","sticky":false,"template":"","format":"quote","meta":{"_acf_changed":false,"_mi_skip_tracking":false,"footnotes":""},"categories":[12,3],"tags":[],"class_list":["post-8763","post","type-post","status-publish","format-quote","hentry","category-actualites","category-comptabilite-fiscalite-et-gestion-financiere","post_format-post-format-quote"],"acf":[],"yoast_head":"<!-- This site is optimized with the Yoast SEO plugin v23.4 - https:\/\/yoast.com\/wordpress\/plugins\/seo\/ -->\n<title>Le PLF 2018 d\u00e9finitivement adopt\u00e9 - Le Blog GERESO<\/title>\n<meta name=\"robots\" content=\"index, follow, max-snippet:-1, max-image-preview:large, max-video-preview:-1\" \/>\n<link rel=\"canonical\" href=\"https:\/\/www.gereso.com\/actualites\/2017\/12\/21\/le-plf-2018-definitivement-adopte\/\" \/>\n<meta property=\"og:locale\" content=\"fr_FR\" \/>\n<meta property=\"og:type\" content=\"article\" \/>\n<meta property=\"og:title\" content=\"Le PLF 2018 d\u00e9finitivement adopt\u00e9 - Le Blog GERESO\" \/>\n<meta property=\"og:description\" content=\"L\u2019Assembl\u00e9e nationale a adopt\u00e9 ce jeudi, le projet de loi de finances pour 2018 en derni\u00e8re lecture. C\u2019est la fin d\u2019un marathon parlementaire qui a commenc\u00e9 d\u00e9but octobre. Si les d\u00e9put\u00e9s (majorit\u00e9 LREM) ont dans l\u2019ensemble toujours vot\u00e9 en faveur des mesures propos\u00e9es par le Gouvernement, les s\u00e9nateurs, de majorit\u00e9 de droite, se sont en [&hellip;]\" \/>\n<meta property=\"og:url\" content=\"https:\/\/www.gereso.com\/actualites\/2017\/12\/21\/le-plf-2018-definitivement-adopte\/\" \/>\n<meta property=\"og:site_name\" content=\"Le Blog GERESO\" \/>\n<meta property=\"article:published_time\" content=\"2017-12-21T15:20:34+00:00\" \/>\n<meta name=\"author\" content=\"Damien P\u00e9an\" \/>\n<meta name=\"twitter:card\" content=\"summary_large_image\" \/>\n<script type=\"application\/ld+json\" class=\"yoast-schema-graph\">{\"@context\":\"https:\/\/schema.org\",\"@graph\":[{\"@type\":\"WebPage\",\"@id\":\"https:\/\/www.gereso.com\/actualites\/2017\/12\/21\/le-plf-2018-definitivement-adopte\/\",\"url\":\"https:\/\/www.gereso.com\/actualites\/2017\/12\/21\/le-plf-2018-definitivement-adopte\/\",\"name\":\"Le PLF 2018 d\u00e9finitivement adopt\u00e9 - Le Blog GERESO\",\"isPartOf\":{\"@id\":\"https:\/\/www.gereso.com\/actualites\/#website\"},\"datePublished\":\"2017-12-21T15:20:34+00:00\",\"dateModified\":\"2017-12-21T15:20:34+00:00\",\"author\":{\"@id\":\"https:\/\/www.gereso.com\/actualites\/#\/schema\/person\/c91814f92d627ed4715993fbbf7c7e8d\"},\"breadcrumb\":{\"@id\":\"https:\/\/www.gereso.com\/actualites\/2017\/12\/21\/le-plf-2018-definitivement-adopte\/#breadcrumb\"},\"inLanguage\":\"fr-FR\",\"potentialAction\":[{\"@type\":\"ReadAction\",\"target\":[\"https:\/\/www.gereso.com\/actualites\/2017\/12\/21\/le-plf-2018-definitivement-adopte\/\"]}]},{\"@type\":\"BreadcrumbList\",\"@id\":\"https:\/\/www.gereso.com\/actualites\/2017\/12\/21\/le-plf-2018-definitivement-adopte\/#breadcrumb\",\"itemListElement\":[{\"@type\":\"ListItem\",\"position\":1,\"name\":\"Home\",\"item\":\"https:\/\/www.gereso.com\/actualites\/\"},{\"@type\":\"ListItem\",\"position\":2,\"name\":\"Le PLF 2018 d\u00e9finitivement adopt\u00e9\"}]},{\"@type\":\"WebSite\",\"@id\":\"https:\/\/www.gereso.com\/actualites\/#website\",\"url\":\"https:\/\/www.gereso.com\/actualites\/\",\"name\":\"Le Blog GERESO\",\"description\":\"Toute l&#039;actu RH, Finance, Fonction Publique, Management...\",\"potentialAction\":[{\"@type\":\"SearchAction\",\"target\":{\"@type\":\"EntryPoint\",\"urlTemplate\":\"https:\/\/www.gereso.com\/actualites\/?s={search_term_string}\"},\"query-input\":{\"@type\":\"PropertyValueSpecification\",\"valueRequired\":true,\"valueName\":\"search_term_string\"}}],\"inLanguage\":\"fr-FR\"},{\"@type\":\"Person\",\"@id\":\"https:\/\/www.gereso.com\/actualites\/#\/schema\/person\/c91814f92d627ed4715993fbbf7c7e8d\",\"name\":\"Damien P\u00e9an\",\"image\":{\"@type\":\"ImageObject\",\"inLanguage\":\"fr-FR\",\"@id\":\"https:\/\/www.gereso.com\/actualites\/#\/schema\/person\/image\/\",\"url\":\"https:\/\/www.gereso.com\/actualites\/wp-content\/uploads\/2016\/03\/damien-pean.jpg\",\"contentUrl\":\"https:\/\/www.gereso.com\/actualites\/wp-content\/uploads\/2016\/03\/damien-pean.jpg\",\"caption\":\"Damien P\u00e9an\"},\"description\":\"Damien P\u00c9AN est titulaire du Dipl\u00f4me d'\u00e9tudes sup\u00e9rieures comptables et financi\u00e8res (DESCF). Il intervient depuis plusieurs ann\u00e9es aupr\u00e8s d'\u00e9tudiants en licence de comptabilit\u00e9 et de gestion, \u00e0 qui il enseigne le contr\u00f4le de gestion, la comptabilit\u00e9 approfondie, le management, la fiscalit\u00e9, le droit des soci\u00e9t\u00e9s et le droit du travail. Il intervient \u00e9galement en formation continue pour le compte de divers organismes de formation sur des th\u00e9matiques techniques en comptabilit\u00e9 et fiscalit\u00e9. Il forme aussi un public de non-initi\u00e9s aux fondamentaux de la finance.\",\"url\":\"https:\/\/www.gereso.com\/actualites\/author\/d-pean\/\"}]}<\/script>\n<!-- \/ Yoast SEO plugin. -->","yoast_head_json":{"title":"Le PLF 2018 d\u00e9finitivement adopt\u00e9 - Le Blog GERESO","robots":{"index":"index","follow":"follow","max-snippet":"max-snippet:-1","max-image-preview":"max-image-preview:large","max-video-preview":"max-video-preview:-1"},"canonical":"https:\/\/www.gereso.com\/actualites\/2017\/12\/21\/le-plf-2018-definitivement-adopte\/","og_locale":"fr_FR","og_type":"article","og_title":"Le PLF 2018 d\u00e9finitivement adopt\u00e9 - Le Blog GERESO","og_description":"L\u2019Assembl\u00e9e nationale a adopt\u00e9 ce jeudi, le projet de loi de finances pour 2018 en derni\u00e8re lecture. C\u2019est la fin d\u2019un marathon parlementaire qui a commenc\u00e9 d\u00e9but octobre. Si les d\u00e9put\u00e9s (majorit\u00e9 LREM) ont dans l\u2019ensemble toujours vot\u00e9 en faveur des mesures propos\u00e9es par le Gouvernement, les s\u00e9nateurs, de majorit\u00e9 de droite, se sont en [&hellip;]","og_url":"https:\/\/www.gereso.com\/actualites\/2017\/12\/21\/le-plf-2018-definitivement-adopte\/","og_site_name":"Le Blog GERESO","article_published_time":"2017-12-21T15:20:34+00:00","author":"Damien P\u00e9an","twitter_card":"summary_large_image","schema":{"@context":"https:\/\/schema.org","@graph":[{"@type":"WebPage","@id":"https:\/\/www.gereso.com\/actualites\/2017\/12\/21\/le-plf-2018-definitivement-adopte\/","url":"https:\/\/www.gereso.com\/actualites\/2017\/12\/21\/le-plf-2018-definitivement-adopte\/","name":"Le PLF 2018 d\u00e9finitivement adopt\u00e9 - Le Blog GERESO","isPartOf":{"@id":"https:\/\/www.gereso.com\/actualites\/#website"},"datePublished":"2017-12-21T15:20:34+00:00","dateModified":"2017-12-21T15:20:34+00:00","author":{"@id":"https:\/\/www.gereso.com\/actualites\/#\/schema\/person\/c91814f92d627ed4715993fbbf7c7e8d"},"breadcrumb":{"@id":"https:\/\/www.gereso.com\/actualites\/2017\/12\/21\/le-plf-2018-definitivement-adopte\/#breadcrumb"},"inLanguage":"fr-FR","potentialAction":[{"@type":"ReadAction","target":["https:\/\/www.gereso.com\/actualites\/2017\/12\/21\/le-plf-2018-definitivement-adopte\/"]}]},{"@type":"BreadcrumbList","@id":"https:\/\/www.gereso.com\/actualites\/2017\/12\/21\/le-plf-2018-definitivement-adopte\/#breadcrumb","itemListElement":[{"@type":"ListItem","position":1,"name":"Home","item":"https:\/\/www.gereso.com\/actualites\/"},{"@type":"ListItem","position":2,"name":"Le PLF 2018 d\u00e9finitivement adopt\u00e9"}]},{"@type":"WebSite","@id":"https:\/\/www.gereso.com\/actualites\/#website","url":"https:\/\/www.gereso.com\/actualites\/","name":"Le Blog GERESO","description":"Toute l&#039;actu RH, Finance, Fonction Publique, Management...","potentialAction":[{"@type":"SearchAction","target":{"@type":"EntryPoint","urlTemplate":"https:\/\/www.gereso.com\/actualites\/?s={search_term_string}"},"query-input":{"@type":"PropertyValueSpecification","valueRequired":true,"valueName":"search_term_string"}}],"inLanguage":"fr-FR"},{"@type":"Person","@id":"https:\/\/www.gereso.com\/actualites\/#\/schema\/person\/c91814f92d627ed4715993fbbf7c7e8d","name":"Damien P\u00e9an","image":{"@type":"ImageObject","inLanguage":"fr-FR","@id":"https:\/\/www.gereso.com\/actualites\/#\/schema\/person\/image\/","url":"https:\/\/www.gereso.com\/actualites\/wp-content\/uploads\/2016\/03\/damien-pean.jpg","contentUrl":"https:\/\/www.gereso.com\/actualites\/wp-content\/uploads\/2016\/03\/damien-pean.jpg","caption":"Damien P\u00e9an"},"description":"Damien P\u00c9AN est titulaire du Dipl\u00f4me d'\u00e9tudes sup\u00e9rieures comptables et financi\u00e8res (DESCF). Il intervient depuis plusieurs ann\u00e9es aupr\u00e8s d'\u00e9tudiants en licence de comptabilit\u00e9 et de gestion, \u00e0 qui il enseigne le contr\u00f4le de gestion, la comptabilit\u00e9 approfondie, le management, la fiscalit\u00e9, le droit des soci\u00e9t\u00e9s et le droit du travail. Il intervient \u00e9galement en formation continue pour le compte de divers organismes de formation sur des th\u00e9matiques techniques en comptabilit\u00e9 et fiscalit\u00e9. Il forme aussi un public de non-initi\u00e9s aux fondamentaux de la finance.","url":"https:\/\/www.gereso.com\/actualites\/author\/d-pean\/"}]}},"_links":{"self":[{"href":"https:\/\/www.gereso.com\/actualites\/wp-json\/wp\/v2\/posts\/8763","targetHints":{"allow":["GET"]}}],"collection":[{"href":"https:\/\/www.gereso.com\/actualites\/wp-json\/wp\/v2\/posts"}],"about":[{"href":"https:\/\/www.gereso.com\/actualites\/wp-json\/wp\/v2\/types\/post"}],"author":[{"embeddable":true,"href":"https:\/\/www.gereso.com\/actualites\/wp-json\/wp\/v2\/users\/45"}],"replies":[{"embeddable":true,"href":"https:\/\/www.gereso.com\/actualites\/wp-json\/wp\/v2\/comments?post=8763"}],"version-history":[{"count":2,"href":"https:\/\/www.gereso.com\/actualites\/wp-json\/wp\/v2\/posts\/8763\/revisions"}],"predecessor-version":[{"id":8765,"href":"https:\/\/www.gereso.com\/actualites\/wp-json\/wp\/v2\/posts\/8763\/revisions\/8765"}],"wp:attachment":[{"href":"https:\/\/www.gereso.com\/actualites\/wp-json\/wp\/v2\/media?parent=8763"}],"wp:term":[{"taxonomy":"category","embeddable":true,"href":"https:\/\/www.gereso.com\/actualites\/wp-json\/wp\/v2\/categories?post=8763"},{"taxonomy":"post_tag","embeddable":true,"href":"https:\/\/www.gereso.com\/actualites\/wp-json\/wp\/v2\/tags?post=8763"}],"curies":[{"name":"wp","href":"https:\/\/api.w.org\/{rel}","templated":true}]}}