{"id":8819,"date":"2018-01-28T23:47:20","date_gmt":"2018-01-28T21:47:20","guid":{"rendered":"https:\/\/www.gereso.com\/actualites\/?p=8819"},"modified":"2018-01-28T23:47:20","modified_gmt":"2018-01-28T21:47:20","slug":"2018-is-a-28-pour-tous","status":"publish","type":"post","link":"https:\/\/www.gereso.com\/actualites\/2018\/01\/28\/2018-is-a-28-pour-tous\/","title":{"rendered":"2018 : IS \u00e0 28% pour tous"},"content":{"rendered":"<p>Le premier budget vot\u00e9 avec le nouveau Gouvernement pr\u00e9voit une r\u00e9duction progressive du taux normal d\u2019imp\u00f4t sur les soci\u00e9t\u00e9s. En 2022, ce taux sera fix\u00e9 \u00e0 25%. D\u00e8s 2018, toutes les soci\u00e9t\u00e9s b\u00e9n\u00e9ficieront d\u2019un taux d\u2019IS \u00e0 28% jusqu\u2019\u00e0 500.000 \u20ac de r\u00e9sultat fiscal.<\/p>\n<h2><strong>IS \u00e0 28% pour le moment<\/strong><\/h2>\n<p>Si la trajectoire de baisse d\u2019IS a \u00e9t\u00e9 amplifi\u00e9e, le l\u00e9gislateur a en revanche conserv\u00e9 les bases du pr\u00e9c\u00e9dent budget. L\u2019article 11 de la loi de finances pour 2017 pr\u00e9voyait en effet une g\u00e9n\u00e9ralisation progressive du taux normal \u00e0 28%. Malgr\u00e9 la loi de finances pour 2018, ces dispositions s\u2019appliqueront pour les exercices ouverts au 1<sup>er<\/sup> janvier 2017 et au 1<sup>er<\/sup> janvier 2018.<\/p>\n<p>Alors qu\u2019en 2017, le taux de 28% ne profitait qu\u2019aux PME au sens communautaire, d\u00e8s 2018, ce taux profitera \u00e0 toutes les soci\u00e9t\u00e9s, quel que soit leur chiffre d\u2019affaires, dans la limite de 500.000 \u20ac de r\u00e9sultat fiscal. Dans tous les cas, les PME continueront de b\u00e9n\u00e9ficier du taux d\u2019IS \u00e0 15%.<\/p>\n<table border=\"1\">\n<tbody>\n<tr>\n<td style=\"text-align: center\" width=\"141\"><strong>\u00a0<\/strong><\/td>\n<td style=\"text-align: center\" width=\"236\"><strong>Exercices ouverts au 1<sup>er<\/sup> janvier 2017<\/strong><\/td>\n<td style=\"text-align: center\" width=\"226\"><strong>Exercices ouverts au 1<sup>er<\/sup> janvier 2018<\/strong><\/td>\n<\/tr>\n<tr>\n<td style=\"text-align: center\" width=\"141\"><strong>PME (chiffre d\u2019affaires &lt; 7,63 millions \u20ac)<\/strong><\/td>\n<td style=\"text-align: center\" width=\"236\">IS \u00e0 15% pour un r\u00e9sultat fiscal compris entre 0 et 38.120 \u20ac<\/p>\n<p>IS \u00e0 28% entre 38.120 et 75.000 \u20ac<\/p>\n<p>IS \u00e0 33,1\/3% au-del\u00e0 de 75.000 \u20ac<\/td>\n<td style=\"text-align: center\" width=\"226\">IS \u00e0 15% pour un r\u00e9sultat fiscal compris entre 0 et 38.120 \u20ac<\/p>\n<p>IS \u00e0 28% entre 38.120 et 500.000 \u20ac<\/p>\n<p>IS \u00e0 33,1\/3% au-del\u00e0 de 500.000 \u20ac<\/td>\n<\/tr>\n<tr>\n<td style=\"text-align: center\" width=\"141\"><strong>PME au sens communautaire (hors PME dont le CA &lt; 7,63 millions \u20ac)<\/strong><\/td>\n<td style=\"text-align: center\" width=\"236\">IS \u00e0 28% entre 0 et 75.000 \u20ac de r\u00e9sultat fiscal<\/p>\n<p>IS \u00e0 33,1\/3% au-del\u00e0 de 75.000 \u20ac<\/td>\n<td style=\"text-align: center\" rowspan=\"2\" width=\"226\">IS \u00e0 28% entre 0 et 500.000 \u20ac de r\u00e9sultat fiscal<\/p>\n<p>IS \u00e0 33,1\/3% au-del\u00e0 de 500.000 \u20ac<\/td>\n<\/tr>\n<tr>\n<td style=\"text-align: center\" width=\"141\"><strong>Autres soci\u00e9t\u00e9s<\/strong><\/td>\n<td style=\"text-align: center\" width=\"236\">IS \u00e0 33,1\/3% sur la totalit\u00e9 du r\u00e9sultat<\/td>\n<\/tr>\n<\/tbody>\n<\/table>\n<p>Pour rappel sont des PME au sens communautaire, les soci\u00e9t\u00e9s dont l\u2019effectif n\u2019exc\u00e8de pas 250 salari\u00e9s et dont le chiffre d\u2019affaires est inf\u00e9rieur \u00e0 50 millions \u20ac ou dont le total de bilan n\u2019exc\u00e8de pas 43 millions \u20ac.<\/p>\n<h2><strong>IS \u00e0 25% pour 2022<\/strong><\/h2>\n<p>L\u2019article 84 de la loi de finances pour 2018 va plus loin que le pr\u00e9c\u00e9dent budget. Le taux d\u2019IS sera en effet port\u00e9 \u00e0 25% en 2022, selon le calendrier suivant\u00a0:<\/p>\n<ul>\n<li>2018\u00a0: IS \u00e0 28% pour toutes les soci\u00e9t\u00e9s, jusqu\u2019\u00e0 500.000 \u20ac de r\u00e9sultat fiscal et 33,1\/3% au-del\u00e0<\/li>\n<li>2019\u00a0: IS \u00e0 28% pour toutes les soci\u00e9t\u00e9s, jusqu\u2019\u00e0 500.000 \u20ac de r\u00e9sultat fiscal et 31% au-del\u00e0<\/li>\n<li>2020\u00a0: IS \u00e0 28% pour toutes les soci\u00e9t\u00e9s sur la totalit\u00e9 du r\u00e9sultat fiscal<\/li>\n<li>2021\u00a0: IS \u00e0 26,5% pour toutes les soci\u00e9t\u00e9s sur la totalit\u00e9 du r\u00e9sultat fiscal<\/li>\n<li>2022\u00a0: IS \u00e0 25% pour toutes les soci\u00e9t\u00e9s sur la totalit\u00e9 du r\u00e9sultat fiscal.<\/li>\n<\/ul>\n","protected":false},"excerpt":{"rendered":"<p>Le premier budget vot\u00e9 avec le nouveau Gouvernement pr\u00e9voit une r\u00e9duction progressive du taux normal d\u2019imp\u00f4t sur les soci\u00e9t\u00e9s. En 2022, ce taux sera fix\u00e9 \u00e0 25%. D\u00e8s 2018, toutes les soci\u00e9t\u00e9s b\u00e9n\u00e9ficieront d\u2019un taux d\u2019IS \u00e0 28% jusqu\u2019\u00e0 500.000 \u20ac de r\u00e9sultat fiscal. IS \u00e0 28% pour le moment Si la trajectoire de baisse [&hellip;]<\/p>\n","protected":false},"author":45,"featured_media":0,"comment_status":"open","ping_status":"open","sticky":false,"template":"","format":"quote","meta":{"_acf_changed":false,"_mi_skip_tracking":false,"footnotes":""},"categories":[12,3],"tags":[874],"class_list":["post-8819","post","type-post","status-publish","format-quote","hentry","category-actualites","category-comptabilite-fiscalite-et-gestion-financiere","tag-impot-sur-les-societes","post_format-post-format-quote"],"acf":[],"yoast_head":"<!-- This site is optimized with the Yoast SEO plugin v23.4 - https:\/\/yoast.com\/wordpress\/plugins\/seo\/ -->\n<title>2018 : IS \u00e0 28% pour tous - Le Blog GERESO<\/title>\n<meta name=\"robots\" content=\"index, follow, max-snippet:-1, max-image-preview:large, max-video-preview:-1\" \/>\n<link rel=\"canonical\" href=\"https:\/\/www.gereso.com\/actualites\/2018\/01\/28\/2018-is-a-28-pour-tous\/\" \/>\n<meta property=\"og:locale\" content=\"fr_FR\" \/>\n<meta property=\"og:type\" content=\"article\" \/>\n<meta property=\"og:title\" content=\"2018 : IS \u00e0 28% pour tous - Le Blog GERESO\" \/>\n<meta property=\"og:description\" content=\"Le premier budget vot\u00e9 avec le nouveau Gouvernement pr\u00e9voit une r\u00e9duction progressive du taux normal d\u2019imp\u00f4t sur les soci\u00e9t\u00e9s. En 2022, ce taux sera fix\u00e9 \u00e0 25%. D\u00e8s 2018, toutes les soci\u00e9t\u00e9s b\u00e9n\u00e9ficieront d\u2019un taux d\u2019IS \u00e0 28% jusqu\u2019\u00e0 500.000 \u20ac de r\u00e9sultat fiscal. IS \u00e0 28% pour le moment Si la trajectoire de baisse [&hellip;]\" \/>\n<meta property=\"og:url\" content=\"https:\/\/www.gereso.com\/actualites\/2018\/01\/28\/2018-is-a-28-pour-tous\/\" \/>\n<meta property=\"og:site_name\" content=\"Le Blog GERESO\" \/>\n<meta property=\"article:published_time\" content=\"2018-01-28T21:47:20+00:00\" \/>\n<meta name=\"author\" content=\"Damien P\u00e9an\" \/>\n<meta name=\"twitter:card\" content=\"summary_large_image\" \/>\n<script type=\"application\/ld+json\" class=\"yoast-schema-graph\">{\"@context\":\"https:\/\/schema.org\",\"@graph\":[{\"@type\":\"WebPage\",\"@id\":\"https:\/\/www.gereso.com\/actualites\/2018\/01\/28\/2018-is-a-28-pour-tous\/\",\"url\":\"https:\/\/www.gereso.com\/actualites\/2018\/01\/28\/2018-is-a-28-pour-tous\/\",\"name\":\"2018 : IS \u00e0 28% pour tous - Le Blog GERESO\",\"isPartOf\":{\"@id\":\"https:\/\/www.gereso.com\/actualites\/#website\"},\"datePublished\":\"2018-01-28T21:47:20+00:00\",\"dateModified\":\"2018-01-28T21:47:20+00:00\",\"author\":{\"@id\":\"https:\/\/www.gereso.com\/actualites\/#\/schema\/person\/c91814f92d627ed4715993fbbf7c7e8d\"},\"breadcrumb\":{\"@id\":\"https:\/\/www.gereso.com\/actualites\/2018\/01\/28\/2018-is-a-28-pour-tous\/#breadcrumb\"},\"inLanguage\":\"fr-FR\",\"potentialAction\":[{\"@type\":\"ReadAction\",\"target\":[\"https:\/\/www.gereso.com\/actualites\/2018\/01\/28\/2018-is-a-28-pour-tous\/\"]}]},{\"@type\":\"BreadcrumbList\",\"@id\":\"https:\/\/www.gereso.com\/actualites\/2018\/01\/28\/2018-is-a-28-pour-tous\/#breadcrumb\",\"itemListElement\":[{\"@type\":\"ListItem\",\"position\":1,\"name\":\"Home\",\"item\":\"https:\/\/www.gereso.com\/actualites\/\"},{\"@type\":\"ListItem\",\"position\":2,\"name\":\"2018 : IS \u00e0 28% pour tous\"}]},{\"@type\":\"WebSite\",\"@id\":\"https:\/\/www.gereso.com\/actualites\/#website\",\"url\":\"https:\/\/www.gereso.com\/actualites\/\",\"name\":\"Le Blog GERESO\",\"description\":\"Toute l&#039;actu RH, Finance, Fonction Publique, Management...\",\"potentialAction\":[{\"@type\":\"SearchAction\",\"target\":{\"@type\":\"EntryPoint\",\"urlTemplate\":\"https:\/\/www.gereso.com\/actualites\/?s={search_term_string}\"},\"query-input\":{\"@type\":\"PropertyValueSpecification\",\"valueRequired\":true,\"valueName\":\"search_term_string\"}}],\"inLanguage\":\"fr-FR\"},{\"@type\":\"Person\",\"@id\":\"https:\/\/www.gereso.com\/actualites\/#\/schema\/person\/c91814f92d627ed4715993fbbf7c7e8d\",\"name\":\"Damien P\u00e9an\",\"image\":{\"@type\":\"ImageObject\",\"inLanguage\":\"fr-FR\",\"@id\":\"https:\/\/www.gereso.com\/actualites\/#\/schema\/person\/image\/\",\"url\":\"https:\/\/www.gereso.com\/actualites\/wp-content\/uploads\/2016\/03\/damien-pean.jpg\",\"contentUrl\":\"https:\/\/www.gereso.com\/actualites\/wp-content\/uploads\/2016\/03\/damien-pean.jpg\",\"caption\":\"Damien P\u00e9an\"},\"description\":\"Damien P\u00c9AN est titulaire du Dipl\u00f4me d'\u00e9tudes sup\u00e9rieures comptables et financi\u00e8res (DESCF). Il intervient depuis plusieurs ann\u00e9es aupr\u00e8s d'\u00e9tudiants en licence de comptabilit\u00e9 et de gestion, \u00e0 qui il enseigne le contr\u00f4le de gestion, la comptabilit\u00e9 approfondie, le management, la fiscalit\u00e9, le droit des soci\u00e9t\u00e9s et le droit du travail. Il intervient \u00e9galement en formation continue pour le compte de divers organismes de formation sur des th\u00e9matiques techniques en comptabilit\u00e9 et fiscalit\u00e9. Il forme aussi un public de non-initi\u00e9s aux fondamentaux de la finance.\",\"url\":\"https:\/\/www.gereso.com\/actualites\/author\/d-pean\/\"}]}<\/script>\n<!-- \/ Yoast SEO plugin. -->","yoast_head_json":{"title":"2018 : IS \u00e0 28% pour tous - Le Blog GERESO","robots":{"index":"index","follow":"follow","max-snippet":"max-snippet:-1","max-image-preview":"max-image-preview:large","max-video-preview":"max-video-preview:-1"},"canonical":"https:\/\/www.gereso.com\/actualites\/2018\/01\/28\/2018-is-a-28-pour-tous\/","og_locale":"fr_FR","og_type":"article","og_title":"2018 : IS \u00e0 28% pour tous - Le Blog GERESO","og_description":"Le premier budget vot\u00e9 avec le nouveau Gouvernement pr\u00e9voit une r\u00e9duction progressive du taux normal d\u2019imp\u00f4t sur les soci\u00e9t\u00e9s. En 2022, ce taux sera fix\u00e9 \u00e0 25%. D\u00e8s 2018, toutes les soci\u00e9t\u00e9s b\u00e9n\u00e9ficieront d\u2019un taux d\u2019IS \u00e0 28% jusqu\u2019\u00e0 500.000 \u20ac de r\u00e9sultat fiscal. IS \u00e0 28% pour le moment Si la trajectoire de baisse [&hellip;]","og_url":"https:\/\/www.gereso.com\/actualites\/2018\/01\/28\/2018-is-a-28-pour-tous\/","og_site_name":"Le Blog GERESO","article_published_time":"2018-01-28T21:47:20+00:00","author":"Damien P\u00e9an","twitter_card":"summary_large_image","schema":{"@context":"https:\/\/schema.org","@graph":[{"@type":"WebPage","@id":"https:\/\/www.gereso.com\/actualites\/2018\/01\/28\/2018-is-a-28-pour-tous\/","url":"https:\/\/www.gereso.com\/actualites\/2018\/01\/28\/2018-is-a-28-pour-tous\/","name":"2018 : IS \u00e0 28% pour tous - Le Blog GERESO","isPartOf":{"@id":"https:\/\/www.gereso.com\/actualites\/#website"},"datePublished":"2018-01-28T21:47:20+00:00","dateModified":"2018-01-28T21:47:20+00:00","author":{"@id":"https:\/\/www.gereso.com\/actualites\/#\/schema\/person\/c91814f92d627ed4715993fbbf7c7e8d"},"breadcrumb":{"@id":"https:\/\/www.gereso.com\/actualites\/2018\/01\/28\/2018-is-a-28-pour-tous\/#breadcrumb"},"inLanguage":"fr-FR","potentialAction":[{"@type":"ReadAction","target":["https:\/\/www.gereso.com\/actualites\/2018\/01\/28\/2018-is-a-28-pour-tous\/"]}]},{"@type":"BreadcrumbList","@id":"https:\/\/www.gereso.com\/actualites\/2018\/01\/28\/2018-is-a-28-pour-tous\/#breadcrumb","itemListElement":[{"@type":"ListItem","position":1,"name":"Home","item":"https:\/\/www.gereso.com\/actualites\/"},{"@type":"ListItem","position":2,"name":"2018 : IS \u00e0 28% pour tous"}]},{"@type":"WebSite","@id":"https:\/\/www.gereso.com\/actualites\/#website","url":"https:\/\/www.gereso.com\/actualites\/","name":"Le Blog GERESO","description":"Toute l&#039;actu RH, Finance, Fonction Publique, Management...","potentialAction":[{"@type":"SearchAction","target":{"@type":"EntryPoint","urlTemplate":"https:\/\/www.gereso.com\/actualites\/?s={search_term_string}"},"query-input":{"@type":"PropertyValueSpecification","valueRequired":true,"valueName":"search_term_string"}}],"inLanguage":"fr-FR"},{"@type":"Person","@id":"https:\/\/www.gereso.com\/actualites\/#\/schema\/person\/c91814f92d627ed4715993fbbf7c7e8d","name":"Damien P\u00e9an","image":{"@type":"ImageObject","inLanguage":"fr-FR","@id":"https:\/\/www.gereso.com\/actualites\/#\/schema\/person\/image\/","url":"https:\/\/www.gereso.com\/actualites\/wp-content\/uploads\/2016\/03\/damien-pean.jpg","contentUrl":"https:\/\/www.gereso.com\/actualites\/wp-content\/uploads\/2016\/03\/damien-pean.jpg","caption":"Damien P\u00e9an"},"description":"Damien P\u00c9AN est titulaire du Dipl\u00f4me d'\u00e9tudes sup\u00e9rieures comptables et financi\u00e8res (DESCF). Il intervient depuis plusieurs ann\u00e9es aupr\u00e8s d'\u00e9tudiants en licence de comptabilit\u00e9 et de gestion, \u00e0 qui il enseigne le contr\u00f4le de gestion, la comptabilit\u00e9 approfondie, le management, la fiscalit\u00e9, le droit des soci\u00e9t\u00e9s et le droit du travail. Il intervient \u00e9galement en formation continue pour le compte de divers organismes de formation sur des th\u00e9matiques techniques en comptabilit\u00e9 et fiscalit\u00e9. Il forme aussi un public de non-initi\u00e9s aux fondamentaux de la finance.","url":"https:\/\/www.gereso.com\/actualites\/author\/d-pean\/"}]}},"_links":{"self":[{"href":"https:\/\/www.gereso.com\/actualites\/wp-json\/wp\/v2\/posts\/8819","targetHints":{"allow":["GET"]}}],"collection":[{"href":"https:\/\/www.gereso.com\/actualites\/wp-json\/wp\/v2\/posts"}],"about":[{"href":"https:\/\/www.gereso.com\/actualites\/wp-json\/wp\/v2\/types\/post"}],"author":[{"embeddable":true,"href":"https:\/\/www.gereso.com\/actualites\/wp-json\/wp\/v2\/users\/45"}],"replies":[{"embeddable":true,"href":"https:\/\/www.gereso.com\/actualites\/wp-json\/wp\/v2\/comments?post=8819"}],"version-history":[{"count":1,"href":"https:\/\/www.gereso.com\/actualites\/wp-json\/wp\/v2\/posts\/8819\/revisions"}],"predecessor-version":[{"id":8820,"href":"https:\/\/www.gereso.com\/actualites\/wp-json\/wp\/v2\/posts\/8819\/revisions\/8820"}],"wp:attachment":[{"href":"https:\/\/www.gereso.com\/actualites\/wp-json\/wp\/v2\/media?parent=8819"}],"wp:term":[{"taxonomy":"category","embeddable":true,"href":"https:\/\/www.gereso.com\/actualites\/wp-json\/wp\/v2\/categories?post=8819"},{"taxonomy":"post_tag","embeddable":true,"href":"https:\/\/www.gereso.com\/actualites\/wp-json\/wp\/v2\/tags?post=8819"}],"curies":[{"name":"wp","href":"https:\/\/api.w.org\/{rel}","templated":true}]}}