{"id":887,"date":"2013-01-31T14:43:15","date_gmt":"2013-01-31T12:43:15","guid":{"rendered":"https:\/\/www.gereso.com\/actualites\/?p=887"},"modified":"2013-01-31T14:43:15","modified_gmt":"2013-01-31T12:43:15","slug":"conference-retraite-des-expatries-les-nouvelles-regles","status":"publish","type":"post","link":"https:\/\/www.gereso.com\/actualites\/2013\/01\/31\/conference-retraite-des-expatries-les-nouvelles-regles\/","title":{"rendered":"Conf\u00e9rence d&#039;actualit\u00e9 : Retraite des expatri\u00e9s, les nouvelles r\u00e8gles"},"content":{"rendered":"<p><em>Dans une <strong>circulaire du 14 d\u00e9cembre dernier<\/strong>, la CNAV revient en d\u00e9tail sur la possibilit\u00e9 offerte aux personnes ayant exerc\u00e9 une activit\u00e9 salari\u00e9e hors de France, de <strong>racheter des cotisations d&rsquo;assurance vieillesse<\/strong>.<\/em><\/p>\n<p><em>Pour m\u00e9moire, ces conditions de rachat de trimestres de retraite ont \u00e9t\u00e9 modifi\u00e9es au 1er janvier 2011, dans le cadre de la r\u00e9forme des retraites. Cette mesure impacte \u00e9galement les <strong>conditions de validation des p\u00e9riodes reconnues \u00e9quivalentes<\/strong>.<\/em><\/p>\n<p><em>Quelles sont les grandes lignes et les <strong>nouveaut\u00e9s introduites par cette circulaire<\/strong>&nbsp;?<\/em><br \/>\n<em> Quelles en sont les cons\u00e9quences pratiques, pour la <strong>prise en compte des p\u00e9riodes pass\u00e9es \u00e0 l&rsquo;\u00e9tranger<\/strong>&nbsp;?<\/em><br \/>\n<em> Quelles sont les nouvelles <strong>conditions requises pour effectuer un rachat de trimestres<\/strong>&nbsp;?<\/em><\/p>\n<p><em>Pour vous aider \u00e0 faire le point sur cette r\u00e9forme et \u00e0 mieux g\u00e9rer les dossiers retraite de vos salari\u00e9s expatri\u00e9s non affili\u00e9s \u00e0 la Caisse des Fran\u00e7ais de l&rsquo;\u00c9tranger (CFE), notre consultante experte vous donne <strong>rendez-vous pour une conf\u00e9rence \u00abFocus Expert\u00bb, le mardi 19 f\u00e9vrier prochain.<\/strong><\/em><\/p>\n<p><img fetchpriority=\"high\" decoding=\"async\" class=\"aligncenter size-full wp-image-910\" alt=\"focus-lcre-blog\" src=\"https:\/\/www.gereso.com\/actualites\/wp-content\/uploads\/2013\/01\/focus-lcre-blog-1.jpg\" width=\"534\" height=\"397\" srcset=\"https:\/\/www.gereso.com\/actualites\/wp-content\/uploads\/2013\/01\/focus-lcre-blog-1.jpg 534w, https:\/\/www.gereso.com\/actualites\/wp-content\/uploads\/2013\/01\/focus-lcre-blog-1-300x223.jpg 300w\" sizes=\"(max-width: 534px) 100vw, 534px\" \/><\/p>\n<h2>Les objectifs<\/h2>\n<ul>\n<li>Comprendre les nouvelles conditions d&rsquo;acc\u00e8s et les modalit\u00e9s pratiques de rachat de cotisations pour une activit\u00e9 hors de France, issues de la circulaire CNAV du 14 d\u00e9c. 2012<\/li>\n<li>Mesurer toutes les incidences d&rsquo;un rachat de trimestres sur le montant de la pension<\/li>\n<li>Prendre en compte les p\u00e9riodes reconnues \u00e9quivalentes dans le calcul de la retraite<\/li>\n<li>Obtenir des r\u00e9ponses \u00e0 toutes ses questions sur la retraite des expatri\u00e9s et pouvoir mieux informer les salari\u00e9s concern\u00e9s<\/li>\n<li>\u00c9changer entre professionnels de la retraite et de la mobilit\u00e9 internationale<\/li>\n<\/ul>\n<p>&nbsp;<\/p>\n<h2>Au programme<\/h2>\n<p><strong>8H45 \u00c0 9H00 : ACCUEIL DES PARTICIPANTS AUTOUR D&rsquo;UN CAF\u00c9<\/strong><\/p>\n<p><strong>9H00 \u00c0 12H00 : INTERVENTION DE NADINE EGAULT<\/strong><\/p>\n<p><strong>Le nouveau dispositif de rachat de trimestres<\/strong><\/p>\n<ul>\n<li>Le principe de fonctionnement<\/li>\n<li>Les b\u00e9n\u00e9ficiaires : remplacement du crit\u00e8re de nationalit\u00e9 par un crit\u00e8re d&rsquo;affiliation \u00e0 un r\u00e9gime maladie<\/li>\n<li>Les cat\u00e9gories<\/li>\n<li>Les co\u00fbts<\/li>\n<li>La prise en compte dans le calcul de la retraite du r\u00e9gime g\u00e9n\u00e9ral : options \u00abtaux\u00bb et \u00abtaux + prorata\u00bb<\/li>\n<\/ul>\n<p><strong>\u00a0Prise en compte des p\u00e9riodes pass\u00e9es \u00e0 l&rsquo;\u00e9tranger<\/strong><\/p>\n<ul>\n<li>Rappel du dispositif<\/li>\n<li>Les conditions de prise en compte des p\u00e9riodes reconnues \u00e9quivalentes<\/li>\n<li>Principe de prise en compte des p\u00e9riodes avec convention de S\u00e9curit\u00e9 sociale<\/li>\n<\/ul>\n<p><strong>Les enjeux du nouveau dispositif de rachat<\/strong><\/p>\n<ul>\n<li>Pour le salari\u00e9 expatri\u00e9 et pour l&#8217;employeur<\/li>\n<li>Faut-il encore effectuer un rachat en 2013&nbsp;?<\/li>\n<li>Les impacts d&rsquo;un rachat de trimestres sur la retraite d&rsquo;un salari\u00e9 expatri\u00e9 : en termes d&rsquo;\u00e2ge, de liquidation, de montant de pension<\/li>\n<\/ul>\n<p><strong>12H00 \u00c0 12H30 : QUESTIONS \/ R\u00c9PONSES, \u00c9CHANGES ENTRE LES PARTICIPANTS<\/strong><\/p>\n<p><img decoding=\"async\" class=\"aligncenter\" alt=\"T\u00e9l\u00e9charger le programme\" src=\"http:\/\/www.gereso.com\/la-lettre\/img\/bt-progr.jpg\" width=\"370\" height=\"100\" border=\"0\" \/><br \/>\n<img decoding=\"async\" class=\"aligncenter\" alt=\"S'inscrire \u00e0 la conf\u00e9rence\" src=\"http:\/\/www.gereso.com\/la-lettre\/img\/bt-inscription.jpg\" width=\"370\" height=\"100\" border=\"0\" \/><\/p>\n<div style=\"clear: both;\"><\/div>\n","protected":false},"excerpt":{"rendered":"<p>Dans une circulaire du 14 d\u00e9cembre dernier, la CNAV revient en d\u00e9tail sur la possibilit\u00e9 offerte aux personnes ayant exerc\u00e9 une activit\u00e9 salari\u00e9e hors de France, de racheter des cotisations d&rsquo;assurance vieillesse. Pour m\u00e9moire, ces conditions de rachat de trimestres de retraite ont \u00e9t\u00e9 modifi\u00e9es au 1er janvier 2011, dans le cadre de la r\u00e9forme [&hellip;]<\/p>\n","protected":false},"author":23,"featured_media":910,"comment_status":"open","ping_status":"open","sticky":false,"template":"","format":"standard","meta":{"_acf_changed":false,"_mi_skip_tracking":false,"footnotes":""},"categories":[12,7],"tags":[128,82,15],"class_list":["post-887","post","type-post","status-publish","format-standard","has-post-thumbnail","hentry","category-actualites","category-mobilite-internationale","tag-cotisation","tag-expatrie","tag-retraite"],"acf":[],"yoast_head":"<!-- This site is optimized with the Yoast SEO plugin v23.4 - https:\/\/yoast.com\/wordpress\/plugins\/seo\/ -->\n<title>Conf\u00e9rence d&#039;actualit\u00e9 : Retraite des expatri\u00e9s, les nouvelles r\u00e8gles - Le Blog GERESO<\/title>\n<meta name=\"robots\" content=\"index, follow, max-snippet:-1, max-image-preview:large, max-video-preview:-1\" \/>\n<link rel=\"canonical\" href=\"https:\/\/www.gereso.com\/actualites\/2013\/01\/31\/conference-retraite-des-expatries-les-nouvelles-regles\/\" \/>\n<meta property=\"og:locale\" content=\"fr_FR\" \/>\n<meta property=\"og:type\" content=\"article\" \/>\n<meta property=\"og:title\" content=\"Conf\u00e9rence d&#039;actualit\u00e9 : Retraite des expatri\u00e9s, les nouvelles r\u00e8gles - Le Blog GERESO\" \/>\n<meta property=\"og:description\" content=\"Dans une circulaire du 14 d\u00e9cembre dernier, la CNAV revient en d\u00e9tail sur la possibilit\u00e9 offerte aux personnes ayant exerc\u00e9 une activit\u00e9 salari\u00e9e hors de France, de racheter des cotisations d&rsquo;assurance vieillesse. Pour m\u00e9moire, ces conditions de rachat de trimestres de retraite ont \u00e9t\u00e9 modifi\u00e9es au 1er janvier 2011, dans le cadre de la r\u00e9forme [&hellip;]\" \/>\n<meta property=\"og:url\" content=\"https:\/\/www.gereso.com\/actualites\/2013\/01\/31\/conference-retraite-des-expatries-les-nouvelles-regles\/\" \/>\n<meta property=\"og:site_name\" content=\"Le Blog GERESO\" \/>\n<meta property=\"article:published_time\" content=\"2013-01-31T12:43:15+00:00\" \/>\n<meta property=\"og:image\" content=\"https:\/\/www.gereso.com\/actualites\/wp-content\/uploads\/2013\/01\/focus-lcre-blog-1.jpg\" \/>\n\t<meta property=\"og:image:width\" content=\"534\" \/>\n\t<meta property=\"og:image:height\" content=\"397\" \/>\n\t<meta property=\"og:image:type\" content=\"image\/jpeg\" \/>\n<meta name=\"author\" content=\"Nadine Egault\" \/>\n<meta name=\"twitter:card\" content=\"summary_large_image\" \/>\n<script type=\"application\/ld+json\" class=\"yoast-schema-graph\">{\"@context\":\"https:\/\/schema.org\",\"@graph\":[{\"@type\":\"WebPage\",\"@id\":\"https:\/\/www.gereso.com\/actualites\/2013\/01\/31\/conference-retraite-des-expatries-les-nouvelles-regles\/\",\"url\":\"https:\/\/www.gereso.com\/actualites\/2013\/01\/31\/conference-retraite-des-expatries-les-nouvelles-regles\/\",\"name\":\"Conf\u00e9rence d&#039;actualit\u00e9 : Retraite des expatri\u00e9s, les nouvelles r\u00e8gles - Le Blog GERESO\",\"isPartOf\":{\"@id\":\"https:\/\/www.gereso.com\/actualites\/#website\"},\"primaryImageOfPage\":{\"@id\":\"https:\/\/www.gereso.com\/actualites\/2013\/01\/31\/conference-retraite-des-expatries-les-nouvelles-regles\/#primaryimage\"},\"image\":{\"@id\":\"https:\/\/www.gereso.com\/actualites\/2013\/01\/31\/conference-retraite-des-expatries-les-nouvelles-regles\/#primaryimage\"},\"thumbnailUrl\":\"https:\/\/www.gereso.com\/actualites\/wp-content\/uploads\/2013\/01\/focus-lcre-blog-1.jpg\",\"datePublished\":\"2013-01-31T12:43:15+00:00\",\"dateModified\":\"2013-01-31T12:43:15+00:00\",\"author\":{\"@id\":\"https:\/\/www.gereso.com\/actualites\/#\/schema\/person\/22a81049f02e79edac82a447ec9c74ee\"},\"breadcrumb\":{\"@id\":\"https:\/\/www.gereso.com\/actualites\/2013\/01\/31\/conference-retraite-des-expatries-les-nouvelles-regles\/#breadcrumb\"},\"inLanguage\":\"fr-FR\",\"potentialAction\":[{\"@type\":\"ReadAction\",\"target\":[\"https:\/\/www.gereso.com\/actualites\/2013\/01\/31\/conference-retraite-des-expatries-les-nouvelles-regles\/\"]}]},{\"@type\":\"ImageObject\",\"inLanguage\":\"fr-FR\",\"@id\":\"https:\/\/www.gereso.com\/actualites\/2013\/01\/31\/conference-retraite-des-expatries-les-nouvelles-regles\/#primaryimage\",\"url\":\"https:\/\/www.gereso.com\/actualites\/wp-content\/uploads\/2013\/01\/focus-lcre-blog-1.jpg\",\"contentUrl\":\"https:\/\/www.gereso.com\/actualites\/wp-content\/uploads\/2013\/01\/focus-lcre-blog-1.jpg\",\"width\":534,\"height\":397},{\"@type\":\"BreadcrumbList\",\"@id\":\"https:\/\/www.gereso.com\/actualites\/2013\/01\/31\/conference-retraite-des-expatries-les-nouvelles-regles\/#breadcrumb\",\"itemListElement\":[{\"@type\":\"ListItem\",\"position\":1,\"name\":\"Home\",\"item\":\"https:\/\/www.gereso.com\/actualites\/\"},{\"@type\":\"ListItem\",\"position\":2,\"name\":\"Conf\u00e9rence d&#039;actualit\u00e9 : Retraite des expatri\u00e9s, les nouvelles r\u00e8gles\"}]},{\"@type\":\"WebSite\",\"@id\":\"https:\/\/www.gereso.com\/actualites\/#website\",\"url\":\"https:\/\/www.gereso.com\/actualites\/\",\"name\":\"Le Blog GERESO\",\"description\":\"Toute l&#039;actu RH, Finance, Fonction Publique, Management...\",\"potentialAction\":[{\"@type\":\"SearchAction\",\"target\":{\"@type\":\"EntryPoint\",\"urlTemplate\":\"https:\/\/www.gereso.com\/actualites\/?s={search_term_string}\"},\"query-input\":{\"@type\":\"PropertyValueSpecification\",\"valueRequired\":true,\"valueName\":\"search_term_string\"}}],\"inLanguage\":\"fr-FR\"},{\"@type\":\"Person\",\"@id\":\"https:\/\/www.gereso.com\/actualites\/#\/schema\/person\/22a81049f02e79edac82a447ec9c74ee\",\"name\":\"Nadine Egault\",\"image\":{\"@type\":\"ImageObject\",\"inLanguage\":\"fr-FR\",\"@id\":\"https:\/\/www.gereso.com\/actualites\/#\/schema\/person\/image\/\",\"url\":\"https:\/\/www.gereso.com\/actualites\/wp-content\/uploads\/2012\/09\/nadine-egault-1-144x144.jpg\",\"contentUrl\":\"https:\/\/www.gereso.com\/actualites\/wp-content\/uploads\/2012\/09\/nadine-egault-1-144x144.jpg\",\"caption\":\"Nadine Egault\"},\"description\":\"Nadine EGAULT est consultante en retraite et protection sociale depuis 1989. Elle anime des formations inter et intra-entreprises sur les th\u00e8mes de la retraite des salari\u00e9s du secteur priv\u00e9, la retraite des expatri\u00e9s, les prestations de la s\u00e9curit\u00e9 sociale. Elle r\u00e9alise \u00e9galement des missions de conseil dans le domaine des retraites du secteur priv\u00e9 : bilans retraite individuels, rachat de trimestres, p\u00e9riodes d'activit\u00e9 \u00e0 l'\u00e9tranger...\",\"url\":\"https:\/\/www.gereso.com\/actualites\/author\/n-egault\/\"}]}<\/script>\n<!-- \/ Yoast SEO plugin. -->","yoast_head_json":{"title":"Conf\u00e9rence d&#039;actualit\u00e9 : Retraite des expatri\u00e9s, les nouvelles r\u00e8gles - Le Blog GERESO","robots":{"index":"index","follow":"follow","max-snippet":"max-snippet:-1","max-image-preview":"max-image-preview:large","max-video-preview":"max-video-preview:-1"},"canonical":"https:\/\/www.gereso.com\/actualites\/2013\/01\/31\/conference-retraite-des-expatries-les-nouvelles-regles\/","og_locale":"fr_FR","og_type":"article","og_title":"Conf\u00e9rence d&#039;actualit\u00e9 : Retraite des expatri\u00e9s, les nouvelles r\u00e8gles - Le Blog GERESO","og_description":"Dans une circulaire du 14 d\u00e9cembre dernier, la CNAV revient en d\u00e9tail sur la possibilit\u00e9 offerte aux personnes ayant exerc\u00e9 une activit\u00e9 salari\u00e9e hors de France, de racheter des cotisations d&rsquo;assurance vieillesse. Pour m\u00e9moire, ces conditions de rachat de trimestres de retraite ont \u00e9t\u00e9 modifi\u00e9es au 1er janvier 2011, dans le cadre de la r\u00e9forme [&hellip;]","og_url":"https:\/\/www.gereso.com\/actualites\/2013\/01\/31\/conference-retraite-des-expatries-les-nouvelles-regles\/","og_site_name":"Le Blog GERESO","article_published_time":"2013-01-31T12:43:15+00:00","og_image":[{"width":534,"height":397,"url":"https:\/\/www.gereso.com\/actualites\/wp-content\/uploads\/2013\/01\/focus-lcre-blog-1.jpg","type":"image\/jpeg"}],"author":"Nadine Egault","twitter_card":"summary_large_image","schema":{"@context":"https:\/\/schema.org","@graph":[{"@type":"WebPage","@id":"https:\/\/www.gereso.com\/actualites\/2013\/01\/31\/conference-retraite-des-expatries-les-nouvelles-regles\/","url":"https:\/\/www.gereso.com\/actualites\/2013\/01\/31\/conference-retraite-des-expatries-les-nouvelles-regles\/","name":"Conf\u00e9rence d&#039;actualit\u00e9 : Retraite des expatri\u00e9s, les nouvelles r\u00e8gles - Le Blog GERESO","isPartOf":{"@id":"https:\/\/www.gereso.com\/actualites\/#website"},"primaryImageOfPage":{"@id":"https:\/\/www.gereso.com\/actualites\/2013\/01\/31\/conference-retraite-des-expatries-les-nouvelles-regles\/#primaryimage"},"image":{"@id":"https:\/\/www.gereso.com\/actualites\/2013\/01\/31\/conference-retraite-des-expatries-les-nouvelles-regles\/#primaryimage"},"thumbnailUrl":"https:\/\/www.gereso.com\/actualites\/wp-content\/uploads\/2013\/01\/focus-lcre-blog-1.jpg","datePublished":"2013-01-31T12:43:15+00:00","dateModified":"2013-01-31T12:43:15+00:00","author":{"@id":"https:\/\/www.gereso.com\/actualites\/#\/schema\/person\/22a81049f02e79edac82a447ec9c74ee"},"breadcrumb":{"@id":"https:\/\/www.gereso.com\/actualites\/2013\/01\/31\/conference-retraite-des-expatries-les-nouvelles-regles\/#breadcrumb"},"inLanguage":"fr-FR","potentialAction":[{"@type":"ReadAction","target":["https:\/\/www.gereso.com\/actualites\/2013\/01\/31\/conference-retraite-des-expatries-les-nouvelles-regles\/"]}]},{"@type":"ImageObject","inLanguage":"fr-FR","@id":"https:\/\/www.gereso.com\/actualites\/2013\/01\/31\/conference-retraite-des-expatries-les-nouvelles-regles\/#primaryimage","url":"https:\/\/www.gereso.com\/actualites\/wp-content\/uploads\/2013\/01\/focus-lcre-blog-1.jpg","contentUrl":"https:\/\/www.gereso.com\/actualites\/wp-content\/uploads\/2013\/01\/focus-lcre-blog-1.jpg","width":534,"height":397},{"@type":"BreadcrumbList","@id":"https:\/\/www.gereso.com\/actualites\/2013\/01\/31\/conference-retraite-des-expatries-les-nouvelles-regles\/#breadcrumb","itemListElement":[{"@type":"ListItem","position":1,"name":"Home","item":"https:\/\/www.gereso.com\/actualites\/"},{"@type":"ListItem","position":2,"name":"Conf\u00e9rence d&#039;actualit\u00e9 : Retraite des expatri\u00e9s, les nouvelles r\u00e8gles"}]},{"@type":"WebSite","@id":"https:\/\/www.gereso.com\/actualites\/#website","url":"https:\/\/www.gereso.com\/actualites\/","name":"Le Blog GERESO","description":"Toute l&#039;actu RH, Finance, Fonction Publique, Management...","potentialAction":[{"@type":"SearchAction","target":{"@type":"EntryPoint","urlTemplate":"https:\/\/www.gereso.com\/actualites\/?s={search_term_string}"},"query-input":{"@type":"PropertyValueSpecification","valueRequired":true,"valueName":"search_term_string"}}],"inLanguage":"fr-FR"},{"@type":"Person","@id":"https:\/\/www.gereso.com\/actualites\/#\/schema\/person\/22a81049f02e79edac82a447ec9c74ee","name":"Nadine Egault","image":{"@type":"ImageObject","inLanguage":"fr-FR","@id":"https:\/\/www.gereso.com\/actualites\/#\/schema\/person\/image\/","url":"https:\/\/www.gereso.com\/actualites\/wp-content\/uploads\/2012\/09\/nadine-egault-1-144x144.jpg","contentUrl":"https:\/\/www.gereso.com\/actualites\/wp-content\/uploads\/2012\/09\/nadine-egault-1-144x144.jpg","caption":"Nadine Egault"},"description":"Nadine EGAULT est consultante en retraite et protection sociale depuis 1989. Elle anime des formations inter et intra-entreprises sur les th\u00e8mes de la retraite des salari\u00e9s du secteur priv\u00e9, la retraite des expatri\u00e9s, les prestations de la s\u00e9curit\u00e9 sociale. Elle r\u00e9alise \u00e9galement des missions de conseil dans le domaine des retraites du secteur priv\u00e9 : bilans retraite individuels, rachat de trimestres, p\u00e9riodes d'activit\u00e9 \u00e0 l'\u00e9tranger...","url":"https:\/\/www.gereso.com\/actualites\/author\/n-egault\/"}]}},"_links":{"self":[{"href":"https:\/\/www.gereso.com\/actualites\/wp-json\/wp\/v2\/posts\/887","targetHints":{"allow":["GET"]}}],"collection":[{"href":"https:\/\/www.gereso.com\/actualites\/wp-json\/wp\/v2\/posts"}],"about":[{"href":"https:\/\/www.gereso.com\/actualites\/wp-json\/wp\/v2\/types\/post"}],"author":[{"embeddable":true,"href":"https:\/\/www.gereso.com\/actualites\/wp-json\/wp\/v2\/users\/23"}],"replies":[{"embeddable":true,"href":"https:\/\/www.gereso.com\/actualites\/wp-json\/wp\/v2\/comments?post=887"}],"version-history":[{"count":0,"href":"https:\/\/www.gereso.com\/actualites\/wp-json\/wp\/v2\/posts\/887\/revisions"}],"wp:featuredmedia":[{"embeddable":true,"href":"https:\/\/www.gereso.com\/actualites\/wp-json\/wp\/v2\/media\/910"}],"wp:attachment":[{"href":"https:\/\/www.gereso.com\/actualites\/wp-json\/wp\/v2\/media?parent=887"}],"wp:term":[{"taxonomy":"category","embeddable":true,"href":"https:\/\/www.gereso.com\/actualites\/wp-json\/wp\/v2\/categories?post=887"},{"taxonomy":"post_tag","embeddable":true,"href":"https:\/\/www.gereso.com\/actualites\/wp-json\/wp\/v2\/tags?post=887"}],"curies":[{"name":"wp","href":"https:\/\/api.w.org\/{rel}","templated":true}]}}