{"id":9018,"date":"2018-02-26T00:28:37","date_gmt":"2018-02-25T22:28:37","guid":{"rendered":"https:\/\/www.gereso.com\/actualites\/?p=9018"},"modified":"2018-02-26T00:28:37","modified_gmt":"2018-02-25T22:28:37","slug":"creation-dentreprise-au-plus-haut-niveau-depuis-2010","status":"publish","type":"post","link":"https:\/\/www.gereso.com\/actualites\/2018\/02\/26\/creation-dentreprise-au-plus-haut-niveau-depuis-2010\/","title":{"rendered":"Cr\u00e9ation d\u2019entreprise : au plus haut niveau depuis 2010 !"},"content":{"rendered":"<p>Selon une r\u00e9cente \u00e9tude de l\u2019<strong>INSEE<\/strong> (INSEE PREMIERE n\u00b01685 du 30\/01\/2018), le nombre de <strong>cr\u00e9ations d\u2019entreprises<\/strong> en 2017 a augment\u00e9 de 7% par rapport \u00e0 2016, soit la plus forte progression depuis 2010.<\/p>\n<h2><strong>Essentiellement des micro-entrepreneurs<\/strong><\/h2>\n<p>Cette augmentation s\u2019explique principalement par le regain de <strong>cr\u00e9ation de micro-entrepreneurs<\/strong> (ex-autoentrepreneurs), en 2017 (+9%) apr\u00e8s deux ann\u00e9es de baisse successive. L\u2019augmentation du nombre de cr\u00e9ations concerne \u00e9galement les soci\u00e9t\u00e9s (+5%) et les entreprises individuelles classiques (+6%).<\/p>\n<h2><strong>\u00c9volution du nombre de cr\u00e9ations d\u2019entreprises (en milliers)<\/strong><\/h2>\n<table style=\"width: 474px\" border=\"1\">\n<thead>\n<tr>\n<td style=\"width: 66px;text-align: center\"><strong>Ann\u00e9e<\/strong><\/td>\n<td style=\"width: 81px;text-align: center\"><strong>Soci\u00e9t\u00e9s<\/strong><\/td>\n<td style=\"width: 182px;text-align: center\"><strong>Entreprises individuelles hors micro-entrepreneurs<\/strong><\/td>\n<td style=\"width: 126px;text-align: center\"><strong>Micro-entrepreneurs<\/strong><\/td>\n<\/tr>\n<\/thead>\n<tbody>\n<tr>\n<td style=\"width: 66px;text-align: center\"><strong>2014<\/strong><\/td>\n<td style=\"width: 81px;text-align: center\">165,7<\/td>\n<td style=\"width: 182px;text-align: center\">101,6<\/td>\n<td style=\"width: 126px;text-align: center\">283,5<\/td>\n<\/tr>\n<tr>\n<td style=\"width: 66px;text-align: center\"><strong>2015<\/strong><\/td>\n<td style=\"width: 81px;text-align: center\">172,0<\/td>\n<td style=\"width: 182px;text-align: center\">129,7<\/td>\n<td style=\"width: 126px;text-align: center\">223,4<\/td>\n<\/tr>\n<tr>\n<td style=\"width: 66px;text-align: center\"><strong>2016<\/strong><\/td>\n<td style=\"width: 81px;text-align: center\">188,8<\/td>\n<td style=\"width: 182px;text-align: center\">142,4<\/td>\n<td style=\"width: 126px;text-align: center\">222,8<\/td>\n<\/tr>\n<tr>\n<td style=\"width: 66px;text-align: center\"><strong>2017<\/strong><\/td>\n<td style=\"width: 81px;text-align: center\">197,9<\/td>\n<td style=\"width: 182px;text-align: center\">151,6<\/td>\n<td style=\"width: 126px;text-align: center\">241,8<\/td>\n<\/tr>\n<\/tbody>\n<\/table>\n<h2><strong>Le succ\u00e8s de la SAS<\/strong><\/h2>\n<p>En ce qui concerne les soci\u00e9t\u00e9s, le succ\u00e8s des<strong> SAS <\/strong>(soci\u00e9t\u00e9s par actions simplifi\u00e9es) et notamment de sa forme unipersonnelle (SASU) se confirme \u00e0 nouveau en 2017. Les SAS et SASU ont repr\u00e9sent\u00e9 60% des cr\u00e9ations en 2017 (56% en 2016). \u00c0 l\u2019inverse, le nombre de cr\u00e9ations de SARL ne cesse de diminuer (36% des soci\u00e9t\u00e9s cr\u00e9\u00e9es en 2017 contre 57% en 2014).<\/p>\n<h2><strong>Une hausse des cr\u00e9ations dans tous les secteurs et toutes les r\u00e9gions<\/strong><\/h2>\n<p>Dans la quasi-totalit\u00e9 des secteurs, on constate cette hausse des cr\u00e9ations d\u2019entreprise. Pour la premi\u00e8re fois depuis le d\u00e9but des ann\u00e9es 2000, le commerce n\u2019est plus le premier secteur en nombre de cr\u00e9ations d\u2019entreprises. Il est d\u00e9tr\u00f4n\u00e9 en 2017 par <strong>le secteur des activit\u00e9s sp\u00e9cialis\u00e9es, scientifiques et techniques<\/strong> et notamment le conseil pour les affaires et autres conseils de gestion.<\/p>\n<p>On constate une progression du nombre de cr\u00e9ations <strong>dans la plupart des R\u00e9gions<\/strong>. Mayotte constitue la plus forte progression (+16,4%), suivie par l\u2019Ile-de-France (+10,1%) et la Nouvelle-Aquitaine (+8,1%). Seules la Martinique (-2%) et surtout la Guyane (-10,5%) affichent une baisse des cr\u00e9ations d\u2019entreprises.<\/p>\n<h2><strong>Une croissance encore peu cr\u00e9atrice d\u2019emplois<\/strong><\/h2>\n<p>S\u2019il on peut se r\u00e9jouir de ces chiffres qui constituent une preuve du retour d\u2019une certaine croissance, ces cr\u00e9ations sont en revanche encore peu cr\u00e9atrices d\u2019emplois. L\u2019INSEE rapporte que seules 7% des entreprises classiques sont employeuses au moment de leur cr\u00e9ation.<\/p>\n<p>C\u00f4t\u00e9 profil des cr\u00e9ateurs, leur \u00e2ge moyen se r\u00e9duit (36 ans en 2017) et 40% sont des femmes.<\/p>\n<p>L\u2019ensemble de l\u2019\u00e9tude est disponible sur le lien suivant\u00a0: <a href=\"https:\/\/www.insee.fr\/fr\/statistiques\/3314444#tableau-figure4\">https:\/\/www.insee.fr\/fr\/statistiques\/3314444#tableau-figure4<\/a><\/p>\n","protected":false},"excerpt":{"rendered":"<p>Selon une r\u00e9cente \u00e9tude de l\u2019INSEE (INSEE PREMIERE n\u00b01685 du 30\/01\/2018), le nombre de cr\u00e9ations d\u2019entreprises en 2017 a augment\u00e9 de 7% par rapport \u00e0 2016, soit la plus forte progression depuis 2010. Essentiellement des micro-entrepreneurs Cette augmentation s\u2019explique principalement par le regain de cr\u00e9ation de micro-entrepreneurs (ex-autoentrepreneurs), en 2017 (+9%) apr\u00e8s deux ann\u00e9es de [&hellip;]<\/p>\n","protected":false},"author":45,"featured_media":0,"comment_status":"open","ping_status":"open","sticky":false,"template":"","format":"quote","meta":{"_acf_changed":false,"_mi_skip_tracking":false,"footnotes":""},"categories":[12,3],"tags":[596,887,1146],"class_list":["post-9018","post","type-post","status-publish","format-quote","hentry","category-actualites","category-comptabilite-fiscalite-et-gestion-financiere","tag-creation-dentreprise","tag-micro-entreprise","tag-societes","post_format-post-format-quote"],"acf":[],"yoast_head":"<!-- This site is optimized with the Yoast SEO plugin v23.4 - https:\/\/yoast.com\/wordpress\/plugins\/seo\/ -->\n<title>Cr\u00e9ation d\u2019entreprise : au plus haut niveau depuis 2010 ! - Le Blog GERESO<\/title>\n<meta name=\"robots\" content=\"index, follow, max-snippet:-1, max-image-preview:large, max-video-preview:-1\" \/>\n<link rel=\"canonical\" href=\"https:\/\/www.gereso.com\/actualites\/2018\/02\/26\/creation-dentreprise-au-plus-haut-niveau-depuis-2010\/\" \/>\n<meta property=\"og:locale\" content=\"fr_FR\" \/>\n<meta property=\"og:type\" content=\"article\" \/>\n<meta property=\"og:title\" content=\"Cr\u00e9ation d\u2019entreprise : au plus haut niveau depuis 2010 ! - Le Blog GERESO\" \/>\n<meta property=\"og:description\" content=\"Selon une r\u00e9cente \u00e9tude de l\u2019INSEE (INSEE PREMIERE n\u00b01685 du 30\/01\/2018), le nombre de cr\u00e9ations d\u2019entreprises en 2017 a augment\u00e9 de 7% par rapport \u00e0 2016, soit la plus forte progression depuis 2010. Essentiellement des micro-entrepreneurs Cette augmentation s\u2019explique principalement par le regain de cr\u00e9ation de micro-entrepreneurs (ex-autoentrepreneurs), en 2017 (+9%) apr\u00e8s deux ann\u00e9es de [&hellip;]\" \/>\n<meta property=\"og:url\" content=\"https:\/\/www.gereso.com\/actualites\/2018\/02\/26\/creation-dentreprise-au-plus-haut-niveau-depuis-2010\/\" \/>\n<meta property=\"og:site_name\" content=\"Le Blog GERESO\" \/>\n<meta property=\"article:published_time\" content=\"2018-02-25T22:28:37+00:00\" \/>\n<meta name=\"author\" content=\"Damien P\u00e9an\" \/>\n<meta name=\"twitter:card\" content=\"summary_large_image\" \/>\n<script type=\"application\/ld+json\" class=\"yoast-schema-graph\">{\"@context\":\"https:\/\/schema.org\",\"@graph\":[{\"@type\":\"WebPage\",\"@id\":\"https:\/\/www.gereso.com\/actualites\/2018\/02\/26\/creation-dentreprise-au-plus-haut-niveau-depuis-2010\/\",\"url\":\"https:\/\/www.gereso.com\/actualites\/2018\/02\/26\/creation-dentreprise-au-plus-haut-niveau-depuis-2010\/\",\"name\":\"Cr\u00e9ation d\u2019entreprise : au plus haut niveau depuis 2010 ! - Le Blog GERESO\",\"isPartOf\":{\"@id\":\"https:\/\/www.gereso.com\/actualites\/#website\"},\"datePublished\":\"2018-02-25T22:28:37+00:00\",\"dateModified\":\"2018-02-25T22:28:37+00:00\",\"author\":{\"@id\":\"https:\/\/www.gereso.com\/actualites\/#\/schema\/person\/c91814f92d627ed4715993fbbf7c7e8d\"},\"breadcrumb\":{\"@id\":\"https:\/\/www.gereso.com\/actualites\/2018\/02\/26\/creation-dentreprise-au-plus-haut-niveau-depuis-2010\/#breadcrumb\"},\"inLanguage\":\"fr-FR\",\"potentialAction\":[{\"@type\":\"ReadAction\",\"target\":[\"https:\/\/www.gereso.com\/actualites\/2018\/02\/26\/creation-dentreprise-au-plus-haut-niveau-depuis-2010\/\"]}]},{\"@type\":\"BreadcrumbList\",\"@id\":\"https:\/\/www.gereso.com\/actualites\/2018\/02\/26\/creation-dentreprise-au-plus-haut-niveau-depuis-2010\/#breadcrumb\",\"itemListElement\":[{\"@type\":\"ListItem\",\"position\":1,\"name\":\"Home\",\"item\":\"https:\/\/www.gereso.com\/actualites\/\"},{\"@type\":\"ListItem\",\"position\":2,\"name\":\"Cr\u00e9ation d\u2019entreprise : au plus haut niveau depuis 2010 !\"}]},{\"@type\":\"WebSite\",\"@id\":\"https:\/\/www.gereso.com\/actualites\/#website\",\"url\":\"https:\/\/www.gereso.com\/actualites\/\",\"name\":\"Le Blog GERESO\",\"description\":\"Toute l&#039;actu RH, Finance, Fonction Publique, Management...\",\"potentialAction\":[{\"@type\":\"SearchAction\",\"target\":{\"@type\":\"EntryPoint\",\"urlTemplate\":\"https:\/\/www.gereso.com\/actualites\/?s={search_term_string}\"},\"query-input\":{\"@type\":\"PropertyValueSpecification\",\"valueRequired\":true,\"valueName\":\"search_term_string\"}}],\"inLanguage\":\"fr-FR\"},{\"@type\":\"Person\",\"@id\":\"https:\/\/www.gereso.com\/actualites\/#\/schema\/person\/c91814f92d627ed4715993fbbf7c7e8d\",\"name\":\"Damien P\u00e9an\",\"image\":{\"@type\":\"ImageObject\",\"inLanguage\":\"fr-FR\",\"@id\":\"https:\/\/www.gereso.com\/actualites\/#\/schema\/person\/image\/\",\"url\":\"https:\/\/www.gereso.com\/actualites\/wp-content\/uploads\/2016\/03\/damien-pean.jpg\",\"contentUrl\":\"https:\/\/www.gereso.com\/actualites\/wp-content\/uploads\/2016\/03\/damien-pean.jpg\",\"caption\":\"Damien P\u00e9an\"},\"description\":\"Damien P\u00c9AN est titulaire du Dipl\u00f4me d'\u00e9tudes sup\u00e9rieures comptables et financi\u00e8res (DESCF). Il intervient depuis plusieurs ann\u00e9es aupr\u00e8s d'\u00e9tudiants en licence de comptabilit\u00e9 et de gestion, \u00e0 qui il enseigne le contr\u00f4le de gestion, la comptabilit\u00e9 approfondie, le management, la fiscalit\u00e9, le droit des soci\u00e9t\u00e9s et le droit du travail. Il intervient \u00e9galement en formation continue pour le compte de divers organismes de formation sur des th\u00e9matiques techniques en comptabilit\u00e9 et fiscalit\u00e9. Il forme aussi un public de non-initi\u00e9s aux fondamentaux de la finance.\",\"url\":\"https:\/\/www.gereso.com\/actualites\/author\/d-pean\/\"}]}<\/script>\n<!-- \/ Yoast SEO plugin. -->","yoast_head_json":{"title":"Cr\u00e9ation d\u2019entreprise : au plus haut niveau depuis 2010 ! - Le Blog GERESO","robots":{"index":"index","follow":"follow","max-snippet":"max-snippet:-1","max-image-preview":"max-image-preview:large","max-video-preview":"max-video-preview:-1"},"canonical":"https:\/\/www.gereso.com\/actualites\/2018\/02\/26\/creation-dentreprise-au-plus-haut-niveau-depuis-2010\/","og_locale":"fr_FR","og_type":"article","og_title":"Cr\u00e9ation d\u2019entreprise : au plus haut niveau depuis 2010 ! - Le Blog GERESO","og_description":"Selon une r\u00e9cente \u00e9tude de l\u2019INSEE (INSEE PREMIERE n\u00b01685 du 30\/01\/2018), le nombre de cr\u00e9ations d\u2019entreprises en 2017 a augment\u00e9 de 7% par rapport \u00e0 2016, soit la plus forte progression depuis 2010. Essentiellement des micro-entrepreneurs Cette augmentation s\u2019explique principalement par le regain de cr\u00e9ation de micro-entrepreneurs (ex-autoentrepreneurs), en 2017 (+9%) apr\u00e8s deux ann\u00e9es de [&hellip;]","og_url":"https:\/\/www.gereso.com\/actualites\/2018\/02\/26\/creation-dentreprise-au-plus-haut-niveau-depuis-2010\/","og_site_name":"Le Blog GERESO","article_published_time":"2018-02-25T22:28:37+00:00","author":"Damien P\u00e9an","twitter_card":"summary_large_image","schema":{"@context":"https:\/\/schema.org","@graph":[{"@type":"WebPage","@id":"https:\/\/www.gereso.com\/actualites\/2018\/02\/26\/creation-dentreprise-au-plus-haut-niveau-depuis-2010\/","url":"https:\/\/www.gereso.com\/actualites\/2018\/02\/26\/creation-dentreprise-au-plus-haut-niveau-depuis-2010\/","name":"Cr\u00e9ation d\u2019entreprise : au plus haut niveau depuis 2010 ! - Le Blog GERESO","isPartOf":{"@id":"https:\/\/www.gereso.com\/actualites\/#website"},"datePublished":"2018-02-25T22:28:37+00:00","dateModified":"2018-02-25T22:28:37+00:00","author":{"@id":"https:\/\/www.gereso.com\/actualites\/#\/schema\/person\/c91814f92d627ed4715993fbbf7c7e8d"},"breadcrumb":{"@id":"https:\/\/www.gereso.com\/actualites\/2018\/02\/26\/creation-dentreprise-au-plus-haut-niveau-depuis-2010\/#breadcrumb"},"inLanguage":"fr-FR","potentialAction":[{"@type":"ReadAction","target":["https:\/\/www.gereso.com\/actualites\/2018\/02\/26\/creation-dentreprise-au-plus-haut-niveau-depuis-2010\/"]}]},{"@type":"BreadcrumbList","@id":"https:\/\/www.gereso.com\/actualites\/2018\/02\/26\/creation-dentreprise-au-plus-haut-niveau-depuis-2010\/#breadcrumb","itemListElement":[{"@type":"ListItem","position":1,"name":"Home","item":"https:\/\/www.gereso.com\/actualites\/"},{"@type":"ListItem","position":2,"name":"Cr\u00e9ation d\u2019entreprise : au plus haut niveau depuis 2010 !"}]},{"@type":"WebSite","@id":"https:\/\/www.gereso.com\/actualites\/#website","url":"https:\/\/www.gereso.com\/actualites\/","name":"Le Blog GERESO","description":"Toute l&#039;actu RH, Finance, Fonction Publique, Management...","potentialAction":[{"@type":"SearchAction","target":{"@type":"EntryPoint","urlTemplate":"https:\/\/www.gereso.com\/actualites\/?s={search_term_string}"},"query-input":{"@type":"PropertyValueSpecification","valueRequired":true,"valueName":"search_term_string"}}],"inLanguage":"fr-FR"},{"@type":"Person","@id":"https:\/\/www.gereso.com\/actualites\/#\/schema\/person\/c91814f92d627ed4715993fbbf7c7e8d","name":"Damien P\u00e9an","image":{"@type":"ImageObject","inLanguage":"fr-FR","@id":"https:\/\/www.gereso.com\/actualites\/#\/schema\/person\/image\/","url":"https:\/\/www.gereso.com\/actualites\/wp-content\/uploads\/2016\/03\/damien-pean.jpg","contentUrl":"https:\/\/www.gereso.com\/actualites\/wp-content\/uploads\/2016\/03\/damien-pean.jpg","caption":"Damien P\u00e9an"},"description":"Damien P\u00c9AN est titulaire du Dipl\u00f4me d'\u00e9tudes sup\u00e9rieures comptables et financi\u00e8res (DESCF). Il intervient depuis plusieurs ann\u00e9es aupr\u00e8s d'\u00e9tudiants en licence de comptabilit\u00e9 et de gestion, \u00e0 qui il enseigne le contr\u00f4le de gestion, la comptabilit\u00e9 approfondie, le management, la fiscalit\u00e9, le droit des soci\u00e9t\u00e9s et le droit du travail. Il intervient \u00e9galement en formation continue pour le compte de divers organismes de formation sur des th\u00e9matiques techniques en comptabilit\u00e9 et fiscalit\u00e9. Il forme aussi un public de non-initi\u00e9s aux fondamentaux de la finance.","url":"https:\/\/www.gereso.com\/actualites\/author\/d-pean\/"}]}},"_links":{"self":[{"href":"https:\/\/www.gereso.com\/actualites\/wp-json\/wp\/v2\/posts\/9018","targetHints":{"allow":["GET"]}}],"collection":[{"href":"https:\/\/www.gereso.com\/actualites\/wp-json\/wp\/v2\/posts"}],"about":[{"href":"https:\/\/www.gereso.com\/actualites\/wp-json\/wp\/v2\/types\/post"}],"author":[{"embeddable":true,"href":"https:\/\/www.gereso.com\/actualites\/wp-json\/wp\/v2\/users\/45"}],"replies":[{"embeddable":true,"href":"https:\/\/www.gereso.com\/actualites\/wp-json\/wp\/v2\/comments?post=9018"}],"version-history":[{"count":1,"href":"https:\/\/www.gereso.com\/actualites\/wp-json\/wp\/v2\/posts\/9018\/revisions"}],"predecessor-version":[{"id":9019,"href":"https:\/\/www.gereso.com\/actualites\/wp-json\/wp\/v2\/posts\/9018\/revisions\/9019"}],"wp:attachment":[{"href":"https:\/\/www.gereso.com\/actualites\/wp-json\/wp\/v2\/media?parent=9018"}],"wp:term":[{"taxonomy":"category","embeddable":true,"href":"https:\/\/www.gereso.com\/actualites\/wp-json\/wp\/v2\/categories?post=9018"},{"taxonomy":"post_tag","embeddable":true,"href":"https:\/\/www.gereso.com\/actualites\/wp-json\/wp\/v2\/tags?post=9018"}],"curies":[{"name":"wp","href":"https:\/\/api.w.org\/{rel}","templated":true}]}}