{"id":9022,"date":"2018-02-27T06:00:19","date_gmt":"2018-02-27T04:00:19","guid":{"rendered":"https:\/\/www.gereso.com\/actualites\/?p=9022"},"modified":"2018-02-26T23:14:38","modified_gmt":"2018-02-26T21:14:38","slug":"taxes-cci-sur-la-cet-nouvelle-baisse-en-2018","status":"publish","type":"post","link":"https:\/\/www.gereso.com\/actualites\/2018\/02\/27\/taxes-cci-sur-la-cet-nouvelle-baisse-en-2018\/","title":{"rendered":"Taxes CCI sur la CET : nouvelle baisse en 2018"},"content":{"rendered":"<p>Le plafond de la taxe finan\u00e7ant les <strong>CCI (chambres de commerce et de l\u2019industrie)<\/strong> a \u00e9t\u00e9 abaiss\u00e9 de 150 millions \u20ac par la <strong>loi de finances pour 2018<\/strong>. Les pr\u00e9l\u00e8vements des entreprises relatifs \u00e0 cette taxe vont ainsi diminuer en 2018.<\/p>\n<h2><strong>Une taxe recouvr\u00e9e avec la CFE et la CVAE<\/strong><\/h2>\n<p>Chaque ann\u00e9e, les entreprises redevables de la CET (contribution \u00e9conomique territoriale) s\u2019acquittent de taxes destin\u00e9es au financement des CCI. Elles sont recouvr\u00e9es en m\u00eame temps et sur le m\u00eame avis d\u2019imposition que la CFE (cotisation fonci\u00e8re des entreprises) et la CVAE (cotisation sur la valeur ajout\u00e9e des entreprises)\u00a0:<\/p>\n<ul>\n<li>La <strong>contribution additionnelle \u00e0 la CFE<\/strong> est assise sur le montant brut de cette cotisation. Son taux est fix\u00e9 chaque ann\u00e9e par les CCI de r\u00e9gion.<\/li>\n<li>La <strong>contribution additionnelle \u00e0 la CVAE<\/strong> est assise sur la valeur ajout\u00e9e produite par les entreprises (assiette identique \u00e0 celle de la CVAE). Son taux est uniforme au niveau national. Il n\u2019a cess\u00e9 de diminuer depuis 2011 (7,508% cette ann\u00e9e-l\u00e0). Ce taux va passer de 3,11% en 2017 \u00e0 <strong>1,83% en 2018<\/strong>.<\/li>\n<\/ul>\n<h2><strong>Baisse du plafond de la taxe pour frais de chambre<\/strong><\/h2>\n<p>La r\u00e9duction de ces taxes additionnelles, au moins en ce qui concerne la CVAE, s\u2019explique par une mesure vot\u00e9e dans le cadre de la <strong>loi de finances pour 2018<\/strong>. Elle pr\u00e9voit une r\u00e9duction du plafond de la taxe pour frais de chambre (TFC). Elle passera de 925 millions \u20ac en 2017 \u00e0 775 millions \u20ac en 2018.<\/p>\n<p>Dans le cadre d\u2019une question \u00e9crite au minist\u00e8re de l\u2019Action et des comptes publics, le d\u00e9put\u00e9 LREM, Gwendal Rouillard a \u00e9voqu\u00e9 les difficult\u00e9s rencontr\u00e9es par les CCI face \u00e0 cette d\u00e9cision et a demand\u00e9 un lissage des r\u00e9ductions de ces ressources. Dans une r\u00e9ponse publi\u00e9e au Journal Officiel le 20 f\u00e9vrier dernier (<a href=\"http:\/\/questions.assemblee-nationale.fr\/q15\/15-3679QE.htm\">RM Rouillard, question n\u00b03679, JOAN du 20\/02\/18<\/a>), le minist\u00e8re a r\u00e9pondu par la n\u00e9gative. Il souligne notamment le fait que ces taxes ne repr\u00e9sentent qu\u2019environ 5% des ressources des CCI et qu\u2019une baisse de ce plafond, d\u00e9j\u00e0 pr\u00e9vue en 2016 avait finalement \u00e9t\u00e9 report\u00e9e. En outre, diff\u00e9rents fonds permettent de venir en aide aux organisations consulaires en difficult\u00e9 financi\u00e8re.<\/p>\n<p>Le Gouvernement s\u2019est n\u00e9anmoins engag\u00e9 \u00e0 <strong>ne plus baisser ce plafond<\/strong> au cours des prochaines ann\u00e9es pour assurer une meilleure visibilit\u00e9 de leurs ressources.<\/p>\n<p>Les entreprises pourront constater la baisse de ces taxes lors des acomptes de CVAE et \u00e9ventuellement de CFE (si le taux r\u00e9gional baisse) pr\u00e9vus pour le 15 juin prochain.<\/p>\n","protected":false},"excerpt":{"rendered":"<p>Le plafond de la taxe finan\u00e7ant les CCI (chambres de commerce et de l\u2019industrie) a \u00e9t\u00e9 abaiss\u00e9 de 150 millions \u20ac par la loi de finances pour 2018. Les pr\u00e9l\u00e8vements des entreprises relatifs \u00e0 cette taxe vont ainsi diminuer en 2018. Une taxe recouvr\u00e9e avec la CFE et la CVAE Chaque ann\u00e9e, les entreprises redevables [&hellip;]<\/p>\n","protected":false},"author":45,"featured_media":0,"comment_status":"open","ping_status":"open","sticky":false,"template":"","format":"quote","meta":{"_acf_changed":false,"_mi_skip_tracking":false,"footnotes":""},"categories":[12,3],"tags":[1263,259,1102],"class_list":["post-9022","post","type-post","status-publish","format-quote","hentry","category-actualites","category-comptabilite-fiscalite-et-gestion-financiere","tag-cet","tag-cfe","tag-cvae","post_format-post-format-quote"],"acf":[],"yoast_head":"<!-- This site is optimized with the Yoast SEO plugin v23.4 - https:\/\/yoast.com\/wordpress\/plugins\/seo\/ -->\n<title>Taxes CCI sur la CET : nouvelle baisse en 2018 - Le Blog GERESO<\/title>\n<meta name=\"robots\" content=\"index, follow, max-snippet:-1, max-image-preview:large, max-video-preview:-1\" \/>\n<link rel=\"canonical\" href=\"https:\/\/www.gereso.com\/actualites\/2018\/02\/27\/taxes-cci-sur-la-cet-nouvelle-baisse-en-2018\/\" \/>\n<meta property=\"og:locale\" content=\"fr_FR\" \/>\n<meta property=\"og:type\" content=\"article\" \/>\n<meta property=\"og:title\" content=\"Taxes CCI sur la CET : nouvelle baisse en 2018 - Le Blog GERESO\" \/>\n<meta property=\"og:description\" content=\"Le plafond de la taxe finan\u00e7ant les CCI (chambres de commerce et de l\u2019industrie) a \u00e9t\u00e9 abaiss\u00e9 de 150 millions \u20ac par la loi de finances pour 2018. Les pr\u00e9l\u00e8vements des entreprises relatifs \u00e0 cette taxe vont ainsi diminuer en 2018. Une taxe recouvr\u00e9e avec la CFE et la CVAE Chaque ann\u00e9e, les entreprises redevables [&hellip;]\" \/>\n<meta property=\"og:url\" content=\"https:\/\/www.gereso.com\/actualites\/2018\/02\/27\/taxes-cci-sur-la-cet-nouvelle-baisse-en-2018\/\" \/>\n<meta property=\"og:site_name\" content=\"Le Blog GERESO\" \/>\n<meta property=\"article:published_time\" content=\"2018-02-27T04:00:19+00:00\" \/>\n<meta property=\"article:modified_time\" content=\"2018-02-26T21:14:38+00:00\" \/>\n<meta name=\"author\" content=\"Damien P\u00e9an\" \/>\n<meta name=\"twitter:card\" content=\"summary_large_image\" \/>\n<script type=\"application\/ld+json\" class=\"yoast-schema-graph\">{\"@context\":\"https:\/\/schema.org\",\"@graph\":[{\"@type\":\"WebPage\",\"@id\":\"https:\/\/www.gereso.com\/actualites\/2018\/02\/27\/taxes-cci-sur-la-cet-nouvelle-baisse-en-2018\/\",\"url\":\"https:\/\/www.gereso.com\/actualites\/2018\/02\/27\/taxes-cci-sur-la-cet-nouvelle-baisse-en-2018\/\",\"name\":\"Taxes CCI sur la CET : nouvelle baisse en 2018 - Le Blog GERESO\",\"isPartOf\":{\"@id\":\"https:\/\/www.gereso.com\/actualites\/#website\"},\"datePublished\":\"2018-02-27T04:00:19+00:00\",\"dateModified\":\"2018-02-26T21:14:38+00:00\",\"author\":{\"@id\":\"https:\/\/www.gereso.com\/actualites\/#\/schema\/person\/c91814f92d627ed4715993fbbf7c7e8d\"},\"breadcrumb\":{\"@id\":\"https:\/\/www.gereso.com\/actualites\/2018\/02\/27\/taxes-cci-sur-la-cet-nouvelle-baisse-en-2018\/#breadcrumb\"},\"inLanguage\":\"fr-FR\",\"potentialAction\":[{\"@type\":\"ReadAction\",\"target\":[\"https:\/\/www.gereso.com\/actualites\/2018\/02\/27\/taxes-cci-sur-la-cet-nouvelle-baisse-en-2018\/\"]}]},{\"@type\":\"BreadcrumbList\",\"@id\":\"https:\/\/www.gereso.com\/actualites\/2018\/02\/27\/taxes-cci-sur-la-cet-nouvelle-baisse-en-2018\/#breadcrumb\",\"itemListElement\":[{\"@type\":\"ListItem\",\"position\":1,\"name\":\"Home\",\"item\":\"https:\/\/www.gereso.com\/actualites\/\"},{\"@type\":\"ListItem\",\"position\":2,\"name\":\"Taxes CCI sur la CET : nouvelle baisse en 2018\"}]},{\"@type\":\"WebSite\",\"@id\":\"https:\/\/www.gereso.com\/actualites\/#website\",\"url\":\"https:\/\/www.gereso.com\/actualites\/\",\"name\":\"Le Blog GERESO\",\"description\":\"Toute l&#039;actu RH, Finance, Fonction Publique, Management...\",\"potentialAction\":[{\"@type\":\"SearchAction\",\"target\":{\"@type\":\"EntryPoint\",\"urlTemplate\":\"https:\/\/www.gereso.com\/actualites\/?s={search_term_string}\"},\"query-input\":{\"@type\":\"PropertyValueSpecification\",\"valueRequired\":true,\"valueName\":\"search_term_string\"}}],\"inLanguage\":\"fr-FR\"},{\"@type\":\"Person\",\"@id\":\"https:\/\/www.gereso.com\/actualites\/#\/schema\/person\/c91814f92d627ed4715993fbbf7c7e8d\",\"name\":\"Damien P\u00e9an\",\"image\":{\"@type\":\"ImageObject\",\"inLanguage\":\"fr-FR\",\"@id\":\"https:\/\/www.gereso.com\/actualites\/#\/schema\/person\/image\/\",\"url\":\"https:\/\/www.gereso.com\/actualites\/wp-content\/uploads\/2016\/03\/damien-pean.jpg\",\"contentUrl\":\"https:\/\/www.gereso.com\/actualites\/wp-content\/uploads\/2016\/03\/damien-pean.jpg\",\"caption\":\"Damien P\u00e9an\"},\"description\":\"Damien P\u00c9AN est titulaire du Dipl\u00f4me d'\u00e9tudes sup\u00e9rieures comptables et financi\u00e8res (DESCF). Il intervient depuis plusieurs ann\u00e9es aupr\u00e8s d'\u00e9tudiants en licence de comptabilit\u00e9 et de gestion, \u00e0 qui il enseigne le contr\u00f4le de gestion, la comptabilit\u00e9 approfondie, le management, la fiscalit\u00e9, le droit des soci\u00e9t\u00e9s et le droit du travail. Il intervient \u00e9galement en formation continue pour le compte de divers organismes de formation sur des th\u00e9matiques techniques en comptabilit\u00e9 et fiscalit\u00e9. Il forme aussi un public de non-initi\u00e9s aux fondamentaux de la finance.\",\"url\":\"https:\/\/www.gereso.com\/actualites\/author\/d-pean\/\"}]}<\/script>\n<!-- \/ Yoast SEO plugin. -->","yoast_head_json":{"title":"Taxes CCI sur la CET : nouvelle baisse en 2018 - Le Blog GERESO","robots":{"index":"index","follow":"follow","max-snippet":"max-snippet:-1","max-image-preview":"max-image-preview:large","max-video-preview":"max-video-preview:-1"},"canonical":"https:\/\/www.gereso.com\/actualites\/2018\/02\/27\/taxes-cci-sur-la-cet-nouvelle-baisse-en-2018\/","og_locale":"fr_FR","og_type":"article","og_title":"Taxes CCI sur la CET : nouvelle baisse en 2018 - Le Blog GERESO","og_description":"Le plafond de la taxe finan\u00e7ant les CCI (chambres de commerce et de l\u2019industrie) a \u00e9t\u00e9 abaiss\u00e9 de 150 millions \u20ac par la loi de finances pour 2018. Les pr\u00e9l\u00e8vements des entreprises relatifs \u00e0 cette taxe vont ainsi diminuer en 2018. Une taxe recouvr\u00e9e avec la CFE et la CVAE Chaque ann\u00e9e, les entreprises redevables [&hellip;]","og_url":"https:\/\/www.gereso.com\/actualites\/2018\/02\/27\/taxes-cci-sur-la-cet-nouvelle-baisse-en-2018\/","og_site_name":"Le Blog GERESO","article_published_time":"2018-02-27T04:00:19+00:00","article_modified_time":"2018-02-26T21:14:38+00:00","author":"Damien P\u00e9an","twitter_card":"summary_large_image","schema":{"@context":"https:\/\/schema.org","@graph":[{"@type":"WebPage","@id":"https:\/\/www.gereso.com\/actualites\/2018\/02\/27\/taxes-cci-sur-la-cet-nouvelle-baisse-en-2018\/","url":"https:\/\/www.gereso.com\/actualites\/2018\/02\/27\/taxes-cci-sur-la-cet-nouvelle-baisse-en-2018\/","name":"Taxes CCI sur la CET : nouvelle baisse en 2018 - Le Blog GERESO","isPartOf":{"@id":"https:\/\/www.gereso.com\/actualites\/#website"},"datePublished":"2018-02-27T04:00:19+00:00","dateModified":"2018-02-26T21:14:38+00:00","author":{"@id":"https:\/\/www.gereso.com\/actualites\/#\/schema\/person\/c91814f92d627ed4715993fbbf7c7e8d"},"breadcrumb":{"@id":"https:\/\/www.gereso.com\/actualites\/2018\/02\/27\/taxes-cci-sur-la-cet-nouvelle-baisse-en-2018\/#breadcrumb"},"inLanguage":"fr-FR","potentialAction":[{"@type":"ReadAction","target":["https:\/\/www.gereso.com\/actualites\/2018\/02\/27\/taxes-cci-sur-la-cet-nouvelle-baisse-en-2018\/"]}]},{"@type":"BreadcrumbList","@id":"https:\/\/www.gereso.com\/actualites\/2018\/02\/27\/taxes-cci-sur-la-cet-nouvelle-baisse-en-2018\/#breadcrumb","itemListElement":[{"@type":"ListItem","position":1,"name":"Home","item":"https:\/\/www.gereso.com\/actualites\/"},{"@type":"ListItem","position":2,"name":"Taxes CCI sur la CET : nouvelle baisse en 2018"}]},{"@type":"WebSite","@id":"https:\/\/www.gereso.com\/actualites\/#website","url":"https:\/\/www.gereso.com\/actualites\/","name":"Le Blog GERESO","description":"Toute l&#039;actu RH, Finance, Fonction Publique, Management...","potentialAction":[{"@type":"SearchAction","target":{"@type":"EntryPoint","urlTemplate":"https:\/\/www.gereso.com\/actualites\/?s={search_term_string}"},"query-input":{"@type":"PropertyValueSpecification","valueRequired":true,"valueName":"search_term_string"}}],"inLanguage":"fr-FR"},{"@type":"Person","@id":"https:\/\/www.gereso.com\/actualites\/#\/schema\/person\/c91814f92d627ed4715993fbbf7c7e8d","name":"Damien P\u00e9an","image":{"@type":"ImageObject","inLanguage":"fr-FR","@id":"https:\/\/www.gereso.com\/actualites\/#\/schema\/person\/image\/","url":"https:\/\/www.gereso.com\/actualites\/wp-content\/uploads\/2016\/03\/damien-pean.jpg","contentUrl":"https:\/\/www.gereso.com\/actualites\/wp-content\/uploads\/2016\/03\/damien-pean.jpg","caption":"Damien P\u00e9an"},"description":"Damien P\u00c9AN est titulaire du Dipl\u00f4me d'\u00e9tudes sup\u00e9rieures comptables et financi\u00e8res (DESCF). Il intervient depuis plusieurs ann\u00e9es aupr\u00e8s d'\u00e9tudiants en licence de comptabilit\u00e9 et de gestion, \u00e0 qui il enseigne le contr\u00f4le de gestion, la comptabilit\u00e9 approfondie, le management, la fiscalit\u00e9, le droit des soci\u00e9t\u00e9s et le droit du travail. Il intervient \u00e9galement en formation continue pour le compte de divers organismes de formation sur des th\u00e9matiques techniques en comptabilit\u00e9 et fiscalit\u00e9. Il forme aussi un public de non-initi\u00e9s aux fondamentaux de la finance.","url":"https:\/\/www.gereso.com\/actualites\/author\/d-pean\/"}]}},"_links":{"self":[{"href":"https:\/\/www.gereso.com\/actualites\/wp-json\/wp\/v2\/posts\/9022","targetHints":{"allow":["GET"]}}],"collection":[{"href":"https:\/\/www.gereso.com\/actualites\/wp-json\/wp\/v2\/posts"}],"about":[{"href":"https:\/\/www.gereso.com\/actualites\/wp-json\/wp\/v2\/types\/post"}],"author":[{"embeddable":true,"href":"https:\/\/www.gereso.com\/actualites\/wp-json\/wp\/v2\/users\/45"}],"replies":[{"embeddable":true,"href":"https:\/\/www.gereso.com\/actualites\/wp-json\/wp\/v2\/comments?post=9022"}],"version-history":[{"count":2,"href":"https:\/\/www.gereso.com\/actualites\/wp-json\/wp\/v2\/posts\/9022\/revisions"}],"predecessor-version":[{"id":9024,"href":"https:\/\/www.gereso.com\/actualites\/wp-json\/wp\/v2\/posts\/9022\/revisions\/9024"}],"wp:attachment":[{"href":"https:\/\/www.gereso.com\/actualites\/wp-json\/wp\/v2\/media?parent=9022"}],"wp:term":[{"taxonomy":"category","embeddable":true,"href":"https:\/\/www.gereso.com\/actualites\/wp-json\/wp\/v2\/categories?post=9022"},{"taxonomy":"post_tag","embeddable":true,"href":"https:\/\/www.gereso.com\/actualites\/wp-json\/wp\/v2\/tags?post=9022"}],"curies":[{"name":"wp","href":"https:\/\/api.w.org\/{rel}","templated":true}]}}