{"id":9053,"date":"2018-03-15T10:39:23","date_gmt":"2018-03-15T08:39:23","guid":{"rendered":"https:\/\/www.gereso.com\/actualites\/?p=9053"},"modified":"2018-04-03T14:15:18","modified_gmt":"2018-04-03T12:15:18","slug":"question-de-la-semaine-comment-bien-vivre-en-open-space","status":"publish","type":"post","link":"https:\/\/www.gereso.com\/actualites\/2018\/03\/15\/question-de-la-semaine-comment-bien-vivre-en-open-space\/","title":{"rendered":"Comment bien vivre en open space ?"},"content":{"rendered":"<h2><span style=\"color: #d10016;\"><strong>Respecter la loi<\/strong><\/span><\/h2>\n<p>Avant d\u2019imposer \u00e0 vos collaborateurs une nouvelle organisation de leur espace de travail et ainsi \u00e9viter tout litige, n\u2019oubliez pas de vous mettre en conformit\u00e9 avec la loi. Ainsi, l\u2019article L. 236-2 du Code du Travail rappelle que \u00ab\u00a0<em>Le comit\u00e9 d\u2019hygi\u00e8ne, de s\u00e9curit\u00e9 et des conditions de travail est consult\u00e9 avant toute d\u00e9cision d\u2019am\u00e9nagement important modifiant les conditions d\u2019hygi\u00e8ne et de s\u00e9curit\u00e9 ou les conditions de travail\u2026<\/em> \u00bb.<\/p>\n<h2><span style=\"color: #d10016;\"><strong>\u00c9tablir des r\u00e8gles de vie<\/strong><\/span><\/h2>\n<p><em>Fatigue, difficult\u00e9s de concentration, stress\u2026 <\/em>Selon une \u00e9tude am\u00e9ricaine de l\u2019agence d\u2019architecture Gensler, l\u2019open space entra\u00eenerait une baisse de productivit\u00e9 de plus de 60\u00a0%<strong>.<\/strong> Heureusement, de simples r\u00e8gles de savoir-vivre permettent le plus souvent de contourner ces \u00e9cueils. Prenez le temps de r\u00e9unir l\u2019ensemble des collaborateurs concern\u00e9s afin d\u2019\u00e9tablir avec eux une charte rappelant quelques r\u00e8gles \u00e9l\u00e9mentaires de bonne conduite. Exemples\u00a0: \u00e9viter les pauses d\u00e9jeuner \u00e0 son poste de travail ou encore les conversations t\u00e9l\u00e9phoniques priv\u00e9es \u00e0 haute voix\u00a0; se d\u00e9placer pour parler \u00e0 un coll\u00e8gue plut\u00f4t que de le h\u00e9ler \u00e0 l&rsquo;autre bout du plateau\u00a0; mettre son portable sur vibreur\u00a0; ranger r\u00e9guli\u00e8rement ses dossiers\u2026 Vivre en communaut\u00e9 impose le respect mutuel !<\/p>\n<h2><span style=\"color: #d10016;\"><strong>Cr\u00e9er des zones adapt\u00e9es<\/strong><\/span><\/h2>\n<p>Dans un espace ouvert, il est primordial de r\u00e9fl\u00e9chir en amont \u00e0 l\u2019am\u00e9nagement et aux r\u00e8gles de vie en commun. Pour optimiser l\u2019organisation et le travail de chacun, le mieux est de cr\u00e9er des zones adapt\u00e9es \u00e0 chaque situation : des espaces de convivialit\u00e9, des zones silencieuses pour le travail de fond, des espaces de circulation, des salles de r\u00e9union, des espaces de restauration\u2026 L\u2019objectif\u00a0: donner \u00e0 chacun la possibilit\u00e9 de s\u2019isoler, de circuler ou encore d\u2019\u00e9changer sans importuner. Un espace ouvert ou bureau partag\u00e9 n\u00e9cessite ainsi l\u2019existence de quelques espaces ferm\u00e9s ou semi-ouverts, adapt\u00e9s aux collaborateurs qui souhaitent minimiser les interruptions lorsqu\u2019ils sont \u00e0 leur poste de travail.<\/p>\n<h2><span style=\"color: #d10016;\"><strong>D\u00e9samorcer rapidement les tensions<\/strong><\/span><\/h2>\n<p>Dans ce type d\u2019organisation, \u00eatre \u00e0 l\u2019\u00e9coute des collaborateurs est encore plus vital que d\u2019ordinaire\u2026 N\u2019h\u00e9sitez pas \u00e0 prendre r\u00e9guli\u00e8rement la temp\u00e9rature aupr\u00e8s d\u2019eux afin de v\u00e9rifier que la promiscuit\u00e9 n\u2019est pas source de souffrance. Proposez par exemple des r\u00e9unions en cas de litiges. Enfin, travailler en open space doit renforcer le sentiment d\u2019appartenance, le lien social, l\u2019entraide, le plaisir au travail, la confrontation des id\u00e9es\u2026 Positivez la situation en leur rappelant tous les avantages qu\u2019ils peuvent tirer de cette organisation collaborative.<\/p>\n<p>Pour aller plus loin et d\u00e9tenir toutes les cl\u00e9s pour pr\u00e9server la qualit\u00e9 de vie et l&rsquo;efficacit\u00e9 en open space, nous proposons en exclusivit\u00e9 une <a href=\"https:\/\/www.gereso.com\/formation-OPEN\" target=\"_blank\" rel=\"noopener\">formation GERESO \u00ab\u00a0Bien vivre en open space\u00a0\u00bb 100% pratique<\/a>.<\/p>\n<p style=\"text-align: right;\"><strong>Par St\u00e9phanie Marpinard<\/strong><\/p>\n","protected":false},"excerpt":{"rendered":"<p>Respecter la loi Avant d\u2019imposer \u00e0 vos collaborateurs une nouvelle organisation de leur espace de travail et ainsi \u00e9viter tout litige, n\u2019oubliez pas de vous mettre en conformit\u00e9 avec la loi. Ainsi, l\u2019article L. 236-2 du Code du Travail rappelle que \u00ab\u00a0Le comit\u00e9 d\u2019hygi\u00e8ne, de s\u00e9curit\u00e9 et des conditions de travail est consult\u00e9 avant toute [&hellip;]<\/p>\n","protected":false},"author":1,"featured_media":9054,"comment_status":"open","ping_status":"open","sticky":false,"template":"","format":"standard","meta":{"_acf_changed":false,"_mi_skip_tracking":false,"footnotes":""},"categories":[9,13],"tags":[1400,1016,267,576],"class_list":["post-9053","post","type-post","status-publish","format-standard","has-post-thumbnail","hentry","category-developpement-personnel-et-efficacite-professionnelle","category-sante-et-securite-au-travail","tag-comment-bien-vire-en-open-space","tag-open-space","tag-organisation","tag-qvt"],"acf":[],"yoast_head":"<!-- This site is optimized with the Yoast SEO plugin v23.4 - https:\/\/yoast.com\/wordpress\/plugins\/seo\/ -->\n<title>Comment bien vivre en open space ? - Le Blog GERESO<\/title>\n<meta name=\"robots\" content=\"index, follow, max-snippet:-1, max-image-preview:large, max-video-preview:-1\" \/>\n<link rel=\"canonical\" href=\"https:\/\/www.gereso.com\/actualites\/2018\/03\/15\/question-de-la-semaine-comment-bien-vivre-en-open-space\/\" \/>\n<meta property=\"og:locale\" content=\"fr_FR\" \/>\n<meta property=\"og:type\" content=\"article\" \/>\n<meta property=\"og:title\" content=\"Comment bien vivre en open space ? - Le Blog GERESO\" \/>\n<meta property=\"og:description\" content=\"Respecter la loi Avant d\u2019imposer \u00e0 vos collaborateurs une nouvelle organisation de leur espace de travail et ainsi \u00e9viter tout litige, n\u2019oubliez pas de vous mettre en conformit\u00e9 avec la loi. Ainsi, l\u2019article L. 236-2 du Code du Travail rappelle que \u00ab\u00a0Le comit\u00e9 d\u2019hygi\u00e8ne, de s\u00e9curit\u00e9 et des conditions de travail est consult\u00e9 avant toute [&hellip;]\" \/>\n<meta property=\"og:url\" content=\"https:\/\/www.gereso.com\/actualites\/2018\/03\/15\/question-de-la-semaine-comment-bien-vivre-en-open-space\/\" \/>\n<meta property=\"og:site_name\" content=\"Le Blog GERESO\" \/>\n<meta property=\"article:published_time\" content=\"2018-03-15T08:39:23+00:00\" \/>\n<meta property=\"article:modified_time\" content=\"2018-04-03T12:15:18+00:00\" \/>\n<meta property=\"og:image\" content=\"https:\/\/www.gereso.com\/actualites\/wp-content\/uploads\/2018\/03\/comment-bien-vivre-en-open-space.jpg\" \/>\n\t<meta property=\"og:image:width\" content=\"600\" \/>\n\t<meta property=\"og:image:height\" content=\"400\" \/>\n\t<meta property=\"og:image:type\" content=\"image\/jpeg\" \/>\n<meta name=\"author\" content=\"GERESO\" \/>\n<meta name=\"twitter:card\" content=\"summary_large_image\" \/>\n<script type=\"application\/ld+json\" class=\"yoast-schema-graph\">{\"@context\":\"https:\/\/schema.org\",\"@graph\":[{\"@type\":\"WebPage\",\"@id\":\"https:\/\/www.gereso.com\/actualites\/2018\/03\/15\/question-de-la-semaine-comment-bien-vivre-en-open-space\/\",\"url\":\"https:\/\/www.gereso.com\/actualites\/2018\/03\/15\/question-de-la-semaine-comment-bien-vivre-en-open-space\/\",\"name\":\"Comment bien vivre en open space ? - Le Blog GERESO\",\"isPartOf\":{\"@id\":\"https:\/\/www.gereso.com\/actualites\/#website\"},\"primaryImageOfPage\":{\"@id\":\"https:\/\/www.gereso.com\/actualites\/2018\/03\/15\/question-de-la-semaine-comment-bien-vivre-en-open-space\/#primaryimage\"},\"image\":{\"@id\":\"https:\/\/www.gereso.com\/actualites\/2018\/03\/15\/question-de-la-semaine-comment-bien-vivre-en-open-space\/#primaryimage\"},\"thumbnailUrl\":\"https:\/\/www.gereso.com\/actualites\/wp-content\/uploads\/2018\/03\/comment-bien-vivre-en-open-space.jpg\",\"datePublished\":\"2018-03-15T08:39:23+00:00\",\"dateModified\":\"2018-04-03T12:15:18+00:00\",\"author\":{\"@id\":\"https:\/\/www.gereso.com\/actualites\/#\/schema\/person\/d9b0bc27f2e9ae74ff7505881ce5306e\"},\"breadcrumb\":{\"@id\":\"https:\/\/www.gereso.com\/actualites\/2018\/03\/15\/question-de-la-semaine-comment-bien-vivre-en-open-space\/#breadcrumb\"},\"inLanguage\":\"fr-FR\",\"potentialAction\":[{\"@type\":\"ReadAction\",\"target\":[\"https:\/\/www.gereso.com\/actualites\/2018\/03\/15\/question-de-la-semaine-comment-bien-vivre-en-open-space\/\"]}]},{\"@type\":\"ImageObject\",\"inLanguage\":\"fr-FR\",\"@id\":\"https:\/\/www.gereso.com\/actualites\/2018\/03\/15\/question-de-la-semaine-comment-bien-vivre-en-open-space\/#primaryimage\",\"url\":\"https:\/\/www.gereso.com\/actualites\/wp-content\/uploads\/2018\/03\/comment-bien-vivre-en-open-space.jpg\",\"contentUrl\":\"https:\/\/www.gereso.com\/actualites\/wp-content\/uploads\/2018\/03\/comment-bien-vivre-en-open-space.jpg\",\"width\":600,\"height\":400,\"caption\":\"Question de la semaine comment bien vivre en open space\"},{\"@type\":\"BreadcrumbList\",\"@id\":\"https:\/\/www.gereso.com\/actualites\/2018\/03\/15\/question-de-la-semaine-comment-bien-vivre-en-open-space\/#breadcrumb\",\"itemListElement\":[{\"@type\":\"ListItem\",\"position\":1,\"name\":\"Home\",\"item\":\"https:\/\/www.gereso.com\/actualites\/\"},{\"@type\":\"ListItem\",\"position\":2,\"name\":\"Comment bien vivre en open space ?\"}]},{\"@type\":\"WebSite\",\"@id\":\"https:\/\/www.gereso.com\/actualites\/#website\",\"url\":\"https:\/\/www.gereso.com\/actualites\/\",\"name\":\"Le Blog GERESO\",\"description\":\"Toute l&#039;actu RH, Finance, Fonction Publique, Management...\",\"potentialAction\":[{\"@type\":\"SearchAction\",\"target\":{\"@type\":\"EntryPoint\",\"urlTemplate\":\"https:\/\/www.gereso.com\/actualites\/?s={search_term_string}\"},\"query-input\":{\"@type\":\"PropertyValueSpecification\",\"valueRequired\":true,\"valueName\":\"search_term_string\"}}],\"inLanguage\":\"fr-FR\"},{\"@type\":\"Person\",\"@id\":\"https:\/\/www.gereso.com\/actualites\/#\/schema\/person\/d9b0bc27f2e9ae74ff7505881ce5306e\",\"name\":\"GERESO\",\"image\":{\"@type\":\"ImageObject\",\"inLanguage\":\"fr-FR\",\"@id\":\"https:\/\/www.gereso.com\/actualites\/#\/schema\/person\/image\/\",\"url\":\"https:\/\/www.gereso.com\/actualites\/wp-content\/uploads\/2013\/12\/avatar-gereso-1.png\",\"contentUrl\":\"https:\/\/www.gereso.com\/actualites\/wp-content\/uploads\/2013\/12\/avatar-gereso-1.png\",\"caption\":\"GERESO\"},\"url\":\"https:\/\/www.gereso.com\/actualites\/author\/wpadm_16root\/\"}]}<\/script>\n<!-- \/ Yoast SEO plugin. -->","yoast_head_json":{"title":"Comment bien vivre en open space ? - Le Blog GERESO","robots":{"index":"index","follow":"follow","max-snippet":"max-snippet:-1","max-image-preview":"max-image-preview:large","max-video-preview":"max-video-preview:-1"},"canonical":"https:\/\/www.gereso.com\/actualites\/2018\/03\/15\/question-de-la-semaine-comment-bien-vivre-en-open-space\/","og_locale":"fr_FR","og_type":"article","og_title":"Comment bien vivre en open space ? - Le Blog GERESO","og_description":"Respecter la loi Avant d\u2019imposer \u00e0 vos collaborateurs une nouvelle organisation de leur espace de travail et ainsi \u00e9viter tout litige, n\u2019oubliez pas de vous mettre en conformit\u00e9 avec la loi. Ainsi, l\u2019article L. 236-2 du Code du Travail rappelle que \u00ab\u00a0Le comit\u00e9 d\u2019hygi\u00e8ne, de s\u00e9curit\u00e9 et des conditions de travail est consult\u00e9 avant toute [&hellip;]","og_url":"https:\/\/www.gereso.com\/actualites\/2018\/03\/15\/question-de-la-semaine-comment-bien-vivre-en-open-space\/","og_site_name":"Le Blog GERESO","article_published_time":"2018-03-15T08:39:23+00:00","article_modified_time":"2018-04-03T12:15:18+00:00","og_image":[{"width":600,"height":400,"url":"https:\/\/www.gereso.com\/actualites\/wp-content\/uploads\/2018\/03\/comment-bien-vivre-en-open-space.jpg","type":"image\/jpeg"}],"author":"GERESO","twitter_card":"summary_large_image","schema":{"@context":"https:\/\/schema.org","@graph":[{"@type":"WebPage","@id":"https:\/\/www.gereso.com\/actualites\/2018\/03\/15\/question-de-la-semaine-comment-bien-vivre-en-open-space\/","url":"https:\/\/www.gereso.com\/actualites\/2018\/03\/15\/question-de-la-semaine-comment-bien-vivre-en-open-space\/","name":"Comment bien vivre en open space ? - Le Blog GERESO","isPartOf":{"@id":"https:\/\/www.gereso.com\/actualites\/#website"},"primaryImageOfPage":{"@id":"https:\/\/www.gereso.com\/actualites\/2018\/03\/15\/question-de-la-semaine-comment-bien-vivre-en-open-space\/#primaryimage"},"image":{"@id":"https:\/\/www.gereso.com\/actualites\/2018\/03\/15\/question-de-la-semaine-comment-bien-vivre-en-open-space\/#primaryimage"},"thumbnailUrl":"https:\/\/www.gereso.com\/actualites\/wp-content\/uploads\/2018\/03\/comment-bien-vivre-en-open-space.jpg","datePublished":"2018-03-15T08:39:23+00:00","dateModified":"2018-04-03T12:15:18+00:00","author":{"@id":"https:\/\/www.gereso.com\/actualites\/#\/schema\/person\/d9b0bc27f2e9ae74ff7505881ce5306e"},"breadcrumb":{"@id":"https:\/\/www.gereso.com\/actualites\/2018\/03\/15\/question-de-la-semaine-comment-bien-vivre-en-open-space\/#breadcrumb"},"inLanguage":"fr-FR","potentialAction":[{"@type":"ReadAction","target":["https:\/\/www.gereso.com\/actualites\/2018\/03\/15\/question-de-la-semaine-comment-bien-vivre-en-open-space\/"]}]},{"@type":"ImageObject","inLanguage":"fr-FR","@id":"https:\/\/www.gereso.com\/actualites\/2018\/03\/15\/question-de-la-semaine-comment-bien-vivre-en-open-space\/#primaryimage","url":"https:\/\/www.gereso.com\/actualites\/wp-content\/uploads\/2018\/03\/comment-bien-vivre-en-open-space.jpg","contentUrl":"https:\/\/www.gereso.com\/actualites\/wp-content\/uploads\/2018\/03\/comment-bien-vivre-en-open-space.jpg","width":600,"height":400,"caption":"Question de la semaine comment bien vivre en open space"},{"@type":"BreadcrumbList","@id":"https:\/\/www.gereso.com\/actualites\/2018\/03\/15\/question-de-la-semaine-comment-bien-vivre-en-open-space\/#breadcrumb","itemListElement":[{"@type":"ListItem","position":1,"name":"Home","item":"https:\/\/www.gereso.com\/actualites\/"},{"@type":"ListItem","position":2,"name":"Comment bien vivre en open space ?"}]},{"@type":"WebSite","@id":"https:\/\/www.gereso.com\/actualites\/#website","url":"https:\/\/www.gereso.com\/actualites\/","name":"Le Blog GERESO","description":"Toute l&#039;actu RH, Finance, Fonction Publique, Management...","potentialAction":[{"@type":"SearchAction","target":{"@type":"EntryPoint","urlTemplate":"https:\/\/www.gereso.com\/actualites\/?s={search_term_string}"},"query-input":{"@type":"PropertyValueSpecification","valueRequired":true,"valueName":"search_term_string"}}],"inLanguage":"fr-FR"},{"@type":"Person","@id":"https:\/\/www.gereso.com\/actualites\/#\/schema\/person\/d9b0bc27f2e9ae74ff7505881ce5306e","name":"GERESO","image":{"@type":"ImageObject","inLanguage":"fr-FR","@id":"https:\/\/www.gereso.com\/actualites\/#\/schema\/person\/image\/","url":"https:\/\/www.gereso.com\/actualites\/wp-content\/uploads\/2013\/12\/avatar-gereso-1.png","contentUrl":"https:\/\/www.gereso.com\/actualites\/wp-content\/uploads\/2013\/12\/avatar-gereso-1.png","caption":"GERESO"},"url":"https:\/\/www.gereso.com\/actualites\/author\/wpadm_16root\/"}]}},"_links":{"self":[{"href":"https:\/\/www.gereso.com\/actualites\/wp-json\/wp\/v2\/posts\/9053","targetHints":{"allow":["GET"]}}],"collection":[{"href":"https:\/\/www.gereso.com\/actualites\/wp-json\/wp\/v2\/posts"}],"about":[{"href":"https:\/\/www.gereso.com\/actualites\/wp-json\/wp\/v2\/types\/post"}],"author":[{"embeddable":true,"href":"https:\/\/www.gereso.com\/actualites\/wp-json\/wp\/v2\/users\/1"}],"replies":[{"embeddable":true,"href":"https:\/\/www.gereso.com\/actualites\/wp-json\/wp\/v2\/comments?post=9053"}],"version-history":[{"count":4,"href":"https:\/\/www.gereso.com\/actualites\/wp-json\/wp\/v2\/posts\/9053\/revisions"}],"predecessor-version":[{"id":9107,"href":"https:\/\/www.gereso.com\/actualites\/wp-json\/wp\/v2\/posts\/9053\/revisions\/9107"}],"wp:featuredmedia":[{"embeddable":true,"href":"https:\/\/www.gereso.com\/actualites\/wp-json\/wp\/v2\/media\/9054"}],"wp:attachment":[{"href":"https:\/\/www.gereso.com\/actualites\/wp-json\/wp\/v2\/media?parent=9053"}],"wp:term":[{"taxonomy":"category","embeddable":true,"href":"https:\/\/www.gereso.com\/actualites\/wp-json\/wp\/v2\/categories?post=9053"},{"taxonomy":"post_tag","embeddable":true,"href":"https:\/\/www.gereso.com\/actualites\/wp-json\/wp\/v2\/tags?post=9053"}],"curies":[{"name":"wp","href":"https:\/\/api.w.org\/{rel}","templated":true}]}}