{"id":9112,"date":"2018-04-05T20:55:08","date_gmt":"2018-04-05T18:55:08","guid":{"rendered":"https:\/\/www.gereso.com\/actualites\/?p=9112"},"modified":"2018-04-05T20:56:32","modified_gmt":"2018-04-05T18:56:32","slug":"lutte-contre-la-fraude-le-projet-de-loi","status":"publish","type":"post","link":"https:\/\/www.gereso.com\/actualites\/2018\/04\/05\/lutte-contre-la-fraude-le-projet-de-loi\/","title":{"rendered":"Lutte contre la fraude : le projet de loi"},"content":{"rendered":"<p>Le ministre de l\u2019Action et des Comptes publics, G\u00e9rald Darmanin, a pr\u00e9sent\u00e9 la semaine derni\u00e8re en Conseil des ministres, un <strong>projet de loi relatif \u00e0 la lutte contre la fraude<\/strong>. La principale nouveaut\u00e9 r\u00e9side dans l\u2019instauration de la r\u00e9v\u00e9lation (\u00ab\u00a0name and shame\u00a0\u00bb) des infractions fiscales les plus graves.<\/p>\n<p>Avec ce nouveau projet de loi, le Gouvernement am\u00e9nage la d\u00e9tection et les sanctions contre les fraudeurs. Le texte se d\u00e9compose en 2 titres\u00a0:<\/p>\n<ul>\n<li>Titre 1\u00a0: renforcement des <strong>moyens d\u2019investigation<\/strong> contre les fraudes<\/li>\n<li>Titre 2\u00a0: <strong>durcissement des sanctions<\/strong> en cas de fraude.<\/li>\n<\/ul>\n<p>Pour le renforcement des moyens d\u2019investigation, la principale mesure r\u00e9side dans l\u2019article 1<sup>er<\/sup>. Il pr\u00e9voit d\u2019affecter des officiers fiscaux judiciaires au sein du minist\u00e8re budget. Ces moyens s\u2019additionneront \u00e0 ceux d\u00e9j\u00e0 existant avec la police judiciaire du minist\u00e8re de l\u2019int\u00e9rieur.<\/p>\n<p>L\u2019article 4 du projet pr\u00e9cise en outre les modalit\u00e9s selon lesquelles les <strong>plateformes collaboratives<\/strong> (de type Airbnb) auront l\u2019obligation de transmettre \u00e0 compter du 1<sup>er<\/sup> janvier 2019 \u00e0 l\u2019administration, les revenus de leurs utilisateurs g\u00e9n\u00e9r\u00e9s par leur interm\u00e9diaire.<\/p>\n<p>La mesure la plus embl\u00e9matique de ce projet de loi (article 6 du projet), consiste \u00e0 permettre \u00e0 l\u2019administration de <strong>rendre public les rappels d\u2019imp\u00f4ts et les sanctions fiscales p\u00e9cuniaires<\/strong> pour les fraudes les plus graves. Jusqu\u2019ici, seules les fraudes ayant fait l\u2019objet de poursuites p\u00e9nales pouvaient \u00eatre r\u00e9v\u00e9l\u00e9es, sur d\u00e9cision des juges. Les autres fraudes fiscales demeuraient jusqu\u2019ici prot\u00e9ger par le secret fiscal.<\/p>\n","protected":false},"excerpt":{"rendered":"<p>Le ministre de l\u2019Action et des Comptes publics, G\u00e9rald Darmanin, a pr\u00e9sent\u00e9 la semaine derni\u00e8re en Conseil des ministres, un projet de loi relatif \u00e0 la lutte contre la fraude. La principale nouveaut\u00e9 r\u00e9side dans l\u2019instauration de la r\u00e9v\u00e9lation (\u00ab\u00a0name and shame\u00a0\u00bb) des infractions fiscales les plus graves. Avec ce nouveau projet de loi, le [&hellip;]<\/p>\n","protected":false},"author":45,"featured_media":0,"comment_status":"open","ping_status":"open","sticky":false,"template":"","format":"quote","meta":{"_acf_changed":false,"_mi_skip_tracking":false,"footnotes":""},"categories":[12,3],"tags":[],"class_list":["post-9112","post","type-post","status-publish","format-quote","hentry","category-actualites","category-comptabilite-fiscalite-et-gestion-financiere","post_format-post-format-quote"],"acf":[],"yoast_head":"<!-- This site is optimized with the Yoast SEO plugin v23.4 - https:\/\/yoast.com\/wordpress\/plugins\/seo\/ -->\n<title>Lutte contre la fraude : le projet de loi - Le Blog GERESO<\/title>\n<meta name=\"robots\" content=\"index, follow, max-snippet:-1, max-image-preview:large, max-video-preview:-1\" \/>\n<link rel=\"canonical\" href=\"https:\/\/www.gereso.com\/actualites\/2018\/04\/05\/lutte-contre-la-fraude-le-projet-de-loi\/\" \/>\n<meta property=\"og:locale\" content=\"fr_FR\" \/>\n<meta property=\"og:type\" content=\"article\" \/>\n<meta property=\"og:title\" content=\"Lutte contre la fraude : le projet de loi - Le Blog GERESO\" \/>\n<meta property=\"og:description\" content=\"Le ministre de l\u2019Action et des Comptes publics, G\u00e9rald Darmanin, a pr\u00e9sent\u00e9 la semaine derni\u00e8re en Conseil des ministres, un projet de loi relatif \u00e0 la lutte contre la fraude. La principale nouveaut\u00e9 r\u00e9side dans l\u2019instauration de la r\u00e9v\u00e9lation (\u00ab\u00a0name and shame\u00a0\u00bb) des infractions fiscales les plus graves. Avec ce nouveau projet de loi, le [&hellip;]\" \/>\n<meta property=\"og:url\" content=\"https:\/\/www.gereso.com\/actualites\/2018\/04\/05\/lutte-contre-la-fraude-le-projet-de-loi\/\" \/>\n<meta property=\"og:site_name\" content=\"Le Blog GERESO\" \/>\n<meta property=\"article:published_time\" content=\"2018-04-05T18:55:08+00:00\" \/>\n<meta property=\"article:modified_time\" content=\"2018-04-05T18:56:32+00:00\" \/>\n<meta name=\"author\" content=\"Damien P\u00e9an\" \/>\n<meta name=\"twitter:card\" content=\"summary_large_image\" \/>\n<script type=\"application\/ld+json\" class=\"yoast-schema-graph\">{\"@context\":\"https:\/\/schema.org\",\"@graph\":[{\"@type\":\"WebPage\",\"@id\":\"https:\/\/www.gereso.com\/actualites\/2018\/04\/05\/lutte-contre-la-fraude-le-projet-de-loi\/\",\"url\":\"https:\/\/www.gereso.com\/actualites\/2018\/04\/05\/lutte-contre-la-fraude-le-projet-de-loi\/\",\"name\":\"Lutte contre la fraude : le projet de loi - Le Blog GERESO\",\"isPartOf\":{\"@id\":\"https:\/\/www.gereso.com\/actualites\/#website\"},\"datePublished\":\"2018-04-05T18:55:08+00:00\",\"dateModified\":\"2018-04-05T18:56:32+00:00\",\"author\":{\"@id\":\"https:\/\/www.gereso.com\/actualites\/#\/schema\/person\/c91814f92d627ed4715993fbbf7c7e8d\"},\"breadcrumb\":{\"@id\":\"https:\/\/www.gereso.com\/actualites\/2018\/04\/05\/lutte-contre-la-fraude-le-projet-de-loi\/#breadcrumb\"},\"inLanguage\":\"fr-FR\",\"potentialAction\":[{\"@type\":\"ReadAction\",\"target\":[\"https:\/\/www.gereso.com\/actualites\/2018\/04\/05\/lutte-contre-la-fraude-le-projet-de-loi\/\"]}]},{\"@type\":\"BreadcrumbList\",\"@id\":\"https:\/\/www.gereso.com\/actualites\/2018\/04\/05\/lutte-contre-la-fraude-le-projet-de-loi\/#breadcrumb\",\"itemListElement\":[{\"@type\":\"ListItem\",\"position\":1,\"name\":\"Home\",\"item\":\"https:\/\/www.gereso.com\/actualites\/\"},{\"@type\":\"ListItem\",\"position\":2,\"name\":\"Lutte contre la fraude : le projet de loi\"}]},{\"@type\":\"WebSite\",\"@id\":\"https:\/\/www.gereso.com\/actualites\/#website\",\"url\":\"https:\/\/www.gereso.com\/actualites\/\",\"name\":\"Le Blog GERESO\",\"description\":\"Toute l&#039;actu RH, Finance, Fonction Publique, Management...\",\"potentialAction\":[{\"@type\":\"SearchAction\",\"target\":{\"@type\":\"EntryPoint\",\"urlTemplate\":\"https:\/\/www.gereso.com\/actualites\/?s={search_term_string}\"},\"query-input\":{\"@type\":\"PropertyValueSpecification\",\"valueRequired\":true,\"valueName\":\"search_term_string\"}}],\"inLanguage\":\"fr-FR\"},{\"@type\":\"Person\",\"@id\":\"https:\/\/www.gereso.com\/actualites\/#\/schema\/person\/c91814f92d627ed4715993fbbf7c7e8d\",\"name\":\"Damien P\u00e9an\",\"image\":{\"@type\":\"ImageObject\",\"inLanguage\":\"fr-FR\",\"@id\":\"https:\/\/www.gereso.com\/actualites\/#\/schema\/person\/image\/\",\"url\":\"https:\/\/www.gereso.com\/actualites\/wp-content\/uploads\/2016\/03\/damien-pean.jpg\",\"contentUrl\":\"https:\/\/www.gereso.com\/actualites\/wp-content\/uploads\/2016\/03\/damien-pean.jpg\",\"caption\":\"Damien P\u00e9an\"},\"description\":\"Damien P\u00c9AN est titulaire du Dipl\u00f4me d'\u00e9tudes sup\u00e9rieures comptables et financi\u00e8res (DESCF). Il intervient depuis plusieurs ann\u00e9es aupr\u00e8s d'\u00e9tudiants en licence de comptabilit\u00e9 et de gestion, \u00e0 qui il enseigne le contr\u00f4le de gestion, la comptabilit\u00e9 approfondie, le management, la fiscalit\u00e9, le droit des soci\u00e9t\u00e9s et le droit du travail. Il intervient \u00e9galement en formation continue pour le compte de divers organismes de formation sur des th\u00e9matiques techniques en comptabilit\u00e9 et fiscalit\u00e9. Il forme aussi un public de non-initi\u00e9s aux fondamentaux de la finance.\",\"url\":\"https:\/\/www.gereso.com\/actualites\/author\/d-pean\/\"}]}<\/script>\n<!-- \/ Yoast SEO plugin. -->","yoast_head_json":{"title":"Lutte contre la fraude : le projet de loi - Le Blog GERESO","robots":{"index":"index","follow":"follow","max-snippet":"max-snippet:-1","max-image-preview":"max-image-preview:large","max-video-preview":"max-video-preview:-1"},"canonical":"https:\/\/www.gereso.com\/actualites\/2018\/04\/05\/lutte-contre-la-fraude-le-projet-de-loi\/","og_locale":"fr_FR","og_type":"article","og_title":"Lutte contre la fraude : le projet de loi - Le Blog GERESO","og_description":"Le ministre de l\u2019Action et des Comptes publics, G\u00e9rald Darmanin, a pr\u00e9sent\u00e9 la semaine derni\u00e8re en Conseil des ministres, un projet de loi relatif \u00e0 la lutte contre la fraude. La principale nouveaut\u00e9 r\u00e9side dans l\u2019instauration de la r\u00e9v\u00e9lation (\u00ab\u00a0name and shame\u00a0\u00bb) des infractions fiscales les plus graves. Avec ce nouveau projet de loi, le [&hellip;]","og_url":"https:\/\/www.gereso.com\/actualites\/2018\/04\/05\/lutte-contre-la-fraude-le-projet-de-loi\/","og_site_name":"Le Blog GERESO","article_published_time":"2018-04-05T18:55:08+00:00","article_modified_time":"2018-04-05T18:56:32+00:00","author":"Damien P\u00e9an","twitter_card":"summary_large_image","schema":{"@context":"https:\/\/schema.org","@graph":[{"@type":"WebPage","@id":"https:\/\/www.gereso.com\/actualites\/2018\/04\/05\/lutte-contre-la-fraude-le-projet-de-loi\/","url":"https:\/\/www.gereso.com\/actualites\/2018\/04\/05\/lutte-contre-la-fraude-le-projet-de-loi\/","name":"Lutte contre la fraude : le projet de loi - Le Blog GERESO","isPartOf":{"@id":"https:\/\/www.gereso.com\/actualites\/#website"},"datePublished":"2018-04-05T18:55:08+00:00","dateModified":"2018-04-05T18:56:32+00:00","author":{"@id":"https:\/\/www.gereso.com\/actualites\/#\/schema\/person\/c91814f92d627ed4715993fbbf7c7e8d"},"breadcrumb":{"@id":"https:\/\/www.gereso.com\/actualites\/2018\/04\/05\/lutte-contre-la-fraude-le-projet-de-loi\/#breadcrumb"},"inLanguage":"fr-FR","potentialAction":[{"@type":"ReadAction","target":["https:\/\/www.gereso.com\/actualites\/2018\/04\/05\/lutte-contre-la-fraude-le-projet-de-loi\/"]}]},{"@type":"BreadcrumbList","@id":"https:\/\/www.gereso.com\/actualites\/2018\/04\/05\/lutte-contre-la-fraude-le-projet-de-loi\/#breadcrumb","itemListElement":[{"@type":"ListItem","position":1,"name":"Home","item":"https:\/\/www.gereso.com\/actualites\/"},{"@type":"ListItem","position":2,"name":"Lutte contre la fraude : le projet de loi"}]},{"@type":"WebSite","@id":"https:\/\/www.gereso.com\/actualites\/#website","url":"https:\/\/www.gereso.com\/actualites\/","name":"Le Blog GERESO","description":"Toute l&#039;actu RH, Finance, Fonction Publique, Management...","potentialAction":[{"@type":"SearchAction","target":{"@type":"EntryPoint","urlTemplate":"https:\/\/www.gereso.com\/actualites\/?s={search_term_string}"},"query-input":{"@type":"PropertyValueSpecification","valueRequired":true,"valueName":"search_term_string"}}],"inLanguage":"fr-FR"},{"@type":"Person","@id":"https:\/\/www.gereso.com\/actualites\/#\/schema\/person\/c91814f92d627ed4715993fbbf7c7e8d","name":"Damien P\u00e9an","image":{"@type":"ImageObject","inLanguage":"fr-FR","@id":"https:\/\/www.gereso.com\/actualites\/#\/schema\/person\/image\/","url":"https:\/\/www.gereso.com\/actualites\/wp-content\/uploads\/2016\/03\/damien-pean.jpg","contentUrl":"https:\/\/www.gereso.com\/actualites\/wp-content\/uploads\/2016\/03\/damien-pean.jpg","caption":"Damien P\u00e9an"},"description":"Damien P\u00c9AN est titulaire du Dipl\u00f4me d'\u00e9tudes sup\u00e9rieures comptables et financi\u00e8res (DESCF). Il intervient depuis plusieurs ann\u00e9es aupr\u00e8s d'\u00e9tudiants en licence de comptabilit\u00e9 et de gestion, \u00e0 qui il enseigne le contr\u00f4le de gestion, la comptabilit\u00e9 approfondie, le management, la fiscalit\u00e9, le droit des soci\u00e9t\u00e9s et le droit du travail. Il intervient \u00e9galement en formation continue pour le compte de divers organismes de formation sur des th\u00e9matiques techniques en comptabilit\u00e9 et fiscalit\u00e9. Il forme aussi un public de non-initi\u00e9s aux fondamentaux de la finance.","url":"https:\/\/www.gereso.com\/actualites\/author\/d-pean\/"}]}},"_links":{"self":[{"href":"https:\/\/www.gereso.com\/actualites\/wp-json\/wp\/v2\/posts\/9112","targetHints":{"allow":["GET"]}}],"collection":[{"href":"https:\/\/www.gereso.com\/actualites\/wp-json\/wp\/v2\/posts"}],"about":[{"href":"https:\/\/www.gereso.com\/actualites\/wp-json\/wp\/v2\/types\/post"}],"author":[{"embeddable":true,"href":"https:\/\/www.gereso.com\/actualites\/wp-json\/wp\/v2\/users\/45"}],"replies":[{"embeddable":true,"href":"https:\/\/www.gereso.com\/actualites\/wp-json\/wp\/v2\/comments?post=9112"}],"version-history":[{"count":2,"href":"https:\/\/www.gereso.com\/actualites\/wp-json\/wp\/v2\/posts\/9112\/revisions"}],"predecessor-version":[{"id":9114,"href":"https:\/\/www.gereso.com\/actualites\/wp-json\/wp\/v2\/posts\/9112\/revisions\/9114"}],"wp:attachment":[{"href":"https:\/\/www.gereso.com\/actualites\/wp-json\/wp\/v2\/media?parent=9112"}],"wp:term":[{"taxonomy":"category","embeddable":true,"href":"https:\/\/www.gereso.com\/actualites\/wp-json\/wp\/v2\/categories?post=9112"},{"taxonomy":"post_tag","embeddable":true,"href":"https:\/\/www.gereso.com\/actualites\/wp-json\/wp\/v2\/tags?post=9112"}],"curies":[{"name":"wp","href":"https:\/\/api.w.org\/{rel}","templated":true}]}}