{"id":9118,"date":"2018-04-09T09:28:14","date_gmt":"2018-04-09T07:28:14","guid":{"rendered":"https:\/\/www.gereso.com\/actualites\/?p=9118"},"modified":"2018-04-09T09:28:14","modified_gmt":"2018-04-09T07:28:14","slug":"le-leadership-du-coeur-la-preface-de-stephane-roussel","status":"publish","type":"post","link":"https:\/\/www.gereso.com\/actualites\/2018\/04\/09\/le-leadership-du-coeur-la-preface-de-stephane-roussel\/","title":{"rendered":"\u00ab Le leadership du c\u0153ur \u00bb : la pr\u00e9face de St\u00e9phane Roussel"},"content":{"rendered":"<p>Les \u00e9crits sur le management et le leadership ne manquent pas, mais depuis quelques ann\u00e9es, nous avons l\u2019impression d\u2019avoir fait le tour, pourquoi ?<\/p>\n<p>D\u2019abord, parce qu\u2019ils se r\u00e9p\u00e8tent depuis au moins deux d\u00e9cennies et ensuite parce qu\u2019en parall\u00e8le le monde a \u00e9t\u00e9 boulevers\u00e9 par <strong>l\u2019explosion du \u00ab digital \u00bb<\/strong> dans la vie personnelle et professionnelle.<\/p>\n<p>Il s\u2019est ensuivi des <strong>changements radicaux anticip\u00e9s ou subis<\/strong> dans les entreprises en termes <strong>d\u2019organisation, d\u2019utilisation de l\u2019espace et du temps<\/strong> et donc logiquement de <strong>management.<\/strong><\/p>\n<p><strong>Agilit\u00e9, authenticit\u00e9, \u00e9motion, remise en cause,<\/strong> ont remplac\u00e9 l\u2019orgueil, l\u2019obstination et la toute-puissance.<\/p>\n<p><strong>Agilit\u00e9,<\/strong> car l\u2019acc\u00e9l\u00e9ration de la transformation digitale dans la vie personnelle et professionnelle est telle qu\u2019il est impossible de se cramponner \u00e0 des principes totalement d\u00e9pass\u00e9s. Ceci pour le meilleur, concernant les modes de management : il n\u2019y a plus de place pour un management tout-puissant, directif, rationnel \u00e0 outrance, tout simplement parce qu\u2019il prend sa source dans l\u2019id\u00e9e de <strong>v\u00e9rit\u00e9 absolue et p\u00e9renne <\/strong>et ne r\u00e9siste pas \u00e0 notre \u00e9poque de changement de r\u00e8gles du jeu permanent.<\/p>\n<p>Place donc au <strong>management agile<\/strong>, \u00e0 l\u2019\u00e9coute de son environnement, \u00e0 commencer par ses collaborateurs !<\/p>\n<p><strong>Authenticit\u00e9,<\/strong> vertu r\u00e9habilit\u00e9e par bonheur. L\u2019authenticit\u00e9, il y a peu, \u00e9tait en milieu professionnel, plut\u00f4t \u00e0 bannir, et pouvait \u00eatre une entrave au management par le process roi. L\u2019ob\u00e9issance au process ne suffisant plus, place au naturel, \u00e0 l\u2019authenticit\u00e9 qui f\u00e9d\u00e8re, qui pardonne les d\u00e9fauts individuels au profit de l\u2019excellence collective.<\/p>\n<p><strong>\u00c9motion,<\/strong> en continuit\u00e9 logique de l\u2019authenticit\u00e9. Faire parler l\u2019\u00e9motion pour acc\u00e9l\u00e9rer le changement, pour cr\u00e9er\u2026<\/p>\n<p>Samy Kallel et Olivier Masselot nous accompagnent sur ce chemin, en \u00e9claireurs <strong>avec leurs quatre accords des nouveaux leaders,<\/strong> les leaders de c\u0153ur, leaders lucides, strat\u00e8ges en m\u00eame temps dans le pr\u00e9sent, acteurs impliqu\u00e9s et \u00e0 l\u2019\u00e9coute, cr\u00e9ateurs de confiance.<\/p>\n<p style=\"text-align: right;\"><strong>St\u00e9phane Roussel<\/strong><\/p>\n","protected":false},"excerpt":{"rendered":"<p>Les \u00e9crits sur le management et le leadership ne manquent pas, mais depuis quelques ann\u00e9es, nous avons l\u2019impression d\u2019avoir fait le tour, pourquoi ? D\u2019abord, parce qu\u2019ils se r\u00e9p\u00e8tent depuis au moins deux d\u00e9cennies et ensuite parce qu\u2019en parall\u00e8le le monde a \u00e9t\u00e9 boulevers\u00e9 par l\u2019explosion du \u00ab digital \u00bb dans la vie personnelle et [&hellip;]<\/p>\n","protected":false},"author":1,"featured_media":9120,"comment_status":"open","ping_status":"open","sticky":false,"template":"","format":"standard","meta":{"_acf_changed":false,"_mi_skip_tracking":false,"footnotes":""},"categories":[10],"tags":[955,1418,284,1419,1417],"class_list":["post-9118","post","type-post","status-publish","format-standard","has-post-thumbnail","hentry","category-management-et-leadership","tag-leadership","tag-leadership-du-coeur","tag-management","tag-management-agile","tag-stephane-roussel"],"acf":[],"yoast_head":"<!-- This site is optimized with the Yoast SEO plugin v23.4 - https:\/\/yoast.com\/wordpress\/plugins\/seo\/ -->\n<title>\u00ab Le leadership du c\u0153ur \u00bb : la pr\u00e9face de St\u00e9phane Roussel - Le Blog GERESO<\/title>\n<meta name=\"robots\" content=\"index, follow, max-snippet:-1, max-image-preview:large, max-video-preview:-1\" \/>\n<link rel=\"canonical\" href=\"https:\/\/www.gereso.com\/actualites\/2018\/04\/09\/le-leadership-du-coeur-la-preface-de-stephane-roussel\/\" \/>\n<meta property=\"og:locale\" content=\"fr_FR\" \/>\n<meta property=\"og:type\" content=\"article\" \/>\n<meta property=\"og:title\" content=\"\u00ab Le leadership du c\u0153ur \u00bb : la pr\u00e9face de St\u00e9phane Roussel - Le Blog GERESO\" \/>\n<meta property=\"og:description\" content=\"Les \u00e9crits sur le management et le leadership ne manquent pas, mais depuis quelques ann\u00e9es, nous avons l\u2019impression d\u2019avoir fait le tour, pourquoi ? D\u2019abord, parce qu\u2019ils se r\u00e9p\u00e8tent depuis au moins deux d\u00e9cennies et ensuite parce qu\u2019en parall\u00e8le le monde a \u00e9t\u00e9 boulevers\u00e9 par l\u2019explosion du \u00ab digital \u00bb dans la vie personnelle et [&hellip;]\" \/>\n<meta property=\"og:url\" content=\"https:\/\/www.gereso.com\/actualites\/2018\/04\/09\/le-leadership-du-coeur-la-preface-de-stephane-roussel\/\" \/>\n<meta property=\"og:site_name\" content=\"Le Blog GERESO\" \/>\n<meta property=\"article:published_time\" content=\"2018-04-09T07:28:14+00:00\" \/>\n<meta property=\"og:image\" content=\"https:\/\/www.gereso.com\/actualites\/wp-content\/uploads\/2018\/04\/le-leader-ship-du-coeur-stephane-roussel.jpg\" \/>\n\t<meta property=\"og:image:width\" content=\"600\" \/>\n\t<meta property=\"og:image:height\" content=\"400\" \/>\n\t<meta property=\"og:image:type\" content=\"image\/jpeg\" \/>\n<meta name=\"author\" content=\"GERESO\" \/>\n<meta name=\"twitter:card\" content=\"summary_large_image\" \/>\n<script type=\"application\/ld+json\" class=\"yoast-schema-graph\">{\"@context\":\"https:\/\/schema.org\",\"@graph\":[{\"@type\":\"WebPage\",\"@id\":\"https:\/\/www.gereso.com\/actualites\/2018\/04\/09\/le-leadership-du-coeur-la-preface-de-stephane-roussel\/\",\"url\":\"https:\/\/www.gereso.com\/actualites\/2018\/04\/09\/le-leadership-du-coeur-la-preface-de-stephane-roussel\/\",\"name\":\"\u00ab Le leadership du c\u0153ur \u00bb : la pr\u00e9face de St\u00e9phane Roussel - Le Blog GERESO\",\"isPartOf\":{\"@id\":\"https:\/\/www.gereso.com\/actualites\/#website\"},\"primaryImageOfPage\":{\"@id\":\"https:\/\/www.gereso.com\/actualites\/2018\/04\/09\/le-leadership-du-coeur-la-preface-de-stephane-roussel\/#primaryimage\"},\"image\":{\"@id\":\"https:\/\/www.gereso.com\/actualites\/2018\/04\/09\/le-leadership-du-coeur-la-preface-de-stephane-roussel\/#primaryimage\"},\"thumbnailUrl\":\"https:\/\/www.gereso.com\/actualites\/wp-content\/uploads\/2018\/04\/le-leader-ship-du-coeur-stephane-roussel.jpg\",\"datePublished\":\"2018-04-09T07:28:14+00:00\",\"dateModified\":\"2018-04-09T07:28:14+00:00\",\"author\":{\"@id\":\"https:\/\/www.gereso.com\/actualites\/#\/schema\/person\/d9b0bc27f2e9ae74ff7505881ce5306e\"},\"breadcrumb\":{\"@id\":\"https:\/\/www.gereso.com\/actualites\/2018\/04\/09\/le-leadership-du-coeur-la-preface-de-stephane-roussel\/#breadcrumb\"},\"inLanguage\":\"fr-FR\",\"potentialAction\":[{\"@type\":\"ReadAction\",\"target\":[\"https:\/\/www.gereso.com\/actualites\/2018\/04\/09\/le-leadership-du-coeur-la-preface-de-stephane-roussel\/\"]}]},{\"@type\":\"ImageObject\",\"inLanguage\":\"fr-FR\",\"@id\":\"https:\/\/www.gereso.com\/actualites\/2018\/04\/09\/le-leadership-du-coeur-la-preface-de-stephane-roussel\/#primaryimage\",\"url\":\"https:\/\/www.gereso.com\/actualites\/wp-content\/uploads\/2018\/04\/le-leader-ship-du-coeur-stephane-roussel.jpg\",\"contentUrl\":\"https:\/\/www.gereso.com\/actualites\/wp-content\/uploads\/2018\/04\/le-leader-ship-du-coeur-stephane-roussel.jpg\",\"width\":600,\"height\":400,\"caption\":\"le-leader-ship-du-coeur pr\u00e9face de St\u00e9phane Roussel\"},{\"@type\":\"BreadcrumbList\",\"@id\":\"https:\/\/www.gereso.com\/actualites\/2018\/04\/09\/le-leadership-du-coeur-la-preface-de-stephane-roussel\/#breadcrumb\",\"itemListElement\":[{\"@type\":\"ListItem\",\"position\":1,\"name\":\"Home\",\"item\":\"https:\/\/www.gereso.com\/actualites\/\"},{\"@type\":\"ListItem\",\"position\":2,\"name\":\"\u00ab Le leadership du c\u0153ur \u00bb : la pr\u00e9face de St\u00e9phane Roussel\"}]},{\"@type\":\"WebSite\",\"@id\":\"https:\/\/www.gereso.com\/actualites\/#website\",\"url\":\"https:\/\/www.gereso.com\/actualites\/\",\"name\":\"Le Blog GERESO\",\"description\":\"Toute l&#039;actu RH, Finance, Fonction Publique, Management...\",\"potentialAction\":[{\"@type\":\"SearchAction\",\"target\":{\"@type\":\"EntryPoint\",\"urlTemplate\":\"https:\/\/www.gereso.com\/actualites\/?s={search_term_string}\"},\"query-input\":{\"@type\":\"PropertyValueSpecification\",\"valueRequired\":true,\"valueName\":\"search_term_string\"}}],\"inLanguage\":\"fr-FR\"},{\"@type\":\"Person\",\"@id\":\"https:\/\/www.gereso.com\/actualites\/#\/schema\/person\/d9b0bc27f2e9ae74ff7505881ce5306e\",\"name\":\"GERESO\",\"image\":{\"@type\":\"ImageObject\",\"inLanguage\":\"fr-FR\",\"@id\":\"https:\/\/www.gereso.com\/actualites\/#\/schema\/person\/image\/\",\"url\":\"https:\/\/www.gereso.com\/actualites\/wp-content\/uploads\/2013\/12\/avatar-gereso-1.png\",\"contentUrl\":\"https:\/\/www.gereso.com\/actualites\/wp-content\/uploads\/2013\/12\/avatar-gereso-1.png\",\"caption\":\"GERESO\"},\"url\":\"https:\/\/www.gereso.com\/actualites\/author\/wpadm_16root\/\"}]}<\/script>\n<!-- \/ Yoast SEO plugin. -->","yoast_head_json":{"title":"\u00ab Le leadership du c\u0153ur \u00bb : la pr\u00e9face de St\u00e9phane Roussel - Le Blog GERESO","robots":{"index":"index","follow":"follow","max-snippet":"max-snippet:-1","max-image-preview":"max-image-preview:large","max-video-preview":"max-video-preview:-1"},"canonical":"https:\/\/www.gereso.com\/actualites\/2018\/04\/09\/le-leadership-du-coeur-la-preface-de-stephane-roussel\/","og_locale":"fr_FR","og_type":"article","og_title":"\u00ab Le leadership du c\u0153ur \u00bb : la pr\u00e9face de St\u00e9phane Roussel - Le Blog GERESO","og_description":"Les \u00e9crits sur le management et le leadership ne manquent pas, mais depuis quelques ann\u00e9es, nous avons l\u2019impression d\u2019avoir fait le tour, pourquoi ? D\u2019abord, parce qu\u2019ils se r\u00e9p\u00e8tent depuis au moins deux d\u00e9cennies et ensuite parce qu\u2019en parall\u00e8le le monde a \u00e9t\u00e9 boulevers\u00e9 par l\u2019explosion du \u00ab digital \u00bb dans la vie personnelle et [&hellip;]","og_url":"https:\/\/www.gereso.com\/actualites\/2018\/04\/09\/le-leadership-du-coeur-la-preface-de-stephane-roussel\/","og_site_name":"Le Blog GERESO","article_published_time":"2018-04-09T07:28:14+00:00","og_image":[{"width":600,"height":400,"url":"https:\/\/www.gereso.com\/actualites\/wp-content\/uploads\/2018\/04\/le-leader-ship-du-coeur-stephane-roussel.jpg","type":"image\/jpeg"}],"author":"GERESO","twitter_card":"summary_large_image","schema":{"@context":"https:\/\/schema.org","@graph":[{"@type":"WebPage","@id":"https:\/\/www.gereso.com\/actualites\/2018\/04\/09\/le-leadership-du-coeur-la-preface-de-stephane-roussel\/","url":"https:\/\/www.gereso.com\/actualites\/2018\/04\/09\/le-leadership-du-coeur-la-preface-de-stephane-roussel\/","name":"\u00ab Le leadership du c\u0153ur \u00bb : la pr\u00e9face de St\u00e9phane Roussel - Le Blog GERESO","isPartOf":{"@id":"https:\/\/www.gereso.com\/actualites\/#website"},"primaryImageOfPage":{"@id":"https:\/\/www.gereso.com\/actualites\/2018\/04\/09\/le-leadership-du-coeur-la-preface-de-stephane-roussel\/#primaryimage"},"image":{"@id":"https:\/\/www.gereso.com\/actualites\/2018\/04\/09\/le-leadership-du-coeur-la-preface-de-stephane-roussel\/#primaryimage"},"thumbnailUrl":"https:\/\/www.gereso.com\/actualites\/wp-content\/uploads\/2018\/04\/le-leader-ship-du-coeur-stephane-roussel.jpg","datePublished":"2018-04-09T07:28:14+00:00","dateModified":"2018-04-09T07:28:14+00:00","author":{"@id":"https:\/\/www.gereso.com\/actualites\/#\/schema\/person\/d9b0bc27f2e9ae74ff7505881ce5306e"},"breadcrumb":{"@id":"https:\/\/www.gereso.com\/actualites\/2018\/04\/09\/le-leadership-du-coeur-la-preface-de-stephane-roussel\/#breadcrumb"},"inLanguage":"fr-FR","potentialAction":[{"@type":"ReadAction","target":["https:\/\/www.gereso.com\/actualites\/2018\/04\/09\/le-leadership-du-coeur-la-preface-de-stephane-roussel\/"]}]},{"@type":"ImageObject","inLanguage":"fr-FR","@id":"https:\/\/www.gereso.com\/actualites\/2018\/04\/09\/le-leadership-du-coeur-la-preface-de-stephane-roussel\/#primaryimage","url":"https:\/\/www.gereso.com\/actualites\/wp-content\/uploads\/2018\/04\/le-leader-ship-du-coeur-stephane-roussel.jpg","contentUrl":"https:\/\/www.gereso.com\/actualites\/wp-content\/uploads\/2018\/04\/le-leader-ship-du-coeur-stephane-roussel.jpg","width":600,"height":400,"caption":"le-leader-ship-du-coeur pr\u00e9face de St\u00e9phane Roussel"},{"@type":"BreadcrumbList","@id":"https:\/\/www.gereso.com\/actualites\/2018\/04\/09\/le-leadership-du-coeur-la-preface-de-stephane-roussel\/#breadcrumb","itemListElement":[{"@type":"ListItem","position":1,"name":"Home","item":"https:\/\/www.gereso.com\/actualites\/"},{"@type":"ListItem","position":2,"name":"\u00ab Le leadership du c\u0153ur \u00bb : la pr\u00e9face de St\u00e9phane Roussel"}]},{"@type":"WebSite","@id":"https:\/\/www.gereso.com\/actualites\/#website","url":"https:\/\/www.gereso.com\/actualites\/","name":"Le Blog GERESO","description":"Toute l&#039;actu RH, Finance, Fonction Publique, Management...","potentialAction":[{"@type":"SearchAction","target":{"@type":"EntryPoint","urlTemplate":"https:\/\/www.gereso.com\/actualites\/?s={search_term_string}"},"query-input":{"@type":"PropertyValueSpecification","valueRequired":true,"valueName":"search_term_string"}}],"inLanguage":"fr-FR"},{"@type":"Person","@id":"https:\/\/www.gereso.com\/actualites\/#\/schema\/person\/d9b0bc27f2e9ae74ff7505881ce5306e","name":"GERESO","image":{"@type":"ImageObject","inLanguage":"fr-FR","@id":"https:\/\/www.gereso.com\/actualites\/#\/schema\/person\/image\/","url":"https:\/\/www.gereso.com\/actualites\/wp-content\/uploads\/2013\/12\/avatar-gereso-1.png","contentUrl":"https:\/\/www.gereso.com\/actualites\/wp-content\/uploads\/2013\/12\/avatar-gereso-1.png","caption":"GERESO"},"url":"https:\/\/www.gereso.com\/actualites\/author\/wpadm_16root\/"}]}},"_links":{"self":[{"href":"https:\/\/www.gereso.com\/actualites\/wp-json\/wp\/v2\/posts\/9118","targetHints":{"allow":["GET"]}}],"collection":[{"href":"https:\/\/www.gereso.com\/actualites\/wp-json\/wp\/v2\/posts"}],"about":[{"href":"https:\/\/www.gereso.com\/actualites\/wp-json\/wp\/v2\/types\/post"}],"author":[{"embeddable":true,"href":"https:\/\/www.gereso.com\/actualites\/wp-json\/wp\/v2\/users\/1"}],"replies":[{"embeddable":true,"href":"https:\/\/www.gereso.com\/actualites\/wp-json\/wp\/v2\/comments?post=9118"}],"version-history":[{"count":1,"href":"https:\/\/www.gereso.com\/actualites\/wp-json\/wp\/v2\/posts\/9118\/revisions"}],"predecessor-version":[{"id":9119,"href":"https:\/\/www.gereso.com\/actualites\/wp-json\/wp\/v2\/posts\/9118\/revisions\/9119"}],"wp:featuredmedia":[{"embeddable":true,"href":"https:\/\/www.gereso.com\/actualites\/wp-json\/wp\/v2\/media\/9120"}],"wp:attachment":[{"href":"https:\/\/www.gereso.com\/actualites\/wp-json\/wp\/v2\/media?parent=9118"}],"wp:term":[{"taxonomy":"category","embeddable":true,"href":"https:\/\/www.gereso.com\/actualites\/wp-json\/wp\/v2\/categories?post=9118"},{"taxonomy":"post_tag","embeddable":true,"href":"https:\/\/www.gereso.com\/actualites\/wp-json\/wp\/v2\/tags?post=9118"}],"curies":[{"name":"wp","href":"https:\/\/api.w.org\/{rel}","templated":true}]}}