{"id":9127,"date":"2018-04-13T09:10:26","date_gmt":"2018-04-13T07:10:26","guid":{"rendered":"https:\/\/www.gereso.com\/actualites\/?p=9127"},"modified":"2020-12-22T09:41:36","modified_gmt":"2020-12-22T07:41:36","slug":"tout-savoir-sur-le-conge-de-mobilite","status":"publish","type":"post","link":"https:\/\/www.gereso.com\/actualites\/2018\/04\/13\/tout-savoir-sur-le-conge-de-mobilite\/","title":{"rendered":"Tout savoir sur le cong\u00e9 de mobilit\u00e9"},"content":{"rendered":"<p>Attention, ce cong\u00e9 de mobilit\u00e9 ne doit pas \u00eatre confondu avec la <strong>mobilit\u00e9 volontaire s\u00e9curis\u00e9e.<\/strong> En effet, le dispositif de mobilit\u00e9 volontaire, applicable en dehors de toute proc\u00e9dure de licenciement \u00e9conomique, permet \u00e0 un salari\u00e9 d\u2019exercer une activit\u00e9 dans une autre entreprise tout en conservant la possibilit\u00e9 de revenir dans son entreprise d\u2019origine pendant un certain temps.<\/p>\n<p>M\u00eame si le cong\u00e9 de mobilit\u00e9 est mentionn\u00e9 depuis longtemps dans le Code du travail, l\u2019ordonnance n\u00b0 2017-1387 du 22 septembre 2017 relative \u00e0 la pr\u00e9visibilit\u00e9 et s\u00e9curisation des relations de travail et la <a href=\"https:\/\/www.legifrance.gouv.fr\/eli\/loi\/2018\/3\/29\/MTRT1726748L\/jo\/texte\" target=\"_blank\" rel=\"noopener noreferrer\">loi n\u00b02018-217 du 29 mars 2018<\/a> ont r\u00e9\u00e9crit certaines dispositions de ce\u00a0dispositif. Ces nouvelles dispositions se retrouvent aux articles <a href=\"https:\/\/www.legifrance.gouv.fr\/affichCodeArticle.do?cidTexte=LEGITEXT000006072050&amp;idArticle=LEGIARTI000035623940&amp;dateTexte=&amp;categorieLien=id\" target=\"_blank\" rel=\"noopener noreferrer\">L1237-18<\/a> \u00e0 <a href=\"https:\/\/www.legifrance.gouv.fr\/affichCodeArticle.do?cidTexte=LEGITEXT000006072050&amp;idArticle=LEGIARTI000035623965&amp;dateTexte=&amp;categorieLien=id\" target=\"_blank\" rel=\"noopener noreferrer\">L1237-18-5<\/a> du Code du travail.<\/p>\n<p>Ainsi, nous \u00e9tudierons ci-dessous le cong\u00e9 de mobilit\u00e9 applicable pour tout licenciement dont la notification est intervenue <strong>apr\u00e8s le 24 septembre 2017<\/strong>. Nous r\u00e9pondrons notamment aux questions suivantes\u00a0: Dans quelle entreprise le cong\u00e9 de mobilit\u00e9 peut-il \u00eatre utilis\u00e9\u00a0? Quelles sont les d\u00e9marches \u00e0 effectuer pour mettre en place ce cong\u00e9 de mobilit\u00e9\u00a0? Quelles sont les cons\u00e9quences en cas d\u2019acceptation du salari\u00e9\u00a0? etc.<\/p>\n<h2><span style=\"color: #d10016;\"><strong>Cong\u00e9 de mobilit\u00e9\u00a0: dans quelle entreprise peut-il \u00eatre utilis\u00e9\u00a0?<\/strong><\/span><\/h2>\n<p>Auparavant, le cong\u00e9 de mobilit\u00e9 \u00e9tait r\u00e9serv\u00e9 aux <strong>entreprises de\u00a01000 salari\u00e9s et plus.<\/strong><\/p>\n<p>D\u00e9sormais, le dispositif\u00a0peut \u00eatre propos\u00e9 par <strong>toute entreprise, quelle que soit sa taille,<\/strong> ayant conclu\u00a0:<\/p>\n<ul>\n<li>soit un accord collectif relatif \u00e0 la gestion pr\u00e9visionnelle des emplois et des comp\u00e9tences (GPEC)\u00a0;<\/li>\n<li>soit un accord portant sur la rupture conventionnelle collective (RCC).<\/li>\n<\/ul>\n<p>En effet, la <strong>loi du 29 mars 2018<\/strong>, applicable depuis le 1<sup>er<\/sup> avril 2018, a <strong>supprim\u00e9 toute r\u00e9f\u00e9rence \u00e0 une condition d\u2019effectif<\/strong> de l\u2019entreprise pour avoir la possibilit\u00e9 de mettre en place un dispositif de cong\u00e9 de mobilit\u00e9.<\/p>\n<h2><span style=\"color: #d10016;\"><strong>Quelles sont les d\u00e9marches\u00a0\u00e0 effectuer pour mettre en place le cong\u00e9 de mobilit\u00e9\u00a0?<\/strong><\/span><\/h2>\n<p>La mise en \u0153uvre du dispositif peut s\u2019effectuer <strong>avant <\/strong>le d\u00e9but de la proc\u00e9dure de licenciement, <strong>pendant <\/strong>ou encore<strong>, apr\u00e8s<\/strong> l\u2019ouverture de cette proc\u00e9dure.<\/p>\n<p>L\u2019employeur n\u2019a jamais l\u2019obligation de proposer au salari\u00e9 la mise en place d\u2019un cong\u00e9 de mobilit\u00e9. Toutefois, si l\u2019employeur d\u00e9cide de lui proposer ce cong\u00e9, les <strong>d\u00e9marches \u00e0 respecter<\/strong> concernant son adh\u00e9sion doivent \u00eatre <strong>pr\u00e9cis\u00e9es dans l&rsquo;accord<\/strong> (GPEC ou RCC).<\/p>\n<p>Si le salari\u00e9 accepte la proposition de l\u2019employeur, cela entra\u00eene la <strong>rupture de son contrat de travail<\/strong> d\u2019un commun accord des parties. Cette rupture de contrat prend effet d\u00e8s la fin du cong\u00e9 de mobilit\u00e9. Dans ce cas, l\u2019employeur n\u2019a plus aucune obligation de proposer au salari\u00e9 un <strong>cong\u00e9 de reclassement.<\/strong><\/p>\n<p>Attention. Il est n\u00e9cessaire d\u2019obtenir une <strong>autorisation de l&rsquo;inspection du travail<\/strong> pour rompre le contrat de travail quand le cong\u00e9 de mobilit\u00e9 concerne un salari\u00e9 prot\u00e9g\u00e9.<\/p>\n<p>Au contraire, si le salari\u00e9 <strong>refuse la proposition de cong\u00e9 de mobilit\u00e9<\/strong> de l\u2019employeur, il peut alors pr\u00e9tendre au <strong>b\u00e9n\u00e9ficie d\u2019un cong\u00e9 de reclassement<\/strong>. Pr\u00e9cisons qu\u2019en aucun cas le refus du salari\u00e9 ne peut faire l\u2019objet d\u2019une sanction disciplinaire.<\/p>\n<h2><span style=\"color: #d10016;\"><strong>Cong\u00e9 de mobilit\u00e9\u00a0: quelles dispositions\u00a0?<\/strong><\/span><\/h2>\n<p>Le cong\u00e9 de mobilit\u00e9\u00a0est obligatoirement encadr\u00e9 par un accord collectif (accord GPEC ou RCC).<\/p>\n<p>L\u2019accord doit ainsi comporter\u00a0les mentions suivantes\u00a0:<\/p>\n<ul>\n<li><strong>la dur\u00e9e<\/strong> du cong\u00e9 de mobilit\u00e9 (il n\u2019existe aucune dur\u00e9e l\u00e9gale minimale ou maximale) ;<\/li>\n<li><strong>les conditions \u00e0 remplir<\/strong> par le salari\u00e9 pour en b\u00e9n\u00e9ficier (par exemple, la cat\u00e9gorie professionnelle, le poste, etc.) ;<\/li>\n<li><strong>les modalit\u00e9s d&rsquo;adh\u00e9sion<\/strong> du salari\u00e9 \u00e0 la proposition de l&#8217;employeur, les conditions d&rsquo;expression de son consentement \u00e9crit et les engagements des parties ;<\/li>\n<li><strong>l&rsquo;organisation des p\u00e9riodes de travail,<\/strong> les conditions pour mettre fin au cong\u00e9 et les modalit\u00e9s d&rsquo;accompagnement des actions de formation envisag\u00e9es ;<\/li>\n<li><strong>le montant de la r\u00e9mun\u00e9ration vers\u00e9e<\/strong> durant la p\u00e9riode du cong\u00e9 de mobilit\u00e9 ;<\/li>\n<li><strong>les conditions d&rsquo;information<\/strong> des institutions repr\u00e9sentatives du personnel (et par la suite du comit\u00e9 social et \u00e9conomique) ;<\/li>\n<li><strong>les indemnit\u00e9s de rupture<\/strong> garanties au salari\u00e9, celles-ci ne pouvant \u00eatre inf\u00e9rieures aux indemnit\u00e9s l\u00e9gales vers\u00e9es en cas de licenciement pour motif \u00e9conomique.<\/li>\n<\/ul>\n<h2><span style=\"color: #d10016;\"><strong>Quelles sont les cons\u00e9quences en cas d\u2019acceptation du salari\u00e9\u00a0?<\/strong><\/span><\/h2>\n<p>Le cong\u00e9 de mobilit\u00e9 d\u00e9bute <strong>pendant la p\u00e9riode de pr\u00e9avis.<\/strong> D\u00e8s lors, le salari\u00e9 est dispens\u00e9 de l&rsquo;ex\u00e9cuter.<\/p>\n<p>Les <strong>p\u00e9riodes de travail et les actions de formation<\/strong> sont organis\u00e9es par l&rsquo;accord collectif (GPEC ou RCC). Notons que les p\u00e9riodes de travail peuvent \u00eatre accomplies au sein ou en dehors de l&rsquo;entreprise dans le cadre\u00a0:<\/p>\n<ul>\n<li>soit d&rsquo;un nouveau contrat \u00e0 dur\u00e9e ind\u00e9termin\u00e9e (CDI)\u00a0;<\/li>\n<li>soit d&rsquo;un contrat \u00e0 dur\u00e9e d\u00e9termin\u00e9e (CDD pour favoriser le recrutement de certaines cat\u00e9gories de personnes sans emploi). Dans ce dernier cas, le cong\u00e9 de mobilit\u00e9 est suspendu et reprend \u00e0 la fin du contrat pour la dur\u00e9e du cong\u00e9 restant \u00e0 courir.<\/li>\n<\/ul>\n<p>Pendant la dur\u00e9e du cong\u00e9 mobilit\u00e9, <strong>le contrat de travail du salari\u00e9 est suspendu<\/strong>. D\u00e8s lors que le cong\u00e9 prend fin, le contrat de travail est rompu en raison de l&rsquo;acceptation initiale du salari\u00e9. Cette rupture du contrat de travail d\u2019un commun accord entre les parties doit \u00eatre formalis\u00e9e par \u00e9crit.<\/p>\n<p>La rupture du contrat donne lieu <strong>au versement d&rsquo;indemnit\u00e9s<\/strong> pour le salari\u00e9. Le montant de ces indemnit\u00e9s est d\u00e9termin\u00e9 par l&rsquo;accord collectif. Toutefois, ce montant ne peut pas \u00eatre inf\u00e9rieur aux indemnit\u00e9s l\u00e9gales et conventionnelles normalement vers\u00e9es lors d\u2019un licenciement \u00e9conomique.<\/p>\n<h2><span style=\"color: #d10016;\"><strong>Quelle est la r\u00e9mun\u00e9ration\u00a0du salari\u00e9 pendant le cong\u00e9 de mobilit\u00e9 ?<\/strong><\/span><\/h2>\n<p>Pendant la dur\u00e9e du cong\u00e9 de mobilit\u00e9, <strong>le salari\u00e9 continue \u00e0 percevoir sa r\u00e9mun\u00e9ration.<\/strong><\/p>\n<p>C\u2019est l\u2019accord qui d\u00e9finit la r\u00e9mun\u00e9ration d\u00e8s la rupture du contrat et ce, pendant toute la dur\u00e9e du cong\u00e9 de mobilit\u00e9. Toutefois, certaines r\u00e8gles doivent n\u00e9cessairement \u00eatre respect\u00e9es.<\/p>\n<p>Deux p\u00e9riodes peuvent se distinguer\u00a0:<\/p>\n<ul>\n<li><strong>La p\u00e9riode du cong\u00e9 correspondant \u00e0 la dur\u00e9e du pr\u00e9avis<\/strong>: la r\u00e9mun\u00e9ration doit \u00eatre \u00e9quivalente au salaire per\u00e7u avant la rupture du contrat\u00a0;<\/li>\n<li><strong>La p\u00e9riode du cong\u00e9 d\u00e9passant le pr\u00e9avis<\/strong>: la r\u00e9mun\u00e9ration doit \u00eatre au minimum \u00e9gale \u00e0 celle des salari\u00e9s en cong\u00e9 de conversion soit 65% du salaire brut moyen des 12 derniers mois pr\u00e9c\u00e9dant la date du d\u00e9but du cong\u00e9 ou 85% du montant du Smic (soit 8,40 euros\/heure depuis le 1<sup>er<\/sup> janvier 2018).<\/li>\n<\/ul>\n<p>Notons que cette r\u00e9mun\u00e9ration est exon\u00e9r\u00e9e de cotisations et contributions sociales dans la limite des 12 premiers mois.<\/p>\n<h2><span style=\"color: #d10016;\"><strong>L\u2019Administration doit-elle valid\u00e9e les cong\u00e9s de mobilit\u00e9\u00a0?<\/strong><\/span><\/h2>\n<p>A l\u2019inverse des ruptures conventionnelles collectives, <strong>les cong\u00e9s de mobilit\u00e9 ne doivent pas \u00eatre valid\u00e9s par l&rsquo;administration.<\/strong> Toutefois, l&#8217;employeur doit transmettre au Direccte (directeur r\u00e9gional des entreprises, de la concurrence, de la consommation, du travail et de l&#8217;emploi) un document d&rsquo;information sur les ruptures prononc\u00e9es dans le cadre du cong\u00e9 de mobilit\u00e9 tous les 6 mois \u00e0 compter du d\u00e9p\u00f4t de l&rsquo;accord (GPEC ou RCC) encadrant le cong\u00e9.<\/p>\n<p>Ce document doit notamment pr\u00e9ciser\u00a0:<\/p>\n<ul>\n<li><strong>le nombre de ruptures de contrat de travail<\/strong> intervenues \u00e0 la suite d&rsquo;un cong\u00e9 de mobilit\u00e9 ;<\/li>\n<li><strong>les mesures de reclassement<\/strong> mises en place dans le cadre de ce cong\u00e9 comme les actions de formation, les p\u00e9riodes de travail en entreprise et les mesures d&rsquo;accompagnement ;<\/li>\n<li><strong>la situation des salari\u00e9s<\/strong> au regard de l&#8217;emploi \u00e0 la fin du cong\u00e9 de mobilit\u00e9.<\/li>\n<\/ul>\n","protected":false},"excerpt":{"rendered":"<p>Attention, ce cong\u00e9 de mobilit\u00e9 ne doit pas \u00eatre confondu avec la mobilit\u00e9 volontaire s\u00e9curis\u00e9e. En effet, le dispositif de mobilit\u00e9 volontaire, applicable en dehors de toute proc\u00e9dure de licenciement \u00e9conomique, permet \u00e0 un salari\u00e9 d\u2019exercer une activit\u00e9 dans une autre entreprise tout en conservant la possibilit\u00e9 de revenir dans son entreprise d\u2019origine pendant un [&hellip;]<\/p>\n","protected":false},"author":1,"featured_media":9128,"comment_status":"open","ping_status":"open","sticky":false,"template":"","format":"standard","meta":{"_acf_changed":false,"_mi_skip_tracking":false,"footnotes":""},"categories":[2],"tags":[1422,1425,553,28,56,1424],"class_list":["post-9127","post","type-post","status-publish","format-standard","has-post-thumbnail","hentry","category-ressources-humaines","tag-accompagnement","tag-conge-de-mobilite","tag-emploi","tag-licenciement","tag-mobilite","tag-retour-a-lemploi"],"acf":[],"yoast_head":"<!-- This site is optimized with the Yoast SEO plugin v23.4 - https:\/\/yoast.com\/wordpress\/plugins\/seo\/ -->\n<title>Tout savoir sur le cong\u00e9 de mobilit\u00e9 - Le Blog GERESO<\/title>\n<meta name=\"robots\" content=\"index, follow, max-snippet:-1, max-image-preview:large, max-video-preview:-1\" \/>\n<link rel=\"canonical\" href=\"https:\/\/www.gereso.com\/actualites\/2018\/04\/13\/tout-savoir-sur-le-conge-de-mobilite\/\" \/>\n<meta property=\"og:locale\" content=\"fr_FR\" \/>\n<meta property=\"og:type\" content=\"article\" \/>\n<meta property=\"og:title\" content=\"Tout savoir sur le cong\u00e9 de mobilit\u00e9 - Le Blog GERESO\" \/>\n<meta property=\"og:description\" content=\"Attention, ce cong\u00e9 de mobilit\u00e9 ne doit pas \u00eatre confondu avec la mobilit\u00e9 volontaire s\u00e9curis\u00e9e. En effet, le dispositif de mobilit\u00e9 volontaire, applicable en dehors de toute proc\u00e9dure de licenciement \u00e9conomique, permet \u00e0 un salari\u00e9 d\u2019exercer une activit\u00e9 dans une autre entreprise tout en conservant la possibilit\u00e9 de revenir dans son entreprise d\u2019origine pendant un [&hellip;]\" \/>\n<meta property=\"og:url\" content=\"https:\/\/www.gereso.com\/actualites\/2018\/04\/13\/tout-savoir-sur-le-conge-de-mobilite\/\" \/>\n<meta property=\"og:site_name\" content=\"Le Blog GERESO\" \/>\n<meta property=\"article:published_time\" content=\"2018-04-13T07:10:26+00:00\" \/>\n<meta property=\"article:modified_time\" content=\"2020-12-22T07:41:36+00:00\" \/>\n<meta property=\"og:image\" content=\"https:\/\/www.gereso.com\/actualites\/wp-content\/uploads\/2018\/04\/cong\u00e9-mobilit\u00e9-accompagnement.jpg\" \/>\n\t<meta property=\"og:image:width\" content=\"600\" \/>\n\t<meta property=\"og:image:height\" content=\"400\" \/>\n\t<meta property=\"og:image:type\" content=\"image\/jpeg\" \/>\n<meta name=\"author\" content=\"GERESO\" \/>\n<meta name=\"twitter:card\" content=\"summary_large_image\" \/>\n<script type=\"application\/ld+json\" class=\"yoast-schema-graph\">{\"@context\":\"https:\/\/schema.org\",\"@graph\":[{\"@type\":\"WebPage\",\"@id\":\"https:\/\/www.gereso.com\/actualites\/2018\/04\/13\/tout-savoir-sur-le-conge-de-mobilite\/\",\"url\":\"https:\/\/www.gereso.com\/actualites\/2018\/04\/13\/tout-savoir-sur-le-conge-de-mobilite\/\",\"name\":\"Tout savoir sur le cong\u00e9 de mobilit\u00e9 - Le Blog GERESO\",\"isPartOf\":{\"@id\":\"https:\/\/www.gereso.com\/actualites\/#website\"},\"primaryImageOfPage\":{\"@id\":\"https:\/\/www.gereso.com\/actualites\/2018\/04\/13\/tout-savoir-sur-le-conge-de-mobilite\/#primaryimage\"},\"image\":{\"@id\":\"https:\/\/www.gereso.com\/actualites\/2018\/04\/13\/tout-savoir-sur-le-conge-de-mobilite\/#primaryimage\"},\"thumbnailUrl\":\"https:\/\/www.gereso.com\/actualites\/wp-content\/uploads\/2018\/04\/cong\u00e9-mobilit\u00e9-accompagnement.jpg\",\"datePublished\":\"2018-04-13T07:10:26+00:00\",\"dateModified\":\"2020-12-22T07:41:36+00:00\",\"author\":{\"@id\":\"https:\/\/www.gereso.com\/actualites\/#\/schema\/person\/d9b0bc27f2e9ae74ff7505881ce5306e\"},\"breadcrumb\":{\"@id\":\"https:\/\/www.gereso.com\/actualites\/2018\/04\/13\/tout-savoir-sur-le-conge-de-mobilite\/#breadcrumb\"},\"inLanguage\":\"fr-FR\",\"potentialAction\":[{\"@type\":\"ReadAction\",\"target\":[\"https:\/\/www.gereso.com\/actualites\/2018\/04\/13\/tout-savoir-sur-le-conge-de-mobilite\/\"]}]},{\"@type\":\"ImageObject\",\"inLanguage\":\"fr-FR\",\"@id\":\"https:\/\/www.gereso.com\/actualites\/2018\/04\/13\/tout-savoir-sur-le-conge-de-mobilite\/#primaryimage\",\"url\":\"https:\/\/www.gereso.com\/actualites\/wp-content\/uploads\/2018\/04\/cong\u00e9-mobilit\u00e9-accompagnement.jpg\",\"contentUrl\":\"https:\/\/www.gereso.com\/actualites\/wp-content\/uploads\/2018\/04\/cong\u00e9-mobilit\u00e9-accompagnement.jpg\",\"width\":600,\"height\":400,\"caption\":\"cong\u00e9-mobilit\u00e9-accompagnement\"},{\"@type\":\"BreadcrumbList\",\"@id\":\"https:\/\/www.gereso.com\/actualites\/2018\/04\/13\/tout-savoir-sur-le-conge-de-mobilite\/#breadcrumb\",\"itemListElement\":[{\"@type\":\"ListItem\",\"position\":1,\"name\":\"Home\",\"item\":\"https:\/\/www.gereso.com\/actualites\/\"},{\"@type\":\"ListItem\",\"position\":2,\"name\":\"Tout savoir sur le cong\u00e9 de mobilit\u00e9\"}]},{\"@type\":\"WebSite\",\"@id\":\"https:\/\/www.gereso.com\/actualites\/#website\",\"url\":\"https:\/\/www.gereso.com\/actualites\/\",\"name\":\"Le Blog GERESO\",\"description\":\"Toute l&#039;actu RH, Finance, Fonction Publique, Management...\",\"potentialAction\":[{\"@type\":\"SearchAction\",\"target\":{\"@type\":\"EntryPoint\",\"urlTemplate\":\"https:\/\/www.gereso.com\/actualites\/?s={search_term_string}\"},\"query-input\":{\"@type\":\"PropertyValueSpecification\",\"valueRequired\":true,\"valueName\":\"search_term_string\"}}],\"inLanguage\":\"fr-FR\"},{\"@type\":\"Person\",\"@id\":\"https:\/\/www.gereso.com\/actualites\/#\/schema\/person\/d9b0bc27f2e9ae74ff7505881ce5306e\",\"name\":\"GERESO\",\"image\":{\"@type\":\"ImageObject\",\"inLanguage\":\"fr-FR\",\"@id\":\"https:\/\/www.gereso.com\/actualites\/#\/schema\/person\/image\/\",\"url\":\"https:\/\/www.gereso.com\/actualites\/wp-content\/uploads\/2013\/12\/avatar-gereso-1.png\",\"contentUrl\":\"https:\/\/www.gereso.com\/actualites\/wp-content\/uploads\/2013\/12\/avatar-gereso-1.png\",\"caption\":\"GERESO\"},\"url\":\"https:\/\/www.gereso.com\/actualites\/author\/wpadm_16root\/\"}]}<\/script>\n<!-- \/ Yoast SEO plugin. -->","yoast_head_json":{"title":"Tout savoir sur le cong\u00e9 de mobilit\u00e9 - Le Blog GERESO","robots":{"index":"index","follow":"follow","max-snippet":"max-snippet:-1","max-image-preview":"max-image-preview:large","max-video-preview":"max-video-preview:-1"},"canonical":"https:\/\/www.gereso.com\/actualites\/2018\/04\/13\/tout-savoir-sur-le-conge-de-mobilite\/","og_locale":"fr_FR","og_type":"article","og_title":"Tout savoir sur le cong\u00e9 de mobilit\u00e9 - Le Blog GERESO","og_description":"Attention, ce cong\u00e9 de mobilit\u00e9 ne doit pas \u00eatre confondu avec la mobilit\u00e9 volontaire s\u00e9curis\u00e9e. En effet, le dispositif de mobilit\u00e9 volontaire, applicable en dehors de toute proc\u00e9dure de licenciement \u00e9conomique, permet \u00e0 un salari\u00e9 d\u2019exercer une activit\u00e9 dans une autre entreprise tout en conservant la possibilit\u00e9 de revenir dans son entreprise d\u2019origine pendant un [&hellip;]","og_url":"https:\/\/www.gereso.com\/actualites\/2018\/04\/13\/tout-savoir-sur-le-conge-de-mobilite\/","og_site_name":"Le Blog GERESO","article_published_time":"2018-04-13T07:10:26+00:00","article_modified_time":"2020-12-22T07:41:36+00:00","og_image":[{"width":600,"height":400,"url":"https:\/\/www.gereso.com\/actualites\/wp-content\/uploads\/2018\/04\/cong\u00e9-mobilit\u00e9-accompagnement.jpg","type":"image\/jpeg"}],"author":"GERESO","twitter_card":"summary_large_image","schema":{"@context":"https:\/\/schema.org","@graph":[{"@type":"WebPage","@id":"https:\/\/www.gereso.com\/actualites\/2018\/04\/13\/tout-savoir-sur-le-conge-de-mobilite\/","url":"https:\/\/www.gereso.com\/actualites\/2018\/04\/13\/tout-savoir-sur-le-conge-de-mobilite\/","name":"Tout savoir sur le cong\u00e9 de mobilit\u00e9 - Le Blog GERESO","isPartOf":{"@id":"https:\/\/www.gereso.com\/actualites\/#website"},"primaryImageOfPage":{"@id":"https:\/\/www.gereso.com\/actualites\/2018\/04\/13\/tout-savoir-sur-le-conge-de-mobilite\/#primaryimage"},"image":{"@id":"https:\/\/www.gereso.com\/actualites\/2018\/04\/13\/tout-savoir-sur-le-conge-de-mobilite\/#primaryimage"},"thumbnailUrl":"https:\/\/www.gereso.com\/actualites\/wp-content\/uploads\/2018\/04\/cong\u00e9-mobilit\u00e9-accompagnement.jpg","datePublished":"2018-04-13T07:10:26+00:00","dateModified":"2020-12-22T07:41:36+00:00","author":{"@id":"https:\/\/www.gereso.com\/actualites\/#\/schema\/person\/d9b0bc27f2e9ae74ff7505881ce5306e"},"breadcrumb":{"@id":"https:\/\/www.gereso.com\/actualites\/2018\/04\/13\/tout-savoir-sur-le-conge-de-mobilite\/#breadcrumb"},"inLanguage":"fr-FR","potentialAction":[{"@type":"ReadAction","target":["https:\/\/www.gereso.com\/actualites\/2018\/04\/13\/tout-savoir-sur-le-conge-de-mobilite\/"]}]},{"@type":"ImageObject","inLanguage":"fr-FR","@id":"https:\/\/www.gereso.com\/actualites\/2018\/04\/13\/tout-savoir-sur-le-conge-de-mobilite\/#primaryimage","url":"https:\/\/www.gereso.com\/actualites\/wp-content\/uploads\/2018\/04\/cong\u00e9-mobilit\u00e9-accompagnement.jpg","contentUrl":"https:\/\/www.gereso.com\/actualites\/wp-content\/uploads\/2018\/04\/cong\u00e9-mobilit\u00e9-accompagnement.jpg","width":600,"height":400,"caption":"cong\u00e9-mobilit\u00e9-accompagnement"},{"@type":"BreadcrumbList","@id":"https:\/\/www.gereso.com\/actualites\/2018\/04\/13\/tout-savoir-sur-le-conge-de-mobilite\/#breadcrumb","itemListElement":[{"@type":"ListItem","position":1,"name":"Home","item":"https:\/\/www.gereso.com\/actualites\/"},{"@type":"ListItem","position":2,"name":"Tout savoir sur le cong\u00e9 de mobilit\u00e9"}]},{"@type":"WebSite","@id":"https:\/\/www.gereso.com\/actualites\/#website","url":"https:\/\/www.gereso.com\/actualites\/","name":"Le Blog GERESO","description":"Toute l&#039;actu RH, Finance, Fonction Publique, Management...","potentialAction":[{"@type":"SearchAction","target":{"@type":"EntryPoint","urlTemplate":"https:\/\/www.gereso.com\/actualites\/?s={search_term_string}"},"query-input":{"@type":"PropertyValueSpecification","valueRequired":true,"valueName":"search_term_string"}}],"inLanguage":"fr-FR"},{"@type":"Person","@id":"https:\/\/www.gereso.com\/actualites\/#\/schema\/person\/d9b0bc27f2e9ae74ff7505881ce5306e","name":"GERESO","image":{"@type":"ImageObject","inLanguage":"fr-FR","@id":"https:\/\/www.gereso.com\/actualites\/#\/schema\/person\/image\/","url":"https:\/\/www.gereso.com\/actualites\/wp-content\/uploads\/2013\/12\/avatar-gereso-1.png","contentUrl":"https:\/\/www.gereso.com\/actualites\/wp-content\/uploads\/2013\/12\/avatar-gereso-1.png","caption":"GERESO"},"url":"https:\/\/www.gereso.com\/actualites\/author\/wpadm_16root\/"}]}},"_links":{"self":[{"href":"https:\/\/www.gereso.com\/actualites\/wp-json\/wp\/v2\/posts\/9127","targetHints":{"allow":["GET"]}}],"collection":[{"href":"https:\/\/www.gereso.com\/actualites\/wp-json\/wp\/v2\/posts"}],"about":[{"href":"https:\/\/www.gereso.com\/actualites\/wp-json\/wp\/v2\/types\/post"}],"author":[{"embeddable":true,"href":"https:\/\/www.gereso.com\/actualites\/wp-json\/wp\/v2\/users\/1"}],"replies":[{"embeddable":true,"href":"https:\/\/www.gereso.com\/actualites\/wp-json\/wp\/v2\/comments?post=9127"}],"version-history":[{"count":3,"href":"https:\/\/www.gereso.com\/actualites\/wp-json\/wp\/v2\/posts\/9127\/revisions"}],"predecessor-version":[{"id":18390,"href":"https:\/\/www.gereso.com\/actualites\/wp-json\/wp\/v2\/posts\/9127\/revisions\/18390"}],"wp:featuredmedia":[{"embeddable":true,"href":"https:\/\/www.gereso.com\/actualites\/wp-json\/wp\/v2\/media\/9128"}],"wp:attachment":[{"href":"https:\/\/www.gereso.com\/actualites\/wp-json\/wp\/v2\/media?parent=9127"}],"wp:term":[{"taxonomy":"category","embeddable":true,"href":"https:\/\/www.gereso.com\/actualites\/wp-json\/wp\/v2\/categories?post=9127"},{"taxonomy":"post_tag","embeddable":true,"href":"https:\/\/www.gereso.com\/actualites\/wp-json\/wp\/v2\/tags?post=9127"}],"curies":[{"name":"wp","href":"https:\/\/api.w.org\/{rel}","templated":true}]}}