{"id":9152,"date":"2018-04-18T11:13:06","date_gmt":"2018-04-18T09:13:06","guid":{"rendered":"https:\/\/www.gereso.com\/actualites\/?p=9152"},"modified":"2018-04-24T17:30:51","modified_gmt":"2018-04-24T15:30:51","slug":"evoluer-dans-les-rh","status":"publish","type":"post","link":"https:\/\/www.gereso.com\/actualites\/2018\/04\/18\/evoluer-dans-les-rh\/","title":{"rendered":"Paroles de RH : \u00ab \u00c9voluer dans mon m\u00e9tier passait par une meilleure connaissance globale des RH \u00bb"},"content":{"rendered":"<h2><strong><img decoding=\"async\" class=\"wp-image-9160 alignleft\" src=\"https:\/\/www.gereso.com\/actualites\/wp-content\/uploads\/2018\/04\/Morgan-Robert.jpeg\" alt=\"\" width=\"122\" height=\"122\" srcset=\"https:\/\/www.gereso.com\/actualites\/wp-content\/uploads\/2018\/04\/Morgan-Robert.jpeg 446w, https:\/\/www.gereso.com\/actualites\/wp-content\/uploads\/2018\/04\/Morgan-Robert-150x150.jpeg 150w, https:\/\/www.gereso.com\/actualites\/wp-content\/uploads\/2018\/04\/Morgan-Robert-300x300.jpeg 300w, https:\/\/www.gereso.com\/actualites\/wp-content\/uploads\/2018\/04\/Morgan-Robert-144x144.jpeg 144w\" sizes=\"(max-width: 122px) 100vw, 122px\" \/>Vous \u00eates entr\u00e9e en formation pour faciliter votre \u00e9volution professionnelle. <\/strong><strong>Pouvez-vous nous expliquer\u00a0?<\/strong><\/h2>\n<p>&nbsp;<\/p>\n<p>Responsable Formation, j\u2019avais jusqu\u2019en avril 2016 pour mission de mettre en place et de n\u00e9gocier le plan de formation des 400 employ\u00e9s de l\u2019Agefiph. J\u2019avais par ailleurs abord\u00e9 au cours de cette mission divers sujets en rapport avec la gestion pr\u00e9visionnelle des emplois et des comp\u00e9tences. Mais si je trouvais ces missions passionnantes, je souhaitais depuis quelques temps <strong>\u00e9voluer professionnellement<\/strong> pour <strong>aborder \u00e0 terme le domaine RH sous l&rsquo;angle strat\u00e9gique<\/strong>. Ce qui impliquait d\u2019\u00e9largir mon champ de vision professionnel. Au service des salari\u00e9s de l\u2019Agefiph, je poss\u00e9dais une expertise en mati\u00e8re de formation, mais il me manquait des connaissances dans des domaines comme la paie, le dialogue social ou le droit social\u2026 D\u2019o\u00f9 ce choix de me former et d\u2019opter, dans un premier temps, pour le parcours dipl\u00f4mant <a href=\"https:\/\/www.gereso.com\/formations\/ressources-humaines\/chargee-des-ressources-humaines\" target=\"_blank\" rel=\"noopener\">Charg\u00e9(e) des ressources humaines<\/a> propos\u00e9 par GERESO en partenariat avec Sup des RH. De quoi \u00e9largir mon champ de vision avant d\u2019envisager plus tard un second cursus RH de mani\u00e8re \u00e0 acqu\u00e9rir la dimension strat\u00e9gique.<\/p>\n<h2><strong>Il existe un certain nombre de formations prestigieuses dans le domaine des RH, pourquoi avoir privil\u00e9gi\u00e9 le parcours de GERESO et Sup des RH\u00a0?<\/strong><\/h2>\n<p>Je recherchais une formation qui me permette <strong>d&rsquo;acqu\u00e9rir des connaissances op\u00e9rationnelles <\/strong>mais \u00e9galement la <strong>reconnaissance de la formation et de l&rsquo;\u00e9cole<\/strong> aupr\u00e8s des entreprises<strong>.<\/strong> J\u2019ai donc finalement d\u00e9cid\u00e9 de rejoindre le parcours dipl\u00f4mant propos\u00e9 par GERESO et Sup des RH. Deux acteurs tr\u00e8s r\u00e9put\u00e9s dans le domaine des ressources humaines. Autre atout de ce cursus, son inscription au R\u00e9pertoire National des Certifications Professionnelles (RNCP) comme programme de Niveau II (bac+3\/4). J\u2019ai enfin \u00e9t\u00e9 convaincue par<strong> la souplesse du parcours.<\/strong> Avec 32 jours de cours r\u00e9partis en 7 modules de comp\u00e9tences \u00e0 valider en cinq ann\u00e9es maximum, il me laissait la possibilit\u00e9 de <strong>me former tout en conservant mon activit\u00e9 professionnelle<\/strong>. Au final, j\u2019ai pu valider les diff\u00e9rents modules en 8 mois. J\u2019ai achev\u00e9 ce programme en septembre 2017.<\/p>\n<h2><strong>Est-il facile d\u2019entamer un tel virage professionnel lorsque l\u2019on ne conna\u00eet des RH que le domaine de la formation\u00a0?<\/strong><\/h2>\n<p>Cela demande en effet <strong>un tr\u00e8s fort investissement personnel.<\/strong> L\u2019une de mes principales difficult\u00e9s fut de devoir aborder en cours des disciplines comme la paie que je ne connaissais absolument pas. Dans ce contexte, l\u2019accompagnement des formateurs a \u00e9t\u00e9 pour moi, comme pour les autres \u00e9l\u00e8ves, absolument capital. Quand dans un groupe coexistent des demandeurs d\u2019emploi, des jeunes femmes sp\u00e9cialis\u00e9es en droit ou encore une personne telle que moi \u00e2g\u00e9e de 55 ans et issue de la formation, il faut de vrais p\u00e9dagogues pour anticiper les difficult\u00e9s des uns et des autres et y rem\u00e9dier. Apparemment d\u00e9stabilisante, <strong>cette diversit\u00e9 au sein de notre promotion fut \u00e9galement une grande richesse<\/strong>. Tout au long de ce parcours, nous avons pu en effet mixer nos savoirs\u00a0-les uns parlant droit, les autres paie, et d\u2019autres dialogue social\u2013 et tirer de cette formation ce dont nous avions besoin, en fonction de nos exp\u00e9riences personnelles.<\/p>\n<h2><strong>Vous \u00eates d\u00e9sormais charg\u00e9e d\u2019\u00e9tudes et de d\u00e9veloppement\u2026 \u00c9tait-ce le poste que vous visiez au d\u00e9but de votre formation\u00a0?<\/strong><\/h2>\n<p>Pas dans un premier temps. Cela dit, je constate chaque jour l\u2019utilit\u00e9 du parcours de GERESO et Sup des RH de par les connaissances qu\u2019il m\u2019a permis d\u2019acqu\u00e9rir et dont je me sers d\u00e9sormais.<\/p>\n<p>Aujourd&rsquo;hui dans le cadre de mon activit\u00e9, je propose aux entreprises de les accompagner et de les informer sur les questions d&rsquo;ordre g\u00e9n\u00e9ral portant sur l&rsquo;obligation d\u2019emploi des travailleurs handicap\u00e9s. Cette formation contribue \u00e0 ma mission car elle m&rsquo;apporte une<strong> vision d&rsquo;ensemble des pratiques mises en oeuvre pour administrer, mobiliser, accompagner et d\u00e9velopper les ressources humaines<\/strong> impliqu\u00e9es dans l&rsquo;activit\u00e9 d&rsquo;une entreprise.<\/p>\n<p style=\"text-align: right;\"><em>Propos recueillis par Morgan Robert<\/em><\/p>\n<p>&nbsp;<\/p>\n<p>Vous souhaitez en savoir davantage sur la formation dipl\u00f4mante <strong>\u00ab\u00a0Charg\u00e9(e) des ressources humaines\u00a0\u00bb<\/strong> propos\u00e9e par <a href=\"https:\/\/www.gereso.com\/formations\/ressources-humaines\/chargee-des-ressources-humaines\" target=\"_blank\" rel=\"noopener\">GERESO<\/a> ?<\/p>\n<p><iframe src=\"\/\/www.youtube.com\/embed\/A5Lq1zrXVwQ\" width=\"500\" height=\"280\" allowfullscreen=\"allowfullscreen\"><\/iframe><\/p>\n<p>&nbsp;<\/p>\n","protected":false},"excerpt":{"rendered":"<p>Vous \u00eates entr\u00e9e en formation pour faciliter votre \u00e9volution professionnelle. Pouvez-vous nous expliquer\u00a0? &nbsp; Responsable Formation, j\u2019avais jusqu\u2019en avril 2016 pour mission de mettre en place et de n\u00e9gocier le plan de formation des 400 employ\u00e9s de l\u2019Agefiph. J\u2019avais par ailleurs abord\u00e9 au cours de cette mission divers sujets en rapport avec la gestion pr\u00e9visionnelle [&hellip;]<\/p>\n","protected":false},"author":1,"featured_media":9168,"comment_status":"open","ping_status":"open","sticky":false,"template":"","format":"standard","meta":{"_acf_changed":false,"_mi_skip_tracking":false,"footnotes":""},"categories":[2,21],"tags":[581,38,207],"class_list":["post-9152","post","type-post","status-publish","format-standard","has-post-thumbnail","hentry","category-ressources-humaines","category-rh-le-secteur-prive","tag-diplome-rh","tag-formation","tag-ressources-humaines-2"],"acf":[],"yoast_head":"<!-- This site is optimized with the Yoast SEO plugin v23.4 - https:\/\/yoast.com\/wordpress\/plugins\/seo\/ -->\n<title>Paroles de RH : \u00ab \u00c9voluer dans mon m\u00e9tier passait par une meilleure connaissance globale des RH \u00bb - Le Blog GERESO<\/title>\n<meta name=\"robots\" content=\"index, follow, max-snippet:-1, max-image-preview:large, max-video-preview:-1\" \/>\n<link rel=\"canonical\" href=\"https:\/\/www.gereso.com\/actualites\/2018\/04\/18\/evoluer-dans-les-rh\/\" \/>\n<meta property=\"og:locale\" content=\"fr_FR\" \/>\n<meta property=\"og:type\" content=\"article\" \/>\n<meta property=\"og:title\" content=\"Paroles de RH : \u00ab \u00c9voluer dans mon m\u00e9tier passait par une meilleure connaissance globale des RH \u00bb - Le Blog GERESO\" \/>\n<meta property=\"og:description\" content=\"Vous \u00eates entr\u00e9e en formation pour faciliter votre \u00e9volution professionnelle. Pouvez-vous nous expliquer\u00a0? &nbsp; Responsable Formation, j\u2019avais jusqu\u2019en avril 2016 pour mission de mettre en place et de n\u00e9gocier le plan de formation des 400 employ\u00e9s de l\u2019Agefiph. J\u2019avais par ailleurs abord\u00e9 au cours de cette mission divers sujets en rapport avec la gestion pr\u00e9visionnelle [&hellip;]\" \/>\n<meta property=\"og:url\" content=\"https:\/\/www.gereso.com\/actualites\/2018\/04\/18\/evoluer-dans-les-rh\/\" \/>\n<meta property=\"og:site_name\" content=\"Le Blog GERESO\" \/>\n<meta property=\"article:published_time\" content=\"2018-04-18T09:13:06+00:00\" \/>\n<meta property=\"article:modified_time\" content=\"2018-04-24T15:30:51+00:00\" \/>\n<meta property=\"og:image\" content=\"https:\/\/www.gereso.com\/actualites\/wp-content\/uploads\/2018\/04\/Diplome-ressources-humaines-GERESO.jpg\" \/>\n\t<meta property=\"og:image:width\" content=\"600\" \/>\n\t<meta property=\"og:image:height\" content=\"400\" \/>\n\t<meta property=\"og:image:type\" content=\"image\/jpeg\" \/>\n<meta name=\"author\" content=\"GERESO\" \/>\n<meta name=\"twitter:card\" content=\"summary_large_image\" \/>\n<script type=\"application\/ld+json\" class=\"yoast-schema-graph\">{\"@context\":\"https:\/\/schema.org\",\"@graph\":[{\"@type\":\"WebPage\",\"@id\":\"https:\/\/www.gereso.com\/actualites\/2018\/04\/18\/evoluer-dans-les-rh\/\",\"url\":\"https:\/\/www.gereso.com\/actualites\/2018\/04\/18\/evoluer-dans-les-rh\/\",\"name\":\"Paroles de RH : \u00ab \u00c9voluer dans mon m\u00e9tier passait par une meilleure connaissance globale des RH \u00bb - Le Blog GERESO\",\"isPartOf\":{\"@id\":\"https:\/\/www.gereso.com\/actualites\/#website\"},\"primaryImageOfPage\":{\"@id\":\"https:\/\/www.gereso.com\/actualites\/2018\/04\/18\/evoluer-dans-les-rh\/#primaryimage\"},\"image\":{\"@id\":\"https:\/\/www.gereso.com\/actualites\/2018\/04\/18\/evoluer-dans-les-rh\/#primaryimage\"},\"thumbnailUrl\":\"https:\/\/www.gereso.com\/actualites\/wp-content\/uploads\/2018\/04\/Diplome-ressources-humaines-GERESO.jpg\",\"datePublished\":\"2018-04-18T09:13:06+00:00\",\"dateModified\":\"2018-04-24T15:30:51+00:00\",\"author\":{\"@id\":\"https:\/\/www.gereso.com\/actualites\/#\/schema\/person\/d9b0bc27f2e9ae74ff7505881ce5306e\"},\"breadcrumb\":{\"@id\":\"https:\/\/www.gereso.com\/actualites\/2018\/04\/18\/evoluer-dans-les-rh\/#breadcrumb\"},\"inLanguage\":\"fr-FR\",\"potentialAction\":[{\"@type\":\"ReadAction\",\"target\":[\"https:\/\/www.gereso.com\/actualites\/2018\/04\/18\/evoluer-dans-les-rh\/\"]}]},{\"@type\":\"ImageObject\",\"inLanguage\":\"fr-FR\",\"@id\":\"https:\/\/www.gereso.com\/actualites\/2018\/04\/18\/evoluer-dans-les-rh\/#primaryimage\",\"url\":\"https:\/\/www.gereso.com\/actualites\/wp-content\/uploads\/2018\/04\/Diplome-ressources-humaines-GERESO.jpg\",\"contentUrl\":\"https:\/\/www.gereso.com\/actualites\/wp-content\/uploads\/2018\/04\/Diplome-ressources-humaines-GERESO.jpg\",\"width\":600,\"height\":400,\"caption\":\"Diplome ressources humaines GERESO\"},{\"@type\":\"BreadcrumbList\",\"@id\":\"https:\/\/www.gereso.com\/actualites\/2018\/04\/18\/evoluer-dans-les-rh\/#breadcrumb\",\"itemListElement\":[{\"@type\":\"ListItem\",\"position\":1,\"name\":\"Home\",\"item\":\"https:\/\/www.gereso.com\/actualites\/\"},{\"@type\":\"ListItem\",\"position\":2,\"name\":\"Paroles de RH : \u00ab \u00c9voluer dans mon m\u00e9tier passait par une meilleure connaissance globale des RH \u00bb\"}]},{\"@type\":\"WebSite\",\"@id\":\"https:\/\/www.gereso.com\/actualites\/#website\",\"url\":\"https:\/\/www.gereso.com\/actualites\/\",\"name\":\"Le Blog GERESO\",\"description\":\"Toute l&#039;actu RH, Finance, Fonction Publique, Management...\",\"potentialAction\":[{\"@type\":\"SearchAction\",\"target\":{\"@type\":\"EntryPoint\",\"urlTemplate\":\"https:\/\/www.gereso.com\/actualites\/?s={search_term_string}\"},\"query-input\":{\"@type\":\"PropertyValueSpecification\",\"valueRequired\":true,\"valueName\":\"search_term_string\"}}],\"inLanguage\":\"fr-FR\"},{\"@type\":\"Person\",\"@id\":\"https:\/\/www.gereso.com\/actualites\/#\/schema\/person\/d9b0bc27f2e9ae74ff7505881ce5306e\",\"name\":\"GERESO\",\"image\":{\"@type\":\"ImageObject\",\"inLanguage\":\"fr-FR\",\"@id\":\"https:\/\/www.gereso.com\/actualites\/#\/schema\/person\/image\/\",\"url\":\"https:\/\/www.gereso.com\/actualites\/wp-content\/uploads\/2013\/12\/avatar-gereso-1.png\",\"contentUrl\":\"https:\/\/www.gereso.com\/actualites\/wp-content\/uploads\/2013\/12\/avatar-gereso-1.png\",\"caption\":\"GERESO\"},\"url\":\"https:\/\/www.gereso.com\/actualites\/author\/wpadm_16root\/\"}]}<\/script>\n<!-- \/ Yoast SEO plugin. -->","yoast_head_json":{"title":"Paroles de RH : \u00ab \u00c9voluer dans mon m\u00e9tier passait par une meilleure connaissance globale des RH \u00bb - Le Blog GERESO","robots":{"index":"index","follow":"follow","max-snippet":"max-snippet:-1","max-image-preview":"max-image-preview:large","max-video-preview":"max-video-preview:-1"},"canonical":"https:\/\/www.gereso.com\/actualites\/2018\/04\/18\/evoluer-dans-les-rh\/","og_locale":"fr_FR","og_type":"article","og_title":"Paroles de RH : \u00ab \u00c9voluer dans mon m\u00e9tier passait par une meilleure connaissance globale des RH \u00bb - Le Blog GERESO","og_description":"Vous \u00eates entr\u00e9e en formation pour faciliter votre \u00e9volution professionnelle. Pouvez-vous nous expliquer\u00a0? &nbsp; Responsable Formation, j\u2019avais jusqu\u2019en avril 2016 pour mission de mettre en place et de n\u00e9gocier le plan de formation des 400 employ\u00e9s de l\u2019Agefiph. J\u2019avais par ailleurs abord\u00e9 au cours de cette mission divers sujets en rapport avec la gestion pr\u00e9visionnelle [&hellip;]","og_url":"https:\/\/www.gereso.com\/actualites\/2018\/04\/18\/evoluer-dans-les-rh\/","og_site_name":"Le Blog GERESO","article_published_time":"2018-04-18T09:13:06+00:00","article_modified_time":"2018-04-24T15:30:51+00:00","og_image":[{"width":600,"height":400,"url":"https:\/\/www.gereso.com\/actualites\/wp-content\/uploads\/2018\/04\/Diplome-ressources-humaines-GERESO.jpg","type":"image\/jpeg"}],"author":"GERESO","twitter_card":"summary_large_image","schema":{"@context":"https:\/\/schema.org","@graph":[{"@type":"WebPage","@id":"https:\/\/www.gereso.com\/actualites\/2018\/04\/18\/evoluer-dans-les-rh\/","url":"https:\/\/www.gereso.com\/actualites\/2018\/04\/18\/evoluer-dans-les-rh\/","name":"Paroles de RH : \u00ab \u00c9voluer dans mon m\u00e9tier passait par une meilleure connaissance globale des RH \u00bb - Le Blog GERESO","isPartOf":{"@id":"https:\/\/www.gereso.com\/actualites\/#website"},"primaryImageOfPage":{"@id":"https:\/\/www.gereso.com\/actualites\/2018\/04\/18\/evoluer-dans-les-rh\/#primaryimage"},"image":{"@id":"https:\/\/www.gereso.com\/actualites\/2018\/04\/18\/evoluer-dans-les-rh\/#primaryimage"},"thumbnailUrl":"https:\/\/www.gereso.com\/actualites\/wp-content\/uploads\/2018\/04\/Diplome-ressources-humaines-GERESO.jpg","datePublished":"2018-04-18T09:13:06+00:00","dateModified":"2018-04-24T15:30:51+00:00","author":{"@id":"https:\/\/www.gereso.com\/actualites\/#\/schema\/person\/d9b0bc27f2e9ae74ff7505881ce5306e"},"breadcrumb":{"@id":"https:\/\/www.gereso.com\/actualites\/2018\/04\/18\/evoluer-dans-les-rh\/#breadcrumb"},"inLanguage":"fr-FR","potentialAction":[{"@type":"ReadAction","target":["https:\/\/www.gereso.com\/actualites\/2018\/04\/18\/evoluer-dans-les-rh\/"]}]},{"@type":"ImageObject","inLanguage":"fr-FR","@id":"https:\/\/www.gereso.com\/actualites\/2018\/04\/18\/evoluer-dans-les-rh\/#primaryimage","url":"https:\/\/www.gereso.com\/actualites\/wp-content\/uploads\/2018\/04\/Diplome-ressources-humaines-GERESO.jpg","contentUrl":"https:\/\/www.gereso.com\/actualites\/wp-content\/uploads\/2018\/04\/Diplome-ressources-humaines-GERESO.jpg","width":600,"height":400,"caption":"Diplome ressources humaines GERESO"},{"@type":"BreadcrumbList","@id":"https:\/\/www.gereso.com\/actualites\/2018\/04\/18\/evoluer-dans-les-rh\/#breadcrumb","itemListElement":[{"@type":"ListItem","position":1,"name":"Home","item":"https:\/\/www.gereso.com\/actualites\/"},{"@type":"ListItem","position":2,"name":"Paroles de RH : \u00ab \u00c9voluer dans mon m\u00e9tier passait par une meilleure connaissance globale des RH \u00bb"}]},{"@type":"WebSite","@id":"https:\/\/www.gereso.com\/actualites\/#website","url":"https:\/\/www.gereso.com\/actualites\/","name":"Le Blog GERESO","description":"Toute l&#039;actu RH, Finance, Fonction Publique, Management...","potentialAction":[{"@type":"SearchAction","target":{"@type":"EntryPoint","urlTemplate":"https:\/\/www.gereso.com\/actualites\/?s={search_term_string}"},"query-input":{"@type":"PropertyValueSpecification","valueRequired":true,"valueName":"search_term_string"}}],"inLanguage":"fr-FR"},{"@type":"Person","@id":"https:\/\/www.gereso.com\/actualites\/#\/schema\/person\/d9b0bc27f2e9ae74ff7505881ce5306e","name":"GERESO","image":{"@type":"ImageObject","inLanguage":"fr-FR","@id":"https:\/\/www.gereso.com\/actualites\/#\/schema\/person\/image\/","url":"https:\/\/www.gereso.com\/actualites\/wp-content\/uploads\/2013\/12\/avatar-gereso-1.png","contentUrl":"https:\/\/www.gereso.com\/actualites\/wp-content\/uploads\/2013\/12\/avatar-gereso-1.png","caption":"GERESO"},"url":"https:\/\/www.gereso.com\/actualites\/author\/wpadm_16root\/"}]}},"_links":{"self":[{"href":"https:\/\/www.gereso.com\/actualites\/wp-json\/wp\/v2\/posts\/9152","targetHints":{"allow":["GET"]}}],"collection":[{"href":"https:\/\/www.gereso.com\/actualites\/wp-json\/wp\/v2\/posts"}],"about":[{"href":"https:\/\/www.gereso.com\/actualites\/wp-json\/wp\/v2\/types\/post"}],"author":[{"embeddable":true,"href":"https:\/\/www.gereso.com\/actualites\/wp-json\/wp\/v2\/users\/1"}],"replies":[{"embeddable":true,"href":"https:\/\/www.gereso.com\/actualites\/wp-json\/wp\/v2\/comments?post=9152"}],"version-history":[{"count":11,"href":"https:\/\/www.gereso.com\/actualites\/wp-json\/wp\/v2\/posts\/9152\/revisions"}],"predecessor-version":[{"id":9169,"href":"https:\/\/www.gereso.com\/actualites\/wp-json\/wp\/v2\/posts\/9152\/revisions\/9169"}],"wp:featuredmedia":[{"embeddable":true,"href":"https:\/\/www.gereso.com\/actualites\/wp-json\/wp\/v2\/media\/9168"}],"wp:attachment":[{"href":"https:\/\/www.gereso.com\/actualites\/wp-json\/wp\/v2\/media?parent=9152"}],"wp:term":[{"taxonomy":"category","embeddable":true,"href":"https:\/\/www.gereso.com\/actualites\/wp-json\/wp\/v2\/categories?post=9152"},{"taxonomy":"post_tag","embeddable":true,"href":"https:\/\/www.gereso.com\/actualites\/wp-json\/wp\/v2\/tags?post=9152"}],"curies":[{"name":"wp","href":"https:\/\/api.w.org\/{rel}","templated":true}]}}