{"id":9187,"date":"2018-04-29T23:14:36","date_gmt":"2018-04-29T21:14:36","guid":{"rendered":"https:\/\/www.gereso.com\/actualites\/?p=9187"},"modified":"2023-01-05T12:53:23","modified_gmt":"2023-01-05T10:53:23","slug":"lancement-dune-consultation-publique-sur-la-reforme-de-limpot-sur-les-societes","status":"publish","type":"post","link":"https:\/\/www.gereso.com\/actualites\/2018\/04\/29\/lancement-dune-consultation-publique-sur-la-reforme-de-limpot-sur-les-societes\/","title":{"rendered":"Lancement d\u2019une consultation publique sur la r\u00e9forme de l\u2019imp\u00f4t sur les soci\u00e9t\u00e9s"},"content":{"rendered":"<p>Une consultation publique a r\u00e9cemment \u00e9t\u00e9 lanc\u00e9e par le minist\u00e8re de l\u2019\u00c9conomie et des Finances sur diverses r\u00e9formes envisag\u00e9es sur le <strong>calcul du b\u00e9n\u00e9fice imposable \u00e0 l\u2019IS<\/strong>. Cette consultation s\u2019\u00e9talera du 24 avril au 11 mai 2018.<\/p>\n<h2><strong>Des travaux d\u2019origines internationales<\/strong><\/h2>\n<p>Le prochain projet de loi de finances devrait notamment permettre de transposer en droit fran\u00e7ais divers textes d\u2019origine europ\u00e9enne ou provenant de recommandations de l\u2019<strong>OCDE<\/strong> en mati\u00e8re d\u2019imposition des b\u00e9n\u00e9fices.<\/p>\n<p>Ce dernier organisme a men\u00e9 ces derni\u00e8res ann\u00e9es un projet ambitieux d\u00e9nomm\u00e9 <strong>BEPS<\/strong> relatif \u00e0 la lutte contre l\u2019\u00e9rosion de la base d\u2019imposition et le transfert des b\u00e9n\u00e9fices.<\/p>\n<h2>3 sujets de r\u00e9forme<\/h2>\n<p>Dans un premier temps, le Gouvernement souhaite int\u00e9grer <strong>3 r\u00e9formes<\/strong> dans le prochain projet de loi de finances\u00a0; le r\u00e9gime fiscal des brevets, l\u2019int\u00e9gration fiscale et la limitation de la d\u00e9ductibilit\u00e9 des int\u00e9r\u00eats.<\/p>\n<p>La r\u00e9forme de la <strong>fiscalit\u00e9 des brevets<\/strong> qui b\u00e9n\u00e9ficient pour les plus-values et les redevances per\u00e7ues d\u2019un taux d\u2019IS avantageux (15%), vise \u00e0 lutter contrer les pratiques visant \u00e0 imposer en France ces gains, mais \u00e0 localiser les op\u00e9rations de recherche et d\u00e9veloppement correspondantes dans un autre \u00c9tat.<\/p>\n<p>La r\u00e9forme de <strong>l\u2019int\u00e9gration fiscale<\/strong> a pour but de tenir compte des diff\u00e9rentes d\u00e9cisions de la CJUE sur certains m\u00e9canismes de neutralisation entre soci\u00e9t\u00e9s d\u2019un m\u00eame groupe. Le Gouvernement envisage \u00e9galement de r\u00e9duire le pourcentage minimum de d\u00e9tention du capital, actuellement fix\u00e9 \u00e0 95% permettant d\u2019int\u00e9grer fiscalement une filiale.<\/p>\n<p>Le dernier th\u00e8me abord\u00e9 vise \u00e0 int\u00e9grer dans la l\u00e9gislation fiscale fran\u00e7aise l\u2019article 4 de la directive du 12 juillet 2016 (ATAD 1). Elle instaure une r\u00e8gle de <strong>plafond global de d\u00e9duction des charges financi\u00e8res<\/strong> \u00e9gale \u00e0 30% de l\u2019EBITDA \u00e0 condition que ces charges exc\u00e8dent <strong>3 millions \u20ac.<\/strong> Les \u00c9tats membres ont en principe jusqu\u2019au 1<sup>er<\/sup> janvier 2019 pour transposer cette directive, mais peuvent la diff\u00e9rer jusqu\u2019au 1<sup>er<\/sup> janvier 2024.<\/p>\n<p>Pour les 3 th\u00e8mes abord\u00e9s, sont pr\u00e9sent\u00e9s, le r\u00e9gime actuel, les circonstances justifiant une r\u00e9forme et les pistes de r\u00e9forme envisag\u00e9es. La consultation publique prend la forme de diff\u00e9rentes questions \u00e0 r\u00e9pondre pour chaque sujet. Elle est disponible sur le lien suivant\u00a0: https:\/\/www.economie.gouv.fr\/consultation-reforme-impot-sur-societes<\/p>\n","protected":false},"excerpt":{"rendered":"<p>Une consultation publique a r\u00e9cemment \u00e9t\u00e9 lanc\u00e9e par le minist\u00e8re de l\u2019\u00c9conomie et des Finances sur diverses r\u00e9formes envisag\u00e9es sur le calcul du b\u00e9n\u00e9fice imposable \u00e0 l\u2019IS. Cette consultation s\u2019\u00e9talera du 24 avril au 11 mai 2018. Des travaux d\u2019origines internationales Le prochain projet de loi de finances devrait notamment permettre de transposer en droit [&hellip;]<\/p>\n","protected":false},"author":45,"featured_media":0,"comment_status":"open","ping_status":"open","sticky":false,"template":"","format":"quote","meta":{"_acf_changed":false,"_mi_skip_tracking":false,"footnotes":""},"categories":[12,3],"tags":[1428,874,1154],"class_list":["post-9187","post","type-post","status-publish","format-quote","hentry","category-actualites","category-comptabilite-fiscalite-et-gestion-financiere","tag-brevet","tag-impot-sur-les-societes","tag-integration-fiscale","post_format-post-format-quote"],"acf":[],"yoast_head":"<!-- This site is optimized with the Yoast SEO plugin v23.4 - https:\/\/yoast.com\/wordpress\/plugins\/seo\/ -->\n<title>Lancement d\u2019une consultation publique sur la r\u00e9forme de l\u2019imp\u00f4t sur les soci\u00e9t\u00e9s - Le Blog GERESO<\/title>\n<meta name=\"robots\" content=\"index, follow, max-snippet:-1, max-image-preview:large, max-video-preview:-1\" \/>\n<link rel=\"canonical\" href=\"https:\/\/www.gereso.com\/actualites\/2018\/04\/29\/lancement-dune-consultation-publique-sur-la-reforme-de-limpot-sur-les-societes\/\" \/>\n<meta property=\"og:locale\" content=\"fr_FR\" \/>\n<meta property=\"og:type\" content=\"article\" \/>\n<meta property=\"og:title\" content=\"Lancement d\u2019une consultation publique sur la r\u00e9forme de l\u2019imp\u00f4t sur les soci\u00e9t\u00e9s - Le Blog GERESO\" \/>\n<meta property=\"og:description\" content=\"Une consultation publique a r\u00e9cemment \u00e9t\u00e9 lanc\u00e9e par le minist\u00e8re de l\u2019\u00c9conomie et des Finances sur diverses r\u00e9formes envisag\u00e9es sur le calcul du b\u00e9n\u00e9fice imposable \u00e0 l\u2019IS. Cette consultation s\u2019\u00e9talera du 24 avril au 11 mai 2018. Des travaux d\u2019origines internationales Le prochain projet de loi de finances devrait notamment permettre de transposer en droit [&hellip;]\" \/>\n<meta property=\"og:url\" content=\"https:\/\/www.gereso.com\/actualites\/2018\/04\/29\/lancement-dune-consultation-publique-sur-la-reforme-de-limpot-sur-les-societes\/\" \/>\n<meta property=\"og:site_name\" content=\"Le Blog GERESO\" \/>\n<meta property=\"article:published_time\" content=\"2018-04-29T21:14:36+00:00\" \/>\n<meta property=\"article:modified_time\" content=\"2023-01-05T10:53:23+00:00\" \/>\n<meta name=\"author\" content=\"Damien P\u00e9an\" \/>\n<meta name=\"twitter:card\" content=\"summary_large_image\" \/>\n<script type=\"application\/ld+json\" class=\"yoast-schema-graph\">{\"@context\":\"https:\/\/schema.org\",\"@graph\":[{\"@type\":\"WebPage\",\"@id\":\"https:\/\/www.gereso.com\/actualites\/2018\/04\/29\/lancement-dune-consultation-publique-sur-la-reforme-de-limpot-sur-les-societes\/\",\"url\":\"https:\/\/www.gereso.com\/actualites\/2018\/04\/29\/lancement-dune-consultation-publique-sur-la-reforme-de-limpot-sur-les-societes\/\",\"name\":\"Lancement d\u2019une consultation publique sur la r\u00e9forme de l\u2019imp\u00f4t sur les soci\u00e9t\u00e9s - Le Blog GERESO\",\"isPartOf\":{\"@id\":\"https:\/\/www.gereso.com\/actualites\/#website\"},\"datePublished\":\"2018-04-29T21:14:36+00:00\",\"dateModified\":\"2023-01-05T10:53:23+00:00\",\"author\":{\"@id\":\"https:\/\/www.gereso.com\/actualites\/#\/schema\/person\/c91814f92d627ed4715993fbbf7c7e8d\"},\"breadcrumb\":{\"@id\":\"https:\/\/www.gereso.com\/actualites\/2018\/04\/29\/lancement-dune-consultation-publique-sur-la-reforme-de-limpot-sur-les-societes\/#breadcrumb\"},\"inLanguage\":\"fr-FR\",\"potentialAction\":[{\"@type\":\"ReadAction\",\"target\":[\"https:\/\/www.gereso.com\/actualites\/2018\/04\/29\/lancement-dune-consultation-publique-sur-la-reforme-de-limpot-sur-les-societes\/\"]}]},{\"@type\":\"BreadcrumbList\",\"@id\":\"https:\/\/www.gereso.com\/actualites\/2018\/04\/29\/lancement-dune-consultation-publique-sur-la-reforme-de-limpot-sur-les-societes\/#breadcrumb\",\"itemListElement\":[{\"@type\":\"ListItem\",\"position\":1,\"name\":\"Home\",\"item\":\"https:\/\/www.gereso.com\/actualites\/\"},{\"@type\":\"ListItem\",\"position\":2,\"name\":\"Lancement d\u2019une consultation publique sur la r\u00e9forme de l\u2019imp\u00f4t sur les soci\u00e9t\u00e9s\"}]},{\"@type\":\"WebSite\",\"@id\":\"https:\/\/www.gereso.com\/actualites\/#website\",\"url\":\"https:\/\/www.gereso.com\/actualites\/\",\"name\":\"Le Blog GERESO\",\"description\":\"Toute l&#039;actu RH, Finance, Fonction Publique, Management...\",\"potentialAction\":[{\"@type\":\"SearchAction\",\"target\":{\"@type\":\"EntryPoint\",\"urlTemplate\":\"https:\/\/www.gereso.com\/actualites\/?s={search_term_string}\"},\"query-input\":{\"@type\":\"PropertyValueSpecification\",\"valueRequired\":true,\"valueName\":\"search_term_string\"}}],\"inLanguage\":\"fr-FR\"},{\"@type\":\"Person\",\"@id\":\"https:\/\/www.gereso.com\/actualites\/#\/schema\/person\/c91814f92d627ed4715993fbbf7c7e8d\",\"name\":\"Damien P\u00e9an\",\"image\":{\"@type\":\"ImageObject\",\"inLanguage\":\"fr-FR\",\"@id\":\"https:\/\/www.gereso.com\/actualites\/#\/schema\/person\/image\/\",\"url\":\"https:\/\/www.gereso.com\/actualites\/wp-content\/uploads\/2016\/03\/damien-pean.jpg\",\"contentUrl\":\"https:\/\/www.gereso.com\/actualites\/wp-content\/uploads\/2016\/03\/damien-pean.jpg\",\"caption\":\"Damien P\u00e9an\"},\"description\":\"Damien P\u00c9AN est titulaire du Dipl\u00f4me d'\u00e9tudes sup\u00e9rieures comptables et financi\u00e8res (DESCF). Il intervient depuis plusieurs ann\u00e9es aupr\u00e8s d'\u00e9tudiants en licence de comptabilit\u00e9 et de gestion, \u00e0 qui il enseigne le contr\u00f4le de gestion, la comptabilit\u00e9 approfondie, le management, la fiscalit\u00e9, le droit des soci\u00e9t\u00e9s et le droit du travail. Il intervient \u00e9galement en formation continue pour le compte de divers organismes de formation sur des th\u00e9matiques techniques en comptabilit\u00e9 et fiscalit\u00e9. Il forme aussi un public de non-initi\u00e9s aux fondamentaux de la finance.\",\"url\":\"https:\/\/www.gereso.com\/actualites\/author\/d-pean\/\"}]}<\/script>\n<!-- \/ Yoast SEO plugin. -->","yoast_head_json":{"title":"Lancement d\u2019une consultation publique sur la r\u00e9forme de l\u2019imp\u00f4t sur les soci\u00e9t\u00e9s - Le Blog GERESO","robots":{"index":"index","follow":"follow","max-snippet":"max-snippet:-1","max-image-preview":"max-image-preview:large","max-video-preview":"max-video-preview:-1"},"canonical":"https:\/\/www.gereso.com\/actualites\/2018\/04\/29\/lancement-dune-consultation-publique-sur-la-reforme-de-limpot-sur-les-societes\/","og_locale":"fr_FR","og_type":"article","og_title":"Lancement d\u2019une consultation publique sur la r\u00e9forme de l\u2019imp\u00f4t sur les soci\u00e9t\u00e9s - Le Blog GERESO","og_description":"Une consultation publique a r\u00e9cemment \u00e9t\u00e9 lanc\u00e9e par le minist\u00e8re de l\u2019\u00c9conomie et des Finances sur diverses r\u00e9formes envisag\u00e9es sur le calcul du b\u00e9n\u00e9fice imposable \u00e0 l\u2019IS. Cette consultation s\u2019\u00e9talera du 24 avril au 11 mai 2018. Des travaux d\u2019origines internationales Le prochain projet de loi de finances devrait notamment permettre de transposer en droit [&hellip;]","og_url":"https:\/\/www.gereso.com\/actualites\/2018\/04\/29\/lancement-dune-consultation-publique-sur-la-reforme-de-limpot-sur-les-societes\/","og_site_name":"Le Blog GERESO","article_published_time":"2018-04-29T21:14:36+00:00","article_modified_time":"2023-01-05T10:53:23+00:00","author":"Damien P\u00e9an","twitter_card":"summary_large_image","schema":{"@context":"https:\/\/schema.org","@graph":[{"@type":"WebPage","@id":"https:\/\/www.gereso.com\/actualites\/2018\/04\/29\/lancement-dune-consultation-publique-sur-la-reforme-de-limpot-sur-les-societes\/","url":"https:\/\/www.gereso.com\/actualites\/2018\/04\/29\/lancement-dune-consultation-publique-sur-la-reforme-de-limpot-sur-les-societes\/","name":"Lancement d\u2019une consultation publique sur la r\u00e9forme de l\u2019imp\u00f4t sur les soci\u00e9t\u00e9s - Le Blog GERESO","isPartOf":{"@id":"https:\/\/www.gereso.com\/actualites\/#website"},"datePublished":"2018-04-29T21:14:36+00:00","dateModified":"2023-01-05T10:53:23+00:00","author":{"@id":"https:\/\/www.gereso.com\/actualites\/#\/schema\/person\/c91814f92d627ed4715993fbbf7c7e8d"},"breadcrumb":{"@id":"https:\/\/www.gereso.com\/actualites\/2018\/04\/29\/lancement-dune-consultation-publique-sur-la-reforme-de-limpot-sur-les-societes\/#breadcrumb"},"inLanguage":"fr-FR","potentialAction":[{"@type":"ReadAction","target":["https:\/\/www.gereso.com\/actualites\/2018\/04\/29\/lancement-dune-consultation-publique-sur-la-reforme-de-limpot-sur-les-societes\/"]}]},{"@type":"BreadcrumbList","@id":"https:\/\/www.gereso.com\/actualites\/2018\/04\/29\/lancement-dune-consultation-publique-sur-la-reforme-de-limpot-sur-les-societes\/#breadcrumb","itemListElement":[{"@type":"ListItem","position":1,"name":"Home","item":"https:\/\/www.gereso.com\/actualites\/"},{"@type":"ListItem","position":2,"name":"Lancement d\u2019une consultation publique sur la r\u00e9forme de l\u2019imp\u00f4t sur les soci\u00e9t\u00e9s"}]},{"@type":"WebSite","@id":"https:\/\/www.gereso.com\/actualites\/#website","url":"https:\/\/www.gereso.com\/actualites\/","name":"Le Blog GERESO","description":"Toute l&#039;actu RH, Finance, Fonction Publique, Management...","potentialAction":[{"@type":"SearchAction","target":{"@type":"EntryPoint","urlTemplate":"https:\/\/www.gereso.com\/actualites\/?s={search_term_string}"},"query-input":{"@type":"PropertyValueSpecification","valueRequired":true,"valueName":"search_term_string"}}],"inLanguage":"fr-FR"},{"@type":"Person","@id":"https:\/\/www.gereso.com\/actualites\/#\/schema\/person\/c91814f92d627ed4715993fbbf7c7e8d","name":"Damien P\u00e9an","image":{"@type":"ImageObject","inLanguage":"fr-FR","@id":"https:\/\/www.gereso.com\/actualites\/#\/schema\/person\/image\/","url":"https:\/\/www.gereso.com\/actualites\/wp-content\/uploads\/2016\/03\/damien-pean.jpg","contentUrl":"https:\/\/www.gereso.com\/actualites\/wp-content\/uploads\/2016\/03\/damien-pean.jpg","caption":"Damien P\u00e9an"},"description":"Damien P\u00c9AN est titulaire du Dipl\u00f4me d'\u00e9tudes sup\u00e9rieures comptables et financi\u00e8res (DESCF). Il intervient depuis plusieurs ann\u00e9es aupr\u00e8s d'\u00e9tudiants en licence de comptabilit\u00e9 et de gestion, \u00e0 qui il enseigne le contr\u00f4le de gestion, la comptabilit\u00e9 approfondie, le management, la fiscalit\u00e9, le droit des soci\u00e9t\u00e9s et le droit du travail. Il intervient \u00e9galement en formation continue pour le compte de divers organismes de formation sur des th\u00e9matiques techniques en comptabilit\u00e9 et fiscalit\u00e9. Il forme aussi un public de non-initi\u00e9s aux fondamentaux de la finance.","url":"https:\/\/www.gereso.com\/actualites\/author\/d-pean\/"}]}},"_links":{"self":[{"href":"https:\/\/www.gereso.com\/actualites\/wp-json\/wp\/v2\/posts\/9187","targetHints":{"allow":["GET"]}}],"collection":[{"href":"https:\/\/www.gereso.com\/actualites\/wp-json\/wp\/v2\/posts"}],"about":[{"href":"https:\/\/www.gereso.com\/actualites\/wp-json\/wp\/v2\/types\/post"}],"author":[{"embeddable":true,"href":"https:\/\/www.gereso.com\/actualites\/wp-json\/wp\/v2\/users\/45"}],"replies":[{"embeddable":true,"href":"https:\/\/www.gereso.com\/actualites\/wp-json\/wp\/v2\/comments?post=9187"}],"version-history":[{"count":2,"href":"https:\/\/www.gereso.com\/actualites\/wp-json\/wp\/v2\/posts\/9187\/revisions"}],"predecessor-version":[{"id":32536,"href":"https:\/\/www.gereso.com\/actualites\/wp-json\/wp\/v2\/posts\/9187\/revisions\/32536"}],"wp:attachment":[{"href":"https:\/\/www.gereso.com\/actualites\/wp-json\/wp\/v2\/media?parent=9187"}],"wp:term":[{"taxonomy":"category","embeddable":true,"href":"https:\/\/www.gereso.com\/actualites\/wp-json\/wp\/v2\/categories?post=9187"},{"taxonomy":"post_tag","embeddable":true,"href":"https:\/\/www.gereso.com\/actualites\/wp-json\/wp\/v2\/tags?post=9187"}],"curies":[{"name":"wp","href":"https:\/\/api.w.org\/{rel}","templated":true}]}}