{"id":9263,"date":"2018-05-18T14:38:55","date_gmt":"2018-05-18T12:38:55","guid":{"rendered":"https:\/\/www.gereso.com\/actualites\/?p=9263"},"modified":"2022-03-14T11:34:51","modified_gmt":"2022-03-14T09:34:51","slug":"ifi-report-au-15-juin","status":"publish","type":"post","link":"https:\/\/www.gereso.com\/actualites\/2018\/05\/18\/ifi-report-au-15-juin\/","title":{"rendered":"IFI : Report au 15 juin"},"content":{"rendered":"<p>Le Gouvernement vient d\u2019indiquer par communiqu\u00e9 qu\u2019il reportait la date limite de d\u00e9p\u00f4t de la d\u00e9claration d\u2019IFI (imp\u00f4t sur la fortune immobili\u00e8re) au 15 juin prochain.<\/p>\n<h2><strong>Une \u00e9ch\u00e9ance pr\u00e9vue initialement entre le 17 mai et le 5 juin<\/strong><\/h2>\n<p>Mis en \u0153uvre \u00e0 compter du 1<sup>er<\/sup> janvier 2018, l\u2019IFI est un imp\u00f4t qui remplace l\u2019ISF (imp\u00f4t de solidarit\u00e9 sur la fortune). Instaur\u00e9 par la loi de finances pour 2018, \u00e0 la diff\u00e9rence de l\u2019ISF, il ne concerne que le patrimoine immobilier des contribuables. Le seuil d\u2019imposition (patrimoine de 1,3 million \u20ac au 1<sup>er<\/sup> janvier) et le bar\u00e8me sont en revanche identiques \u00e0 celui de l\u2019ISF.<\/p>\n<p>\u00c0 l\u2019origine, les contribuables soumis \u00e0 l\u2019IFI devaient transmettre leur d\u00e9claration en m\u00eame temps et \u00e0 la m\u00eame \u00e9ch\u00e9ance que la d\u00e9claration des revenus de 2017, \u00e0 savoir pour le 17 mai en cas de d\u00e9claration papier, et entre le 22 mai et le 5 juin pour les d\u00e9clarations en ligne selon le d\u00e9partement de r\u00e9sidence (22 mai pour les d\u00e9partements n\u00b01 \u00e0 19, 29 mai pour les d\u00e9partements 20 \u00e0 49, 5 juin pour les d\u00e9partements 50 \u00e0 976).<\/p>\n<h2><strong>\u00c9ch\u00e9ance report\u00e9e au 5 juin<\/strong><\/h2>\n<p>Devant les nombreuses interrogations concernant le contenu de la d\u00e9claration, le Gouvernement a annonc\u00e9 la prochaine publication au bulletin officiel des finances publiques (BOFiP) de commentaires sur l\u2019IFI, pour le 8 juin au plus tard.<\/p>\n<p>Dans ces conditions, le minist\u00e8re de l\u2019Action et des comptes publics a pr\u00e9f\u00e9r\u00e9 reporter la date d\u2019\u00e9ch\u00e9ance de cette d\u00e9claration au 15 juin. Ce report concerne \u00e0 la fois, pour les redevables de l\u2019IFI, cet imp\u00f4t et la d\u00e9claration des revenus. Ceux qui ont d\u00e9j\u00e0 transmis ces d\u00e9clarations pourront, le cas \u00e9ch\u00e9ant, transmettre une d\u00e9claration rectificative jusqu\u2019au 15 juin, sans craindre des p\u00e9nalit\u00e9s de retard.<\/p>\n<p>Enfin, le communiqu\u00e9 indique que la case 9GI, sur laquelle devait \u00eatre mentionn\u00e9 le montant des biens immobiliers exon\u00e9r\u00e9s en raison de leur affectation \u00e0 une activit\u00e9 professionnelle, n\u2019est plus \u00e0 compl\u00e9ter.<\/p>\n<p><em>Source<\/em>\u00a0: minist\u00e8re de l\u2019Action et des comptes publics, communiqu\u00e9 de presse n\u00b0280 du 16 mai 2018<\/p>\n<p>https:\/\/www.impots.gouv.fr\/portail\/actualite\/15-juin-delai-supplementaire-pour-le-depot-de-la-declaration-dimpot-sur-la-fortune<\/p>\n","protected":false},"excerpt":{"rendered":"<p>Le Gouvernement vient d\u2019indiquer par communiqu\u00e9 qu\u2019il reportait la date limite de d\u00e9p\u00f4t de la d\u00e9claration d\u2019IFI (imp\u00f4t sur la fortune immobili\u00e8re) au 15 juin prochain. Une \u00e9ch\u00e9ance pr\u00e9vue initialement entre le 17 mai et le 5 juin Mis en \u0153uvre \u00e0 compter du 1er janvier 2018, l\u2019IFI est un imp\u00f4t qui remplace l\u2019ISF (imp\u00f4t [&hellip;]<\/p>\n","protected":false},"author":45,"featured_media":0,"comment_status":"open","ping_status":"open","sticky":false,"template":"","format":"quote","meta":{"_acf_changed":false,"_mi_skip_tracking":false,"footnotes":""},"categories":[12,3],"tags":[1441,1440,1039],"class_list":["post-9263","post","type-post","status-publish","format-quote","hentry","category-actualites","category-comptabilite-fiscalite-et-gestion-financiere","tag-declaration-des-revenus","tag-ifi","tag-impot-sur-le-revenu","post_format-post-format-quote"],"acf":[],"yoast_head":"<!-- This site is optimized with the Yoast SEO plugin v23.4 - https:\/\/yoast.com\/wordpress\/plugins\/seo\/ -->\n<title>IFI : Report au 15 juin - Le Blog GERESO<\/title>\n<meta name=\"robots\" content=\"index, follow, max-snippet:-1, max-image-preview:large, max-video-preview:-1\" \/>\n<link rel=\"canonical\" href=\"https:\/\/www.gereso.com\/actualites\/2018\/05\/18\/ifi-report-au-15-juin\/\" \/>\n<meta property=\"og:locale\" content=\"fr_FR\" \/>\n<meta property=\"og:type\" content=\"article\" \/>\n<meta property=\"og:title\" content=\"IFI : Report au 15 juin - Le Blog GERESO\" \/>\n<meta property=\"og:description\" content=\"Le Gouvernement vient d\u2019indiquer par communiqu\u00e9 qu\u2019il reportait la date limite de d\u00e9p\u00f4t de la d\u00e9claration d\u2019IFI (imp\u00f4t sur la fortune immobili\u00e8re) au 15 juin prochain. Une \u00e9ch\u00e9ance pr\u00e9vue initialement entre le 17 mai et le 5 juin Mis en \u0153uvre \u00e0 compter du 1er janvier 2018, l\u2019IFI est un imp\u00f4t qui remplace l\u2019ISF (imp\u00f4t [&hellip;]\" \/>\n<meta property=\"og:url\" content=\"https:\/\/www.gereso.com\/actualites\/2018\/05\/18\/ifi-report-au-15-juin\/\" \/>\n<meta property=\"og:site_name\" content=\"Le Blog GERESO\" \/>\n<meta property=\"article:published_time\" content=\"2018-05-18T12:38:55+00:00\" \/>\n<meta property=\"article:modified_time\" content=\"2022-03-14T09:34:51+00:00\" \/>\n<meta name=\"author\" content=\"Damien P\u00e9an\" \/>\n<meta name=\"twitter:card\" content=\"summary_large_image\" \/>\n<script type=\"application\/ld+json\" class=\"yoast-schema-graph\">{\"@context\":\"https:\/\/schema.org\",\"@graph\":[{\"@type\":\"WebPage\",\"@id\":\"https:\/\/www.gereso.com\/actualites\/2018\/05\/18\/ifi-report-au-15-juin\/\",\"url\":\"https:\/\/www.gereso.com\/actualites\/2018\/05\/18\/ifi-report-au-15-juin\/\",\"name\":\"IFI : Report au 15 juin - Le Blog GERESO\",\"isPartOf\":{\"@id\":\"https:\/\/www.gereso.com\/actualites\/#website\"},\"datePublished\":\"2018-05-18T12:38:55+00:00\",\"dateModified\":\"2022-03-14T09:34:51+00:00\",\"author\":{\"@id\":\"https:\/\/www.gereso.com\/actualites\/#\/schema\/person\/c91814f92d627ed4715993fbbf7c7e8d\"},\"breadcrumb\":{\"@id\":\"https:\/\/www.gereso.com\/actualites\/2018\/05\/18\/ifi-report-au-15-juin\/#breadcrumb\"},\"inLanguage\":\"fr-FR\",\"potentialAction\":[{\"@type\":\"ReadAction\",\"target\":[\"https:\/\/www.gereso.com\/actualites\/2018\/05\/18\/ifi-report-au-15-juin\/\"]}]},{\"@type\":\"BreadcrumbList\",\"@id\":\"https:\/\/www.gereso.com\/actualites\/2018\/05\/18\/ifi-report-au-15-juin\/#breadcrumb\",\"itemListElement\":[{\"@type\":\"ListItem\",\"position\":1,\"name\":\"Home\",\"item\":\"https:\/\/www.gereso.com\/actualites\/\"},{\"@type\":\"ListItem\",\"position\":2,\"name\":\"IFI : Report au 15 juin\"}]},{\"@type\":\"WebSite\",\"@id\":\"https:\/\/www.gereso.com\/actualites\/#website\",\"url\":\"https:\/\/www.gereso.com\/actualites\/\",\"name\":\"Le Blog GERESO\",\"description\":\"Toute l&#039;actu RH, Finance, Fonction Publique, Management...\",\"potentialAction\":[{\"@type\":\"SearchAction\",\"target\":{\"@type\":\"EntryPoint\",\"urlTemplate\":\"https:\/\/www.gereso.com\/actualites\/?s={search_term_string}\"},\"query-input\":{\"@type\":\"PropertyValueSpecification\",\"valueRequired\":true,\"valueName\":\"search_term_string\"}}],\"inLanguage\":\"fr-FR\"},{\"@type\":\"Person\",\"@id\":\"https:\/\/www.gereso.com\/actualites\/#\/schema\/person\/c91814f92d627ed4715993fbbf7c7e8d\",\"name\":\"Damien P\u00e9an\",\"image\":{\"@type\":\"ImageObject\",\"inLanguage\":\"fr-FR\",\"@id\":\"https:\/\/www.gereso.com\/actualites\/#\/schema\/person\/image\/\",\"url\":\"https:\/\/www.gereso.com\/actualites\/wp-content\/uploads\/2016\/03\/damien-pean.jpg\",\"contentUrl\":\"https:\/\/www.gereso.com\/actualites\/wp-content\/uploads\/2016\/03\/damien-pean.jpg\",\"caption\":\"Damien P\u00e9an\"},\"description\":\"Damien P\u00c9AN est titulaire du Dipl\u00f4me d'\u00e9tudes sup\u00e9rieures comptables et financi\u00e8res (DESCF). Il intervient depuis plusieurs ann\u00e9es aupr\u00e8s d'\u00e9tudiants en licence de comptabilit\u00e9 et de gestion, \u00e0 qui il enseigne le contr\u00f4le de gestion, la comptabilit\u00e9 approfondie, le management, la fiscalit\u00e9, le droit des soci\u00e9t\u00e9s et le droit du travail. Il intervient \u00e9galement en formation continue pour le compte de divers organismes de formation sur des th\u00e9matiques techniques en comptabilit\u00e9 et fiscalit\u00e9. Il forme aussi un public de non-initi\u00e9s aux fondamentaux de la finance.\",\"url\":\"https:\/\/www.gereso.com\/actualites\/author\/d-pean\/\"}]}<\/script>\n<!-- \/ Yoast SEO plugin. -->","yoast_head_json":{"title":"IFI : Report au 15 juin - Le Blog GERESO","robots":{"index":"index","follow":"follow","max-snippet":"max-snippet:-1","max-image-preview":"max-image-preview:large","max-video-preview":"max-video-preview:-1"},"canonical":"https:\/\/www.gereso.com\/actualites\/2018\/05\/18\/ifi-report-au-15-juin\/","og_locale":"fr_FR","og_type":"article","og_title":"IFI : Report au 15 juin - Le Blog GERESO","og_description":"Le Gouvernement vient d\u2019indiquer par communiqu\u00e9 qu\u2019il reportait la date limite de d\u00e9p\u00f4t de la d\u00e9claration d\u2019IFI (imp\u00f4t sur la fortune immobili\u00e8re) au 15 juin prochain. Une \u00e9ch\u00e9ance pr\u00e9vue initialement entre le 17 mai et le 5 juin Mis en \u0153uvre \u00e0 compter du 1er janvier 2018, l\u2019IFI est un imp\u00f4t qui remplace l\u2019ISF (imp\u00f4t [&hellip;]","og_url":"https:\/\/www.gereso.com\/actualites\/2018\/05\/18\/ifi-report-au-15-juin\/","og_site_name":"Le Blog GERESO","article_published_time":"2018-05-18T12:38:55+00:00","article_modified_time":"2022-03-14T09:34:51+00:00","author":"Damien P\u00e9an","twitter_card":"summary_large_image","schema":{"@context":"https:\/\/schema.org","@graph":[{"@type":"WebPage","@id":"https:\/\/www.gereso.com\/actualites\/2018\/05\/18\/ifi-report-au-15-juin\/","url":"https:\/\/www.gereso.com\/actualites\/2018\/05\/18\/ifi-report-au-15-juin\/","name":"IFI : Report au 15 juin - Le Blog GERESO","isPartOf":{"@id":"https:\/\/www.gereso.com\/actualites\/#website"},"datePublished":"2018-05-18T12:38:55+00:00","dateModified":"2022-03-14T09:34:51+00:00","author":{"@id":"https:\/\/www.gereso.com\/actualites\/#\/schema\/person\/c91814f92d627ed4715993fbbf7c7e8d"},"breadcrumb":{"@id":"https:\/\/www.gereso.com\/actualites\/2018\/05\/18\/ifi-report-au-15-juin\/#breadcrumb"},"inLanguage":"fr-FR","potentialAction":[{"@type":"ReadAction","target":["https:\/\/www.gereso.com\/actualites\/2018\/05\/18\/ifi-report-au-15-juin\/"]}]},{"@type":"BreadcrumbList","@id":"https:\/\/www.gereso.com\/actualites\/2018\/05\/18\/ifi-report-au-15-juin\/#breadcrumb","itemListElement":[{"@type":"ListItem","position":1,"name":"Home","item":"https:\/\/www.gereso.com\/actualites\/"},{"@type":"ListItem","position":2,"name":"IFI : Report au 15 juin"}]},{"@type":"WebSite","@id":"https:\/\/www.gereso.com\/actualites\/#website","url":"https:\/\/www.gereso.com\/actualites\/","name":"Le Blog GERESO","description":"Toute l&#039;actu RH, Finance, Fonction Publique, Management...","potentialAction":[{"@type":"SearchAction","target":{"@type":"EntryPoint","urlTemplate":"https:\/\/www.gereso.com\/actualites\/?s={search_term_string}"},"query-input":{"@type":"PropertyValueSpecification","valueRequired":true,"valueName":"search_term_string"}}],"inLanguage":"fr-FR"},{"@type":"Person","@id":"https:\/\/www.gereso.com\/actualites\/#\/schema\/person\/c91814f92d627ed4715993fbbf7c7e8d","name":"Damien P\u00e9an","image":{"@type":"ImageObject","inLanguage":"fr-FR","@id":"https:\/\/www.gereso.com\/actualites\/#\/schema\/person\/image\/","url":"https:\/\/www.gereso.com\/actualites\/wp-content\/uploads\/2016\/03\/damien-pean.jpg","contentUrl":"https:\/\/www.gereso.com\/actualites\/wp-content\/uploads\/2016\/03\/damien-pean.jpg","caption":"Damien P\u00e9an"},"description":"Damien P\u00c9AN est titulaire du Dipl\u00f4me d'\u00e9tudes sup\u00e9rieures comptables et financi\u00e8res (DESCF). Il intervient depuis plusieurs ann\u00e9es aupr\u00e8s d'\u00e9tudiants en licence de comptabilit\u00e9 et de gestion, \u00e0 qui il enseigne le contr\u00f4le de gestion, la comptabilit\u00e9 approfondie, le management, la fiscalit\u00e9, le droit des soci\u00e9t\u00e9s et le droit du travail. Il intervient \u00e9galement en formation continue pour le compte de divers organismes de formation sur des th\u00e9matiques techniques en comptabilit\u00e9 et fiscalit\u00e9. Il forme aussi un public de non-initi\u00e9s aux fondamentaux de la finance.","url":"https:\/\/www.gereso.com\/actualites\/author\/d-pean\/"}]}},"_links":{"self":[{"href":"https:\/\/www.gereso.com\/actualites\/wp-json\/wp\/v2\/posts\/9263","targetHints":{"allow":["GET"]}}],"collection":[{"href":"https:\/\/www.gereso.com\/actualites\/wp-json\/wp\/v2\/posts"}],"about":[{"href":"https:\/\/www.gereso.com\/actualites\/wp-json\/wp\/v2\/types\/post"}],"author":[{"embeddable":true,"href":"https:\/\/www.gereso.com\/actualites\/wp-json\/wp\/v2\/users\/45"}],"replies":[{"embeddable":true,"href":"https:\/\/www.gereso.com\/actualites\/wp-json\/wp\/v2\/comments?post=9263"}],"version-history":[{"count":3,"href":"https:\/\/www.gereso.com\/actualites\/wp-json\/wp\/v2\/posts\/9263\/revisions"}],"predecessor-version":[{"id":26330,"href":"https:\/\/www.gereso.com\/actualites\/wp-json\/wp\/v2\/posts\/9263\/revisions\/26330"}],"wp:attachment":[{"href":"https:\/\/www.gereso.com\/actualites\/wp-json\/wp\/v2\/media?parent=9263"}],"wp:term":[{"taxonomy":"category","embeddable":true,"href":"https:\/\/www.gereso.com\/actualites\/wp-json\/wp\/v2\/categories?post=9263"},{"taxonomy":"post_tag","embeddable":true,"href":"https:\/\/www.gereso.com\/actualites\/wp-json\/wp\/v2\/tags?post=9263"}],"curies":[{"name":"wp","href":"https:\/\/api.w.org\/{rel}","templated":true}]}}