{"id":931,"date":"2013-02-11T17:30:30","date_gmt":"2013-02-11T15:30:30","guid":{"rendered":"https:\/\/www.gereso.com\/actualites\/?p=931"},"modified":"2013-02-11T17:30:30","modified_gmt":"2013-02-11T15:30:30","slug":"mobilite-internationale-une-conference-sur-la-prise-en-compte-des-aspects-medicaux-par-les-professionnels-rh","status":"publish","type":"post","link":"https:\/\/www.gereso.com\/actualites\/2013\/02\/11\/mobilite-internationale-une-conference-sur-la-prise-en-compte-des-aspects-medicaux-par-les-professionnels-rh\/","title":{"rendered":"Mobilit\u00e9 internationale : une conf\u00e9rence sur la prise en compte des aspects m\u00e9dicaux par les professionnels RH."},"content":{"rendered":"<p><i><span style=\"font-size: medium;\">En mati\u00e8re de gestion des personnels expatri\u00e9s, un grand pas a \u00e9t\u00e9 franchi en g\u00e9n\u00e9ralisant <b>l\u2019accompagnement aux familles de professionnels migrants,<\/b> et particuli\u00e8rement en prenant en compte <b>leur s\u00e9curit\u00e9 et leur bien-\u00eatre.<\/b> Parmi les pr\u00e9occupations principales des familles expatri\u00e9es que sont l\u2019h\u00e9bergement, la scolarit\u00e9, les formalit\u00e9s administratives et <b>la sant\u00e9,<\/b> c\u2019est sur ce dernier aspect que <\/span><b><span style=\"font-size: medium;\">l\u2019expertise RH reste encore particuli\u00e8rement perfectible.<\/span> <\/b><\/i><\/p>\n<p><img fetchpriority=\"high\" decoding=\"async\" class=\"aligncenter size-full wp-image-932\" alt=\"mondissimo 2013\" src=\"https:\/\/www.gereso.com\/actualites\/wp-content\/uploads\/2013\/02\/mondissimo-2013-1.jpg\" width=\"533\" height=\"130\" srcset=\"https:\/\/www.gereso.com\/actualites\/wp-content\/uploads\/2013\/02\/mondissimo-2013-1.jpg 533w, https:\/\/www.gereso.com\/actualites\/wp-content\/uploads\/2013\/02\/mondissimo-2013-1-300x73.jpg 300w\" sizes=\"(max-width: 533px) 100vw, 533px\" \/><\/p>\n<p><i>Pour permettre aux professionnels des ressources humaines de mieux mesurer <b>les enjeux et leur r\u00f4le d&rsquo;information en mati\u00e8re de sant\u00e9 des expatri\u00e9s<\/b>, GERESO organise <\/i><i>une conf\u00e9rence gratuite<\/i><i> sur ce th\u00e8me au cours de la <\/i><i>Convention Mondissimo, le 19 mars prochain<\/i><i>. <\/i><\/p>\n<p>&nbsp;<\/p>\n<h2>L&rsquo;aspect m\u00e9dico-social en mobilit\u00e9 internationale : un domaine d&rsquo;information et d&rsquo;action peu trait\u00e9 par les services ressources humaines.<\/h2>\n<p>Les aspects m\u00e9dico-sociaux sp\u00e9cifiques des expatri\u00e9s et des familles d&rsquo;expatri\u00e9s sont encore peu document\u00e9s et les entreprises se limitent souvent aux <b>4 domaines d&rsquo;information et d&rsquo;action suivants\u00a0:<\/b><\/p>\n<ul>\n<li><b>Information<\/b>\u00a0: fr\u00e9quemment sous la forme de \u00ab\u00a0conseils aux voyageurs\u00a0\u00bb et pla\u00e7ant insuffisamment le statut d\u2019expatri\u00e9 au centre d\u2019une approche m\u00e9dicale.<\/li>\n<li><b>Suivi de m\u00e9decine de travail\u00a0<\/b>: n\u2019ayant pas vocation d\u2019assurer un bien-\u00eatre physique et psychique \u00e0 l\u2019employ\u00e9 sur son sol d\u2019accueil mais seulement de veiller \u00e0 son aptitude au poste professionnel. Ce suivi\u00a0 peut \u00eatre l\u2019occasion de d\u00e9pistage de maladie mais ne concerne \u00e9videmment pas les conjoints et enfants.<\/li>\n<li><b>Infirmerie sur site\u00a0<\/b>: uniquement charg\u00e9e des soins imm\u00e9diats<\/li>\n<li><b>Liste de m\u00e9decins parlant la langue du public cible\u00a0<\/b>: g\u00e9n\u00e9ralement sans v\u00e9rification du niveau de comp\u00e9tence linguistique. D\u2019ailleurs la langue parl\u00e9e n\u2019est pas le seul param\u00e8tre d\u2019inter-compr\u00e9hension entre soignants et patients en situation transculturelle.<\/li>\n<\/ul>\n<p>&nbsp;<\/p>\n<h2>Sant\u00e9 des expatri\u00e9s : une conf\u00e9rence et une formation d\u00e9di\u00e9es aux services RH.<\/h2>\n<p>Dans une conf\u00e9rence intitul\u00e9e<b> <\/b><b>\u00ab\u00a0<\/b><b>R\u00e9ponse des entreprises aux besoins m\u00e9dicaux sp\u00e9cifiques des familles de professionnels migrants<\/b><b>\u00a0\u00bb<\/b><b>,<\/b> le Docteur Franck Scola \u00e9voquera le 19 mars 2013 \u00e0 9h30, au cours de la Convention Mondissimo 2013, les risques m\u00e9dicaux li\u00e9s \u00e0 l\u2019expatriation, les enjeux de la transculturalit\u00e9 dans le soin, et l\u2019int\u00e9r\u00eat pour l\u2019entreprise de garantir une offre m\u00e9dicale optimale aux conjoints et enfants.<\/p>\n<p>Cette conf\u00e9rence anim\u00e9e par le Docteur Scola au cours de la Convention Mondissimo 2013 sera l\u2019occasion pour GERESO d\u2019annoncer son nouveau stage de formation interentreprises <b>\u00ab\u00a0<\/b><b>Aspects sanitaires et m\u00e9dicaux de la mobilit\u00e9 internationale<\/b><b>\u00ab\u00a0,<\/b><b> <\/b>\u00e9galement propos\u00e9e en formule intra-entreprise, avec un programme personnalis\u00e9, pour r\u00e9pondre aux enjeux sp\u00e9cifiques des entreprises.<\/p>\n<p>Cette nouvelle formation est propos\u00e9e aux personnels RH soucieux d\u2019apporter aux familles expatri\u00e9es une meilleure information sur les questions sanitaires qui les concernent, de leur permettre un meilleur acc\u00e8s aux soins, et de veiller \u00e0 ce que l\u2019offre m\u00e9dicale leur soit adapt\u00e9e.<\/p>\n<p>&nbsp;<\/p>\n<h2>Les points abord\u00e9s au cours de la conf\u00e9rence :<\/h2>\n<ul>\n<li>Impact physique et psychique du changement de sol<\/li>\n<li>Cons\u00e9quences sur la vie conjugale, la vie scolaire, la vie professionnelle<\/li>\n<li>Enjeux de la transculturalit\u00e9 dans le soin<\/li>\n<li>Notion de vuln\u00e9rabilit\u00e9 et trauma migratoire<\/li>\n<li>Difficult\u00e9s dans le recours aux soins<\/li>\n<li>Condition du conjoint-suiveur et des enfants<\/li>\n<li>R\u00f4le d\u2019interface de l\u2019entreprise entre les familles et le syst\u00e8me de sant\u00e9<\/li>\n<\/ul>\n<p>Cette conf\u00e9rence, parrain\u00e9e par GERESO, est anim\u00e9e par le Docteur Franck Scola\u00a0: <b>\u00ab\u00a0R\u00e9ponse des entreprises aux besoins m\u00e9dicaux sp\u00e9cifiques des familles de professionnels migrants\u00a0\u00bb<\/b>. Mardi 19 mars \u00e0 9h30 \u2013 Convention Mondissimo 2013,\u00a0 Palais Brongnart, Place de la Bourse, Paris. Entr\u00e9e gratuite.<\/p>\n<p>&nbsp;<\/p>\n<h2>L&rsquo;intervenant<b> <\/b><\/h2>\n<p><img decoding=\"async\" class=\"aligncenter size-full wp-image-935\" style=\"float: left; margin-left: 20px; margin-right: 20px;\" alt=\"fanck-scola\" src=\"https:\/\/www.gereso.com\/actualites\/wp-content\/uploads\/2013\/02\/fanck-scola1-1.jpg\" width=\"94\" height=\"125\" \/>M\u00e9decin g\u00e9n\u00e9raliste, le docteur Franck Scola est orient\u00e9 sur les <b>probl\u00e9matiques sp\u00e9cifiques des professionnels migrants et de leurs familles<\/b>. Dipl\u00f4m\u00e9 de psychiatrie transculturelle et m\u00e9diateur interculturel certifi\u00e9, il est l&rsquo;auteur d\u2019\u00e9tudes sur les aspects m\u00e9dico-sociaux en situation migratoire et transculturelle. Consultant formateur pour GERESO dans le domaine de la mobilit\u00e9 internationale, il anime notamment <b>la formation interentreprise <\/b><b>\u00ab\u00a0<\/b><b>Aspects sanitaires et m\u00e9dicaux de la mobilit\u00e9 internationale<\/b><b>\u00ab\u00a0<\/b><b>.<\/b><\/p>\n","protected":false},"excerpt":{"rendered":"<p>En mati\u00e8re de gestion des personnels expatri\u00e9s, un grand pas a \u00e9t\u00e9 franchi en g\u00e9n\u00e9ralisant l\u2019accompagnement aux familles de professionnels migrants, et particuli\u00e8rement en prenant en compte leur s\u00e9curit\u00e9 et leur bien-\u00eatre. Parmi les pr\u00e9occupations principales des familles expatri\u00e9es que sont l\u2019h\u00e9bergement, la scolarit\u00e9, les formalit\u00e9s administratives et la sant\u00e9, c\u2019est sur ce dernier aspect [&hellip;]<\/p>\n","protected":false},"author":3,"featured_media":932,"comment_status":"open","ping_status":"open","sticky":false,"template":"","format":"standard","meta":{"_acf_changed":false,"_mi_skip_tracking":false,"footnotes":""},"categories":[12,7],"tags":[132,85],"class_list":["post-931","post","type-post","status-publish","format-standard","has-post-thumbnail","hentry","category-actualites","category-mobilite-internationale","tag-conference","tag-mobilite-internationale-2"],"acf":[],"yoast_head":"<!-- This site is optimized with the Yoast SEO plugin v23.4 - https:\/\/yoast.com\/wordpress\/plugins\/seo\/ -->\n<title>Mobilit\u00e9 internationale : une conf\u00e9rence sur la prise en compte des aspects m\u00e9dicaux par les professionnels RH. - Le Blog GERESO<\/title>\n<meta name=\"robots\" content=\"index, follow, max-snippet:-1, max-image-preview:large, max-video-preview:-1\" \/>\n<link rel=\"canonical\" href=\"https:\/\/www.gereso.com\/actualites\/2013\/02\/11\/mobilite-internationale-une-conference-sur-la-prise-en-compte-des-aspects-medicaux-par-les-professionnels-rh\/\" \/>\n<meta property=\"og:locale\" content=\"fr_FR\" \/>\n<meta property=\"og:type\" content=\"article\" \/>\n<meta property=\"og:title\" content=\"Mobilit\u00e9 internationale : une conf\u00e9rence sur la prise en compte des aspects m\u00e9dicaux par les professionnels RH. - Le Blog GERESO\" \/>\n<meta property=\"og:description\" content=\"En mati\u00e8re de gestion des personnels expatri\u00e9s, un grand pas a \u00e9t\u00e9 franchi en g\u00e9n\u00e9ralisant l\u2019accompagnement aux familles de professionnels migrants, et particuli\u00e8rement en prenant en compte leur s\u00e9curit\u00e9 et leur bien-\u00eatre. Parmi les pr\u00e9occupations principales des familles expatri\u00e9es que sont l\u2019h\u00e9bergement, la scolarit\u00e9, les formalit\u00e9s administratives et la sant\u00e9, c\u2019est sur ce dernier aspect [&hellip;]\" \/>\n<meta property=\"og:url\" content=\"https:\/\/www.gereso.com\/actualites\/2013\/02\/11\/mobilite-internationale-une-conference-sur-la-prise-en-compte-des-aspects-medicaux-par-les-professionnels-rh\/\" \/>\n<meta property=\"og:site_name\" content=\"Le Blog GERESO\" \/>\n<meta property=\"article:published_time\" content=\"2013-02-11T15:30:30+00:00\" \/>\n<meta property=\"og:image\" content=\"https:\/\/www.gereso.com\/actualites\/wp-content\/uploads\/2013\/02\/mondissimo-2013-1.jpg\" \/>\n\t<meta property=\"og:image:width\" content=\"533\" \/>\n\t<meta property=\"og:image:height\" content=\"130\" \/>\n\t<meta property=\"og:image:type\" content=\"image\/jpeg\" \/>\n<meta name=\"author\" content=\"Herv\u00e9 Rioche\" \/>\n<meta name=\"twitter:card\" content=\"summary_large_image\" \/>\n<script type=\"application\/ld+json\" class=\"yoast-schema-graph\">{\"@context\":\"https:\/\/schema.org\",\"@graph\":[{\"@type\":\"WebPage\",\"@id\":\"https:\/\/www.gereso.com\/actualites\/2013\/02\/11\/mobilite-internationale-une-conference-sur-la-prise-en-compte-des-aspects-medicaux-par-les-professionnels-rh\/\",\"url\":\"https:\/\/www.gereso.com\/actualites\/2013\/02\/11\/mobilite-internationale-une-conference-sur-la-prise-en-compte-des-aspects-medicaux-par-les-professionnels-rh\/\",\"name\":\"Mobilit\u00e9 internationale : une conf\u00e9rence sur la prise en compte des aspects m\u00e9dicaux par les professionnels RH. - Le Blog GERESO\",\"isPartOf\":{\"@id\":\"https:\/\/www.gereso.com\/actualites\/#website\"},\"primaryImageOfPage\":{\"@id\":\"https:\/\/www.gereso.com\/actualites\/2013\/02\/11\/mobilite-internationale-une-conference-sur-la-prise-en-compte-des-aspects-medicaux-par-les-professionnels-rh\/#primaryimage\"},\"image\":{\"@id\":\"https:\/\/www.gereso.com\/actualites\/2013\/02\/11\/mobilite-internationale-une-conference-sur-la-prise-en-compte-des-aspects-medicaux-par-les-professionnels-rh\/#primaryimage\"},\"thumbnailUrl\":\"https:\/\/www.gereso.com\/actualites\/wp-content\/uploads\/2013\/02\/mondissimo-2013-1.jpg\",\"datePublished\":\"2013-02-11T15:30:30+00:00\",\"dateModified\":\"2013-02-11T15:30:30+00:00\",\"author\":{\"@id\":\"https:\/\/www.gereso.com\/actualites\/#\/schema\/person\/17a83069da769d82fea1dc1ec33e7083\"},\"breadcrumb\":{\"@id\":\"https:\/\/www.gereso.com\/actualites\/2013\/02\/11\/mobilite-internationale-une-conference-sur-la-prise-en-compte-des-aspects-medicaux-par-les-professionnels-rh\/#breadcrumb\"},\"inLanguage\":\"fr-FR\",\"potentialAction\":[{\"@type\":\"ReadAction\",\"target\":[\"https:\/\/www.gereso.com\/actualites\/2013\/02\/11\/mobilite-internationale-une-conference-sur-la-prise-en-compte-des-aspects-medicaux-par-les-professionnels-rh\/\"]}]},{\"@type\":\"ImageObject\",\"inLanguage\":\"fr-FR\",\"@id\":\"https:\/\/www.gereso.com\/actualites\/2013\/02\/11\/mobilite-internationale-une-conference-sur-la-prise-en-compte-des-aspects-medicaux-par-les-professionnels-rh\/#primaryimage\",\"url\":\"https:\/\/www.gereso.com\/actualites\/wp-content\/uploads\/2013\/02\/mondissimo-2013-1.jpg\",\"contentUrl\":\"https:\/\/www.gereso.com\/actualites\/wp-content\/uploads\/2013\/02\/mondissimo-2013-1.jpg\",\"width\":533,\"height\":130},{\"@type\":\"BreadcrumbList\",\"@id\":\"https:\/\/www.gereso.com\/actualites\/2013\/02\/11\/mobilite-internationale-une-conference-sur-la-prise-en-compte-des-aspects-medicaux-par-les-professionnels-rh\/#breadcrumb\",\"itemListElement\":[{\"@type\":\"ListItem\",\"position\":1,\"name\":\"Home\",\"item\":\"https:\/\/www.gereso.com\/actualites\/\"},{\"@type\":\"ListItem\",\"position\":2,\"name\":\"Mobilit\u00e9 internationale : une conf\u00e9rence sur la prise en compte des aspects m\u00e9dicaux par les professionnels RH.\"}]},{\"@type\":\"WebSite\",\"@id\":\"https:\/\/www.gereso.com\/actualites\/#website\",\"url\":\"https:\/\/www.gereso.com\/actualites\/\",\"name\":\"Le Blog GERESO\",\"description\":\"Toute l&#039;actu RH, Finance, Fonction Publique, Management...\",\"potentialAction\":[{\"@type\":\"SearchAction\",\"target\":{\"@type\":\"EntryPoint\",\"urlTemplate\":\"https:\/\/www.gereso.com\/actualites\/?s={search_term_string}\"},\"query-input\":{\"@type\":\"PropertyValueSpecification\",\"valueRequired\":true,\"valueName\":\"search_term_string\"}}],\"inLanguage\":\"fr-FR\"},{\"@type\":\"Person\",\"@id\":\"https:\/\/www.gereso.com\/actualites\/#\/schema\/person\/17a83069da769d82fea1dc1ec33e7083\",\"name\":\"Herv\u00e9 Rioche\",\"image\":{\"@type\":\"ImageObject\",\"inLanguage\":\"fr-FR\",\"@id\":\"https:\/\/www.gereso.com\/actualites\/#\/schema\/person\/image\/\",\"url\":\"https:\/\/www.gereso.com\/actualites\/wp-content\/uploads\/2017\/05\/HerveRioche_144x144.jpg\",\"contentUrl\":\"https:\/\/www.gereso.com\/actualites\/wp-content\/uploads\/2017\/05\/HerveRioche_144x144.jpg\",\"caption\":\"Herv\u00e9 Rioche\"},\"url\":\"https:\/\/www.gereso.com\/actualites\/author\/h-rioche\/\"}]}<\/script>\n<!-- \/ Yoast SEO plugin. -->","yoast_head_json":{"title":"Mobilit\u00e9 internationale : une conf\u00e9rence sur la prise en compte des aspects m\u00e9dicaux par les professionnels RH. - Le Blog GERESO","robots":{"index":"index","follow":"follow","max-snippet":"max-snippet:-1","max-image-preview":"max-image-preview:large","max-video-preview":"max-video-preview:-1"},"canonical":"https:\/\/www.gereso.com\/actualites\/2013\/02\/11\/mobilite-internationale-une-conference-sur-la-prise-en-compte-des-aspects-medicaux-par-les-professionnels-rh\/","og_locale":"fr_FR","og_type":"article","og_title":"Mobilit\u00e9 internationale : une conf\u00e9rence sur la prise en compte des aspects m\u00e9dicaux par les professionnels RH. - Le Blog GERESO","og_description":"En mati\u00e8re de gestion des personnels expatri\u00e9s, un grand pas a \u00e9t\u00e9 franchi en g\u00e9n\u00e9ralisant l\u2019accompagnement aux familles de professionnels migrants, et particuli\u00e8rement en prenant en compte leur s\u00e9curit\u00e9 et leur bien-\u00eatre. Parmi les pr\u00e9occupations principales des familles expatri\u00e9es que sont l\u2019h\u00e9bergement, la scolarit\u00e9, les formalit\u00e9s administratives et la sant\u00e9, c\u2019est sur ce dernier aspect [&hellip;]","og_url":"https:\/\/www.gereso.com\/actualites\/2013\/02\/11\/mobilite-internationale-une-conference-sur-la-prise-en-compte-des-aspects-medicaux-par-les-professionnels-rh\/","og_site_name":"Le Blog GERESO","article_published_time":"2013-02-11T15:30:30+00:00","og_image":[{"width":533,"height":130,"url":"https:\/\/www.gereso.com\/actualites\/wp-content\/uploads\/2013\/02\/mondissimo-2013-1.jpg","type":"image\/jpeg"}],"author":"Herv\u00e9 Rioche","twitter_card":"summary_large_image","schema":{"@context":"https:\/\/schema.org","@graph":[{"@type":"WebPage","@id":"https:\/\/www.gereso.com\/actualites\/2013\/02\/11\/mobilite-internationale-une-conference-sur-la-prise-en-compte-des-aspects-medicaux-par-les-professionnels-rh\/","url":"https:\/\/www.gereso.com\/actualites\/2013\/02\/11\/mobilite-internationale-une-conference-sur-la-prise-en-compte-des-aspects-medicaux-par-les-professionnels-rh\/","name":"Mobilit\u00e9 internationale : une conf\u00e9rence sur la prise en compte des aspects m\u00e9dicaux par les professionnels RH. - Le Blog GERESO","isPartOf":{"@id":"https:\/\/www.gereso.com\/actualites\/#website"},"primaryImageOfPage":{"@id":"https:\/\/www.gereso.com\/actualites\/2013\/02\/11\/mobilite-internationale-une-conference-sur-la-prise-en-compte-des-aspects-medicaux-par-les-professionnels-rh\/#primaryimage"},"image":{"@id":"https:\/\/www.gereso.com\/actualites\/2013\/02\/11\/mobilite-internationale-une-conference-sur-la-prise-en-compte-des-aspects-medicaux-par-les-professionnels-rh\/#primaryimage"},"thumbnailUrl":"https:\/\/www.gereso.com\/actualites\/wp-content\/uploads\/2013\/02\/mondissimo-2013-1.jpg","datePublished":"2013-02-11T15:30:30+00:00","dateModified":"2013-02-11T15:30:30+00:00","author":{"@id":"https:\/\/www.gereso.com\/actualites\/#\/schema\/person\/17a83069da769d82fea1dc1ec33e7083"},"breadcrumb":{"@id":"https:\/\/www.gereso.com\/actualites\/2013\/02\/11\/mobilite-internationale-une-conference-sur-la-prise-en-compte-des-aspects-medicaux-par-les-professionnels-rh\/#breadcrumb"},"inLanguage":"fr-FR","potentialAction":[{"@type":"ReadAction","target":["https:\/\/www.gereso.com\/actualites\/2013\/02\/11\/mobilite-internationale-une-conference-sur-la-prise-en-compte-des-aspects-medicaux-par-les-professionnels-rh\/"]}]},{"@type":"ImageObject","inLanguage":"fr-FR","@id":"https:\/\/www.gereso.com\/actualites\/2013\/02\/11\/mobilite-internationale-une-conference-sur-la-prise-en-compte-des-aspects-medicaux-par-les-professionnels-rh\/#primaryimage","url":"https:\/\/www.gereso.com\/actualites\/wp-content\/uploads\/2013\/02\/mondissimo-2013-1.jpg","contentUrl":"https:\/\/www.gereso.com\/actualites\/wp-content\/uploads\/2013\/02\/mondissimo-2013-1.jpg","width":533,"height":130},{"@type":"BreadcrumbList","@id":"https:\/\/www.gereso.com\/actualites\/2013\/02\/11\/mobilite-internationale-une-conference-sur-la-prise-en-compte-des-aspects-medicaux-par-les-professionnels-rh\/#breadcrumb","itemListElement":[{"@type":"ListItem","position":1,"name":"Home","item":"https:\/\/www.gereso.com\/actualites\/"},{"@type":"ListItem","position":2,"name":"Mobilit\u00e9 internationale : une conf\u00e9rence sur la prise en compte des aspects m\u00e9dicaux par les professionnels RH."}]},{"@type":"WebSite","@id":"https:\/\/www.gereso.com\/actualites\/#website","url":"https:\/\/www.gereso.com\/actualites\/","name":"Le Blog GERESO","description":"Toute l&#039;actu RH, Finance, Fonction Publique, Management...","potentialAction":[{"@type":"SearchAction","target":{"@type":"EntryPoint","urlTemplate":"https:\/\/www.gereso.com\/actualites\/?s={search_term_string}"},"query-input":{"@type":"PropertyValueSpecification","valueRequired":true,"valueName":"search_term_string"}}],"inLanguage":"fr-FR"},{"@type":"Person","@id":"https:\/\/www.gereso.com\/actualites\/#\/schema\/person\/17a83069da769d82fea1dc1ec33e7083","name":"Herv\u00e9 Rioche","image":{"@type":"ImageObject","inLanguage":"fr-FR","@id":"https:\/\/www.gereso.com\/actualites\/#\/schema\/person\/image\/","url":"https:\/\/www.gereso.com\/actualites\/wp-content\/uploads\/2017\/05\/HerveRioche_144x144.jpg","contentUrl":"https:\/\/www.gereso.com\/actualites\/wp-content\/uploads\/2017\/05\/HerveRioche_144x144.jpg","caption":"Herv\u00e9 Rioche"},"url":"https:\/\/www.gereso.com\/actualites\/author\/h-rioche\/"}]}},"_links":{"self":[{"href":"https:\/\/www.gereso.com\/actualites\/wp-json\/wp\/v2\/posts\/931","targetHints":{"allow":["GET"]}}],"collection":[{"href":"https:\/\/www.gereso.com\/actualites\/wp-json\/wp\/v2\/posts"}],"about":[{"href":"https:\/\/www.gereso.com\/actualites\/wp-json\/wp\/v2\/types\/post"}],"author":[{"embeddable":true,"href":"https:\/\/www.gereso.com\/actualites\/wp-json\/wp\/v2\/users\/3"}],"replies":[{"embeddable":true,"href":"https:\/\/www.gereso.com\/actualites\/wp-json\/wp\/v2\/comments?post=931"}],"version-history":[{"count":0,"href":"https:\/\/www.gereso.com\/actualites\/wp-json\/wp\/v2\/posts\/931\/revisions"}],"wp:featuredmedia":[{"embeddable":true,"href":"https:\/\/www.gereso.com\/actualites\/wp-json\/wp\/v2\/media\/932"}],"wp:attachment":[{"href":"https:\/\/www.gereso.com\/actualites\/wp-json\/wp\/v2\/media?parent=931"}],"wp:term":[{"taxonomy":"category","embeddable":true,"href":"https:\/\/www.gereso.com\/actualites\/wp-json\/wp\/v2\/categories?post=931"},{"taxonomy":"post_tag","embeddable":true,"href":"https:\/\/www.gereso.com\/actualites\/wp-json\/wp\/v2\/tags?post=931"}],"curies":[{"name":"wp","href":"https:\/\/api.w.org\/{rel}","templated":true}]}}