{"id":9321,"date":"2018-06-10T22:16:42","date_gmt":"2018-06-10T20:16:42","guid":{"rendered":"https:\/\/www.gereso.com\/actualites\/?p=9321"},"modified":"2018-06-10T23:14:58","modified_gmt":"2018-06-10T21:14:58","slug":"tvs-les-commentaires-de-ladministration","status":"publish","type":"post","link":"https:\/\/www.gereso.com\/actualites\/2018\/06\/10\/tvs-les-commentaires-de-ladministration\/","title":{"rendered":"TVS : les commentaires de l\u2019administration"},"content":{"rendered":"<p>Le bar\u00e8me de la taxe sur les v\u00e9hicules de soci\u00e9t\u00e9s (<strong>TVS<\/strong>) pour les v\u00e9hicules utilis\u00e9s en 2018 ainsi que les exon\u00e9rations dont b\u00e9n\u00e9ficient certains v\u00e9hicules ont \u00e9t\u00e9 modifi\u00e9s par la loi de financement de la S\u00e9curit\u00e9 sociale pour 2018. Toutes ces nouveaut\u00e9s viennent d\u2019\u00eatre comment\u00e9es au<strong> BOFiP<\/strong>, dans une publication du 6 juin 2018.<\/p>\n<h2><strong>TVS ann\u00e9e civile et nouveaux bar\u00e8mes<\/strong><\/h2>\n<p>Le pr\u00e9c\u00e9dent Gouvernement avait d\u00e9j\u00e0 initi\u00e9 une r\u00e9forme majeure en modifiant la p\u00e9riode d\u2019imposition de la <strong>TVS<\/strong>. L\u2019<strong>ann\u00e9e civile<\/strong> est d\u00e9sormais retenue au lieu de l\u2019ancienne p\u00e9riode sp\u00e9cifique du 1<sup>er<\/sup> octobre au 30 septembre de l\u2019ann\u00e9e suivante. La d\u00e9claration de TVS sp\u00e9cifique est d\u00e9sormais remplac\u00e9e par l\u2019annexe de la d\u00e9claration de TVA d\u00e9pos\u00e9e au mois de janvier suivant la p\u00e9riode d\u2019imposition. Les v\u00e9hicules utilis\u00e9s en 2018 seront \u00e0 d\u00e9clarer en annexe de la d\u00e9claration de TVA d\u00e9pos\u00e9e en janvier 2019.<\/p>\n<p>La loi de financement de la s\u00e9curit\u00e9 sociale pour 2018 a en outre alourdi le <strong>bar\u00e8me de la TVS<\/strong> pour les v\u00e9hicules impos\u00e9s en fonction des <strong>\u00e9missions de CO<sub>2<\/sub><\/strong>. Les v\u00e9hicules seront d\u00e9sormais exon\u00e9r\u00e9s en dessous de 20g de CO<sub>2<\/sub> par km au lieu de 50 sur les p\u00e9riodes pr\u00e9c\u00e9dentes. Avec cette mesure, le Gouvernement souhaite encourager les entreprises \u00e0 acqu\u00e9rir des v\u00e9hicules plus propres.<\/p>\n<p>La <strong>composante \u00ab\u00a0air\u00a0\u00bb<\/strong> (2<sup>nde<\/sup> composante de la TVS) a \u00e9galement vu son bar\u00e8me revu en fonction des ann\u00e9es de premi\u00e8re mise en circulation du v\u00e9hicule.<\/p>\n<p><strong>BOFiP, <\/strong><strong>BOI-TFP-TVS-30-20180606,\u00a0\u00a750<\/strong><\/p>\n<blockquote><p>Pour les p\u00e9riodes d&rsquo;imposition ouvertes \u00e0 compter du 1<sup>er<\/sup>\u00a0janvier 2018, le tarif annuel de la taxe en fonction de l&rsquo;\u00e9mission de CO<sub>2<\/sub>\u00a0est fix\u00e9 au a du I bis de l&rsquo;<a href=\"http:\/\/www.legifrance.gouv.fr\/affichCodeArticle.do?idArticle=LEGIARTI000036392610&amp;cidTexte=LEGITEXT000006069577&amp;categorieLien=id&amp;dateTexte=20180101\"><strong>article 1010 du CGI<\/strong><\/a>\u00a0et est calcul\u00e9 en fonction d\u2019un bar\u00e8me comportant neuf tranches :<\/p><\/blockquote>\n<table class=\"aligncenter\" border=\"1\" width=\"80%\">\n<tbody>\n<tr>\n<td>\n<blockquote><p><strong>Taux d&rsquo;\u00e9mission de CO<sub>2<\/sub>\u00a0<\/strong><strong><br \/>\n(en grammes par kilom\u00e8tre)<\/strong><\/p><\/blockquote>\n<\/td>\n<td>\n<blockquote><p><strong>Tarif applicable par gramme de CO<sub>2<\/sub>\u00a0(en \u20ac)<\/strong><\/p><\/blockquote>\n<\/td>\n<\/tr>\n<tr>\n<td>\n<blockquote><p>Inf\u00e9rieur ou \u00e9gal \u00e0 20<\/p><\/blockquote>\n<\/td>\n<td>\n<blockquote><p>0<\/p><\/blockquote>\n<\/td>\n<\/tr>\n<tr>\n<td>\n<blockquote><p>Sup\u00e9rieur \u00e0\u00a020 et inf\u00e9rieur ou \u00e9gal \u00e0 60<\/p><\/blockquote>\n<\/td>\n<td>\n<blockquote><p>1<\/p><\/blockquote>\n<\/td>\n<\/tr>\n<tr>\n<td>\n<blockquote><p>Sup\u00e9rieur \u00e0\u00a060 et inf\u00e9rieur ou \u00e9gal \u00e0 100<\/p><\/blockquote>\n<\/td>\n<td>\n<blockquote><p>2<\/p><\/blockquote>\n<\/td>\n<\/tr>\n<tr>\n<td>\n<blockquote><p>Sup\u00e9rieur \u00e0 100 et inf\u00e9rieur ou \u00e9gal \u00e0 120<\/p><\/blockquote>\n<\/td>\n<td>\n<blockquote><p>4,5<\/p><\/blockquote>\n<\/td>\n<\/tr>\n<tr>\n<td>\n<blockquote><p>Sup\u00e9rieur \u00e0 120 et inf\u00e9rieur ou \u00e9gal \u00e0 140<\/p><\/blockquote>\n<\/td>\n<td>\n<blockquote><p>6,5<\/p><\/blockquote>\n<\/td>\n<\/tr>\n<tr>\n<td>\n<blockquote><p>Sup\u00e9rieur \u00e0 140 et inf\u00e9rieur ou \u00e9gal \u00e0 160<\/p><\/blockquote>\n<\/td>\n<td>\n<blockquote><p>13<\/p><\/blockquote>\n<\/td>\n<\/tr>\n<tr>\n<td>\n<blockquote><p>Sup\u00e9rieur \u00e0\u00a0160 et inf\u00e9rieur ou \u00e9gal \u00e0 200<\/p><\/blockquote>\n<\/td>\n<td>\n<blockquote><p>19,5<\/p><\/blockquote>\n<\/td>\n<\/tr>\n<tr>\n<td>\n<blockquote><p>Sup\u00e9rieur \u00e0\u00a0200 et inf\u00e9rieur ou \u00e9gal \u00e0 250<\/p><\/blockquote>\n<\/td>\n<td>\n<blockquote><p>23,5<\/p><\/blockquote>\n<\/td>\n<\/tr>\n<tr>\n<td>\n<blockquote><p>Sup\u00e9rieur \u00e0 250<\/p><\/blockquote>\n<\/td>\n<td>\n<blockquote><p>29<\/p><\/blockquote>\n<\/td>\n<\/tr>\n<\/tbody>\n<\/table>\n<p><strong>BOFiP, <\/strong><strong>BOI-TFP-TVS-30-20180606,\u00a0\u00a7125<\/strong><\/p>\n<blockquote><p>Cette seconde\u00a0composante est calcul\u00e9e selon un bar\u00e8me exprim\u00e9 en euros. Pour les p\u00e9riodes d&rsquo;imposition ouvertes \u00e0 compter du 1<sup>er<\/sup>\u00a0janvier 2018, le bar\u00e8me applicable est le suivant :<\/p><\/blockquote>\n<table border=\"1\" width=\"80%\">\n<tbody>\n<tr>\n<td style=\"text-align: center\">\n<blockquote><p><strong>Ann\u00e9e de premi\u00e8re mise en circulation<br \/>\ndu v\u00e9hicule<\/strong><\/p><\/blockquote>\n<\/td>\n<td style=\"text-align: center\">\n<blockquote><p><strong>Essence et assimil\u00e9<\/strong><\/p><\/blockquote>\n<\/td>\n<td style=\"text-align: center\">\n<blockquote><p><strong>Diesel et assimil\u00e9<\/strong><\/p><\/blockquote>\n<\/td>\n<\/tr>\n<tr>\n<td style=\"text-align: center\">\n<blockquote><p>Jusqu&rsquo;au 31 d\u00e9cembre 2000<\/p><\/blockquote>\n<\/td>\n<td style=\"text-align: center\">\n<blockquote><p>70<\/p><\/blockquote>\n<\/td>\n<td style=\"text-align: center\">\n<blockquote><p>600<\/p><\/blockquote>\n<\/td>\n<\/tr>\n<tr>\n<td style=\"text-align: center\">\n<blockquote><p>De\u00a02001 \u00e0 2005<\/p><\/blockquote>\n<\/td>\n<td style=\"text-align: center\">\n<blockquote><p>45<\/p><\/blockquote>\n<\/td>\n<td style=\"text-align: center\">\n<blockquote><p>400<\/p><\/blockquote>\n<\/td>\n<\/tr>\n<tr>\n<td style=\"text-align: center\">\n<blockquote><p>De 2006 \u00e0 2010<\/p><\/blockquote>\n<\/td>\n<td style=\"text-align: center\">\n<blockquote><p>45<\/p><\/blockquote>\n<\/td>\n<td style=\"text-align: center\">\n<blockquote><p>300<\/p><\/blockquote>\n<\/td>\n<\/tr>\n<tr>\n<td style=\"text-align: center\">\n<blockquote><p>De 2011 \u00e0 2014<\/p><\/blockquote>\n<\/td>\n<td style=\"text-align: center\">\n<blockquote><p>45<\/p><\/blockquote>\n<\/td>\n<td style=\"text-align: center\">\n<blockquote><p>100<\/p><\/blockquote>\n<\/td>\n<\/tr>\n<tr>\n<td style=\"text-align: center\">\n<blockquote><p>A compter de 2015<\/p><\/blockquote>\n<\/td>\n<td style=\"text-align: center\">\n<blockquote><p>20<\/p><\/blockquote>\n<\/td>\n<td style=\"text-align: center\">\n<blockquote><p>40<\/p><\/blockquote>\n<\/td>\n<\/tr>\n<\/tbody>\n<\/table>\n<h2><strong>TVS\u00a0: les exon\u00e9rations r\u00e9form\u00e9es<\/strong><\/h2>\n<p>\u00c0 \u00e9galement \u00e9t\u00e9 modifi\u00e9, le <strong>r\u00e9gime d\u2019exon\u00e9ration<\/strong> dont b\u00e9n\u00e9ficiaient certains v\u00e9hicules.<\/p>\n<p>Les v\u00e9hicules <strong>hybrides<\/strong> (combinant essence ou gazole avec \u00e9nergie \u00e9lectrique ou super\u00e9thanol E85 ou gaz naturel ou GPL) \u00e9mettant plus de 100g de CO<sub>2 <\/sub>par km, ne b\u00e9n\u00e9ficient plus d\u2019exon\u00e9rations. Les autres (moins de 100g) voient leur dur\u00e9e d\u2019exon\u00e9ration port\u00e9e de 8 \u00e0 12 trimestres.<\/p>\n<p>Ces m\u00eames v\u00e9hicules hybrides qui \u00e9mettent moins de 60g de CO<sub>2<\/sub> b\u00e9n\u00e9ficient m\u00eame d\u2019une exon\u00e9ration d\u00e9finitive de TVS.<\/p>\n","protected":false},"excerpt":{"rendered":"<p>Le bar\u00e8me de la taxe sur les v\u00e9hicules de soci\u00e9t\u00e9s (TVS) pour les v\u00e9hicules utilis\u00e9s en 2018 ainsi que les exon\u00e9rations dont b\u00e9n\u00e9ficient certains v\u00e9hicules ont \u00e9t\u00e9 modifi\u00e9s par la loi de financement de la S\u00e9curit\u00e9 sociale pour 2018. Toutes ces nouveaut\u00e9s viennent d\u2019\u00eatre comment\u00e9es au BOFiP, dans une publication du 6 juin 2018. TVS [&hellip;]<\/p>\n","protected":false},"author":45,"featured_media":0,"comment_status":"open","ping_status":"open","sticky":false,"template":"","format":"quote","meta":{"_acf_changed":false,"_mi_skip_tracking":false,"footnotes":""},"categories":[12,3],"tags":[1049],"class_list":["post-9321","post","type-post","status-publish","format-quote","hentry","category-actualites","category-comptabilite-fiscalite-et-gestion-financiere","tag-tvs","post_format-post-format-quote"],"acf":[],"yoast_head":"<!-- This site is optimized with the Yoast SEO plugin v23.4 - https:\/\/yoast.com\/wordpress\/plugins\/seo\/ -->\n<title>TVS : les commentaires de l\u2019administration - Le Blog GERESO<\/title>\n<meta name=\"robots\" content=\"index, follow, max-snippet:-1, max-image-preview:large, max-video-preview:-1\" \/>\n<link rel=\"canonical\" href=\"https:\/\/www.gereso.com\/actualites\/2018\/06\/10\/tvs-les-commentaires-de-ladministration\/\" \/>\n<meta property=\"og:locale\" content=\"fr_FR\" \/>\n<meta property=\"og:type\" content=\"article\" \/>\n<meta property=\"og:title\" content=\"TVS : les commentaires de l\u2019administration - Le Blog GERESO\" \/>\n<meta property=\"og:description\" content=\"Le bar\u00e8me de la taxe sur les v\u00e9hicules de soci\u00e9t\u00e9s (TVS) pour les v\u00e9hicules utilis\u00e9s en 2018 ainsi que les exon\u00e9rations dont b\u00e9n\u00e9ficient certains v\u00e9hicules ont \u00e9t\u00e9 modifi\u00e9s par la loi de financement de la S\u00e9curit\u00e9 sociale pour 2018. Toutes ces nouveaut\u00e9s viennent d\u2019\u00eatre comment\u00e9es au BOFiP, dans une publication du 6 juin 2018. TVS [&hellip;]\" \/>\n<meta property=\"og:url\" content=\"https:\/\/www.gereso.com\/actualites\/2018\/06\/10\/tvs-les-commentaires-de-ladministration\/\" \/>\n<meta property=\"og:site_name\" content=\"Le Blog GERESO\" \/>\n<meta property=\"article:published_time\" content=\"2018-06-10T20:16:42+00:00\" \/>\n<meta property=\"article:modified_time\" content=\"2018-06-10T21:14:58+00:00\" \/>\n<meta name=\"author\" content=\"Damien P\u00e9an\" \/>\n<meta name=\"twitter:card\" content=\"summary_large_image\" \/>\n<script type=\"application\/ld+json\" class=\"yoast-schema-graph\">{\"@context\":\"https:\/\/schema.org\",\"@graph\":[{\"@type\":\"WebPage\",\"@id\":\"https:\/\/www.gereso.com\/actualites\/2018\/06\/10\/tvs-les-commentaires-de-ladministration\/\",\"url\":\"https:\/\/www.gereso.com\/actualites\/2018\/06\/10\/tvs-les-commentaires-de-ladministration\/\",\"name\":\"TVS : les commentaires de l\u2019administration - Le Blog GERESO\",\"isPartOf\":{\"@id\":\"https:\/\/www.gereso.com\/actualites\/#website\"},\"datePublished\":\"2018-06-10T20:16:42+00:00\",\"dateModified\":\"2018-06-10T21:14:58+00:00\",\"author\":{\"@id\":\"https:\/\/www.gereso.com\/actualites\/#\/schema\/person\/c91814f92d627ed4715993fbbf7c7e8d\"},\"breadcrumb\":{\"@id\":\"https:\/\/www.gereso.com\/actualites\/2018\/06\/10\/tvs-les-commentaires-de-ladministration\/#breadcrumb\"},\"inLanguage\":\"fr-FR\",\"potentialAction\":[{\"@type\":\"ReadAction\",\"target\":[\"https:\/\/www.gereso.com\/actualites\/2018\/06\/10\/tvs-les-commentaires-de-ladministration\/\"]}]},{\"@type\":\"BreadcrumbList\",\"@id\":\"https:\/\/www.gereso.com\/actualites\/2018\/06\/10\/tvs-les-commentaires-de-ladministration\/#breadcrumb\",\"itemListElement\":[{\"@type\":\"ListItem\",\"position\":1,\"name\":\"Home\",\"item\":\"https:\/\/www.gereso.com\/actualites\/\"},{\"@type\":\"ListItem\",\"position\":2,\"name\":\"TVS : les commentaires de l\u2019administration\"}]},{\"@type\":\"WebSite\",\"@id\":\"https:\/\/www.gereso.com\/actualites\/#website\",\"url\":\"https:\/\/www.gereso.com\/actualites\/\",\"name\":\"Le Blog GERESO\",\"description\":\"Toute l&#039;actu RH, Finance, Fonction Publique, Management...\",\"potentialAction\":[{\"@type\":\"SearchAction\",\"target\":{\"@type\":\"EntryPoint\",\"urlTemplate\":\"https:\/\/www.gereso.com\/actualites\/?s={search_term_string}\"},\"query-input\":{\"@type\":\"PropertyValueSpecification\",\"valueRequired\":true,\"valueName\":\"search_term_string\"}}],\"inLanguage\":\"fr-FR\"},{\"@type\":\"Person\",\"@id\":\"https:\/\/www.gereso.com\/actualites\/#\/schema\/person\/c91814f92d627ed4715993fbbf7c7e8d\",\"name\":\"Damien P\u00e9an\",\"image\":{\"@type\":\"ImageObject\",\"inLanguage\":\"fr-FR\",\"@id\":\"https:\/\/www.gereso.com\/actualites\/#\/schema\/person\/image\/\",\"url\":\"https:\/\/www.gereso.com\/actualites\/wp-content\/uploads\/2016\/03\/damien-pean.jpg\",\"contentUrl\":\"https:\/\/www.gereso.com\/actualites\/wp-content\/uploads\/2016\/03\/damien-pean.jpg\",\"caption\":\"Damien P\u00e9an\"},\"description\":\"Damien P\u00c9AN est titulaire du Dipl\u00f4me d'\u00e9tudes sup\u00e9rieures comptables et financi\u00e8res (DESCF). Il intervient depuis plusieurs ann\u00e9es aupr\u00e8s d'\u00e9tudiants en licence de comptabilit\u00e9 et de gestion, \u00e0 qui il enseigne le contr\u00f4le de gestion, la comptabilit\u00e9 approfondie, le management, la fiscalit\u00e9, le droit des soci\u00e9t\u00e9s et le droit du travail. Il intervient \u00e9galement en formation continue pour le compte de divers organismes de formation sur des th\u00e9matiques techniques en comptabilit\u00e9 et fiscalit\u00e9. Il forme aussi un public de non-initi\u00e9s aux fondamentaux de la finance.\",\"url\":\"https:\/\/www.gereso.com\/actualites\/author\/d-pean\/\"}]}<\/script>\n<!-- \/ Yoast SEO plugin. -->","yoast_head_json":{"title":"TVS : les commentaires de l\u2019administration - Le Blog GERESO","robots":{"index":"index","follow":"follow","max-snippet":"max-snippet:-1","max-image-preview":"max-image-preview:large","max-video-preview":"max-video-preview:-1"},"canonical":"https:\/\/www.gereso.com\/actualites\/2018\/06\/10\/tvs-les-commentaires-de-ladministration\/","og_locale":"fr_FR","og_type":"article","og_title":"TVS : les commentaires de l\u2019administration - Le Blog GERESO","og_description":"Le bar\u00e8me de la taxe sur les v\u00e9hicules de soci\u00e9t\u00e9s (TVS) pour les v\u00e9hicules utilis\u00e9s en 2018 ainsi que les exon\u00e9rations dont b\u00e9n\u00e9ficient certains v\u00e9hicules ont \u00e9t\u00e9 modifi\u00e9s par la loi de financement de la S\u00e9curit\u00e9 sociale pour 2018. Toutes ces nouveaut\u00e9s viennent d\u2019\u00eatre comment\u00e9es au BOFiP, dans une publication du 6 juin 2018. TVS [&hellip;]","og_url":"https:\/\/www.gereso.com\/actualites\/2018\/06\/10\/tvs-les-commentaires-de-ladministration\/","og_site_name":"Le Blog GERESO","article_published_time":"2018-06-10T20:16:42+00:00","article_modified_time":"2018-06-10T21:14:58+00:00","author":"Damien P\u00e9an","twitter_card":"summary_large_image","schema":{"@context":"https:\/\/schema.org","@graph":[{"@type":"WebPage","@id":"https:\/\/www.gereso.com\/actualites\/2018\/06\/10\/tvs-les-commentaires-de-ladministration\/","url":"https:\/\/www.gereso.com\/actualites\/2018\/06\/10\/tvs-les-commentaires-de-ladministration\/","name":"TVS : les commentaires de l\u2019administration - Le Blog GERESO","isPartOf":{"@id":"https:\/\/www.gereso.com\/actualites\/#website"},"datePublished":"2018-06-10T20:16:42+00:00","dateModified":"2018-06-10T21:14:58+00:00","author":{"@id":"https:\/\/www.gereso.com\/actualites\/#\/schema\/person\/c91814f92d627ed4715993fbbf7c7e8d"},"breadcrumb":{"@id":"https:\/\/www.gereso.com\/actualites\/2018\/06\/10\/tvs-les-commentaires-de-ladministration\/#breadcrumb"},"inLanguage":"fr-FR","potentialAction":[{"@type":"ReadAction","target":["https:\/\/www.gereso.com\/actualites\/2018\/06\/10\/tvs-les-commentaires-de-ladministration\/"]}]},{"@type":"BreadcrumbList","@id":"https:\/\/www.gereso.com\/actualites\/2018\/06\/10\/tvs-les-commentaires-de-ladministration\/#breadcrumb","itemListElement":[{"@type":"ListItem","position":1,"name":"Home","item":"https:\/\/www.gereso.com\/actualites\/"},{"@type":"ListItem","position":2,"name":"TVS : les commentaires de l\u2019administration"}]},{"@type":"WebSite","@id":"https:\/\/www.gereso.com\/actualites\/#website","url":"https:\/\/www.gereso.com\/actualites\/","name":"Le Blog GERESO","description":"Toute l&#039;actu RH, Finance, Fonction Publique, Management...","potentialAction":[{"@type":"SearchAction","target":{"@type":"EntryPoint","urlTemplate":"https:\/\/www.gereso.com\/actualites\/?s={search_term_string}"},"query-input":{"@type":"PropertyValueSpecification","valueRequired":true,"valueName":"search_term_string"}}],"inLanguage":"fr-FR"},{"@type":"Person","@id":"https:\/\/www.gereso.com\/actualites\/#\/schema\/person\/c91814f92d627ed4715993fbbf7c7e8d","name":"Damien P\u00e9an","image":{"@type":"ImageObject","inLanguage":"fr-FR","@id":"https:\/\/www.gereso.com\/actualites\/#\/schema\/person\/image\/","url":"https:\/\/www.gereso.com\/actualites\/wp-content\/uploads\/2016\/03\/damien-pean.jpg","contentUrl":"https:\/\/www.gereso.com\/actualites\/wp-content\/uploads\/2016\/03\/damien-pean.jpg","caption":"Damien P\u00e9an"},"description":"Damien P\u00c9AN est titulaire du Dipl\u00f4me d'\u00e9tudes sup\u00e9rieures comptables et financi\u00e8res (DESCF). Il intervient depuis plusieurs ann\u00e9es aupr\u00e8s d'\u00e9tudiants en licence de comptabilit\u00e9 et de gestion, \u00e0 qui il enseigne le contr\u00f4le de gestion, la comptabilit\u00e9 approfondie, le management, la fiscalit\u00e9, le droit des soci\u00e9t\u00e9s et le droit du travail. Il intervient \u00e9galement en formation continue pour le compte de divers organismes de formation sur des th\u00e9matiques techniques en comptabilit\u00e9 et fiscalit\u00e9. Il forme aussi un public de non-initi\u00e9s aux fondamentaux de la finance.","url":"https:\/\/www.gereso.com\/actualites\/author\/d-pean\/"}]}},"_links":{"self":[{"href":"https:\/\/www.gereso.com\/actualites\/wp-json\/wp\/v2\/posts\/9321","targetHints":{"allow":["GET"]}}],"collection":[{"href":"https:\/\/www.gereso.com\/actualites\/wp-json\/wp\/v2\/posts"}],"about":[{"href":"https:\/\/www.gereso.com\/actualites\/wp-json\/wp\/v2\/types\/post"}],"author":[{"embeddable":true,"href":"https:\/\/www.gereso.com\/actualites\/wp-json\/wp\/v2\/users\/45"}],"replies":[{"embeddable":true,"href":"https:\/\/www.gereso.com\/actualites\/wp-json\/wp\/v2\/comments?post=9321"}],"version-history":[{"count":3,"href":"https:\/\/www.gereso.com\/actualites\/wp-json\/wp\/v2\/posts\/9321\/revisions"}],"predecessor-version":[{"id":9324,"href":"https:\/\/www.gereso.com\/actualites\/wp-json\/wp\/v2\/posts\/9321\/revisions\/9324"}],"wp:attachment":[{"href":"https:\/\/www.gereso.com\/actualites\/wp-json\/wp\/v2\/media?parent=9321"}],"wp:term":[{"taxonomy":"category","embeddable":true,"href":"https:\/\/www.gereso.com\/actualites\/wp-json\/wp\/v2\/categories?post=9321"},{"taxonomy":"post_tag","embeddable":true,"href":"https:\/\/www.gereso.com\/actualites\/wp-json\/wp\/v2\/tags?post=9321"}],"curies":[{"name":"wp","href":"https:\/\/api.w.org\/{rel}","templated":true}]}}