{"id":9377,"date":"2018-07-02T14:37:02","date_gmt":"2018-07-02T12:37:02","guid":{"rendered":"https:\/\/www.gereso.com\/actualites\/?p=9377"},"modified":"2018-10-22T08:43:19","modified_gmt":"2018-10-22T06:43:19","slug":"anc-les-methodes-de-reference-remplacent-les-methodes-preferentielles","status":"publish","type":"post","link":"https:\/\/www.gereso.com\/actualites\/2018\/07\/02\/anc-les-methodes-de-reference-remplacent-les-methodes-preferentielles\/","title":{"rendered":"ANC : les m\u00e9thodes de r\u00e9f\u00e9rence remplacent les m\u00e9thodes pr\u00e9f\u00e9rentielles"},"content":{"rendered":"<p>L\u2019Autorit\u00e9 des normes comptables (<strong>ANC<\/strong>) a publi\u00e9 le 25 juin dernier un nouveau<strong> r\u00e8glement<\/strong> relatif aux changements comptables. En cours d\u2019homologation, il pr\u00e9voit notamment la suppression de la notion de <strong>m\u00e9thodes pr\u00e9f\u00e9rentielles<\/strong> au profit de la notion de <strong>m\u00e9thodes de r\u00e9f\u00e9rence<\/strong>.<\/p>\n<h2><strong>Changement de m\u00e9thodes comptables et m\u00e9thodes pr\u00e9f\u00e9rentielles<\/strong><\/h2>\n<p>Dans le cadre de la transposition de la directive comptable du 26 juin 2013, l\u2019ordonnance n\u00b02015-900 avait d\u00e9j\u00e0 modifi\u00e9 les conditions de prise en compte des <strong>changements de m\u00e9thodes comptables<\/strong>. L\u2019existence d\u2019un changement exceptionnel n\u2019est plus n\u00e9cessaire. Le changement de m\u00e9thode comptable est autoris\u00e9 \u00e0 partir du moment o\u00f9 il donne une image fid\u00e8le du patrimoine, de la situation financi\u00e8re et du r\u00e9sultat.<\/p>\n<p>L\u2019adoption d\u2019une m\u00e9thode pr\u00e9f\u00e9rentielle constitue un motif autoris\u00e9 de changement de m\u00e9thode comptable. La l\u00e9gislation actuelle pr\u00e9voit les m\u00e9thodes pr\u00e9f\u00e9rentielles suivantes\u00a0:<\/p>\n<ul>\n<li>L\u2019inscription en charges de l\u2019exercice, des <strong>frais de constitution<\/strong>, de transformation et de premier \u00e9tablissement,<\/li>\n<li>L\u2019enregistrement des <strong>co\u00fbts de d\u00e9veloppement<\/strong> et des frais de cr\u00e9ation des <strong>sites internet<\/strong> actifs en actifs incorporels<\/li>\n<li>L\u2019inscription d\u2019une <strong>provision pour engagements de retraite<\/strong>,<\/li>\n<li>L\u2019imputation des <strong>frais d\u2019augmentation de capital<\/strong> sur la prime d\u2019\u00e9mission<\/li>\n<li>L\u2019application de la m\u00e9thode \u00e0 l\u2019avancement pour les <strong>contrats \u00e0 long terme<\/strong>.<\/li>\n<\/ul>\n<h2><strong>4 m\u00e9thodes de r\u00e9f\u00e9rence<\/strong><\/h2>\n<p>Le r\u00e8glement ANC n\u00b02018-01 du 20 avril 2018 (publication le 25 juin) modifie le r\u00e8glement ANC n\u00b02014-03.<\/p>\n<p>Il pr\u00e9voit le remplacement de la notion de <strong>m\u00e9thode pr\u00e9f\u00e9rentielle<\/strong> par la notion de m\u00e9thode de <strong>r\u00e9f\u00e9rence<\/strong>. Seules les 3 premi\u00e8res m\u00e9thodes \u00e9voqu\u00e9es ci-dessus (frais de constitution en charges, co\u00fbt de d\u00e9veloppement et sites internet \u00e0 l\u2019actif, provisionnement des engagements de retraite) sont \u00e9galement retenues sous la notion de m\u00e9thode de r\u00e9f\u00e9rence.<\/p>\n<p>Le r\u00e8glement retient \u00e9galement comme m\u00e9thode de r\u00e9f\u00e9rence la comptabilisation \u00e0 l\u2019actif des <strong>droits de mutations, des honoraires, commissions et frais d\u2019actes<\/strong> li\u00e9s \u00e0 l\u2019acquisition de l\u2019actif.<\/p>\n<p>En outre, dans la typologie des changements comptables, il n\u2019est plus fait r\u00e9f\u00e9rence \u00e0 la notion de <strong>changement d\u2019options fiscales<\/strong>. Le PCG distinguera ainsi seulement trois types de changements comptables (les changements de m\u00e9thodes comptables, les changements d\u2019estimation et les corrections d\u2019erreurs). Ce r\u00e8glement est d\u00e9sormais dans l\u2019attente d\u2019une homologation par le Parlement.<\/p>\n","protected":false},"excerpt":{"rendered":"<p>L\u2019Autorit\u00e9 des normes comptables (ANC) a publi\u00e9 le 25 juin dernier un nouveau r\u00e8glement relatif aux changements comptables. En cours d\u2019homologation, il pr\u00e9voit notamment la suppression de la notion de m\u00e9thodes pr\u00e9f\u00e9rentielles au profit de la notion de m\u00e9thodes de r\u00e9f\u00e9rence. Changement de m\u00e9thodes comptables et m\u00e9thodes pr\u00e9f\u00e9rentielles Dans le cadre de la transposition de [&hellip;]<\/p>\n","protected":false},"author":45,"featured_media":0,"comment_status":"open","ping_status":"open","sticky":false,"template":"","format":"quote","meta":{"_acf_changed":false,"_mi_skip_tracking":false,"footnotes":""},"categories":[3],"tags":[466],"class_list":["post-9377","post","type-post","status-publish","format-quote","hentry","category-comptabilite-fiscalite-et-gestion-financiere","tag-comptabilite","post_format-post-format-quote"],"acf":[],"yoast_head":"<!-- This site is optimized with the Yoast SEO plugin v23.4 - https:\/\/yoast.com\/wordpress\/plugins\/seo\/ -->\n<title>ANC : les m\u00e9thodes de r\u00e9f\u00e9rence remplacent les m\u00e9thodes pr\u00e9f\u00e9rentielles - Le Blog GERESO<\/title>\n<meta name=\"robots\" content=\"index, follow, max-snippet:-1, max-image-preview:large, max-video-preview:-1\" \/>\n<link rel=\"canonical\" href=\"https:\/\/www.gereso.com\/actualites\/2018\/07\/02\/anc-les-methodes-de-reference-remplacent-les-methodes-preferentielles\/\" \/>\n<meta property=\"og:locale\" content=\"fr_FR\" \/>\n<meta property=\"og:type\" content=\"article\" \/>\n<meta property=\"og:title\" content=\"ANC : les m\u00e9thodes de r\u00e9f\u00e9rence remplacent les m\u00e9thodes pr\u00e9f\u00e9rentielles - Le Blog GERESO\" \/>\n<meta property=\"og:description\" content=\"L\u2019Autorit\u00e9 des normes comptables (ANC) a publi\u00e9 le 25 juin dernier un nouveau r\u00e8glement relatif aux changements comptables. En cours d\u2019homologation, il pr\u00e9voit notamment la suppression de la notion de m\u00e9thodes pr\u00e9f\u00e9rentielles au profit de la notion de m\u00e9thodes de r\u00e9f\u00e9rence. Changement de m\u00e9thodes comptables et m\u00e9thodes pr\u00e9f\u00e9rentielles Dans le cadre de la transposition de [&hellip;]\" \/>\n<meta property=\"og:url\" content=\"https:\/\/www.gereso.com\/actualites\/2018\/07\/02\/anc-les-methodes-de-reference-remplacent-les-methodes-preferentielles\/\" \/>\n<meta property=\"og:site_name\" content=\"Le Blog GERESO\" \/>\n<meta property=\"article:published_time\" content=\"2018-07-02T12:37:02+00:00\" \/>\n<meta property=\"article:modified_time\" content=\"2018-10-22T06:43:19+00:00\" \/>\n<meta name=\"author\" content=\"Damien P\u00e9an\" \/>\n<meta name=\"twitter:card\" content=\"summary_large_image\" \/>\n<script type=\"application\/ld+json\" class=\"yoast-schema-graph\">{\"@context\":\"https:\/\/schema.org\",\"@graph\":[{\"@type\":\"WebPage\",\"@id\":\"https:\/\/www.gereso.com\/actualites\/2018\/07\/02\/anc-les-methodes-de-reference-remplacent-les-methodes-preferentielles\/\",\"url\":\"https:\/\/www.gereso.com\/actualites\/2018\/07\/02\/anc-les-methodes-de-reference-remplacent-les-methodes-preferentielles\/\",\"name\":\"ANC : les m\u00e9thodes de r\u00e9f\u00e9rence remplacent les m\u00e9thodes pr\u00e9f\u00e9rentielles - Le Blog GERESO\",\"isPartOf\":{\"@id\":\"https:\/\/www.gereso.com\/actualites\/#website\"},\"datePublished\":\"2018-07-02T12:37:02+00:00\",\"dateModified\":\"2018-10-22T06:43:19+00:00\",\"author\":{\"@id\":\"https:\/\/www.gereso.com\/actualites\/#\/schema\/person\/c91814f92d627ed4715993fbbf7c7e8d\"},\"breadcrumb\":{\"@id\":\"https:\/\/www.gereso.com\/actualites\/2018\/07\/02\/anc-les-methodes-de-reference-remplacent-les-methodes-preferentielles\/#breadcrumb\"},\"inLanguage\":\"fr-FR\",\"potentialAction\":[{\"@type\":\"ReadAction\",\"target\":[\"https:\/\/www.gereso.com\/actualites\/2018\/07\/02\/anc-les-methodes-de-reference-remplacent-les-methodes-preferentielles\/\"]}]},{\"@type\":\"BreadcrumbList\",\"@id\":\"https:\/\/www.gereso.com\/actualites\/2018\/07\/02\/anc-les-methodes-de-reference-remplacent-les-methodes-preferentielles\/#breadcrumb\",\"itemListElement\":[{\"@type\":\"ListItem\",\"position\":1,\"name\":\"Home\",\"item\":\"https:\/\/www.gereso.com\/actualites\/\"},{\"@type\":\"ListItem\",\"position\":2,\"name\":\"ANC : les m\u00e9thodes de r\u00e9f\u00e9rence remplacent les m\u00e9thodes pr\u00e9f\u00e9rentielles\"}]},{\"@type\":\"WebSite\",\"@id\":\"https:\/\/www.gereso.com\/actualites\/#website\",\"url\":\"https:\/\/www.gereso.com\/actualites\/\",\"name\":\"Le Blog GERESO\",\"description\":\"Toute l&#039;actu RH, Finance, Fonction Publique, Management...\",\"potentialAction\":[{\"@type\":\"SearchAction\",\"target\":{\"@type\":\"EntryPoint\",\"urlTemplate\":\"https:\/\/www.gereso.com\/actualites\/?s={search_term_string}\"},\"query-input\":{\"@type\":\"PropertyValueSpecification\",\"valueRequired\":true,\"valueName\":\"search_term_string\"}}],\"inLanguage\":\"fr-FR\"},{\"@type\":\"Person\",\"@id\":\"https:\/\/www.gereso.com\/actualites\/#\/schema\/person\/c91814f92d627ed4715993fbbf7c7e8d\",\"name\":\"Damien P\u00e9an\",\"image\":{\"@type\":\"ImageObject\",\"inLanguage\":\"fr-FR\",\"@id\":\"https:\/\/www.gereso.com\/actualites\/#\/schema\/person\/image\/\",\"url\":\"https:\/\/www.gereso.com\/actualites\/wp-content\/uploads\/2016\/03\/damien-pean.jpg\",\"contentUrl\":\"https:\/\/www.gereso.com\/actualites\/wp-content\/uploads\/2016\/03\/damien-pean.jpg\",\"caption\":\"Damien P\u00e9an\"},\"description\":\"Damien P\u00c9AN est titulaire du Dipl\u00f4me d'\u00e9tudes sup\u00e9rieures comptables et financi\u00e8res (DESCF). Il intervient depuis plusieurs ann\u00e9es aupr\u00e8s d'\u00e9tudiants en licence de comptabilit\u00e9 et de gestion, \u00e0 qui il enseigne le contr\u00f4le de gestion, la comptabilit\u00e9 approfondie, le management, la fiscalit\u00e9, le droit des soci\u00e9t\u00e9s et le droit du travail. Il intervient \u00e9galement en formation continue pour le compte de divers organismes de formation sur des th\u00e9matiques techniques en comptabilit\u00e9 et fiscalit\u00e9. Il forme aussi un public de non-initi\u00e9s aux fondamentaux de la finance.\",\"url\":\"https:\/\/www.gereso.com\/actualites\/author\/d-pean\/\"}]}<\/script>\n<!-- \/ Yoast SEO plugin. -->","yoast_head_json":{"title":"ANC : les m\u00e9thodes de r\u00e9f\u00e9rence remplacent les m\u00e9thodes pr\u00e9f\u00e9rentielles - Le Blog GERESO","robots":{"index":"index","follow":"follow","max-snippet":"max-snippet:-1","max-image-preview":"max-image-preview:large","max-video-preview":"max-video-preview:-1"},"canonical":"https:\/\/www.gereso.com\/actualites\/2018\/07\/02\/anc-les-methodes-de-reference-remplacent-les-methodes-preferentielles\/","og_locale":"fr_FR","og_type":"article","og_title":"ANC : les m\u00e9thodes de r\u00e9f\u00e9rence remplacent les m\u00e9thodes pr\u00e9f\u00e9rentielles - Le Blog GERESO","og_description":"L\u2019Autorit\u00e9 des normes comptables (ANC) a publi\u00e9 le 25 juin dernier un nouveau r\u00e8glement relatif aux changements comptables. En cours d\u2019homologation, il pr\u00e9voit notamment la suppression de la notion de m\u00e9thodes pr\u00e9f\u00e9rentielles au profit de la notion de m\u00e9thodes de r\u00e9f\u00e9rence. Changement de m\u00e9thodes comptables et m\u00e9thodes pr\u00e9f\u00e9rentielles Dans le cadre de la transposition de [&hellip;]","og_url":"https:\/\/www.gereso.com\/actualites\/2018\/07\/02\/anc-les-methodes-de-reference-remplacent-les-methodes-preferentielles\/","og_site_name":"Le Blog GERESO","article_published_time":"2018-07-02T12:37:02+00:00","article_modified_time":"2018-10-22T06:43:19+00:00","author":"Damien P\u00e9an","twitter_card":"summary_large_image","schema":{"@context":"https:\/\/schema.org","@graph":[{"@type":"WebPage","@id":"https:\/\/www.gereso.com\/actualites\/2018\/07\/02\/anc-les-methodes-de-reference-remplacent-les-methodes-preferentielles\/","url":"https:\/\/www.gereso.com\/actualites\/2018\/07\/02\/anc-les-methodes-de-reference-remplacent-les-methodes-preferentielles\/","name":"ANC : les m\u00e9thodes de r\u00e9f\u00e9rence remplacent les m\u00e9thodes pr\u00e9f\u00e9rentielles - Le Blog GERESO","isPartOf":{"@id":"https:\/\/www.gereso.com\/actualites\/#website"},"datePublished":"2018-07-02T12:37:02+00:00","dateModified":"2018-10-22T06:43:19+00:00","author":{"@id":"https:\/\/www.gereso.com\/actualites\/#\/schema\/person\/c91814f92d627ed4715993fbbf7c7e8d"},"breadcrumb":{"@id":"https:\/\/www.gereso.com\/actualites\/2018\/07\/02\/anc-les-methodes-de-reference-remplacent-les-methodes-preferentielles\/#breadcrumb"},"inLanguage":"fr-FR","potentialAction":[{"@type":"ReadAction","target":["https:\/\/www.gereso.com\/actualites\/2018\/07\/02\/anc-les-methodes-de-reference-remplacent-les-methodes-preferentielles\/"]}]},{"@type":"BreadcrumbList","@id":"https:\/\/www.gereso.com\/actualites\/2018\/07\/02\/anc-les-methodes-de-reference-remplacent-les-methodes-preferentielles\/#breadcrumb","itemListElement":[{"@type":"ListItem","position":1,"name":"Home","item":"https:\/\/www.gereso.com\/actualites\/"},{"@type":"ListItem","position":2,"name":"ANC : les m\u00e9thodes de r\u00e9f\u00e9rence remplacent les m\u00e9thodes pr\u00e9f\u00e9rentielles"}]},{"@type":"WebSite","@id":"https:\/\/www.gereso.com\/actualites\/#website","url":"https:\/\/www.gereso.com\/actualites\/","name":"Le Blog GERESO","description":"Toute l&#039;actu RH, Finance, Fonction Publique, Management...","potentialAction":[{"@type":"SearchAction","target":{"@type":"EntryPoint","urlTemplate":"https:\/\/www.gereso.com\/actualites\/?s={search_term_string}"},"query-input":{"@type":"PropertyValueSpecification","valueRequired":true,"valueName":"search_term_string"}}],"inLanguage":"fr-FR"},{"@type":"Person","@id":"https:\/\/www.gereso.com\/actualites\/#\/schema\/person\/c91814f92d627ed4715993fbbf7c7e8d","name":"Damien P\u00e9an","image":{"@type":"ImageObject","inLanguage":"fr-FR","@id":"https:\/\/www.gereso.com\/actualites\/#\/schema\/person\/image\/","url":"https:\/\/www.gereso.com\/actualites\/wp-content\/uploads\/2016\/03\/damien-pean.jpg","contentUrl":"https:\/\/www.gereso.com\/actualites\/wp-content\/uploads\/2016\/03\/damien-pean.jpg","caption":"Damien P\u00e9an"},"description":"Damien P\u00c9AN est titulaire du Dipl\u00f4me d'\u00e9tudes sup\u00e9rieures comptables et financi\u00e8res (DESCF). Il intervient depuis plusieurs ann\u00e9es aupr\u00e8s d'\u00e9tudiants en licence de comptabilit\u00e9 et de gestion, \u00e0 qui il enseigne le contr\u00f4le de gestion, la comptabilit\u00e9 approfondie, le management, la fiscalit\u00e9, le droit des soci\u00e9t\u00e9s et le droit du travail. Il intervient \u00e9galement en formation continue pour le compte de divers organismes de formation sur des th\u00e9matiques techniques en comptabilit\u00e9 et fiscalit\u00e9. Il forme aussi un public de non-initi\u00e9s aux fondamentaux de la finance.","url":"https:\/\/www.gereso.com\/actualites\/author\/d-pean\/"}]}},"_links":{"self":[{"href":"https:\/\/www.gereso.com\/actualites\/wp-json\/wp\/v2\/posts\/9377","targetHints":{"allow":["GET"]}}],"collection":[{"href":"https:\/\/www.gereso.com\/actualites\/wp-json\/wp\/v2\/posts"}],"about":[{"href":"https:\/\/www.gereso.com\/actualites\/wp-json\/wp\/v2\/types\/post"}],"author":[{"embeddable":true,"href":"https:\/\/www.gereso.com\/actualites\/wp-json\/wp\/v2\/users\/45"}],"replies":[{"embeddable":true,"href":"https:\/\/www.gereso.com\/actualites\/wp-json\/wp\/v2\/comments?post=9377"}],"version-history":[{"count":3,"href":"https:\/\/www.gereso.com\/actualites\/wp-json\/wp\/v2\/posts\/9377\/revisions"}],"predecessor-version":[{"id":9643,"href":"https:\/\/www.gereso.com\/actualites\/wp-json\/wp\/v2\/posts\/9377\/revisions\/9643"}],"wp:attachment":[{"href":"https:\/\/www.gereso.com\/actualites\/wp-json\/wp\/v2\/media?parent=9377"}],"wp:term":[{"taxonomy":"category","embeddable":true,"href":"https:\/\/www.gereso.com\/actualites\/wp-json\/wp\/v2\/categories?post=9377"},{"taxonomy":"post_tag","embeddable":true,"href":"https:\/\/www.gereso.com\/actualites\/wp-json\/wp\/v2\/tags?post=9377"}],"curies":[{"name":"wp","href":"https:\/\/api.w.org\/{rel}","templated":true}]}}