{"id":9421,"date":"2018-07-06T09:03:29","date_gmt":"2018-07-06T07:03:29","guid":{"rendered":"https:\/\/www.gereso.com\/actualites\/?p=9421"},"modified":"2018-07-06T09:09:25","modified_gmt":"2018-07-06T07:09:25","slug":"quiz-mobilite-internationale-et-droit-du-travail","status":"publish","type":"post","link":"https:\/\/www.gereso.com\/actualites\/2018\/07\/06\/quiz-mobilite-internationale-et-droit-du-travail\/","title":{"rendered":"Quiz \u00ab Mobilit\u00e9 Internationale et droit du travail \u00bb"},"content":{"rendered":"<p>Testez vos connaissances en r\u00e9pondant par Vrai ou Faux \u00e0 chacune de ces 10 affirmations.<\/p>\n<link type=\"text\/css\" rel=\"stylesheet\" href=\"https:\/\/www.gereso.com\/actualites\/wp-content\/plugins\/quizzin\/style.css\" \/>\r\n<script type=\"text\/javascript\" src=\"https:\/\/www.gereso.com\/actualites\/wp-includes\/js\/jquery\/jquery.js\"><\/script>\r\n<script type=\"text\/javascript\" src=\"https:\/\/www.gereso.com\/actualites\/wp-content\/plugins\/quizzin\/script.js\"><\/script>\r\n\r\n<div class=\"quiz-area single-page-quiz\">\r\n<form action=\"\" method=\"post\" class=\"quiz-form\" id=\"quiz-26\">\r\n<div class='quizzin-question' id='question-1'><div class='question-content'><strong>Affirmation 1\/10 : <\/strong>Le salari\u00e9 d\u00e9tach\u00e9 par une entreprise fran\u00e7aise au sein d\u2019une entreprise \u00e9trang\u00e8re travaille pour le compte de l\u2019entreprise \u00e9trang\u00e8re.<\/div><br \/><input type='hidden' name='question_id[]' value='251' \/><label for='answer-id-788' id='answer-label-788' class=' answer label-1'><input type='radio' name='answer-251' id='answer-id-788' class='answer answer-1 ' value='788' \/><span class='answer'> Vrai<\/span><\/label><br \/><label for='answer-id-789' id='answer-label-789' class=' answer label-1'><input type='radio' name='answer-251' id='answer-id-789' class='answer answer-1 ' value='789' \/><span class='answer'> Faux<\/span><\/label><br \/><\/div><div class='quizzin-question' id='question-2'><div class='question-content'><strong>Affirmation 2\/10 : <\/strong>Le salari\u00e9 d\u00e9tach\u00e9 par une entreprise fran\u00e7aise au sein d\u2019une entreprise \u00e9trang\u00e8re continue d\u2019\u00eatre pay\u00e9 par l\u2019entreprise fran\u00e7aise.<\/div><br \/><input type='hidden' name='question_id[]' value='252' \/><label for='answer-id-790' id='answer-label-790' class=' answer label-2'><input type='radio' name='answer-252' id='answer-id-790' class='answer answer-2 ' value='790' \/><span class='answer'> Vrai<\/span><\/label><br \/><label for='answer-id-791' id='answer-label-791' class=' answer label-2'><input type='radio' name='answer-252' id='answer-id-791' class='answer answer-2 ' value='791' \/><span class='answer'> Faux<\/span><\/label><br \/><\/div><div class='quizzin-question' id='question-3'><div class='question-content'><strong>Affirmation 3\/10 : <\/strong>Le salari\u00e9 d\u00e9tach\u00e9 par une entreprise fran\u00e7aise au sein d\u2019une entreprise \u00e9trang\u00e8re demeure dans les effectifs de l\u2019entreprise fran\u00e7aise.<\/div><br \/><input type='hidden' name='question_id[]' value='253' \/><label for='answer-id-792' id='answer-label-792' class=' answer label-3'><input type='radio' name='answer-253' id='answer-id-792' class='answer answer-3 ' value='792' \/><span class='answer'> Vrai<\/span><\/label><br \/><label for='answer-id-793' id='answer-label-793' class=' answer label-3'><input type='radio' name='answer-253' id='answer-id-793' class='answer answer-3 ' value='793' \/><span class='answer'> Faux<\/span><\/label><br \/><\/div><div class='quizzin-question' id='question-4'><div class='question-content'><strong>Affirmation 4\/10 : <\/strong>Le salari\u00e9 expatri\u00e9 par une entreprise fran\u00e7aise au sein d\u2019une entreprise \u00e9trang\u00e8re reste soumis au pouvoir de direction, d\u2019organisation de l\u2019entreprise fran\u00e7aise.<\/div><br \/><input type='hidden' name='question_id[]' value='254' \/><label for='answer-id-794' id='answer-label-794' class=' answer label-4'><input type='radio' name='answer-254' id='answer-id-794' class='answer answer-4 ' value='794' \/><span class='answer'> Vrai<\/span><\/label><br \/><label for='answer-id-795' id='answer-label-795' class=' answer label-4'><input type='radio' name='answer-254' id='answer-id-795' class='answer answer-4 ' value='795' \/><span class='answer'> Faux<\/span><\/label><br \/><\/div><div class='quizzin-question' id='question-5'><div class='question-content'><strong>Affirmation 5\/10 : <\/strong>Le salari\u00e9 expatri\u00e9 par une entreprise fran\u00e7aise au sein d\u2019une entreprise \u00e9trang\u00e8re appartient aux effectifs de l\u2019entreprise \u00e9trang\u00e8re o\u00f9 il est \u00e9lecteur et \u00e9ligible.<\/div><br \/><input type='hidden' name='question_id[]' value='255' \/><label for='answer-id-796' id='answer-label-796' class=' answer label-5'><input type='radio' name='answer-255' id='answer-id-796' class='answer answer-5 ' value='796' \/><span class='answer'> Vrai<\/span><\/label><br \/><label for='answer-id-797' id='answer-label-797' class=' answer label-5'><input type='radio' name='answer-255' id='answer-id-797' class='answer answer-5 ' value='797' \/><span class='answer'> Faux<\/span><\/label><br \/><\/div><div class='quizzin-question' id='question-6'><div class='question-content'><strong>Affirmation 6\/10 : <\/strong>Dans le cadre d\u2019un transfert ou d\u2019une localisation, le contrat de travail du salari\u00e9 fran\u00e7ais est suspendu.<\/div><br \/><input type='hidden' name='question_id[]' value='256' \/><label for='answer-id-798' id='answer-label-798' class=' answer label-6'><input type='radio' name='answer-256' id='answer-id-798' class='answer answer-6 ' value='798' \/><span class='answer'> Vrai<\/span><\/label><br \/><label for='answer-id-799' id='answer-label-799' class=' answer label-6'><input type='radio' name='answer-256' id='answer-id-799' class='answer answer-6 ' value='799' \/><span class='answer'> Faux<\/span><\/label><br \/><\/div><div class='quizzin-question' id='question-7'><div class='question-content'><strong>Affirmation 7\/10 : <\/strong>En cas de transfert ou de localisation, l\u2019entreprise fran\u00e7aise est lib\u00e9r\u00e9e de toute obligation vis-\u00e0-vis du salari\u00e9.<\/div><br \/><input type='hidden' name='question_id[]' value='257' \/><label for='answer-id-800' id='answer-label-800' class=' answer label-7'><input type='radio' name='answer-257' id='answer-id-800' class='answer answer-7 ' value='800' \/><span class='answer'> Vrai<\/span><\/label><br \/><label for='answer-id-801' id='answer-label-801' class=' answer label-7'><input type='radio' name='answer-257' id='answer-id-801' class='answer answer-7 ' value='801' \/><span class='answer'> Faux<\/span><\/label><br \/><\/div><div class='quizzin-question' id='question-8'><div class='question-content'><strong>Affirmation 8\/10 : <\/strong>Les parties doivent obligatoirement appliquer la loi fran\u00e7aise lors d\u2019une p\u00e9riode de d\u00e9tachement \u00e0 l\u2019\u00e9tranger.<\/div><br \/><input type='hidden' name='question_id[]' value='258' \/><label for='answer-id-802' id='answer-label-802' class=' answer label-8'><input type='radio' name='answer-258' id='answer-id-802' class='answer answer-8 ' value='802' \/><span class='answer'> Vrai<\/span><\/label><br \/><label for='answer-id-803' id='answer-label-803' class=' answer label-8'><input type='radio' name='answer-258' id='answer-id-803' class='answer answer-8 ' value='803' \/><span class='answer'> Faux<\/span><\/label><br \/><\/div><div class='quizzin-question' id='question-9'><div class='question-content'><strong>Affirmation 9\/10 : <\/strong>La convention collective fran\u00e7aise reste applicable lors d\u2019un d\u00e9tachement si les parties ont convenu de continuer \u00e0 appliquer la loi fran\u00e7aise.<\/div><br \/><input type='hidden' name='question_id[]' value='259' \/><label for='answer-id-804' id='answer-label-804' class=' answer label-9'><input type='radio' name='answer-259' id='answer-id-804' class='answer answer-9 ' value='804' \/><span class='answer'> Vrai<\/span><\/label><br \/><label for='answer-id-805' id='answer-label-805' class=' answer label-9'><input type='radio' name='answer-259' id='answer-id-805' class='answer answer-9 ' value='805' \/><span class='answer'> Faux<\/span><\/label><br \/><\/div><div class='quizzin-question' id='question-10'><div class='question-content'><strong>Affirmation 10\/10 : <\/strong>Une salari\u00e9e d\u00e9tach\u00e9e pour 12 mois au Canada, soumise \u00e0 la loi fran\u00e7aise en application de la volont\u00e9 des parties, peut revendiquer, \u00e0 l\u2019occasion de sa grossesse, le cong\u00e9 maternit\u00e9 de 18 semaines pr\u00e9vu par la r\u00e9glementation locale.<\/div><br \/><input type='hidden' name='question_id[]' value='260' \/><label for='answer-id-806' id='answer-label-806' class=' answer label-10'><input type='radio' name='answer-260' id='answer-id-806' class='answer answer-10 ' value='806' \/><span class='answer'> Vrai<\/span><\/label><br \/><label for='answer-id-807' id='answer-label-807' class=' answer label-10'><input type='radio' name='answer-260' id='answer-id-807' class='answer answer-10 ' value='807' \/><span class='answer'> Faux<\/span><\/label><br \/><\/div><br \/>\r\n<input type=\"button\" id=\"next-question\" value=\"Question suivante &gt;\"  \/><br \/>\r\n\r\n<input type=\"submit\" name=\"action\" id=\"action-button\" value=\"Valider mes r\u00e9ponses et voir le r\u00e9sultat &nbsp; \"  \/>\r\n<input type=\"hidden\" name=\"quiz_id\" value=\"26\" \/>\r\n<\/form>\r\n<\/div>\r\n\r\n\n","protected":false},"excerpt":{"rendered":"<p>Testez vos connaissances en r\u00e9pondant par Vrai ou Faux \u00e0 chacune de ces 10 affirmations.<\/p>\n","protected":false},"author":1,"featured_media":9422,"comment_status":"open","ping_status":"open","sticky":false,"template":"","format":"standard","meta":{"_acf_changed":false,"_mi_skip_tracking":false,"footnotes":""},"categories":[7],"tags":[354,76,1186,1481,85,171,1480],"class_list":["post-9421","post","type-post","status-publish","format-standard","has-post-thumbnail","hentry","category-mobilite-internationale","tag-detachement","tag-droit-du-travail-2","tag-expatriation","tag-gestion-rh","tag-mobilite-internationale-2","tag-quiz","tag-transfert"],"acf":[],"yoast_head":"<!-- This site is optimized with the Yoast SEO plugin v23.4 - https:\/\/yoast.com\/wordpress\/plugins\/seo\/ -->\n<title>Quiz \u00ab Mobilit\u00e9 Internationale et droit du travail \u00bb - Le Blog GERESO<\/title>\n<meta name=\"robots\" content=\"index, follow, max-snippet:-1, max-image-preview:large, max-video-preview:-1\" \/>\n<link rel=\"canonical\" href=\"https:\/\/www.gereso.com\/actualites\/2018\/07\/06\/quiz-mobilite-internationale-et-droit-du-travail\/\" \/>\n<meta property=\"og:locale\" content=\"fr_FR\" \/>\n<meta property=\"og:type\" content=\"article\" \/>\n<meta property=\"og:title\" content=\"Quiz \u00ab Mobilit\u00e9 Internationale et droit du travail \u00bb - Le Blog GERESO\" \/>\n<meta property=\"og:description\" content=\"Testez vos connaissances en r\u00e9pondant par Vrai ou Faux \u00e0 chacune de ces 10 affirmations.\" \/>\n<meta property=\"og:url\" content=\"https:\/\/www.gereso.com\/actualites\/2018\/07\/06\/quiz-mobilite-internationale-et-droit-du-travail\/\" \/>\n<meta property=\"og:site_name\" content=\"Le Blog GERESO\" \/>\n<meta property=\"article:published_time\" content=\"2018-07-06T07:03:29+00:00\" \/>\n<meta property=\"article:modified_time\" content=\"2018-07-06T07:09:25+00:00\" \/>\n<meta property=\"og:image\" content=\"https:\/\/www.gereso.com\/actualites\/wp-content\/uploads\/2018\/07\/Quiz-Mobilit\u00e9-Internationale-et-droit-du-travail.jpg\" \/>\n\t<meta property=\"og:image:width\" content=\"600\" \/>\n\t<meta property=\"og:image:height\" content=\"400\" \/>\n\t<meta property=\"og:image:type\" content=\"image\/jpeg\" \/>\n<meta name=\"author\" content=\"GERESO\" \/>\n<meta name=\"twitter:card\" content=\"summary_large_image\" \/>\n<script type=\"application\/ld+json\" class=\"yoast-schema-graph\">{\"@context\":\"https:\/\/schema.org\",\"@graph\":[{\"@type\":\"WebPage\",\"@id\":\"https:\/\/www.gereso.com\/actualites\/2018\/07\/06\/quiz-mobilite-internationale-et-droit-du-travail\/\",\"url\":\"https:\/\/www.gereso.com\/actualites\/2018\/07\/06\/quiz-mobilite-internationale-et-droit-du-travail\/\",\"name\":\"Quiz \u00ab Mobilit\u00e9 Internationale et droit du travail \u00bb - Le Blog GERESO\",\"isPartOf\":{\"@id\":\"https:\/\/www.gereso.com\/actualites\/#website\"},\"primaryImageOfPage\":{\"@id\":\"https:\/\/www.gereso.com\/actualites\/2018\/07\/06\/quiz-mobilite-internationale-et-droit-du-travail\/#primaryimage\"},\"image\":{\"@id\":\"https:\/\/www.gereso.com\/actualites\/2018\/07\/06\/quiz-mobilite-internationale-et-droit-du-travail\/#primaryimage\"},\"thumbnailUrl\":\"https:\/\/www.gereso.com\/actualites\/wp-content\/uploads\/2018\/07\/Quiz-Mobilit\u00e9-Internationale-et-droit-du-travail.jpg\",\"datePublished\":\"2018-07-06T07:03:29+00:00\",\"dateModified\":\"2018-07-06T07:09:25+00:00\",\"author\":{\"@id\":\"https:\/\/www.gereso.com\/actualites\/#\/schema\/person\/d9b0bc27f2e9ae74ff7505881ce5306e\"},\"breadcrumb\":{\"@id\":\"https:\/\/www.gereso.com\/actualites\/2018\/07\/06\/quiz-mobilite-internationale-et-droit-du-travail\/#breadcrumb\"},\"inLanguage\":\"fr-FR\",\"potentialAction\":[{\"@type\":\"ReadAction\",\"target\":[\"https:\/\/www.gereso.com\/actualites\/2018\/07\/06\/quiz-mobilite-internationale-et-droit-du-travail\/\"]}]},{\"@type\":\"ImageObject\",\"inLanguage\":\"fr-FR\",\"@id\":\"https:\/\/www.gereso.com\/actualites\/2018\/07\/06\/quiz-mobilite-internationale-et-droit-du-travail\/#primaryimage\",\"url\":\"https:\/\/www.gereso.com\/actualites\/wp-content\/uploads\/2018\/07\/Quiz-Mobilit\u00e9-Internationale-et-droit-du-travail.jpg\",\"contentUrl\":\"https:\/\/www.gereso.com\/actualites\/wp-content\/uploads\/2018\/07\/Quiz-Mobilit\u00e9-Internationale-et-droit-du-travail.jpg\",\"width\":600,\"height\":400,\"caption\":\"Quiz Mobilit\u00e9 Internationale et droit du travail\"},{\"@type\":\"BreadcrumbList\",\"@id\":\"https:\/\/www.gereso.com\/actualites\/2018\/07\/06\/quiz-mobilite-internationale-et-droit-du-travail\/#breadcrumb\",\"itemListElement\":[{\"@type\":\"ListItem\",\"position\":1,\"name\":\"Home\",\"item\":\"https:\/\/www.gereso.com\/actualites\/\"},{\"@type\":\"ListItem\",\"position\":2,\"name\":\"Quiz \u00ab Mobilit\u00e9 Internationale et droit du travail \u00bb\"}]},{\"@type\":\"WebSite\",\"@id\":\"https:\/\/www.gereso.com\/actualites\/#website\",\"url\":\"https:\/\/www.gereso.com\/actualites\/\",\"name\":\"Le Blog GERESO\",\"description\":\"Toute l&#039;actu RH, Finance, Fonction Publique, Management...\",\"potentialAction\":[{\"@type\":\"SearchAction\",\"target\":{\"@type\":\"EntryPoint\",\"urlTemplate\":\"https:\/\/www.gereso.com\/actualites\/?s={search_term_string}\"},\"query-input\":{\"@type\":\"PropertyValueSpecification\",\"valueRequired\":true,\"valueName\":\"search_term_string\"}}],\"inLanguage\":\"fr-FR\"},{\"@type\":\"Person\",\"@id\":\"https:\/\/www.gereso.com\/actualites\/#\/schema\/person\/d9b0bc27f2e9ae74ff7505881ce5306e\",\"name\":\"GERESO\",\"image\":{\"@type\":\"ImageObject\",\"inLanguage\":\"fr-FR\",\"@id\":\"https:\/\/www.gereso.com\/actualites\/#\/schema\/person\/image\/\",\"url\":\"https:\/\/www.gereso.com\/actualites\/wp-content\/uploads\/2013\/12\/avatar-gereso-1.png\",\"contentUrl\":\"https:\/\/www.gereso.com\/actualites\/wp-content\/uploads\/2013\/12\/avatar-gereso-1.png\",\"caption\":\"GERESO\"},\"url\":\"https:\/\/www.gereso.com\/actualites\/author\/wpadm_16root\/\"}]}<\/script>\n<!-- \/ Yoast SEO plugin. -->","yoast_head_json":{"title":"Quiz \u00ab Mobilit\u00e9 Internationale et droit du travail \u00bb - Le Blog GERESO","robots":{"index":"index","follow":"follow","max-snippet":"max-snippet:-1","max-image-preview":"max-image-preview:large","max-video-preview":"max-video-preview:-1"},"canonical":"https:\/\/www.gereso.com\/actualites\/2018\/07\/06\/quiz-mobilite-internationale-et-droit-du-travail\/","og_locale":"fr_FR","og_type":"article","og_title":"Quiz \u00ab Mobilit\u00e9 Internationale et droit du travail \u00bb - Le Blog GERESO","og_description":"Testez vos connaissances en r\u00e9pondant par Vrai ou Faux \u00e0 chacune de ces 10 affirmations.","og_url":"https:\/\/www.gereso.com\/actualites\/2018\/07\/06\/quiz-mobilite-internationale-et-droit-du-travail\/","og_site_name":"Le Blog GERESO","article_published_time":"2018-07-06T07:03:29+00:00","article_modified_time":"2018-07-06T07:09:25+00:00","og_image":[{"width":600,"height":400,"url":"https:\/\/www.gereso.com\/actualites\/wp-content\/uploads\/2018\/07\/Quiz-Mobilit\u00e9-Internationale-et-droit-du-travail.jpg","type":"image\/jpeg"}],"author":"GERESO","twitter_card":"summary_large_image","schema":{"@context":"https:\/\/schema.org","@graph":[{"@type":"WebPage","@id":"https:\/\/www.gereso.com\/actualites\/2018\/07\/06\/quiz-mobilite-internationale-et-droit-du-travail\/","url":"https:\/\/www.gereso.com\/actualites\/2018\/07\/06\/quiz-mobilite-internationale-et-droit-du-travail\/","name":"Quiz \u00ab Mobilit\u00e9 Internationale et droit du travail \u00bb - Le Blog GERESO","isPartOf":{"@id":"https:\/\/www.gereso.com\/actualites\/#website"},"primaryImageOfPage":{"@id":"https:\/\/www.gereso.com\/actualites\/2018\/07\/06\/quiz-mobilite-internationale-et-droit-du-travail\/#primaryimage"},"image":{"@id":"https:\/\/www.gereso.com\/actualites\/2018\/07\/06\/quiz-mobilite-internationale-et-droit-du-travail\/#primaryimage"},"thumbnailUrl":"https:\/\/www.gereso.com\/actualites\/wp-content\/uploads\/2018\/07\/Quiz-Mobilit\u00e9-Internationale-et-droit-du-travail.jpg","datePublished":"2018-07-06T07:03:29+00:00","dateModified":"2018-07-06T07:09:25+00:00","author":{"@id":"https:\/\/www.gereso.com\/actualites\/#\/schema\/person\/d9b0bc27f2e9ae74ff7505881ce5306e"},"breadcrumb":{"@id":"https:\/\/www.gereso.com\/actualites\/2018\/07\/06\/quiz-mobilite-internationale-et-droit-du-travail\/#breadcrumb"},"inLanguage":"fr-FR","potentialAction":[{"@type":"ReadAction","target":["https:\/\/www.gereso.com\/actualites\/2018\/07\/06\/quiz-mobilite-internationale-et-droit-du-travail\/"]}]},{"@type":"ImageObject","inLanguage":"fr-FR","@id":"https:\/\/www.gereso.com\/actualites\/2018\/07\/06\/quiz-mobilite-internationale-et-droit-du-travail\/#primaryimage","url":"https:\/\/www.gereso.com\/actualites\/wp-content\/uploads\/2018\/07\/Quiz-Mobilit\u00e9-Internationale-et-droit-du-travail.jpg","contentUrl":"https:\/\/www.gereso.com\/actualites\/wp-content\/uploads\/2018\/07\/Quiz-Mobilit\u00e9-Internationale-et-droit-du-travail.jpg","width":600,"height":400,"caption":"Quiz Mobilit\u00e9 Internationale et droit du travail"},{"@type":"BreadcrumbList","@id":"https:\/\/www.gereso.com\/actualites\/2018\/07\/06\/quiz-mobilite-internationale-et-droit-du-travail\/#breadcrumb","itemListElement":[{"@type":"ListItem","position":1,"name":"Home","item":"https:\/\/www.gereso.com\/actualites\/"},{"@type":"ListItem","position":2,"name":"Quiz \u00ab Mobilit\u00e9 Internationale et droit du travail \u00bb"}]},{"@type":"WebSite","@id":"https:\/\/www.gereso.com\/actualites\/#website","url":"https:\/\/www.gereso.com\/actualites\/","name":"Le Blog GERESO","description":"Toute l&#039;actu RH, Finance, Fonction Publique, Management...","potentialAction":[{"@type":"SearchAction","target":{"@type":"EntryPoint","urlTemplate":"https:\/\/www.gereso.com\/actualites\/?s={search_term_string}"},"query-input":{"@type":"PropertyValueSpecification","valueRequired":true,"valueName":"search_term_string"}}],"inLanguage":"fr-FR"},{"@type":"Person","@id":"https:\/\/www.gereso.com\/actualites\/#\/schema\/person\/d9b0bc27f2e9ae74ff7505881ce5306e","name":"GERESO","image":{"@type":"ImageObject","inLanguage":"fr-FR","@id":"https:\/\/www.gereso.com\/actualites\/#\/schema\/person\/image\/","url":"https:\/\/www.gereso.com\/actualites\/wp-content\/uploads\/2013\/12\/avatar-gereso-1.png","contentUrl":"https:\/\/www.gereso.com\/actualites\/wp-content\/uploads\/2013\/12\/avatar-gereso-1.png","caption":"GERESO"},"url":"https:\/\/www.gereso.com\/actualites\/author\/wpadm_16root\/"}]}},"_links":{"self":[{"href":"https:\/\/www.gereso.com\/actualites\/wp-json\/wp\/v2\/posts\/9421","targetHints":{"allow":["GET"]}}],"collection":[{"href":"https:\/\/www.gereso.com\/actualites\/wp-json\/wp\/v2\/posts"}],"about":[{"href":"https:\/\/www.gereso.com\/actualites\/wp-json\/wp\/v2\/types\/post"}],"author":[{"embeddable":true,"href":"https:\/\/www.gereso.com\/actualites\/wp-json\/wp\/v2\/users\/1"}],"replies":[{"embeddable":true,"href":"https:\/\/www.gereso.com\/actualites\/wp-json\/wp\/v2\/comments?post=9421"}],"version-history":[{"count":1,"href":"https:\/\/www.gereso.com\/actualites\/wp-json\/wp\/v2\/posts\/9421\/revisions"}],"predecessor-version":[{"id":9423,"href":"https:\/\/www.gereso.com\/actualites\/wp-json\/wp\/v2\/posts\/9421\/revisions\/9423"}],"wp:featuredmedia":[{"embeddable":true,"href":"https:\/\/www.gereso.com\/actualites\/wp-json\/wp\/v2\/media\/9422"}],"wp:attachment":[{"href":"https:\/\/www.gereso.com\/actualites\/wp-json\/wp\/v2\/media?parent=9421"}],"wp:term":[{"taxonomy":"category","embeddable":true,"href":"https:\/\/www.gereso.com\/actualites\/wp-json\/wp\/v2\/categories?post=9421"},{"taxonomy":"post_tag","embeddable":true,"href":"https:\/\/www.gereso.com\/actualites\/wp-json\/wp\/v2\/tags?post=9421"}],"curies":[{"name":"wp","href":"https:\/\/api.w.org\/{rel}","templated":true}]}}