{"id":9432,"date":"2018-07-09T14:32:56","date_gmt":"2018-07-09T12:32:56","guid":{"rendered":"https:\/\/www.gereso.com\/actualites\/?p=9432"},"modified":"2018-07-09T14:34:04","modified_gmt":"2018-07-09T12:34:04","slug":"elections-professionnelles-2018-calendrier-et-prise-en-compte-des-effectifs-masculins-feminins-constitution-des-listes-de-candidats","status":"publish","type":"post","link":"https:\/\/www.gereso.com\/actualites\/2018\/07\/09\/elections-professionnelles-2018-calendrier-et-prise-en-compte-des-effectifs-masculins-feminins-constitution-des-listes-de-candidats\/","title":{"rendered":"\u00c9lections professionnelles de 2018 : calendrier et prise en compte des effectifs masculins et f\u00e9minins pour la constitution des listes de candidats"},"content":{"rendered":"<p>Il s\u2019agit des organismes suivants\u00a0:<\/p>\n<ul>\n<li>comit\u00e9s techniques (CT),<\/li>\n<li>commissions administratives paritaires (CAP)<\/li>\n<li>commissions consultatives paritaires (CCP- organisme sp\u00e9cifique aux agents contractuels de droit public)<\/li>\n<li>comit\u00e9s consultatifs nationaux pour la fonction publique hospitali\u00e8re.<\/li>\n<\/ul>\n<p>S\u2019il est recouru au vote \u00e9lectronique, les op\u00e9rations de vote \u00e9lectronique par internet se d\u00e9rouleront pendant une p\u00e9riode qui ne peut \u00eatre inf\u00e9rieure \u00e0 24 heures et sup\u00e9rieure \u00e0 8 jours. Elle devra <strong>s&rsquo;achever le 6 d\u00e9cembre 2018.<\/strong><\/p>\n<p>Dans la fonction publique territoriale, les bureaux de vote seront ouverts sans interruption pendant 6 heures au moins. Ils fermeront au plus tard \u00e0 17 heures.<\/p>\n<p>D\u2019une mani\u00e8re g\u00e9n\u00e9rale, les listes \u00e9lectorales doivent faire l&rsquo;objet d&rsquo;une <strong>publicit\u00e9 au plus tard le dimanche 7 octobre 2018.<\/strong><\/p>\n<p>Les demandes et r\u00e9clamations aux fins d&rsquo;inscription ou de radiation sur les listes \u00e9lectorales devront \u00eatre d\u00e9pos\u00e9es au plus tard le <strong>mercredi 17 octobre 2018.<\/strong><strong><br \/>\n<\/strong><\/p>\n<p>Les listes de candidats devront \u00eatre d\u00e9pos\u00e9es au plus tard le <strong>jeudi 25 octobre 2018 \u00e0 17 heures<\/strong>.<br \/>\nLes contestations sur la validit\u00e9 des op\u00e9rations \u00e9lectorales seront port\u00e9es devant le pr\u00e9sident du bureau central de vote dans un d\u00e9lai de 5 jours francs \u00e0 compter de la proclamation des r\u00e9sultats devant le pr\u00e9sident du bureau central de vote puis, le cas \u00e9ch\u00e9ant, devant la juridiction administrative.<\/p>\n<h2><span style=\"color: #d10016;\"><strong>Le nouveau dispositif de repr\u00e9sentation des femmes et des hommes au sein des listes de candidats<\/strong><\/span><\/h2>\n<p><a href=\"https:\/\/www.legifrance.gouv.fr\/affichTexte.do?cidTexte=JORFTEXT000032433852&amp;categorieLien=id#JORFARTI000032434280\" target=\"_blank\" rel=\"noopener\">L&rsquo;article 47 de la loi n\u00b0 2016-483 du 20 avril 2016<\/a> relative \u00e0 la d\u00e9ontologie et aux droits des fonctionnaires a modifi\u00e9 l&rsquo;article 9 bis de la loi n\u00b0 83-634 du 13 juillet 1983 portant droits et obligations des fonctionnaires. Cet article <strong>a pour objectif de favoriser une repr\u00e9sentation \u00e9quilibr\u00e9e des femmes et des hommes au sein des listes des candidatures pr\u00e9sent\u00e9es lors des \u00e9lections professionnelles de la fonction publique.<\/strong><\/p>\n<p>Pour ce faire, le <a href=\"https:\/\/www.google.com\/url?sa=t&amp;rct=j&amp;q=&amp;esrc=s&amp;source=web&amp;cd=1&amp;cad=rja&amp;uact=8&amp;ved=0ahUKEwj886ya35HcAhUDXBQKHRkkAR0QFggoMAA&amp;url=https%3A%2F%2Fwww.legifrance.gouv.fr%2Feli%2Fdecret%2F2017%2F7%2F27%2FCPAF1706769D%2Fjo%2Ftexte&amp;usg=AOvVaw2MOsXpFrMCA6ptF-gFu7B7\" target=\"_blank\" rel=\"noopener\">d\u00e9cret n\u00b0 2017-1201 du 27 juillet 2017<\/a> relatif \u00e0 la repr\u00e9sentation des femmes et des hommes au sein des organismes consultatifs met en \u0153uvre cette obligation de repr\u00e9sentation \u00e9quilibr\u00e9e des listes de candidats aux \u00e9lections professionnelles. Il modifie les dispositions r\u00e9glementaires propres \u00e0 chaque cat\u00e9gorie d&rsquo;instance de repr\u00e9sentation du personnel existante dans chaque versant de la fonction publique.<\/p>\n<p>La date d\u2019appr\u00e9ciation des effectifs est fix\u00e9e au <strong>1<sup>er<\/sup> janvier 2018<\/strong> (ces informations ont d\u00fb faire l\u2019objet d\u2019une transmission aux organisations syndicales au plus le 6 juin dernier).<\/p>\n<p>Cependant il existe des exceptions Ainsi, si entre le 1<sup>er<\/sup> janvier et le 30 juin de l&rsquo;ann\u00e9e de l&rsquo;\u00e9lection, une modification de l&rsquo;organisation des services entra\u00eene une <strong>variation d&rsquo;au moins 20% des effectifs repr\u00e9sent\u00e9s au sein du CT<\/strong>, les parts respectives de femmes et d&rsquo;hommes sont appr\u00e9ci\u00e9es et d\u00e9termin\u00e9es au plus tard 4 mois avant le scrutin (soit, au plus tard le 6 ao\u00fbt 2018).<\/p>\n<p>De m\u00eame, en cas de r\u00e9organisation des services ou de modification statutaire entra\u00eenant une <strong>variation d&rsquo;au moins 20% des effectifs repr\u00e9sent\u00e9s au sein de la CAP ou de la CCP<\/strong>, les parts de femmes et d&rsquo;hommes sont appr\u00e9ci\u00e9s et d\u00e9termin\u00e9s <strong>au plus tard 4 mois avant le scrutin<\/strong> (soit au plus tard le 6 ao\u00fbt 2018).<\/p>\n<p>Par ailleurs, s\u2019agissant des agents qui devaient \u00eatre au nom du protocole PCCR \u00eatre <strong>reclass\u00e9s d\u00e8s 2018 en cat\u00e9gorie A<\/strong>, mais qui le seront finalement en 2019, ils seront consid\u00e9r\u00e9s comme \u00e9lecteurs dans cette cat\u00e9gorie. Ainsi, le <a href=\"https:\/\/www.google.com\/url?sa=t&amp;rct=j&amp;q=&amp;esrc=s&amp;source=web&amp;cd=1&amp;cad=rja&amp;uact=8&amp;ved=0ahUKEwip683Z35HcAhVPHRQKHa4lAKkQFggoMAA&amp;url=https%3A%2F%2Fwww.legifrance.gouv.fr%2FaffichTexte.do%3FcidTexte%3DJORFTEXT000036711235%26categorieLien%3Did&amp;usg=AOvVaw2zl29CL8xkLKR7mTkl2dPP\" target=\"_blank\" rel=\"noopener\">d\u00e9cret n\u00b0 2018-183 du 14 mars 2018<\/a> relatif au rattachement des fonctionnaires relevant des cadres d&#8217;emplois des assistants territoriaux socio-\u00e9ducatifs (ASE) et des \u00e9ducateurs territoriaux de jeunes enfants (EJE) en vue du prochain renouvellement g\u00e9n\u00e9ral des CAP pr\u00e9voit que les ASE et EJE, qui rel\u00e8veront de la cat\u00e9gorie A \u00e0 compter du 1<sup>er<\/sup> f\u00e9vrier 2019, sont, de mani\u00e8re anticip\u00e9e, \u00e9lecteurs et \u00e9ligibles aux \u00e9lections des CAP de cat\u00e9gorie A lors du prochain renouvellement g\u00e9n\u00e9ral.<\/p>\n<p>Dans ces conditions, au 1<sup>er<\/sup> janvier 2018, les effectifs des ASE et des EJE, doivent \u00eatre comptabilis\u00e9s dans les effectifs de la cat\u00e9gorie A pour la mise en \u0153uvre de l&rsquo;obligation de repr\u00e9sentation \u00e9quilibr\u00e9e, et non pas dans les effectifs de la cat\u00e9gorie B.<\/p>\n<p>Pour chaque liste, le pourcentage de femmes et d&rsquo;hommes est appliqu\u00e9 \u00e0 l&rsquo;ensemble des candidats inscrits sur la liste (titulaires et suppl\u00e9ants). S&rsquo;agissant des CAP, le pourcentage de la part des femmes et des hommes ne s&rsquo;applique pas au sein de chaque groupe hi\u00e9rarchique mais bien \u00e0 l&rsquo;ensemble de la liste des candidats pour la CAP d&rsquo;une cat\u00e9gorie concern\u00e9e.<\/p>\n<p>Lorsque le calcul des parts n&rsquo;aboutit pas \u00e0 un nombre entier, l&rsquo;organisation syndicale proc\u00e8de indiff\u00e9remment \u00e0 l\u2019arrondi \u00e0 l&rsquo;entier inf\u00e9rieur ou sup\u00e9rieur<\/p>\n<p>Chaque liste d\u00e9pos\u00e9e doit mentionner, pour chaque candidat, les informations suivantes : le sexe de chaque candidat (madame ou monsieur), le nom, et le ou les pr\u00e9noms La liste doit indiquer le nombre total de femmes et le nombre total d&rsquo;hommes qui y figurent.<\/p>\n<p><em><br \/>\n<\/em><sub><em>(1) <\/em><em><a href=\"https:\/\/www.google.com\/url?sa=t&amp;rct=j&amp;q=&amp;esrc=s&amp;source=web&amp;cd=1&amp;cad=rja&amp;uact=8&amp;ved=0ahUKEwjzgtOG3JHcAhXCthQKHdgbAAgQFggoMAA&amp;url=https%3A%2F%2Fwww.legifrance.gouv.fr%2FaffichTexte.do%3FcidTexte%3DJORFTEXT000036984253%26dateTexte%26categorieLien%3Did&amp;usg=AOvVaw2HOje9TcYldF_pwZBQRcED\" target=\"_blank\" rel=\"noopener\">Arr\u00eat\u00e9 du\u00a04 juin 2018\u00a0fixant la date des prochaines \u00e9lections professionnelles dans la fonction publique territoriale\u00a0<\/a><\/em><em>(NOR:\u00a0PRMG1814149A)\u00a0; <\/em><em><a href=\"https:\/\/www.google.com\/url?sa=t&amp;rct=j&amp;q=&amp;esrc=s&amp;source=web&amp;cd=1&amp;cad=rja&amp;uact=8&amp;ved=0ahUKEwil7o-m3pHcAhVCvxQKHWM2AjMQFggoMAA&amp;url=https%3A%2F%2Fwww.legifrance.gouv.fr%2Feli%2Farrete%2F2018%2F6%2F4%2FPRMG1814391A%2Fjo%2Ftexte%2Ffr&amp;usg=AOvVaw2kZ0VwXEXyJWLYlAInmqp-\" target=\"_blank\" rel=\"noopener\">arr\u00eat\u00e9 du\u00a04 juin 2018\u00a0fixant la date des prochaines \u00e9lections professionnelles dans la fonction publique de l&rsquo;Etat\u00a0<\/a><\/em> <em>(NOR:\u00a0PRMG1814391A)\u00a0; <\/em><em><a href=\"https:\/\/www.google.com\/url?sa=t&amp;rct=j&amp;q=&amp;esrc=s&amp;source=web&amp;cd=1&amp;cad=rja&amp;uact=8&amp;ved=0ahUKEwiG5qux3pHcAhWKQBQKHVkVBMsQFggoMAA&amp;url=https%3A%2F%2Fwww.legifrance.gouv.fr%2FaffichTexte.do%3FcidTexte%3DJORFTEXT000036984283&amp;usg=AOvVaw3ms1_nlK_qGn3bZWFz0Acx\" target=\"_blank\" rel=\"noopener\">arr\u00eat\u00e9 du\u00a04 juin 2018\u00a0fixant la date des prochaines \u00e9lections professionnelles dans la fonction publique hospitali\u00e8re<\/a><\/em><em> (NOR:\u00a0PRMG1814447A), publi\u00e9s au Journal officiel du 5 juin 2018\u00a0;<\/em><\/sub><\/p>\n<p><sub><em>(2) Cependant, l\u2019article 2 de l\u2019arr\u00eat\u00e9 du 4 juin 2018 relatif \u00e0 la fonction publique d\u2019Etat fixe des d\u00e9rogations. Par exemple, \u00e0 l\u2019Education nationale, les \u00e9lections se d\u00e9rouleront du 29 novembre 2018 au 6 d\u00e9cembre 2018.<\/em><\/sub><\/p>\n","protected":false},"excerpt":{"rendered":"<p>Il s\u2019agit des organismes suivants\u00a0: comit\u00e9s techniques (CT), commissions administratives paritaires (CAP) commissions consultatives paritaires (CCP- organisme sp\u00e9cifique aux agents contractuels de droit public) comit\u00e9s consultatifs nationaux pour la fonction publique hospitali\u00e8re. S\u2019il est recouru au vote \u00e9lectronique, les op\u00e9rations de vote \u00e9lectronique par internet se d\u00e9rouleront pendant une p\u00e9riode qui ne peut \u00eatre inf\u00e9rieure [&hellip;]<\/p>\n","protected":false},"author":1,"featured_media":9434,"comment_status":"open","ping_status":"open","sticky":false,"template":"","format":"standard","meta":{"_acf_changed":false,"_mi_skip_tracking":false,"footnotes":""},"categories":[6,2],"tags":[1487,1486,117],"class_list":["post-9432","post","type-post","status-publish","format-standard","has-post-thumbnail","hentry","category-fonction-publique","category-ressources-humaines","tag-cap","tag-elections-professionnelles","tag-fonction-publique-2"],"acf":[],"yoast_head":"<!-- This site is optimized with the Yoast SEO plugin v23.4 - https:\/\/yoast.com\/wordpress\/plugins\/seo\/ -->\n<title>\u00c9lections professionnelles de 2018 : calendrier et prise en compte des effectifs masculins et f\u00e9minins pour la constitution des listes de candidats - Le Blog GERESO<\/title>\n<meta name=\"robots\" content=\"index, follow, max-snippet:-1, max-image-preview:large, max-video-preview:-1\" \/>\n<link rel=\"canonical\" href=\"https:\/\/www.gereso.com\/actualites\/2018\/07\/09\/elections-professionnelles-2018-calendrier-et-prise-en-compte-des-effectifs-masculins-feminins-constitution-des-listes-de-candidats\/\" \/>\n<meta property=\"og:locale\" content=\"fr_FR\" \/>\n<meta property=\"og:type\" content=\"article\" \/>\n<meta property=\"og:title\" content=\"\u00c9lections professionnelles de 2018 : calendrier et prise en compte des effectifs masculins et f\u00e9minins pour la constitution des listes de candidats - Le Blog GERESO\" \/>\n<meta property=\"og:description\" content=\"Il s\u2019agit des organismes suivants\u00a0: comit\u00e9s techniques (CT), commissions administratives paritaires (CAP) commissions consultatives paritaires (CCP- organisme sp\u00e9cifique aux agents contractuels de droit public) comit\u00e9s consultatifs nationaux pour la fonction publique hospitali\u00e8re. S\u2019il est recouru au vote \u00e9lectronique, les op\u00e9rations de vote \u00e9lectronique par internet se d\u00e9rouleront pendant une p\u00e9riode qui ne peut \u00eatre inf\u00e9rieure [&hellip;]\" \/>\n<meta property=\"og:url\" content=\"https:\/\/www.gereso.com\/actualites\/2018\/07\/09\/elections-professionnelles-2018-calendrier-et-prise-en-compte-des-effectifs-masculins-feminins-constitution-des-listes-de-candidats\/\" \/>\n<meta property=\"og:site_name\" content=\"Le Blog GERESO\" \/>\n<meta property=\"article:published_time\" content=\"2018-07-09T12:32:56+00:00\" \/>\n<meta property=\"article:modified_time\" content=\"2018-07-09T12:34:04+00:00\" \/>\n<meta property=\"og:image\" content=\"https:\/\/www.gereso.com\/actualites\/wp-content\/uploads\/2018\/07\/\u00c9lections-professionnelles-de-2018.jpg\" \/>\n\t<meta property=\"og:image:width\" content=\"600\" \/>\n\t<meta property=\"og:image:height\" content=\"400\" \/>\n\t<meta property=\"og:image:type\" content=\"image\/jpeg\" \/>\n<meta name=\"author\" content=\"GERESO\" \/>\n<meta name=\"twitter:card\" content=\"summary_large_image\" \/>\n<script type=\"application\/ld+json\" class=\"yoast-schema-graph\">{\"@context\":\"https:\/\/schema.org\",\"@graph\":[{\"@type\":\"WebPage\",\"@id\":\"https:\/\/www.gereso.com\/actualites\/2018\/07\/09\/elections-professionnelles-2018-calendrier-et-prise-en-compte-des-effectifs-masculins-feminins-constitution-des-listes-de-candidats\/\",\"url\":\"https:\/\/www.gereso.com\/actualites\/2018\/07\/09\/elections-professionnelles-2018-calendrier-et-prise-en-compte-des-effectifs-masculins-feminins-constitution-des-listes-de-candidats\/\",\"name\":\"\u00c9lections professionnelles de 2018 : calendrier et prise en compte des effectifs masculins et f\u00e9minins pour la constitution des listes de candidats - Le Blog GERESO\",\"isPartOf\":{\"@id\":\"https:\/\/www.gereso.com\/actualites\/#website\"},\"primaryImageOfPage\":{\"@id\":\"https:\/\/www.gereso.com\/actualites\/2018\/07\/09\/elections-professionnelles-2018-calendrier-et-prise-en-compte-des-effectifs-masculins-feminins-constitution-des-listes-de-candidats\/#primaryimage\"},\"image\":{\"@id\":\"https:\/\/www.gereso.com\/actualites\/2018\/07\/09\/elections-professionnelles-2018-calendrier-et-prise-en-compte-des-effectifs-masculins-feminins-constitution-des-listes-de-candidats\/#primaryimage\"},\"thumbnailUrl\":\"https:\/\/www.gereso.com\/actualites\/wp-content\/uploads\/2018\/07\/\u00c9lections-professionnelles-de-2018.jpg\",\"datePublished\":\"2018-07-09T12:32:56+00:00\",\"dateModified\":\"2018-07-09T12:34:04+00:00\",\"author\":{\"@id\":\"https:\/\/www.gereso.com\/actualites\/#\/schema\/person\/d9b0bc27f2e9ae74ff7505881ce5306e\"},\"breadcrumb\":{\"@id\":\"https:\/\/www.gereso.com\/actualites\/2018\/07\/09\/elections-professionnelles-2018-calendrier-et-prise-en-compte-des-effectifs-masculins-feminins-constitution-des-listes-de-candidats\/#breadcrumb\"},\"inLanguage\":\"fr-FR\",\"potentialAction\":[{\"@type\":\"ReadAction\",\"target\":[\"https:\/\/www.gereso.com\/actualites\/2018\/07\/09\/elections-professionnelles-2018-calendrier-et-prise-en-compte-des-effectifs-masculins-feminins-constitution-des-listes-de-candidats\/\"]}]},{\"@type\":\"ImageObject\",\"inLanguage\":\"fr-FR\",\"@id\":\"https:\/\/www.gereso.com\/actualites\/2018\/07\/09\/elections-professionnelles-2018-calendrier-et-prise-en-compte-des-effectifs-masculins-feminins-constitution-des-listes-de-candidats\/#primaryimage\",\"url\":\"https:\/\/www.gereso.com\/actualites\/wp-content\/uploads\/2018\/07\/\u00c9lections-professionnelles-de-2018.jpg\",\"contentUrl\":\"https:\/\/www.gereso.com\/actualites\/wp-content\/uploads\/2018\/07\/\u00c9lections-professionnelles-de-2018.jpg\",\"width\":600,\"height\":400,\"caption\":\"\u00c9lections professionnelles de 2018\"},{\"@type\":\"BreadcrumbList\",\"@id\":\"https:\/\/www.gereso.com\/actualites\/2018\/07\/09\/elections-professionnelles-2018-calendrier-et-prise-en-compte-des-effectifs-masculins-feminins-constitution-des-listes-de-candidats\/#breadcrumb\",\"itemListElement\":[{\"@type\":\"ListItem\",\"position\":1,\"name\":\"Home\",\"item\":\"https:\/\/www.gereso.com\/actualites\/\"},{\"@type\":\"ListItem\",\"position\":2,\"name\":\"\u00c9lections professionnelles de 2018 : calendrier et prise en compte des effectifs masculins et f\u00e9minins pour la constitution des listes de candidats\"}]},{\"@type\":\"WebSite\",\"@id\":\"https:\/\/www.gereso.com\/actualites\/#website\",\"url\":\"https:\/\/www.gereso.com\/actualites\/\",\"name\":\"Le Blog GERESO\",\"description\":\"Toute l&#039;actu RH, Finance, Fonction Publique, Management...\",\"potentialAction\":[{\"@type\":\"SearchAction\",\"target\":{\"@type\":\"EntryPoint\",\"urlTemplate\":\"https:\/\/www.gereso.com\/actualites\/?s={search_term_string}\"},\"query-input\":{\"@type\":\"PropertyValueSpecification\",\"valueRequired\":true,\"valueName\":\"search_term_string\"}}],\"inLanguage\":\"fr-FR\"},{\"@type\":\"Person\",\"@id\":\"https:\/\/www.gereso.com\/actualites\/#\/schema\/person\/d9b0bc27f2e9ae74ff7505881ce5306e\",\"name\":\"GERESO\",\"image\":{\"@type\":\"ImageObject\",\"inLanguage\":\"fr-FR\",\"@id\":\"https:\/\/www.gereso.com\/actualites\/#\/schema\/person\/image\/\",\"url\":\"https:\/\/www.gereso.com\/actualites\/wp-content\/uploads\/2013\/12\/avatar-gereso-1.png\",\"contentUrl\":\"https:\/\/www.gereso.com\/actualites\/wp-content\/uploads\/2013\/12\/avatar-gereso-1.png\",\"caption\":\"GERESO\"},\"url\":\"https:\/\/www.gereso.com\/actualites\/author\/wpadm_16root\/\"}]}<\/script>\n<!-- \/ Yoast SEO plugin. -->","yoast_head_json":{"title":"\u00c9lections professionnelles de 2018 : calendrier et prise en compte des effectifs masculins et f\u00e9minins pour la constitution des listes de candidats - Le Blog GERESO","robots":{"index":"index","follow":"follow","max-snippet":"max-snippet:-1","max-image-preview":"max-image-preview:large","max-video-preview":"max-video-preview:-1"},"canonical":"https:\/\/www.gereso.com\/actualites\/2018\/07\/09\/elections-professionnelles-2018-calendrier-et-prise-en-compte-des-effectifs-masculins-feminins-constitution-des-listes-de-candidats\/","og_locale":"fr_FR","og_type":"article","og_title":"\u00c9lections professionnelles de 2018 : calendrier et prise en compte des effectifs masculins et f\u00e9minins pour la constitution des listes de candidats - Le Blog GERESO","og_description":"Il s\u2019agit des organismes suivants\u00a0: comit\u00e9s techniques (CT), commissions administratives paritaires (CAP) commissions consultatives paritaires (CCP- organisme sp\u00e9cifique aux agents contractuels de droit public) comit\u00e9s consultatifs nationaux pour la fonction publique hospitali\u00e8re. S\u2019il est recouru au vote \u00e9lectronique, les op\u00e9rations de vote \u00e9lectronique par internet se d\u00e9rouleront pendant une p\u00e9riode qui ne peut \u00eatre inf\u00e9rieure [&hellip;]","og_url":"https:\/\/www.gereso.com\/actualites\/2018\/07\/09\/elections-professionnelles-2018-calendrier-et-prise-en-compte-des-effectifs-masculins-feminins-constitution-des-listes-de-candidats\/","og_site_name":"Le Blog GERESO","article_published_time":"2018-07-09T12:32:56+00:00","article_modified_time":"2018-07-09T12:34:04+00:00","og_image":[{"width":600,"height":400,"url":"https:\/\/www.gereso.com\/actualites\/wp-content\/uploads\/2018\/07\/\u00c9lections-professionnelles-de-2018.jpg","type":"image\/jpeg"}],"author":"GERESO","twitter_card":"summary_large_image","schema":{"@context":"https:\/\/schema.org","@graph":[{"@type":"WebPage","@id":"https:\/\/www.gereso.com\/actualites\/2018\/07\/09\/elections-professionnelles-2018-calendrier-et-prise-en-compte-des-effectifs-masculins-feminins-constitution-des-listes-de-candidats\/","url":"https:\/\/www.gereso.com\/actualites\/2018\/07\/09\/elections-professionnelles-2018-calendrier-et-prise-en-compte-des-effectifs-masculins-feminins-constitution-des-listes-de-candidats\/","name":"\u00c9lections professionnelles de 2018 : calendrier et prise en compte des effectifs masculins et f\u00e9minins pour la constitution des listes de candidats - Le Blog GERESO","isPartOf":{"@id":"https:\/\/www.gereso.com\/actualites\/#website"},"primaryImageOfPage":{"@id":"https:\/\/www.gereso.com\/actualites\/2018\/07\/09\/elections-professionnelles-2018-calendrier-et-prise-en-compte-des-effectifs-masculins-feminins-constitution-des-listes-de-candidats\/#primaryimage"},"image":{"@id":"https:\/\/www.gereso.com\/actualites\/2018\/07\/09\/elections-professionnelles-2018-calendrier-et-prise-en-compte-des-effectifs-masculins-feminins-constitution-des-listes-de-candidats\/#primaryimage"},"thumbnailUrl":"https:\/\/www.gereso.com\/actualites\/wp-content\/uploads\/2018\/07\/\u00c9lections-professionnelles-de-2018.jpg","datePublished":"2018-07-09T12:32:56+00:00","dateModified":"2018-07-09T12:34:04+00:00","author":{"@id":"https:\/\/www.gereso.com\/actualites\/#\/schema\/person\/d9b0bc27f2e9ae74ff7505881ce5306e"},"breadcrumb":{"@id":"https:\/\/www.gereso.com\/actualites\/2018\/07\/09\/elections-professionnelles-2018-calendrier-et-prise-en-compte-des-effectifs-masculins-feminins-constitution-des-listes-de-candidats\/#breadcrumb"},"inLanguage":"fr-FR","potentialAction":[{"@type":"ReadAction","target":["https:\/\/www.gereso.com\/actualites\/2018\/07\/09\/elections-professionnelles-2018-calendrier-et-prise-en-compte-des-effectifs-masculins-feminins-constitution-des-listes-de-candidats\/"]}]},{"@type":"ImageObject","inLanguage":"fr-FR","@id":"https:\/\/www.gereso.com\/actualites\/2018\/07\/09\/elections-professionnelles-2018-calendrier-et-prise-en-compte-des-effectifs-masculins-feminins-constitution-des-listes-de-candidats\/#primaryimage","url":"https:\/\/www.gereso.com\/actualites\/wp-content\/uploads\/2018\/07\/\u00c9lections-professionnelles-de-2018.jpg","contentUrl":"https:\/\/www.gereso.com\/actualites\/wp-content\/uploads\/2018\/07\/\u00c9lections-professionnelles-de-2018.jpg","width":600,"height":400,"caption":"\u00c9lections professionnelles de 2018"},{"@type":"BreadcrumbList","@id":"https:\/\/www.gereso.com\/actualites\/2018\/07\/09\/elections-professionnelles-2018-calendrier-et-prise-en-compte-des-effectifs-masculins-feminins-constitution-des-listes-de-candidats\/#breadcrumb","itemListElement":[{"@type":"ListItem","position":1,"name":"Home","item":"https:\/\/www.gereso.com\/actualites\/"},{"@type":"ListItem","position":2,"name":"\u00c9lections professionnelles de 2018 : calendrier et prise en compte des effectifs masculins et f\u00e9minins pour la constitution des listes de candidats"}]},{"@type":"WebSite","@id":"https:\/\/www.gereso.com\/actualites\/#website","url":"https:\/\/www.gereso.com\/actualites\/","name":"Le Blog GERESO","description":"Toute l&#039;actu RH, Finance, Fonction Publique, Management...","potentialAction":[{"@type":"SearchAction","target":{"@type":"EntryPoint","urlTemplate":"https:\/\/www.gereso.com\/actualites\/?s={search_term_string}"},"query-input":{"@type":"PropertyValueSpecification","valueRequired":true,"valueName":"search_term_string"}}],"inLanguage":"fr-FR"},{"@type":"Person","@id":"https:\/\/www.gereso.com\/actualites\/#\/schema\/person\/d9b0bc27f2e9ae74ff7505881ce5306e","name":"GERESO","image":{"@type":"ImageObject","inLanguage":"fr-FR","@id":"https:\/\/www.gereso.com\/actualites\/#\/schema\/person\/image\/","url":"https:\/\/www.gereso.com\/actualites\/wp-content\/uploads\/2013\/12\/avatar-gereso-1.png","contentUrl":"https:\/\/www.gereso.com\/actualites\/wp-content\/uploads\/2013\/12\/avatar-gereso-1.png","caption":"GERESO"},"url":"https:\/\/www.gereso.com\/actualites\/author\/wpadm_16root\/"}]}},"_links":{"self":[{"href":"https:\/\/www.gereso.com\/actualites\/wp-json\/wp\/v2\/posts\/9432","targetHints":{"allow":["GET"]}}],"collection":[{"href":"https:\/\/www.gereso.com\/actualites\/wp-json\/wp\/v2\/posts"}],"about":[{"href":"https:\/\/www.gereso.com\/actualites\/wp-json\/wp\/v2\/types\/post"}],"author":[{"embeddable":true,"href":"https:\/\/www.gereso.com\/actualites\/wp-json\/wp\/v2\/users\/1"}],"replies":[{"embeddable":true,"href":"https:\/\/www.gereso.com\/actualites\/wp-json\/wp\/v2\/comments?post=9432"}],"version-history":[{"count":4,"href":"https:\/\/www.gereso.com\/actualites\/wp-json\/wp\/v2\/posts\/9432\/revisions"}],"predecessor-version":[{"id":9437,"href":"https:\/\/www.gereso.com\/actualites\/wp-json\/wp\/v2\/posts\/9432\/revisions\/9437"}],"wp:featuredmedia":[{"embeddable":true,"href":"https:\/\/www.gereso.com\/actualites\/wp-json\/wp\/v2\/media\/9434"}],"wp:attachment":[{"href":"https:\/\/www.gereso.com\/actualites\/wp-json\/wp\/v2\/media?parent=9432"}],"wp:term":[{"taxonomy":"category","embeddable":true,"href":"https:\/\/www.gereso.com\/actualites\/wp-json\/wp\/v2\/categories?post=9432"},{"taxonomy":"post_tag","embeddable":true,"href":"https:\/\/www.gereso.com\/actualites\/wp-json\/wp\/v2\/tags?post=9432"}],"curies":[{"name":"wp","href":"https:\/\/api.w.org\/{rel}","templated":true}]}}