{"id":945,"date":"2013-02-28T15:58:19","date_gmt":"2013-02-28T13:58:19","guid":{"rendered":"https:\/\/www.gereso.com\/actualites\/?p=945"},"modified":"2013-02-28T15:58:19","modified_gmt":"2013-02-28T13:58:19","slug":"optimiser-impots-salaries-en-mobilite-internationale","status":"publish","type":"post","link":"https:\/\/www.gereso.com\/actualites\/2013\/02\/28\/optimiser-impots-salaries-en-mobilite-internationale\/","title":{"rendered":"Salari\u00e9s en mobilit\u00e9 internationale : comment optimiser votre imp\u00f4t&nbsp;?"},"content":{"rendered":"<p><strong><span style=\"font-size: medium;\"><i>Ce n&rsquo;est un scoop pour personne, car cela a \u00e9t\u00e9 largement comment\u00e9 et m\u00e9diatis\u00e9 : la pression fiscale va s&rsquo;accentuer ! Et cela commence m\u00eame d\u00e8s cette ann\u00e9e, pour l&rsquo;imposition sur les revenus 2012, avec des mesures particuli\u00e8rement vari\u00e9es : gel des bar\u00e8mes, modification des taux d&rsquo;imposition, des plafonds, des seuils d&rsquo;imposition, limitation des niches fiscales&#8230; <\/i><\/span><\/strong><\/p>\n<p><strong><span style=\"font-size: medium;\"><i>Face \u00e0 un \u00ab\u00a0\u00e9tau\u00a0\u00bb qui se resserre en permanence, le seul vrai moyen de r\u00e9duire l\u2019impact fiscal consiste \u00e0 remplir une d\u00e9claration de revenus correcte et optimis\u00e9e, en utilisant tous les leviers de d\u00e9ductions, r\u00e9ductions et cr\u00e9dit d\u2019imp\u00f4t disponibles dans le Code G\u00e9n\u00e9ral des Imp\u00f4ts (C.G.I.), notamment pour les <\/i><a href=\"http:\/\/www.gereso.com\/formations\/mobilite-internationale\/formation-gestion-des-expatries\"><i>salari\u00e9s en mobilit\u00e9 internationale<\/i><\/a><i>. <\/i><i>C&rsquo;est ce que nous rappelle \u00c9liane Rakotonoel, consultante experte en fiscalit\u00e9 internationale, pour les salari\u00e9s <\/i><a href=\"http:\/\/www.gereso.com\/formations\/mobilite-internationale\/formation-fiscalite-des-expatries\"><i>expatri\u00e9s<\/i><\/a><i> ou <\/i><a href=\"http:\/\/www.gereso.com\/formations\/mobilite-internationale\/formation-fiscalite-des-impatries\"><i>impatri\u00e9s<\/i><\/a><\/span><i><span style=\"font-size: medium;\">.<\/span> <\/i><\/strong><\/p>\n<p style=\"text-align: center;\"><img fetchpriority=\"high\" decoding=\"async\" class=\"aligncenter size-full wp-image-946\" alt=\"impots-impatries\" src=\"https:\/\/www.gereso.com\/actualites\/wp-content\/uploads\/2013\/02\/impots-impatries-1.jpg\" width=\"534\" height=\"300\" srcset=\"https:\/\/www.gereso.com\/actualites\/wp-content\/uploads\/2013\/02\/impots-impatries-1.jpg 534w, https:\/\/www.gereso.com\/actualites\/wp-content\/uploads\/2013\/02\/impots-impatries-1-300x169.jpg 300w\" sizes=\"(max-width: 534px) 100vw, 534px\" \/><br \/>\n<i>Une fiscalit\u00e9 en hausse pour l&rsquo;ensemble des contribuables fran\u00e7ais d\u00e8s 2013.<\/i><\/p>\n<h2>Des imp\u00f4ts en hausse d\u00e8s cette ann\u00e9e<\/h2>\n<p>Comme cela a \u00e9t\u00e9 largement comment\u00e9 et m\u00e9diatis\u00e9, la <b>pression fiscale<\/b> va s\u2019accentuer d\u00e8s cette ann\u00e9e pour tous les contribuables, pour leurs <b>revenus imposables de l\u2019ann\u00e9e 2012.<\/b><\/p>\n<p>L&rsquo;exemple le plus percutant de cette augmentation de la pression fiscale est <b>la hausse \u00ab\u00a0m\u00e9canique\u00a0\u00bb de l\u2019imp\u00f4t <\/b>pour 100 % des foyers fiscaux imposables, du seul fait du <a href=\"http:\/\/impots.dispofi.fr\/impots-2013\/gel-bareme-revalorisation-decote\"><b>gel du bar\u00e8me de l\u2019imp\u00f4t<\/b><\/a><b> <\/b>sur le revenu !<\/p>\n<p>\u00c0 cela vont s\u2019ajouter, en cascade, diff\u00e9rentes mesures\u00a0:<\/p>\n<ul>\n<li>L\u2019abaissement du plafond pour les <b>10% de frais professionnels<\/b> de 14\u00a0157 \u20ac \u00e0 12\u00a0000 \u20ac maximum.<\/li>\n<li>La r\u00e9duction du b\u00e9n\u00e9fice des parts par la <b>r\u00e9duction du quotient familial<\/b> de 2 336 \u20ac par demi-part suppl\u00e9mentaire \u00e0 2 000 \u20ac, dispositif qui va toucher tous les foyers fiscaux ayant un ou plusieurs enfants<\/li>\n<li>La cr\u00e9ation d\u2019une <b>nouvelle tranche d\u2019imposition au taux de 45%<\/b> pour la fraction des revenus sup\u00e9rieure \u00e0 150 000 \u20ac<\/li>\n<li>La r\u00e9duction du <b>plafond des niches fiscales \u00e0 10\u00a0000 \u20ac<\/b> (auparavant, il \u00e9tait de 18\u00a0000 \u20ac + 4% du revenu imposable)<\/li>\n<li>La taxation des <b>plus-values de valeurs mobili\u00e8res<\/b> r\u00e9alis\u00e9es en 2012 au taux forfaitaire de 29% au lieu de 19% (\u00e0 noter qu\u2019\u00e0 partir des revenus 2013 les plus-values seront directement int\u00e9gr\u00e9es au bar\u00e8me progressif)<\/li>\n<li>L\u2019augmentation de la <b>CSG\/CRRS<\/b> de 2 points, passant ainsi de 13.5% \u00e0 15.5%<\/li>\n<li>La cr\u00e9ation <b>d\u2019une surtaxe sur les plus-values au-del\u00e0 de 50\u00a0000 \u20ac<\/b> (entre 2 et 6%)<\/li>\n<li>Sans parler de la <b>taxation de 75% sur les tr\u00e8s hauts revenus<\/b>, pour l\u2019instant censur\u00e9e par le Conseil Constitutionnel, mais qui reviendra d\u2019une mani\u00e8re ou d\u2019une autre sous une autre forme<\/li>\n<\/ul>\n<p>etc\u2026<\/p>\n<p>&nbsp;<\/p>\n<h2>Seule solution : l&rsquo;utilisation experte du Code G\u00e9n\u00e9ral des Imp\u00f4ts (CGI) !<\/h2>\n<p>Comment r\u00e9duire cet impact fiscal&nbsp;? La solution la plus \u00e9vidente est de <b>remplir une d\u00e9claration de revenus correcte et optimis\u00e9e,<\/b> en utilisant tous les leviers de d\u00e9ductions, r\u00e9ductions et cr\u00e9dit d\u2019imp\u00f4t disponibles dans le <a href=\"http:\/\/www.legifrance.gouv.fr\/affichCode.do?cidTexte=LEGITEXT000006069577\">Code G\u00e9n\u00e9ral des Imp\u00f4ts<\/a> (C.G.I.).<\/p>\n<p>Or la plupart du temps, ces leviers sont m\u00e9connus des contribuables, et plus encore des <b>salari\u00e9s en mobilit\u00e9 internationale.<\/b><\/p>\n<p><b>\u00a0<\/b>Ainsi, les r\u00e9ductions d\u2019imp\u00f4t ne sont plus dans les \u00ab\u00a0cadeaux fiscaux\u00a0\u00bb, mais bel et bien dans <b>l\u2019utilisation experte du Code G\u00e9n\u00e9ral des Imp\u00f4ts.<\/b><\/p>\n<p><b>\u00a0<\/b>Pour exemple, pour les impatri\u00e9s, les <a href=\"http:\/\/www.legifrance.gouv.fr\/affichCodeArticle.do?idArticle=LEGIARTI000020549545&amp;cidTexte=LEGITEXT000006069577\">articles 155 B<\/a> et <a href=\"http:\/\/www.legifrance.gouv.fr\/affichCodeArticle.do?idArticle=LEGIARTI000026947134&amp;cidTexte=LEGITEXT000006069577\">885 A<\/a> peuvent \u00eatre explor\u00e9s, et les meilleures options prises <b>d\u00e8s la premi\u00e8re d\u00e9claration de revenus.<\/b><\/p>\n<p><b>\u00a0<\/b>Pour faire les meilleurs choix et pouvoir ainsi optimiser leur niveau d&rsquo;imposition, les salari\u00e9s internationaux ont donc tout int\u00e9r\u00eat \u00e0 se faire <b>accompagner par des sp\u00e9cialistes de la fiscalit\u00e9 internationale,<\/b> soit par le biais de prestations\u00a0 de conseil personnalis\u00e9 en fiscalit\u00e9 internationale, soit via des formations expertes (<a href=\"http:\/\/www.gereso.com\/formations\/mobilite-internationale\/formation-fiscalite-des-expatries\">fiscalit\u00e9 des expatri\u00e9s<\/a> ou des <a href=\"http:\/\/www.gereso.com\/formations\/mobilite-internationale\/formation-fiscalite-des-impatries\">impatri\u00e9s<\/a>).<\/p>\n<p>&nbsp;<\/p>\n<h2>Augmentation d&rsquo;imp\u00f4ts : un exemple concret<\/h2>\n<p>Exemple de diff\u00e9rence d\u2019imp\u00f4t sur le revenu entre les revenus 2011 et 2012 pour un couple mari\u00e9 avec 3 enfants qui touche 170\u00a0000 \u20ac de salaires et 60\u00a0000 \u20ac de plus-value\u00a0:<\/p>\n<table class=\"lignetabl\" border=\"1\" cellspacing=\"0\" cellpadding=\"0\">\n<tbody>\n<tr>\n<td valign=\"top\" width=\"200\">\n<p align=\"center\"><b>\u00a0<\/b><\/p>\n<\/td>\n<td valign=\"top\" width=\"107\">\n<p style=\"text-align: center;\" align=\"center\"><b>2011<\/b><\/p>\n<\/td>\n<td valign=\"top\" width=\"118\">\n<p style=\"text-align: center;\" align=\"center\"><b>2012<\/b><\/p>\n<\/td>\n<td valign=\"top\" width=\"165\">\n<p align=\"center\"><b>\u00c9cart 2012 \/ 2011<\/b><\/p>\n<\/td>\n<\/tr>\n<tr>\n<td width=\"200\"><b>Imp\u00f4t sur le revenu :<br \/>\n<\/b><\/td>\n<td width=\"107\">\n<p align=\"right\">39\u00a0175 \u20ac<\/p>\n<\/td>\n<td width=\"118\">\n<p align=\"right\">44\u00a0404 \u20ac<\/p>\n<\/td>\n<td width=\"165\">\n<p align=\"right\">5\u00a0229 \u20ac (a)<\/p>\n<\/td>\n<\/tr>\n<tr>\n<td width=\"200\"><b>CSG\/CRDS :<br \/>\n<\/b><\/td>\n<td width=\"107\">\n<p align=\"right\">8\u00a0100 \u20ac<\/p>\n<\/td>\n<td width=\"118\">\n<p align=\"right\">9 300 \u20ac<\/p>\n<\/td>\n<td width=\"165\">\n<p align=\"right\">1 200 \u20ac (b)<\/p>\n<\/td>\n<\/tr>\n<tr>\n<td colspan=\"3\" valign=\"top\" width=\"425\">\n<p align=\"right\"><b>Total :<br \/>\n<\/b><\/p>\n<\/td>\n<td valign=\"top\" width=\"165\">\n<p align=\"right\"><b>6 429 \u20ac<\/b><\/p>\n<\/td>\n<\/tr>\n<\/tbody>\n<\/table>\n<p>(a) : la diff\u00e9rence de 5\u00a0229 \u20ac sur l\u2019imp\u00f4t sur le revenu est due \u00e0 ces points de changements\u00a0:<\/p>\n<ul>\n<li>885 \u20ac dus \u00e0 l\u2019abaissement du plafond pour les 10% de frais professionnels (de 14\u00a0157 \u00e0 12\u00a0000 \u20ac)<\/li>\n<li>1 334 \u20ac pour l\u2019abaissement du b\u00e9n\u00e9fice par demi-part de 2\u00a0336 \u20ac \u00e0 2\u00a0000 \u20ac<\/li>\n<li>3\u00a0000 \u20ac pour le rehaussement du taux de taxation de la plus-value de 19 \u00e0 24 %<\/li>\n<\/ul>\n<p>(b) : la diff\u00e9rence de 1 200 \u20ac sur la CSG\/CRDS est due au 2 points suppl\u00e9mentaires de CSG\/CRDS, soit 15,5% en 2012 contre 13.5% en 2011.<\/p>\n<p>&nbsp;<\/p>\n","protected":false},"excerpt":{"rendered":"<p>Ce n&rsquo;est un scoop pour personne, car cela a \u00e9t\u00e9 largement comment\u00e9 et m\u00e9diatis\u00e9 : la pression fiscale va s&rsquo;accentuer ! Et cela commence m\u00eame d\u00e8s cette ann\u00e9e, pour l&rsquo;imposition sur les revenus 2012, avec des mesures particuli\u00e8rement vari\u00e9es : gel des bar\u00e8mes, modification des taux d&rsquo;imposition, des plafonds, des seuils d&rsquo;imposition, limitation des niches [&hellip;]<\/p>\n","protected":false},"author":29,"featured_media":946,"comment_status":"open","ping_status":"open","sticky":false,"template":"","format":"standard","meta":{"_acf_changed":false,"_mi_skip_tracking":false,"footnotes":""},"categories":[3,7],"tags":[208,209,142,210,84,211,85],"class_list":["post-945","post","type-post","status-publish","format-standard","has-post-thumbnail","hentry","category-comptabilite-fiscalite-et-gestion-financiere","category-mobilite-internationale","tag-cgi","tag-declaration-revenus-impatries","tag-fiscalite","tag-fiscalite-internationale","tag-impatries","tag-impots","tag-mobilite-internationale-2"],"acf":[],"yoast_head":"<!-- This site is optimized with the Yoast SEO plugin v23.4 - https:\/\/yoast.com\/wordpress\/plugins\/seo\/ -->\n<title>Salari\u00e9s en mobilit\u00e9 internationale : comment optimiser votre imp\u00f4t&nbsp;? - Le Blog GERESO<\/title>\n<meta name=\"robots\" content=\"index, follow, max-snippet:-1, max-image-preview:large, max-video-preview:-1\" \/>\n<link rel=\"canonical\" href=\"https:\/\/www.gereso.com\/actualites\/2013\/02\/28\/optimiser-impots-salaries-en-mobilite-internationale\/\" \/>\n<meta property=\"og:locale\" content=\"fr_FR\" \/>\n<meta property=\"og:type\" content=\"article\" \/>\n<meta property=\"og:title\" content=\"Salari\u00e9s en mobilit\u00e9 internationale : comment optimiser votre imp\u00f4t&nbsp;? - Le Blog GERESO\" \/>\n<meta property=\"og:description\" content=\"Ce n&rsquo;est un scoop pour personne, car cela a \u00e9t\u00e9 largement comment\u00e9 et m\u00e9diatis\u00e9 : la pression fiscale va s&rsquo;accentuer ! Et cela commence m\u00eame d\u00e8s cette ann\u00e9e, pour l&rsquo;imposition sur les revenus 2012, avec des mesures particuli\u00e8rement vari\u00e9es : gel des bar\u00e8mes, modification des taux d&rsquo;imposition, des plafonds, des seuils d&rsquo;imposition, limitation des niches [&hellip;]\" \/>\n<meta property=\"og:url\" content=\"https:\/\/www.gereso.com\/actualites\/2013\/02\/28\/optimiser-impots-salaries-en-mobilite-internationale\/\" \/>\n<meta property=\"og:site_name\" content=\"Le Blog GERESO\" \/>\n<meta property=\"article:published_time\" content=\"2013-02-28T13:58:19+00:00\" \/>\n<meta property=\"og:image\" content=\"https:\/\/www.gereso.com\/actualites\/wp-content\/uploads\/2013\/02\/impots-impatries-1.jpg\" \/>\n\t<meta property=\"og:image:width\" content=\"534\" \/>\n\t<meta property=\"og:image:height\" content=\"300\" \/>\n\t<meta property=\"og:image:type\" content=\"image\/jpeg\" \/>\n<meta name=\"author\" content=\"\u00c9liane Rakotono\u00ebl\" \/>\n<meta name=\"twitter:card\" content=\"summary_large_image\" \/>\n<script type=\"application\/ld+json\" class=\"yoast-schema-graph\">{\"@context\":\"https:\/\/schema.org\",\"@graph\":[{\"@type\":\"WebPage\",\"@id\":\"https:\/\/www.gereso.com\/actualites\/2013\/02\/28\/optimiser-impots-salaries-en-mobilite-internationale\/\",\"url\":\"https:\/\/www.gereso.com\/actualites\/2013\/02\/28\/optimiser-impots-salaries-en-mobilite-internationale\/\",\"name\":\"Salari\u00e9s en mobilit\u00e9 internationale : comment optimiser votre imp\u00f4t&nbsp;? - Le Blog GERESO\",\"isPartOf\":{\"@id\":\"https:\/\/www.gereso.com\/actualites\/#website\"},\"primaryImageOfPage\":{\"@id\":\"https:\/\/www.gereso.com\/actualites\/2013\/02\/28\/optimiser-impots-salaries-en-mobilite-internationale\/#primaryimage\"},\"image\":{\"@id\":\"https:\/\/www.gereso.com\/actualites\/2013\/02\/28\/optimiser-impots-salaries-en-mobilite-internationale\/#primaryimage\"},\"thumbnailUrl\":\"https:\/\/www.gereso.com\/actualites\/wp-content\/uploads\/2013\/02\/impots-impatries-1.jpg\",\"datePublished\":\"2013-02-28T13:58:19+00:00\",\"dateModified\":\"2013-02-28T13:58:19+00:00\",\"author\":{\"@id\":\"https:\/\/www.gereso.com\/actualites\/#\/schema\/person\/f31d56da7f0596f74b746f7a4fc1ed00\"},\"breadcrumb\":{\"@id\":\"https:\/\/www.gereso.com\/actualites\/2013\/02\/28\/optimiser-impots-salaries-en-mobilite-internationale\/#breadcrumb\"},\"inLanguage\":\"fr-FR\",\"potentialAction\":[{\"@type\":\"ReadAction\",\"target\":[\"https:\/\/www.gereso.com\/actualites\/2013\/02\/28\/optimiser-impots-salaries-en-mobilite-internationale\/\"]}]},{\"@type\":\"ImageObject\",\"inLanguage\":\"fr-FR\",\"@id\":\"https:\/\/www.gereso.com\/actualites\/2013\/02\/28\/optimiser-impots-salaries-en-mobilite-internationale\/#primaryimage\",\"url\":\"https:\/\/www.gereso.com\/actualites\/wp-content\/uploads\/2013\/02\/impots-impatries-1.jpg\",\"contentUrl\":\"https:\/\/www.gereso.com\/actualites\/wp-content\/uploads\/2013\/02\/impots-impatries-1.jpg\",\"width\":534,\"height\":300},{\"@type\":\"BreadcrumbList\",\"@id\":\"https:\/\/www.gereso.com\/actualites\/2013\/02\/28\/optimiser-impots-salaries-en-mobilite-internationale\/#breadcrumb\",\"itemListElement\":[{\"@type\":\"ListItem\",\"position\":1,\"name\":\"Home\",\"item\":\"https:\/\/www.gereso.com\/actualites\/\"},{\"@type\":\"ListItem\",\"position\":2,\"name\":\"Salari\u00e9s en mobilit\u00e9 internationale : comment optimiser votre imp\u00f4t&nbsp;?\"}]},{\"@type\":\"WebSite\",\"@id\":\"https:\/\/www.gereso.com\/actualites\/#website\",\"url\":\"https:\/\/www.gereso.com\/actualites\/\",\"name\":\"Le Blog GERESO\",\"description\":\"Toute l&#039;actu RH, Finance, Fonction Publique, Management...\",\"potentialAction\":[{\"@type\":\"SearchAction\",\"target\":{\"@type\":\"EntryPoint\",\"urlTemplate\":\"https:\/\/www.gereso.com\/actualites\/?s={search_term_string}\"},\"query-input\":{\"@type\":\"PropertyValueSpecification\",\"valueRequired\":true,\"valueName\":\"search_term_string\"}}],\"inLanguage\":\"fr-FR\"},{\"@type\":\"Person\",\"@id\":\"https:\/\/www.gereso.com\/actualites\/#\/schema\/person\/f31d56da7f0596f74b746f7a4fc1ed00\",\"name\":\"\u00c9liane Rakotono\u00ebl\",\"image\":{\"@type\":\"ImageObject\",\"inLanguage\":\"fr-FR\",\"@id\":\"https:\/\/www.gereso.com\/actualites\/#\/schema\/person\/image\/\",\"url\":\"https:\/\/www.gereso.com\/actualites\/wp-content\/uploads\/2016\/01\/femme-icone-2-144x144.png\",\"contentUrl\":\"https:\/\/www.gereso.com\/actualites\/wp-content\/uploads\/2016\/01\/femme-icone-2-144x144.png\",\"caption\":\"\u00c9liane Rakotono\u00ebl\"},\"description\":\"Consultante en mobilit\u00e9 internationale, elle est sp\u00e9cialis\u00e9e en fiscalit\u00e9 internationale et dirige le cabinet de conseil Elitax. \u00c9liane intervient au cours des formations GERESO dispens\u00e9e en inter ou intra-entreprises, sur les th\u00e8mes suivants : gestion des salari\u00e9s expatri\u00e9s, fiscalit\u00e9 des salari\u00e9s expatri\u00e9s, droit social et fiscalit\u00e9 compar\u00e9s en Europe, droit social et fiscalit\u00e9 compar\u00e9s en Asie, fiscalit\u00e9 des salari\u00e9s impatri\u00e9s.\",\"url\":\"https:\/\/www.gereso.com\/actualites\/author\/e-rakotonoel\/\"}]}<\/script>\n<!-- \/ Yoast SEO plugin. -->","yoast_head_json":{"title":"Salari\u00e9s en mobilit\u00e9 internationale : comment optimiser votre imp\u00f4t&nbsp;? - Le Blog GERESO","robots":{"index":"index","follow":"follow","max-snippet":"max-snippet:-1","max-image-preview":"max-image-preview:large","max-video-preview":"max-video-preview:-1"},"canonical":"https:\/\/www.gereso.com\/actualites\/2013\/02\/28\/optimiser-impots-salaries-en-mobilite-internationale\/","og_locale":"fr_FR","og_type":"article","og_title":"Salari\u00e9s en mobilit\u00e9 internationale : comment optimiser votre imp\u00f4t&nbsp;? - Le Blog GERESO","og_description":"Ce n&rsquo;est un scoop pour personne, car cela a \u00e9t\u00e9 largement comment\u00e9 et m\u00e9diatis\u00e9 : la pression fiscale va s&rsquo;accentuer ! Et cela commence m\u00eame d\u00e8s cette ann\u00e9e, pour l&rsquo;imposition sur les revenus 2012, avec des mesures particuli\u00e8rement vari\u00e9es : gel des bar\u00e8mes, modification des taux d&rsquo;imposition, des plafonds, des seuils d&rsquo;imposition, limitation des niches [&hellip;]","og_url":"https:\/\/www.gereso.com\/actualites\/2013\/02\/28\/optimiser-impots-salaries-en-mobilite-internationale\/","og_site_name":"Le Blog GERESO","article_published_time":"2013-02-28T13:58:19+00:00","og_image":[{"width":534,"height":300,"url":"https:\/\/www.gereso.com\/actualites\/wp-content\/uploads\/2013\/02\/impots-impatries-1.jpg","type":"image\/jpeg"}],"author":"\u00c9liane Rakotono\u00ebl","twitter_card":"summary_large_image","schema":{"@context":"https:\/\/schema.org","@graph":[{"@type":"WebPage","@id":"https:\/\/www.gereso.com\/actualites\/2013\/02\/28\/optimiser-impots-salaries-en-mobilite-internationale\/","url":"https:\/\/www.gereso.com\/actualites\/2013\/02\/28\/optimiser-impots-salaries-en-mobilite-internationale\/","name":"Salari\u00e9s en mobilit\u00e9 internationale : comment optimiser votre imp\u00f4t&nbsp;? - Le Blog GERESO","isPartOf":{"@id":"https:\/\/www.gereso.com\/actualites\/#website"},"primaryImageOfPage":{"@id":"https:\/\/www.gereso.com\/actualites\/2013\/02\/28\/optimiser-impots-salaries-en-mobilite-internationale\/#primaryimage"},"image":{"@id":"https:\/\/www.gereso.com\/actualites\/2013\/02\/28\/optimiser-impots-salaries-en-mobilite-internationale\/#primaryimage"},"thumbnailUrl":"https:\/\/www.gereso.com\/actualites\/wp-content\/uploads\/2013\/02\/impots-impatries-1.jpg","datePublished":"2013-02-28T13:58:19+00:00","dateModified":"2013-02-28T13:58:19+00:00","author":{"@id":"https:\/\/www.gereso.com\/actualites\/#\/schema\/person\/f31d56da7f0596f74b746f7a4fc1ed00"},"breadcrumb":{"@id":"https:\/\/www.gereso.com\/actualites\/2013\/02\/28\/optimiser-impots-salaries-en-mobilite-internationale\/#breadcrumb"},"inLanguage":"fr-FR","potentialAction":[{"@type":"ReadAction","target":["https:\/\/www.gereso.com\/actualites\/2013\/02\/28\/optimiser-impots-salaries-en-mobilite-internationale\/"]}]},{"@type":"ImageObject","inLanguage":"fr-FR","@id":"https:\/\/www.gereso.com\/actualites\/2013\/02\/28\/optimiser-impots-salaries-en-mobilite-internationale\/#primaryimage","url":"https:\/\/www.gereso.com\/actualites\/wp-content\/uploads\/2013\/02\/impots-impatries-1.jpg","contentUrl":"https:\/\/www.gereso.com\/actualites\/wp-content\/uploads\/2013\/02\/impots-impatries-1.jpg","width":534,"height":300},{"@type":"BreadcrumbList","@id":"https:\/\/www.gereso.com\/actualites\/2013\/02\/28\/optimiser-impots-salaries-en-mobilite-internationale\/#breadcrumb","itemListElement":[{"@type":"ListItem","position":1,"name":"Home","item":"https:\/\/www.gereso.com\/actualites\/"},{"@type":"ListItem","position":2,"name":"Salari\u00e9s en mobilit\u00e9 internationale : comment optimiser votre imp\u00f4t&nbsp;?"}]},{"@type":"WebSite","@id":"https:\/\/www.gereso.com\/actualites\/#website","url":"https:\/\/www.gereso.com\/actualites\/","name":"Le Blog GERESO","description":"Toute l&#039;actu RH, Finance, Fonction Publique, Management...","potentialAction":[{"@type":"SearchAction","target":{"@type":"EntryPoint","urlTemplate":"https:\/\/www.gereso.com\/actualites\/?s={search_term_string}"},"query-input":{"@type":"PropertyValueSpecification","valueRequired":true,"valueName":"search_term_string"}}],"inLanguage":"fr-FR"},{"@type":"Person","@id":"https:\/\/www.gereso.com\/actualites\/#\/schema\/person\/f31d56da7f0596f74b746f7a4fc1ed00","name":"\u00c9liane Rakotono\u00ebl","image":{"@type":"ImageObject","inLanguage":"fr-FR","@id":"https:\/\/www.gereso.com\/actualites\/#\/schema\/person\/image\/","url":"https:\/\/www.gereso.com\/actualites\/wp-content\/uploads\/2016\/01\/femme-icone-2-144x144.png","contentUrl":"https:\/\/www.gereso.com\/actualites\/wp-content\/uploads\/2016\/01\/femme-icone-2-144x144.png","caption":"\u00c9liane Rakotono\u00ebl"},"description":"Consultante en mobilit\u00e9 internationale, elle est sp\u00e9cialis\u00e9e en fiscalit\u00e9 internationale et dirige le cabinet de conseil Elitax. \u00c9liane intervient au cours des formations GERESO dispens\u00e9e en inter ou intra-entreprises, sur les th\u00e8mes suivants : gestion des salari\u00e9s expatri\u00e9s, fiscalit\u00e9 des salari\u00e9s expatri\u00e9s, droit social et fiscalit\u00e9 compar\u00e9s en Europe, droit social et fiscalit\u00e9 compar\u00e9s en Asie, fiscalit\u00e9 des salari\u00e9s impatri\u00e9s.","url":"https:\/\/www.gereso.com\/actualites\/author\/e-rakotonoel\/"}]}},"_links":{"self":[{"href":"https:\/\/www.gereso.com\/actualites\/wp-json\/wp\/v2\/posts\/945","targetHints":{"allow":["GET"]}}],"collection":[{"href":"https:\/\/www.gereso.com\/actualites\/wp-json\/wp\/v2\/posts"}],"about":[{"href":"https:\/\/www.gereso.com\/actualites\/wp-json\/wp\/v2\/types\/post"}],"author":[{"embeddable":true,"href":"https:\/\/www.gereso.com\/actualites\/wp-json\/wp\/v2\/users\/29"}],"replies":[{"embeddable":true,"href":"https:\/\/www.gereso.com\/actualites\/wp-json\/wp\/v2\/comments?post=945"}],"version-history":[{"count":0,"href":"https:\/\/www.gereso.com\/actualites\/wp-json\/wp\/v2\/posts\/945\/revisions"}],"wp:featuredmedia":[{"embeddable":true,"href":"https:\/\/www.gereso.com\/actualites\/wp-json\/wp\/v2\/media\/946"}],"wp:attachment":[{"href":"https:\/\/www.gereso.com\/actualites\/wp-json\/wp\/v2\/media?parent=945"}],"wp:term":[{"taxonomy":"category","embeddable":true,"href":"https:\/\/www.gereso.com\/actualites\/wp-json\/wp\/v2\/categories?post=945"},{"taxonomy":"post_tag","embeddable":true,"href":"https:\/\/www.gereso.com\/actualites\/wp-json\/wp\/v2\/tags?post=945"}],"curies":[{"name":"wp","href":"https:\/\/api.w.org\/{rel}","templated":true}]}}