{"id":9463,"date":"2018-07-19T07:00:31","date_gmt":"2018-07-19T05:00:31","guid":{"rendered":"https:\/\/www.gereso.com\/actualites\/?p=9463"},"modified":"2018-07-18T23:49:56","modified_gmt":"2018-07-18T21:49:56","slug":"prix-de-transfert-decret-et-commentaire","status":"publish","type":"post","link":"https:\/\/www.gereso.com\/actualites\/2018\/07\/19\/prix-de-transfert-decret-et-commentaire\/","title":{"rendered":"Prix de transfert : d\u00e9cret et commentaire"},"content":{"rendered":"<p>L\u2019article L.13 AA du livre de proc\u00e9dure fiscale impose aux grandes entreprises de tenir \u00e0 disposition de l\u2019administration fiscale une documentation sur les <strong>prix de transfert<\/strong>. Un d\u00e9cret d\u2019application a \u00e9t\u00e9 publi\u00e9 fin juin et l\u2019administration vient de mettre \u00e0 jour sa documentation.<\/p>\n<h2>Les entreprises concern\u00e9es<\/h2>\n<p>Les <strong>prix de transfert,<\/strong> c\u2019est-\u00e0-dire les prix pratiqu\u00e9s entre entit\u00e9s d\u2019un m\u00eame groupe sont surveill\u00e9s par l\u2019administration fiscale, car leur fixation a un impact sur le montant du b\u00e9n\u00e9fice imposable. Les grands groupes ont r\u00e9cemment abus\u00e9 de montages permettant de d\u00e9placer leurs b\u00e9n\u00e9fices dans des pays \u00e0 faible taux d\u2019imposition.<\/p>\n<p>La documentation en mati\u00e8re de prix de transfert doit \u00eatre communiqu\u00e9e \u00e0 l\u2019administration fiscale sous format \u00e9lectronique en cas de <strong>v\u00e9rification de comptabilit\u00e9<\/strong> par l\u2019administration fiscale. Cette obligation concerne les personnes morales \u00e9tablies en France dont le chiffre d&rsquo;affaires hors taxes ou l&rsquo;actif brut du bilan est sup\u00e9rieur ou \u00e9gal \u00e0 <strong>400 millions \u20ac<\/strong>. Les soci\u00e9t\u00e9s qui contr\u00f4lent ou sont contr\u00f4l\u00e9es par ces entit\u00e9s sont \u00e9galement concern\u00e9es par cette obligation.<\/p>\n<h2>Le contenu de la documentation<\/h2>\n<p>Le <strong>projet BEPS de l\u2019OCDE<\/strong> (action 13) traite de ces prix de transfert. L\u2019action 13 propose ainsi un standard de documentation transpos\u00e9 en France \u00e0 l\u2019article 107 de la loi de finances pour 2018.<\/p>\n<p>La documentation comprend deux fichiers\u00a0:<\/p>\n<p>&#8211; un<strong> fichier principal<\/strong>\u00a0: vision d\u2019ensemble des activit\u00e9s du groupe, de la politique de prix de transfert et de la r\u00e9partition des b\u00e9n\u00e9fices au niveau mondial<\/p>\n<p>&#8211; un <strong>fichier local<\/strong>\u00a0: informations sur les transactions intra-goupe r\u00e9alis\u00e9es par l\u2019entit\u00e9.<\/p>\n<p>Le <a href=\"https:\/\/www.legifrance.gouv.fr\/eli\/decret\/2018\/6\/29\/CPAE1817325D\/jo\/texte\">d\u00e9cret n\u00b02018-554 du 29 juin 2018<\/a> est venu pr\u00e9ciser le contenu de cette d\u00e9claration. L\u2019administration fiscale vient en outre de commenter ces nouvelles dispositions (publication urgente, <a href=\"http:\/\/bofip.impots.gouv.fr\/bofip\/11465-PGP?branch=2\">actualit\u00e9 BOFiP du 18 juillet 2018<\/a>).<\/p>\n","protected":false},"excerpt":{"rendered":"<p>L\u2019article L.13 AA du livre de proc\u00e9dure fiscale impose aux grandes entreprises de tenir \u00e0 disposition de l\u2019administration fiscale une documentation sur les prix de transfert. Un d\u00e9cret d\u2019application a \u00e9t\u00e9 publi\u00e9 fin juin et l\u2019administration vient de mettre \u00e0 jour sa documentation. Les entreprises concern\u00e9es Les prix de transfert, c\u2019est-\u00e0-dire les prix pratiqu\u00e9s entre [&hellip;]<\/p>\n","protected":false},"author":45,"featured_media":0,"comment_status":"open","ping_status":"open","sticky":false,"template":"","format":"quote","meta":{"_acf_changed":false,"_mi_skip_tracking":false,"footnotes":""},"categories":[12,3],"tags":[1494],"class_list":["post-9463","post","type-post","status-publish","format-quote","hentry","category-actualites","category-comptabilite-fiscalite-et-gestion-financiere","tag-prix-de-transfert","post_format-post-format-quote"],"acf":[],"yoast_head":"<!-- This site is optimized with the Yoast SEO plugin v23.4 - https:\/\/yoast.com\/wordpress\/plugins\/seo\/ -->\n<title>Prix de transfert : d\u00e9cret et commentaire - Le Blog GERESO<\/title>\n<meta name=\"robots\" content=\"index, follow, max-snippet:-1, max-image-preview:large, max-video-preview:-1\" \/>\n<link rel=\"canonical\" href=\"https:\/\/www.gereso.com\/actualites\/2018\/07\/19\/prix-de-transfert-decret-et-commentaire\/\" \/>\n<meta property=\"og:locale\" content=\"fr_FR\" \/>\n<meta property=\"og:type\" content=\"article\" \/>\n<meta property=\"og:title\" content=\"Prix de transfert : d\u00e9cret et commentaire - Le Blog GERESO\" \/>\n<meta property=\"og:description\" content=\"L\u2019article L.13 AA du livre de proc\u00e9dure fiscale impose aux grandes entreprises de tenir \u00e0 disposition de l\u2019administration fiscale une documentation sur les prix de transfert. Un d\u00e9cret d\u2019application a \u00e9t\u00e9 publi\u00e9 fin juin et l\u2019administration vient de mettre \u00e0 jour sa documentation. Les entreprises concern\u00e9es Les prix de transfert, c\u2019est-\u00e0-dire les prix pratiqu\u00e9s entre [&hellip;]\" \/>\n<meta property=\"og:url\" content=\"https:\/\/www.gereso.com\/actualites\/2018\/07\/19\/prix-de-transfert-decret-et-commentaire\/\" \/>\n<meta property=\"og:site_name\" content=\"Le Blog GERESO\" \/>\n<meta property=\"article:published_time\" content=\"2018-07-19T05:00:31+00:00\" \/>\n<meta property=\"article:modified_time\" content=\"2018-07-18T21:49:56+00:00\" \/>\n<meta name=\"author\" content=\"Damien P\u00e9an\" \/>\n<meta name=\"twitter:card\" content=\"summary_large_image\" \/>\n<script type=\"application\/ld+json\" class=\"yoast-schema-graph\">{\"@context\":\"https:\/\/schema.org\",\"@graph\":[{\"@type\":\"WebPage\",\"@id\":\"https:\/\/www.gereso.com\/actualites\/2018\/07\/19\/prix-de-transfert-decret-et-commentaire\/\",\"url\":\"https:\/\/www.gereso.com\/actualites\/2018\/07\/19\/prix-de-transfert-decret-et-commentaire\/\",\"name\":\"Prix de transfert : d\u00e9cret et commentaire - Le Blog GERESO\",\"isPartOf\":{\"@id\":\"https:\/\/www.gereso.com\/actualites\/#website\"},\"datePublished\":\"2018-07-19T05:00:31+00:00\",\"dateModified\":\"2018-07-18T21:49:56+00:00\",\"author\":{\"@id\":\"https:\/\/www.gereso.com\/actualites\/#\/schema\/person\/c91814f92d627ed4715993fbbf7c7e8d\"},\"breadcrumb\":{\"@id\":\"https:\/\/www.gereso.com\/actualites\/2018\/07\/19\/prix-de-transfert-decret-et-commentaire\/#breadcrumb\"},\"inLanguage\":\"fr-FR\",\"potentialAction\":[{\"@type\":\"ReadAction\",\"target\":[\"https:\/\/www.gereso.com\/actualites\/2018\/07\/19\/prix-de-transfert-decret-et-commentaire\/\"]}]},{\"@type\":\"BreadcrumbList\",\"@id\":\"https:\/\/www.gereso.com\/actualites\/2018\/07\/19\/prix-de-transfert-decret-et-commentaire\/#breadcrumb\",\"itemListElement\":[{\"@type\":\"ListItem\",\"position\":1,\"name\":\"Home\",\"item\":\"https:\/\/www.gereso.com\/actualites\/\"},{\"@type\":\"ListItem\",\"position\":2,\"name\":\"Prix de transfert : d\u00e9cret et commentaire\"}]},{\"@type\":\"WebSite\",\"@id\":\"https:\/\/www.gereso.com\/actualites\/#website\",\"url\":\"https:\/\/www.gereso.com\/actualites\/\",\"name\":\"Le Blog GERESO\",\"description\":\"Toute l&#039;actu RH, Finance, Fonction Publique, Management...\",\"potentialAction\":[{\"@type\":\"SearchAction\",\"target\":{\"@type\":\"EntryPoint\",\"urlTemplate\":\"https:\/\/www.gereso.com\/actualites\/?s={search_term_string}\"},\"query-input\":{\"@type\":\"PropertyValueSpecification\",\"valueRequired\":true,\"valueName\":\"search_term_string\"}}],\"inLanguage\":\"fr-FR\"},{\"@type\":\"Person\",\"@id\":\"https:\/\/www.gereso.com\/actualites\/#\/schema\/person\/c91814f92d627ed4715993fbbf7c7e8d\",\"name\":\"Damien P\u00e9an\",\"image\":{\"@type\":\"ImageObject\",\"inLanguage\":\"fr-FR\",\"@id\":\"https:\/\/www.gereso.com\/actualites\/#\/schema\/person\/image\/\",\"url\":\"https:\/\/www.gereso.com\/actualites\/wp-content\/uploads\/2016\/03\/damien-pean.jpg\",\"contentUrl\":\"https:\/\/www.gereso.com\/actualites\/wp-content\/uploads\/2016\/03\/damien-pean.jpg\",\"caption\":\"Damien P\u00e9an\"},\"description\":\"Damien P\u00c9AN est titulaire du Dipl\u00f4me d'\u00e9tudes sup\u00e9rieures comptables et financi\u00e8res (DESCF). Il intervient depuis plusieurs ann\u00e9es aupr\u00e8s d'\u00e9tudiants en licence de comptabilit\u00e9 et de gestion, \u00e0 qui il enseigne le contr\u00f4le de gestion, la comptabilit\u00e9 approfondie, le management, la fiscalit\u00e9, le droit des soci\u00e9t\u00e9s et le droit du travail. Il intervient \u00e9galement en formation continue pour le compte de divers organismes de formation sur des th\u00e9matiques techniques en comptabilit\u00e9 et fiscalit\u00e9. Il forme aussi un public de non-initi\u00e9s aux fondamentaux de la finance.\",\"url\":\"https:\/\/www.gereso.com\/actualites\/author\/d-pean\/\"}]}<\/script>\n<!-- \/ Yoast SEO plugin. -->","yoast_head_json":{"title":"Prix de transfert : d\u00e9cret et commentaire - Le Blog GERESO","robots":{"index":"index","follow":"follow","max-snippet":"max-snippet:-1","max-image-preview":"max-image-preview:large","max-video-preview":"max-video-preview:-1"},"canonical":"https:\/\/www.gereso.com\/actualites\/2018\/07\/19\/prix-de-transfert-decret-et-commentaire\/","og_locale":"fr_FR","og_type":"article","og_title":"Prix de transfert : d\u00e9cret et commentaire - Le Blog GERESO","og_description":"L\u2019article L.13 AA du livre de proc\u00e9dure fiscale impose aux grandes entreprises de tenir \u00e0 disposition de l\u2019administration fiscale une documentation sur les prix de transfert. Un d\u00e9cret d\u2019application a \u00e9t\u00e9 publi\u00e9 fin juin et l\u2019administration vient de mettre \u00e0 jour sa documentation. Les entreprises concern\u00e9es Les prix de transfert, c\u2019est-\u00e0-dire les prix pratiqu\u00e9s entre [&hellip;]","og_url":"https:\/\/www.gereso.com\/actualites\/2018\/07\/19\/prix-de-transfert-decret-et-commentaire\/","og_site_name":"Le Blog GERESO","article_published_time":"2018-07-19T05:00:31+00:00","article_modified_time":"2018-07-18T21:49:56+00:00","author":"Damien P\u00e9an","twitter_card":"summary_large_image","schema":{"@context":"https:\/\/schema.org","@graph":[{"@type":"WebPage","@id":"https:\/\/www.gereso.com\/actualites\/2018\/07\/19\/prix-de-transfert-decret-et-commentaire\/","url":"https:\/\/www.gereso.com\/actualites\/2018\/07\/19\/prix-de-transfert-decret-et-commentaire\/","name":"Prix de transfert : d\u00e9cret et commentaire - Le Blog GERESO","isPartOf":{"@id":"https:\/\/www.gereso.com\/actualites\/#website"},"datePublished":"2018-07-19T05:00:31+00:00","dateModified":"2018-07-18T21:49:56+00:00","author":{"@id":"https:\/\/www.gereso.com\/actualites\/#\/schema\/person\/c91814f92d627ed4715993fbbf7c7e8d"},"breadcrumb":{"@id":"https:\/\/www.gereso.com\/actualites\/2018\/07\/19\/prix-de-transfert-decret-et-commentaire\/#breadcrumb"},"inLanguage":"fr-FR","potentialAction":[{"@type":"ReadAction","target":["https:\/\/www.gereso.com\/actualites\/2018\/07\/19\/prix-de-transfert-decret-et-commentaire\/"]}]},{"@type":"BreadcrumbList","@id":"https:\/\/www.gereso.com\/actualites\/2018\/07\/19\/prix-de-transfert-decret-et-commentaire\/#breadcrumb","itemListElement":[{"@type":"ListItem","position":1,"name":"Home","item":"https:\/\/www.gereso.com\/actualites\/"},{"@type":"ListItem","position":2,"name":"Prix de transfert : d\u00e9cret et commentaire"}]},{"@type":"WebSite","@id":"https:\/\/www.gereso.com\/actualites\/#website","url":"https:\/\/www.gereso.com\/actualites\/","name":"Le Blog GERESO","description":"Toute l&#039;actu RH, Finance, Fonction Publique, Management...","potentialAction":[{"@type":"SearchAction","target":{"@type":"EntryPoint","urlTemplate":"https:\/\/www.gereso.com\/actualites\/?s={search_term_string}"},"query-input":{"@type":"PropertyValueSpecification","valueRequired":true,"valueName":"search_term_string"}}],"inLanguage":"fr-FR"},{"@type":"Person","@id":"https:\/\/www.gereso.com\/actualites\/#\/schema\/person\/c91814f92d627ed4715993fbbf7c7e8d","name":"Damien P\u00e9an","image":{"@type":"ImageObject","inLanguage":"fr-FR","@id":"https:\/\/www.gereso.com\/actualites\/#\/schema\/person\/image\/","url":"https:\/\/www.gereso.com\/actualites\/wp-content\/uploads\/2016\/03\/damien-pean.jpg","contentUrl":"https:\/\/www.gereso.com\/actualites\/wp-content\/uploads\/2016\/03\/damien-pean.jpg","caption":"Damien P\u00e9an"},"description":"Damien P\u00c9AN est titulaire du Dipl\u00f4me d'\u00e9tudes sup\u00e9rieures comptables et financi\u00e8res (DESCF). Il intervient depuis plusieurs ann\u00e9es aupr\u00e8s d'\u00e9tudiants en licence de comptabilit\u00e9 et de gestion, \u00e0 qui il enseigne le contr\u00f4le de gestion, la comptabilit\u00e9 approfondie, le management, la fiscalit\u00e9, le droit des soci\u00e9t\u00e9s et le droit du travail. Il intervient \u00e9galement en formation continue pour le compte de divers organismes de formation sur des th\u00e9matiques techniques en comptabilit\u00e9 et fiscalit\u00e9. Il forme aussi un public de non-initi\u00e9s aux fondamentaux de la finance.","url":"https:\/\/www.gereso.com\/actualites\/author\/d-pean\/"}]}},"_links":{"self":[{"href":"https:\/\/www.gereso.com\/actualites\/wp-json\/wp\/v2\/posts\/9463","targetHints":{"allow":["GET"]}}],"collection":[{"href":"https:\/\/www.gereso.com\/actualites\/wp-json\/wp\/v2\/posts"}],"about":[{"href":"https:\/\/www.gereso.com\/actualites\/wp-json\/wp\/v2\/types\/post"}],"author":[{"embeddable":true,"href":"https:\/\/www.gereso.com\/actualites\/wp-json\/wp\/v2\/users\/45"}],"replies":[{"embeddable":true,"href":"https:\/\/www.gereso.com\/actualites\/wp-json\/wp\/v2\/comments?post=9463"}],"version-history":[{"count":2,"href":"https:\/\/www.gereso.com\/actualites\/wp-json\/wp\/v2\/posts\/9463\/revisions"}],"predecessor-version":[{"id":9465,"href":"https:\/\/www.gereso.com\/actualites\/wp-json\/wp\/v2\/posts\/9463\/revisions\/9465"}],"wp:attachment":[{"href":"https:\/\/www.gereso.com\/actualites\/wp-json\/wp\/v2\/media?parent=9463"}],"wp:term":[{"taxonomy":"category","embeddable":true,"href":"https:\/\/www.gereso.com\/actualites\/wp-json\/wp\/v2\/categories?post=9463"},{"taxonomy":"post_tag","embeddable":true,"href":"https:\/\/www.gereso.com\/actualites\/wp-json\/wp\/v2\/tags?post=9463"}],"curies":[{"name":"wp","href":"https:\/\/api.w.org\/{rel}","templated":true}]}}