{"id":9480,"date":"2018-08-14T08:00:08","date_gmt":"2018-08-14T06:00:08","guid":{"rendered":"https:\/\/www.gereso.com\/actualites\/?p=9480"},"modified":"2018-08-13T22:38:46","modified_gmt":"2018-08-13T20:38:46","slug":"loi-pour-un-etat-au-service-dune-societe-de-confiance","status":"publish","type":"post","link":"https:\/\/www.gereso.com\/actualites\/2018\/08\/14\/loi-pour-un-etat-au-service-dune-societe-de-confiance\/","title":{"rendered":"Loi pour un Etat au service d\u2019une soci\u00e9t\u00e9 de confiance"},"content":{"rendered":"<p>La <a href=\"https:\/\/www.legifrance.gouv.fr\/affichTexte.do?cidTexte=JORFTEXT000037307624&amp;fastPos=2&amp;fastReqId=77273054&amp;categorieLien=id&amp;oldAction=rechTexte\">loi n\u00b02018-727 du 10 ao\u00fbt 2018<\/a> pour un \u00c9tat au service d\u2019une soci\u00e9t\u00e9 de confiance a \u00e9t\u00e9 publi\u00e9e au Journal officiel ce 11 ao\u00fbt. Elle cr\u00e9e notamment un \u00ab\u00a0droit \u00e0 l\u2019erreur\u00a0\u00bb vis-\u00e0-vis de l\u2019administration pour les personnes.<\/p>\n<h2><strong>Le droit \u00e0 la r\u00e9gularisation en cas d\u2019erreur<\/strong><\/h2>\n<p>Le 31 juillet, l\u2019Assembl\u00e9e nationale a adopt\u00e9 d\u00e9finitivement cette loi. La mesure la plus m\u00e9diatis\u00e9e consiste en un \u00ab\u00a0droit \u00e0 la r\u00e9gularisation en cas d\u2019erreur\u00a0\u00bb, plus connue sous le nom de \u00ab\u00a0droit \u00e0 l\u2019erreur\u00a0\u00bb.<\/p>\n<p>Cette disposition pr\u00e9voit une absence de sanctions par l\u2019administration pour les personnes (professionnels ou particuliers) qui pour la premi\u00e8re fois ont m\u00e9connu une r\u00e8gle qui leur ait applicable et \u00e0 condition qu\u2019elles r\u00e9gularisent leur situation \u00e0 leur initiative ou \u00e0 la demande de l\u2019administration et dans les d\u00e9lais qui leur seront impartis.<\/p>\n<p>\u00c0 l\u2019inverse, en cas de mauvaise foi, l\u2019administration pourra sanctionner avant m\u00eame toute demande de r\u00e9gularisation.<\/p>\n<h2><strong>Les autres mesures<\/strong><\/h2>\n<p>La loi pr\u00e9voit en outre de nombreuses autres dispositions\u00a0:<\/p>\n<ul>\n<li>L\u2019instauration d\u2019un droit au contr\u00f4le que pourront demander aux administrations, les entreprises et particuliers, avec b\u00e9n\u00e9fice du droit \u00e0 l\u2019erreur en cas de bonne foi<\/li>\n<li>L\u2019abrogation de la sanction p\u00e9nale sp\u00e9cifique en cas de non-respect du secret professionnel dans le cadre du pr\u00e9l\u00e8vement \u00e0 la source (initialement fix\u00e9e \u00e0 1 an d\u2019emprisonnement et 15.000 \u20ac d\u2019amende), comme par exemple, la divulgation du taux du pr\u00e9l\u00e8vement \u00e0 la source<\/li>\n<li>Exp\u00e9rimentation dans 2 r\u00e9gions (Hauts-de-France et Auvergne-Rh\u00f4ne-Alpes) d\u2019une dur\u00e9e maximale de 9 mois cumul\u00e9e sur 3 ans des contr\u00f4les administratifs dans les PME (effectif de moins de 250 salari\u00e9s et chiffre d\u2019affaires inf\u00e9rieur \u00e0 50 millions \u20ac)<\/li>\n<li>G\u00e9n\u00e9ralisation de la m\u00e9diation dans les URSSAF, jusque-l\u00e0 uniquement exp\u00e9riment\u00e9e en \u00cele-de-France<\/li>\n<li>Exp\u00e9rimentation pendant 3 ans de la limitation \u00e0 3 mois de la dur\u00e9e des contr\u00f4les URSSAF dans les entreprises de moins de 20 salari\u00e9s (au lieu de 10 actuellement)<\/li>\n<li>Instauration de nouvelles proc\u00e9dures de rescrit en mati\u00e8re sociale.<\/li>\n<\/ul>\n","protected":false},"excerpt":{"rendered":"<p>La loi n\u00b02018-727 du 10 ao\u00fbt 2018 pour un \u00c9tat au service d\u2019une soci\u00e9t\u00e9 de confiance a \u00e9t\u00e9 publi\u00e9e au Journal officiel ce 11 ao\u00fbt. Elle cr\u00e9e notamment un \u00ab\u00a0droit \u00e0 l\u2019erreur\u00a0\u00bb vis-\u00e0-vis de l\u2019administration pour les personnes. Le droit \u00e0 la r\u00e9gularisation en cas d\u2019erreur Le 31 juillet, l\u2019Assembl\u00e9e nationale a adopt\u00e9 d\u00e9finitivement cette [&hellip;]<\/p>\n","protected":false},"author":45,"featured_media":0,"comment_status":"open","ping_status":"open","sticky":false,"template":"","format":"quote","meta":{"_acf_changed":false,"_mi_skip_tracking":false,"footnotes":""},"categories":[12,3,5],"tags":[1499,1500],"class_list":["post-9480","post","type-post","status-publish","format-quote","hentry","category-actualites","category-comptabilite-fiscalite-et-gestion-financiere","category-droit-du-travail","tag-controle-fiscal","tag-droit-a-lerreur","post_format-post-format-quote"],"acf":[],"yoast_head":"<!-- This site is optimized with the Yoast SEO plugin v23.4 - https:\/\/yoast.com\/wordpress\/plugins\/seo\/ -->\n<title>Loi pour un Etat au service d\u2019une soci\u00e9t\u00e9 de confiance - Le Blog GERESO<\/title>\n<meta name=\"robots\" content=\"index, follow, max-snippet:-1, max-image-preview:large, max-video-preview:-1\" \/>\n<link rel=\"canonical\" href=\"https:\/\/www.gereso.com\/actualites\/2018\/08\/14\/loi-pour-un-etat-au-service-dune-societe-de-confiance\/\" \/>\n<meta property=\"og:locale\" content=\"fr_FR\" \/>\n<meta property=\"og:type\" content=\"article\" \/>\n<meta property=\"og:title\" content=\"Loi pour un Etat au service d\u2019une soci\u00e9t\u00e9 de confiance - Le Blog GERESO\" \/>\n<meta property=\"og:description\" content=\"La loi n\u00b02018-727 du 10 ao\u00fbt 2018 pour un \u00c9tat au service d\u2019une soci\u00e9t\u00e9 de confiance a \u00e9t\u00e9 publi\u00e9e au Journal officiel ce 11 ao\u00fbt. Elle cr\u00e9e notamment un \u00ab\u00a0droit \u00e0 l\u2019erreur\u00a0\u00bb vis-\u00e0-vis de l\u2019administration pour les personnes. Le droit \u00e0 la r\u00e9gularisation en cas d\u2019erreur Le 31 juillet, l\u2019Assembl\u00e9e nationale a adopt\u00e9 d\u00e9finitivement cette [&hellip;]\" \/>\n<meta property=\"og:url\" content=\"https:\/\/www.gereso.com\/actualites\/2018\/08\/14\/loi-pour-un-etat-au-service-dune-societe-de-confiance\/\" \/>\n<meta property=\"og:site_name\" content=\"Le Blog GERESO\" \/>\n<meta property=\"article:published_time\" content=\"2018-08-14T06:00:08+00:00\" \/>\n<meta property=\"article:modified_time\" content=\"2018-08-13T20:38:46+00:00\" \/>\n<meta name=\"author\" content=\"Damien P\u00e9an\" \/>\n<meta name=\"twitter:card\" content=\"summary_large_image\" \/>\n<script type=\"application\/ld+json\" class=\"yoast-schema-graph\">{\"@context\":\"https:\/\/schema.org\",\"@graph\":[{\"@type\":\"WebPage\",\"@id\":\"https:\/\/www.gereso.com\/actualites\/2018\/08\/14\/loi-pour-un-etat-au-service-dune-societe-de-confiance\/\",\"url\":\"https:\/\/www.gereso.com\/actualites\/2018\/08\/14\/loi-pour-un-etat-au-service-dune-societe-de-confiance\/\",\"name\":\"Loi pour un Etat au service d\u2019une soci\u00e9t\u00e9 de confiance - Le Blog GERESO\",\"isPartOf\":{\"@id\":\"https:\/\/www.gereso.com\/actualites\/#website\"},\"datePublished\":\"2018-08-14T06:00:08+00:00\",\"dateModified\":\"2018-08-13T20:38:46+00:00\",\"author\":{\"@id\":\"https:\/\/www.gereso.com\/actualites\/#\/schema\/person\/c91814f92d627ed4715993fbbf7c7e8d\"},\"breadcrumb\":{\"@id\":\"https:\/\/www.gereso.com\/actualites\/2018\/08\/14\/loi-pour-un-etat-au-service-dune-societe-de-confiance\/#breadcrumb\"},\"inLanguage\":\"fr-FR\",\"potentialAction\":[{\"@type\":\"ReadAction\",\"target\":[\"https:\/\/www.gereso.com\/actualites\/2018\/08\/14\/loi-pour-un-etat-au-service-dune-societe-de-confiance\/\"]}]},{\"@type\":\"BreadcrumbList\",\"@id\":\"https:\/\/www.gereso.com\/actualites\/2018\/08\/14\/loi-pour-un-etat-au-service-dune-societe-de-confiance\/#breadcrumb\",\"itemListElement\":[{\"@type\":\"ListItem\",\"position\":1,\"name\":\"Home\",\"item\":\"https:\/\/www.gereso.com\/actualites\/\"},{\"@type\":\"ListItem\",\"position\":2,\"name\":\"Loi pour un Etat au service d\u2019une soci\u00e9t\u00e9 de confiance\"}]},{\"@type\":\"WebSite\",\"@id\":\"https:\/\/www.gereso.com\/actualites\/#website\",\"url\":\"https:\/\/www.gereso.com\/actualites\/\",\"name\":\"Le Blog GERESO\",\"description\":\"Toute l&#039;actu RH, Finance, Fonction Publique, Management...\",\"potentialAction\":[{\"@type\":\"SearchAction\",\"target\":{\"@type\":\"EntryPoint\",\"urlTemplate\":\"https:\/\/www.gereso.com\/actualites\/?s={search_term_string}\"},\"query-input\":{\"@type\":\"PropertyValueSpecification\",\"valueRequired\":true,\"valueName\":\"search_term_string\"}}],\"inLanguage\":\"fr-FR\"},{\"@type\":\"Person\",\"@id\":\"https:\/\/www.gereso.com\/actualites\/#\/schema\/person\/c91814f92d627ed4715993fbbf7c7e8d\",\"name\":\"Damien P\u00e9an\",\"image\":{\"@type\":\"ImageObject\",\"inLanguage\":\"fr-FR\",\"@id\":\"https:\/\/www.gereso.com\/actualites\/#\/schema\/person\/image\/\",\"url\":\"https:\/\/www.gereso.com\/actualites\/wp-content\/uploads\/2016\/03\/damien-pean.jpg\",\"contentUrl\":\"https:\/\/www.gereso.com\/actualites\/wp-content\/uploads\/2016\/03\/damien-pean.jpg\",\"caption\":\"Damien P\u00e9an\"},\"description\":\"Damien P\u00c9AN est titulaire du Dipl\u00f4me d'\u00e9tudes sup\u00e9rieures comptables et financi\u00e8res (DESCF). Il intervient depuis plusieurs ann\u00e9es aupr\u00e8s d'\u00e9tudiants en licence de comptabilit\u00e9 et de gestion, \u00e0 qui il enseigne le contr\u00f4le de gestion, la comptabilit\u00e9 approfondie, le management, la fiscalit\u00e9, le droit des soci\u00e9t\u00e9s et le droit du travail. Il intervient \u00e9galement en formation continue pour le compte de divers organismes de formation sur des th\u00e9matiques techniques en comptabilit\u00e9 et fiscalit\u00e9. Il forme aussi un public de non-initi\u00e9s aux fondamentaux de la finance.\",\"url\":\"https:\/\/www.gereso.com\/actualites\/author\/d-pean\/\"}]}<\/script>\n<!-- \/ Yoast SEO plugin. -->","yoast_head_json":{"title":"Loi pour un Etat au service d\u2019une soci\u00e9t\u00e9 de confiance - Le Blog GERESO","robots":{"index":"index","follow":"follow","max-snippet":"max-snippet:-1","max-image-preview":"max-image-preview:large","max-video-preview":"max-video-preview:-1"},"canonical":"https:\/\/www.gereso.com\/actualites\/2018\/08\/14\/loi-pour-un-etat-au-service-dune-societe-de-confiance\/","og_locale":"fr_FR","og_type":"article","og_title":"Loi pour un Etat au service d\u2019une soci\u00e9t\u00e9 de confiance - Le Blog GERESO","og_description":"La loi n\u00b02018-727 du 10 ao\u00fbt 2018 pour un \u00c9tat au service d\u2019une soci\u00e9t\u00e9 de confiance a \u00e9t\u00e9 publi\u00e9e au Journal officiel ce 11 ao\u00fbt. Elle cr\u00e9e notamment un \u00ab\u00a0droit \u00e0 l\u2019erreur\u00a0\u00bb vis-\u00e0-vis de l\u2019administration pour les personnes. Le droit \u00e0 la r\u00e9gularisation en cas d\u2019erreur Le 31 juillet, l\u2019Assembl\u00e9e nationale a adopt\u00e9 d\u00e9finitivement cette [&hellip;]","og_url":"https:\/\/www.gereso.com\/actualites\/2018\/08\/14\/loi-pour-un-etat-au-service-dune-societe-de-confiance\/","og_site_name":"Le Blog GERESO","article_published_time":"2018-08-14T06:00:08+00:00","article_modified_time":"2018-08-13T20:38:46+00:00","author":"Damien P\u00e9an","twitter_card":"summary_large_image","schema":{"@context":"https:\/\/schema.org","@graph":[{"@type":"WebPage","@id":"https:\/\/www.gereso.com\/actualites\/2018\/08\/14\/loi-pour-un-etat-au-service-dune-societe-de-confiance\/","url":"https:\/\/www.gereso.com\/actualites\/2018\/08\/14\/loi-pour-un-etat-au-service-dune-societe-de-confiance\/","name":"Loi pour un Etat au service d\u2019une soci\u00e9t\u00e9 de confiance - Le Blog GERESO","isPartOf":{"@id":"https:\/\/www.gereso.com\/actualites\/#website"},"datePublished":"2018-08-14T06:00:08+00:00","dateModified":"2018-08-13T20:38:46+00:00","author":{"@id":"https:\/\/www.gereso.com\/actualites\/#\/schema\/person\/c91814f92d627ed4715993fbbf7c7e8d"},"breadcrumb":{"@id":"https:\/\/www.gereso.com\/actualites\/2018\/08\/14\/loi-pour-un-etat-au-service-dune-societe-de-confiance\/#breadcrumb"},"inLanguage":"fr-FR","potentialAction":[{"@type":"ReadAction","target":["https:\/\/www.gereso.com\/actualites\/2018\/08\/14\/loi-pour-un-etat-au-service-dune-societe-de-confiance\/"]}]},{"@type":"BreadcrumbList","@id":"https:\/\/www.gereso.com\/actualites\/2018\/08\/14\/loi-pour-un-etat-au-service-dune-societe-de-confiance\/#breadcrumb","itemListElement":[{"@type":"ListItem","position":1,"name":"Home","item":"https:\/\/www.gereso.com\/actualites\/"},{"@type":"ListItem","position":2,"name":"Loi pour un Etat au service d\u2019une soci\u00e9t\u00e9 de confiance"}]},{"@type":"WebSite","@id":"https:\/\/www.gereso.com\/actualites\/#website","url":"https:\/\/www.gereso.com\/actualites\/","name":"Le Blog GERESO","description":"Toute l&#039;actu RH, Finance, Fonction Publique, Management...","potentialAction":[{"@type":"SearchAction","target":{"@type":"EntryPoint","urlTemplate":"https:\/\/www.gereso.com\/actualites\/?s={search_term_string}"},"query-input":{"@type":"PropertyValueSpecification","valueRequired":true,"valueName":"search_term_string"}}],"inLanguage":"fr-FR"},{"@type":"Person","@id":"https:\/\/www.gereso.com\/actualites\/#\/schema\/person\/c91814f92d627ed4715993fbbf7c7e8d","name":"Damien P\u00e9an","image":{"@type":"ImageObject","inLanguage":"fr-FR","@id":"https:\/\/www.gereso.com\/actualites\/#\/schema\/person\/image\/","url":"https:\/\/www.gereso.com\/actualites\/wp-content\/uploads\/2016\/03\/damien-pean.jpg","contentUrl":"https:\/\/www.gereso.com\/actualites\/wp-content\/uploads\/2016\/03\/damien-pean.jpg","caption":"Damien P\u00e9an"},"description":"Damien P\u00c9AN est titulaire du Dipl\u00f4me d'\u00e9tudes sup\u00e9rieures comptables et financi\u00e8res (DESCF). Il intervient depuis plusieurs ann\u00e9es aupr\u00e8s d'\u00e9tudiants en licence de comptabilit\u00e9 et de gestion, \u00e0 qui il enseigne le contr\u00f4le de gestion, la comptabilit\u00e9 approfondie, le management, la fiscalit\u00e9, le droit des soci\u00e9t\u00e9s et le droit du travail. Il intervient \u00e9galement en formation continue pour le compte de divers organismes de formation sur des th\u00e9matiques techniques en comptabilit\u00e9 et fiscalit\u00e9. Il forme aussi un public de non-initi\u00e9s aux fondamentaux de la finance.","url":"https:\/\/www.gereso.com\/actualites\/author\/d-pean\/"}]}},"_links":{"self":[{"href":"https:\/\/www.gereso.com\/actualites\/wp-json\/wp\/v2\/posts\/9480","targetHints":{"allow":["GET"]}}],"collection":[{"href":"https:\/\/www.gereso.com\/actualites\/wp-json\/wp\/v2\/posts"}],"about":[{"href":"https:\/\/www.gereso.com\/actualites\/wp-json\/wp\/v2\/types\/post"}],"author":[{"embeddable":true,"href":"https:\/\/www.gereso.com\/actualites\/wp-json\/wp\/v2\/users\/45"}],"replies":[{"embeddable":true,"href":"https:\/\/www.gereso.com\/actualites\/wp-json\/wp\/v2\/comments?post=9480"}],"version-history":[{"count":1,"href":"https:\/\/www.gereso.com\/actualites\/wp-json\/wp\/v2\/posts\/9480\/revisions"}],"predecessor-version":[{"id":9481,"href":"https:\/\/www.gereso.com\/actualites\/wp-json\/wp\/v2\/posts\/9480\/revisions\/9481"}],"wp:attachment":[{"href":"https:\/\/www.gereso.com\/actualites\/wp-json\/wp\/v2\/media?parent=9480"}],"wp:term":[{"taxonomy":"category","embeddable":true,"href":"https:\/\/www.gereso.com\/actualites\/wp-json\/wp\/v2\/categories?post=9480"},{"taxonomy":"post_tag","embeddable":true,"href":"https:\/\/www.gereso.com\/actualites\/wp-json\/wp\/v2\/tags?post=9480"}],"curies":[{"name":"wp","href":"https:\/\/api.w.org\/{rel}","templated":true}]}}