{"id":9494,"date":"2018-08-24T09:06:20","date_gmt":"2018-08-24T07:06:20","guid":{"rendered":"https:\/\/www.gereso.com\/actualites\/?p=9494"},"modified":"2019-05-20T08:34:19","modified_gmt":"2019-05-20T06:34:19","slug":"le-prelevement-a-la-source-gere-par-le-service-tese","status":"publish","type":"post","link":"https:\/\/www.gereso.com\/actualites\/2018\/08\/24\/le-prelevement-a-la-source-gere-par-le-service-tese\/","title":{"rendered":"Le pr\u00e9l\u00e8vement \u00e0 la source g\u00e9r\u00e9 par le service TESE"},"content":{"rendered":"<p>Le ministre de l\u2019Action et des Comptes publics a annonc\u00e9 dans le Courrier picard que les entreprises de <strong>moins de 20 salari\u00e9s<\/strong> pourraient confier la gestion du <strong>pr\u00e9l\u00e8vement \u00e0 la source<\/strong> au service <strong>TESE<\/strong> de l\u2019URSSAF.<\/p>\n<h2><strong>70% des Fran\u00e7ais favorables<\/strong><\/h2>\n<p>Le message de G\u00e9rald Darmanin dans l\u2019entretien publi\u00e9 au journal Courrier picard (\u00e9dition du 14 ao\u00fbt 2018) est simple. Son minist\u00e8re est pr\u00eat pour la mise en place du pr\u00e9l\u00e8vement \u00e0 la source de l\u2019imp\u00f4t sur le revenu \u00e0 compter du <strong>1<sup>er<\/sup> janvier 2019<\/strong>. Pour rappeler le bien-fond\u00e9 de cette r\u00e9forme, il met en avant une statistique.<\/p>\n<p>70% des Fran\u00e7ais sont favorables \u00e0 l\u2019instauration du pr\u00e9l\u00e8vement \u00e0 la source de l\u2019imp\u00f4t sur le revenu.<\/p>\n<h2><strong>Le service TESE pour les TPE<\/strong><\/h2>\n<p>Les inqui\u00e9tudes face \u00e0 cette r\u00e9forme de grande ampleur viennent principalement des employeurs et des syndicats et particuli\u00e8rement des TPE (tr\u00e8s petites entreprises). Pour en tenir compte, le ministre de l\u2019Action et des comptes publics a pr\u00e9cis\u00e9 dans son interview que les entreprises de <strong>moins de 20 salari\u00e9s<\/strong> auront la possibilit\u00e9 de faire appel au <strong>service TESE<\/strong> (<a href=\"http:\/\/www.letese.urssaf.fr\">www.letese.urssaf.fr<\/a>) pour la gestion du pr\u00e9l\u00e8vement \u00e0 la source.<\/p>\n<p>Le service \u00ab\u00a0Titre emploi service entreprise\u00a0\u00bb (TESE) de l\u2019<strong>URSSAF<\/strong> permet d\u00e9j\u00e0 \u00e0 ces petites structures d\u2019\u00e9tablir les bulletins de paye et les d\u00e9clarations relatives aux cotisations sociales \u00e0 leur demande. Les employeurs de moins de 20 salari\u00e9s pourront ainsi d\u00e8s le 1<sup>er<\/sup> janvier prochain \u00e9galement s\u2019adresser \u00e0 ce service pour la prise en charge des d\u00e9clarations et reversements li\u00e9s au pr\u00e9l\u00e8vement \u00e0 la source.<\/p>\n<p>Selon G\u00e9rald Darmanin, 1 million d\u2019entreprises pourraient \u00eatre concern\u00e9es. En revanche, les TPE ne b\u00e9n\u00e9ficieront pas d\u2019un d\u00e9calage d\u2019un an de l\u2019entr\u00e9e en vigueur de cette r\u00e9forme comme ce sera le cas pour les particuliers employeurs (application en 2020 au lieu de 2019).<\/p>\n","protected":false},"excerpt":{"rendered":"<p>Le ministre de l\u2019Action et des Comptes publics a annonc\u00e9 dans le Courrier picard que les entreprises de moins de 20 salari\u00e9s pourraient confier la gestion du pr\u00e9l\u00e8vement \u00e0 la source au service TESE de l\u2019URSSAF. 70% des Fran\u00e7ais favorables Le message de G\u00e9rald Darmanin dans l\u2019entretien publi\u00e9 au journal Courrier picard (\u00e9dition du 14 [&hellip;]<\/p>\n","protected":false},"author":45,"featured_media":0,"comment_status":"open","ping_status":"open","sticky":false,"template":"","format":"quote","meta":{"_acf_changed":false,"_mi_skip_tracking":false,"footnotes":""},"categories":[12,3,8],"tags":[1039,1044],"class_list":["post-9494","post","type-post","status-publish","format-quote","hentry","category-actualites","category-comptabilite-fiscalite-et-gestion-financiere","category-paie-et-administration-du-personnel","tag-impot-sur-le-revenu","tag-prelevement-a-la-source","post_format-post-format-quote"],"acf":[],"yoast_head":"<!-- This site is optimized with the Yoast SEO plugin v23.4 - https:\/\/yoast.com\/wordpress\/plugins\/seo\/ -->\n<title>Le pr\u00e9l\u00e8vement \u00e0 la source g\u00e9r\u00e9 par le service TESE - Le Blog GERESO<\/title>\n<meta name=\"robots\" content=\"index, follow, max-snippet:-1, max-image-preview:large, max-video-preview:-1\" \/>\n<link rel=\"canonical\" href=\"https:\/\/www.gereso.com\/actualites\/2018\/08\/24\/le-prelevement-a-la-source-gere-par-le-service-tese\/\" \/>\n<meta property=\"og:locale\" content=\"fr_FR\" \/>\n<meta property=\"og:type\" content=\"article\" \/>\n<meta property=\"og:title\" content=\"Le pr\u00e9l\u00e8vement \u00e0 la source g\u00e9r\u00e9 par le service TESE - Le Blog GERESO\" \/>\n<meta property=\"og:description\" content=\"Le ministre de l\u2019Action et des Comptes publics a annonc\u00e9 dans le Courrier picard que les entreprises de moins de 20 salari\u00e9s pourraient confier la gestion du pr\u00e9l\u00e8vement \u00e0 la source au service TESE de l\u2019URSSAF. 70% des Fran\u00e7ais favorables Le message de G\u00e9rald Darmanin dans l\u2019entretien publi\u00e9 au journal Courrier picard (\u00e9dition du 14 [&hellip;]\" \/>\n<meta property=\"og:url\" content=\"https:\/\/www.gereso.com\/actualites\/2018\/08\/24\/le-prelevement-a-la-source-gere-par-le-service-tese\/\" \/>\n<meta property=\"og:site_name\" content=\"Le Blog GERESO\" \/>\n<meta property=\"article:published_time\" content=\"2018-08-24T07:06:20+00:00\" \/>\n<meta property=\"article:modified_time\" content=\"2019-05-20T06:34:19+00:00\" \/>\n<meta name=\"author\" content=\"Damien P\u00e9an\" \/>\n<meta name=\"twitter:card\" content=\"summary_large_image\" \/>\n<script type=\"application\/ld+json\" class=\"yoast-schema-graph\">{\"@context\":\"https:\/\/schema.org\",\"@graph\":[{\"@type\":\"WebPage\",\"@id\":\"https:\/\/www.gereso.com\/actualites\/2018\/08\/24\/le-prelevement-a-la-source-gere-par-le-service-tese\/\",\"url\":\"https:\/\/www.gereso.com\/actualites\/2018\/08\/24\/le-prelevement-a-la-source-gere-par-le-service-tese\/\",\"name\":\"Le pr\u00e9l\u00e8vement \u00e0 la source g\u00e9r\u00e9 par le service TESE - Le Blog GERESO\",\"isPartOf\":{\"@id\":\"https:\/\/www.gereso.com\/actualites\/#website\"},\"datePublished\":\"2018-08-24T07:06:20+00:00\",\"dateModified\":\"2019-05-20T06:34:19+00:00\",\"author\":{\"@id\":\"https:\/\/www.gereso.com\/actualites\/#\/schema\/person\/c91814f92d627ed4715993fbbf7c7e8d\"},\"breadcrumb\":{\"@id\":\"https:\/\/www.gereso.com\/actualites\/2018\/08\/24\/le-prelevement-a-la-source-gere-par-le-service-tese\/#breadcrumb\"},\"inLanguage\":\"fr-FR\",\"potentialAction\":[{\"@type\":\"ReadAction\",\"target\":[\"https:\/\/www.gereso.com\/actualites\/2018\/08\/24\/le-prelevement-a-la-source-gere-par-le-service-tese\/\"]}]},{\"@type\":\"BreadcrumbList\",\"@id\":\"https:\/\/www.gereso.com\/actualites\/2018\/08\/24\/le-prelevement-a-la-source-gere-par-le-service-tese\/#breadcrumb\",\"itemListElement\":[{\"@type\":\"ListItem\",\"position\":1,\"name\":\"Home\",\"item\":\"https:\/\/www.gereso.com\/actualites\/\"},{\"@type\":\"ListItem\",\"position\":2,\"name\":\"Le pr\u00e9l\u00e8vement \u00e0 la source g\u00e9r\u00e9 par le service TESE\"}]},{\"@type\":\"WebSite\",\"@id\":\"https:\/\/www.gereso.com\/actualites\/#website\",\"url\":\"https:\/\/www.gereso.com\/actualites\/\",\"name\":\"Le Blog GERESO\",\"description\":\"Toute l&#039;actu RH, Finance, Fonction Publique, Management...\",\"potentialAction\":[{\"@type\":\"SearchAction\",\"target\":{\"@type\":\"EntryPoint\",\"urlTemplate\":\"https:\/\/www.gereso.com\/actualites\/?s={search_term_string}\"},\"query-input\":{\"@type\":\"PropertyValueSpecification\",\"valueRequired\":true,\"valueName\":\"search_term_string\"}}],\"inLanguage\":\"fr-FR\"},{\"@type\":\"Person\",\"@id\":\"https:\/\/www.gereso.com\/actualites\/#\/schema\/person\/c91814f92d627ed4715993fbbf7c7e8d\",\"name\":\"Damien P\u00e9an\",\"image\":{\"@type\":\"ImageObject\",\"inLanguage\":\"fr-FR\",\"@id\":\"https:\/\/www.gereso.com\/actualites\/#\/schema\/person\/image\/\",\"url\":\"https:\/\/www.gereso.com\/actualites\/wp-content\/uploads\/2016\/03\/damien-pean.jpg\",\"contentUrl\":\"https:\/\/www.gereso.com\/actualites\/wp-content\/uploads\/2016\/03\/damien-pean.jpg\",\"caption\":\"Damien P\u00e9an\"},\"description\":\"Damien P\u00c9AN est titulaire du Dipl\u00f4me d'\u00e9tudes sup\u00e9rieures comptables et financi\u00e8res (DESCF). Il intervient depuis plusieurs ann\u00e9es aupr\u00e8s d'\u00e9tudiants en licence de comptabilit\u00e9 et de gestion, \u00e0 qui il enseigne le contr\u00f4le de gestion, la comptabilit\u00e9 approfondie, le management, la fiscalit\u00e9, le droit des soci\u00e9t\u00e9s et le droit du travail. Il intervient \u00e9galement en formation continue pour le compte de divers organismes de formation sur des th\u00e9matiques techniques en comptabilit\u00e9 et fiscalit\u00e9. Il forme aussi un public de non-initi\u00e9s aux fondamentaux de la finance.\",\"url\":\"https:\/\/www.gereso.com\/actualites\/author\/d-pean\/\"}]}<\/script>\n<!-- \/ Yoast SEO plugin. -->","yoast_head_json":{"title":"Le pr\u00e9l\u00e8vement \u00e0 la source g\u00e9r\u00e9 par le service TESE - Le Blog GERESO","robots":{"index":"index","follow":"follow","max-snippet":"max-snippet:-1","max-image-preview":"max-image-preview:large","max-video-preview":"max-video-preview:-1"},"canonical":"https:\/\/www.gereso.com\/actualites\/2018\/08\/24\/le-prelevement-a-la-source-gere-par-le-service-tese\/","og_locale":"fr_FR","og_type":"article","og_title":"Le pr\u00e9l\u00e8vement \u00e0 la source g\u00e9r\u00e9 par le service TESE - Le Blog GERESO","og_description":"Le ministre de l\u2019Action et des Comptes publics a annonc\u00e9 dans le Courrier picard que les entreprises de moins de 20 salari\u00e9s pourraient confier la gestion du pr\u00e9l\u00e8vement \u00e0 la source au service TESE de l\u2019URSSAF. 70% des Fran\u00e7ais favorables Le message de G\u00e9rald Darmanin dans l\u2019entretien publi\u00e9 au journal Courrier picard (\u00e9dition du 14 [&hellip;]","og_url":"https:\/\/www.gereso.com\/actualites\/2018\/08\/24\/le-prelevement-a-la-source-gere-par-le-service-tese\/","og_site_name":"Le Blog GERESO","article_published_time":"2018-08-24T07:06:20+00:00","article_modified_time":"2019-05-20T06:34:19+00:00","author":"Damien P\u00e9an","twitter_card":"summary_large_image","schema":{"@context":"https:\/\/schema.org","@graph":[{"@type":"WebPage","@id":"https:\/\/www.gereso.com\/actualites\/2018\/08\/24\/le-prelevement-a-la-source-gere-par-le-service-tese\/","url":"https:\/\/www.gereso.com\/actualites\/2018\/08\/24\/le-prelevement-a-la-source-gere-par-le-service-tese\/","name":"Le pr\u00e9l\u00e8vement \u00e0 la source g\u00e9r\u00e9 par le service TESE - Le Blog GERESO","isPartOf":{"@id":"https:\/\/www.gereso.com\/actualites\/#website"},"datePublished":"2018-08-24T07:06:20+00:00","dateModified":"2019-05-20T06:34:19+00:00","author":{"@id":"https:\/\/www.gereso.com\/actualites\/#\/schema\/person\/c91814f92d627ed4715993fbbf7c7e8d"},"breadcrumb":{"@id":"https:\/\/www.gereso.com\/actualites\/2018\/08\/24\/le-prelevement-a-la-source-gere-par-le-service-tese\/#breadcrumb"},"inLanguage":"fr-FR","potentialAction":[{"@type":"ReadAction","target":["https:\/\/www.gereso.com\/actualites\/2018\/08\/24\/le-prelevement-a-la-source-gere-par-le-service-tese\/"]}]},{"@type":"BreadcrumbList","@id":"https:\/\/www.gereso.com\/actualites\/2018\/08\/24\/le-prelevement-a-la-source-gere-par-le-service-tese\/#breadcrumb","itemListElement":[{"@type":"ListItem","position":1,"name":"Home","item":"https:\/\/www.gereso.com\/actualites\/"},{"@type":"ListItem","position":2,"name":"Le pr\u00e9l\u00e8vement \u00e0 la source g\u00e9r\u00e9 par le service TESE"}]},{"@type":"WebSite","@id":"https:\/\/www.gereso.com\/actualites\/#website","url":"https:\/\/www.gereso.com\/actualites\/","name":"Le Blog GERESO","description":"Toute l&#039;actu RH, Finance, Fonction Publique, Management...","potentialAction":[{"@type":"SearchAction","target":{"@type":"EntryPoint","urlTemplate":"https:\/\/www.gereso.com\/actualites\/?s={search_term_string}"},"query-input":{"@type":"PropertyValueSpecification","valueRequired":true,"valueName":"search_term_string"}}],"inLanguage":"fr-FR"},{"@type":"Person","@id":"https:\/\/www.gereso.com\/actualites\/#\/schema\/person\/c91814f92d627ed4715993fbbf7c7e8d","name":"Damien P\u00e9an","image":{"@type":"ImageObject","inLanguage":"fr-FR","@id":"https:\/\/www.gereso.com\/actualites\/#\/schema\/person\/image\/","url":"https:\/\/www.gereso.com\/actualites\/wp-content\/uploads\/2016\/03\/damien-pean.jpg","contentUrl":"https:\/\/www.gereso.com\/actualites\/wp-content\/uploads\/2016\/03\/damien-pean.jpg","caption":"Damien P\u00e9an"},"description":"Damien P\u00c9AN est titulaire du Dipl\u00f4me d'\u00e9tudes sup\u00e9rieures comptables et financi\u00e8res (DESCF). Il intervient depuis plusieurs ann\u00e9es aupr\u00e8s d'\u00e9tudiants en licence de comptabilit\u00e9 et de gestion, \u00e0 qui il enseigne le contr\u00f4le de gestion, la comptabilit\u00e9 approfondie, le management, la fiscalit\u00e9, le droit des soci\u00e9t\u00e9s et le droit du travail. Il intervient \u00e9galement en formation continue pour le compte de divers organismes de formation sur des th\u00e9matiques techniques en comptabilit\u00e9 et fiscalit\u00e9. Il forme aussi un public de non-initi\u00e9s aux fondamentaux de la finance.","url":"https:\/\/www.gereso.com\/actualites\/author\/d-pean\/"}]}},"_links":{"self":[{"href":"https:\/\/www.gereso.com\/actualites\/wp-json\/wp\/v2\/posts\/9494","targetHints":{"allow":["GET"]}}],"collection":[{"href":"https:\/\/www.gereso.com\/actualites\/wp-json\/wp\/v2\/posts"}],"about":[{"href":"https:\/\/www.gereso.com\/actualites\/wp-json\/wp\/v2\/types\/post"}],"author":[{"embeddable":true,"href":"https:\/\/www.gereso.com\/actualites\/wp-json\/wp\/v2\/users\/45"}],"replies":[{"embeddable":true,"href":"https:\/\/www.gereso.com\/actualites\/wp-json\/wp\/v2\/comments?post=9494"}],"version-history":[{"count":2,"href":"https:\/\/www.gereso.com\/actualites\/wp-json\/wp\/v2\/posts\/9494\/revisions"}],"predecessor-version":[{"id":11022,"href":"https:\/\/www.gereso.com\/actualites\/wp-json\/wp\/v2\/posts\/9494\/revisions\/11022"}],"wp:attachment":[{"href":"https:\/\/www.gereso.com\/actualites\/wp-json\/wp\/v2\/media?parent=9494"}],"wp:term":[{"taxonomy":"category","embeddable":true,"href":"https:\/\/www.gereso.com\/actualites\/wp-json\/wp\/v2\/categories?post=9494"},{"taxonomy":"post_tag","embeddable":true,"href":"https:\/\/www.gereso.com\/actualites\/wp-json\/wp\/v2\/tags?post=9494"}],"curies":[{"name":"wp","href":"https:\/\/api.w.org\/{rel}","templated":true}]}}