{"id":9519,"date":"2018-09-06T10:27:32","date_gmt":"2018-09-06T08:27:32","guid":{"rendered":"https:\/\/www.gereso.com\/actualites\/?p=9519"},"modified":"2018-12-05T11:22:14","modified_gmt":"2018-12-05T09:22:14","slug":"manager-avec-la-methode-du-w-la-phase-de-test","status":"publish","type":"post","link":"https:\/\/www.gereso.com\/actualites\/2018\/09\/06\/manager-avec-la-methode-du-w-la-phase-de-test\/","title":{"rendered":"Manager avec la m\u00e9thode du W : la phase de Test"},"content":{"rendered":"<h2><span style=\"color: #d10016;\"><strong>Pourquoi parler de Test, et pas plus simplement de mise en \u0153uvre ? Le Test insinue un possible abandon de la solution par les d\u00e9cideurs. \u00a0<\/strong><\/span><\/h2>\n<p>Le Test ne signifie pas qu\u2019il y aura de retour en arri\u00e8re. Il signifie que la mise en \u0153uvre n\u00e9cessitera de multiples ajustements. Et il est tr\u00e8s important de le dire par avance au terrain.<\/p>\n<p>Le test est crucial dans une phase de d\u00e9ploiement d\u2019un grand projet, car il permet de s\u2019assurer de la prise en compte des sp\u00e9cificit\u00e9s locales.<\/p>\n<h2><strong><span style=\"color: #d10016;\">Pourquoi est-ce tr\u00e8s important de le dire \u00e0 l\u2019avance au terrain ?<\/span> <\/strong><\/h2>\n<p>Parce que cela va renforcer consid\u00e9rablement l\u2019engagement du terrain dans le changement. Le terrain, qui sait que de nombreux d\u00e9tails ne peuvent \u00eatre r\u00e9gl\u00e9s que dans le feu de l\u2019action, est rassur\u00e9 de voir que les d\u00e9cideurs le reconnaissent, et qu\u2019ils ont pr\u00e9vu la fa\u00e7on de la traiter. Le terrain, \u00e0 qui est confi\u00e9e la correction des \u00e9carts, est de surcroit\u00a0 valoris\u00e9.<\/p>\n<h2><strong><span style=\"color: #d10016;\">Concr\u00e8tement, comment r\u00e9alise-t-on un Test\u00a0?<\/span> <\/strong><\/h2>\n<p>Vous connaissez l\u2019objectif, il vous reste d\u00e8s lors \u00e0 mettre en \u0153uvre un dispositif vous permettant, au fur et \u00e0 mesure du d\u00e9ploiement op\u00e9rationnel du changement, d\u2019identifier tr\u00e8s vite les \u00e9carts entre le pr\u00e9vu et le r\u00e9el, pour conduire les adaptations n\u00e9cessaires.<\/p>\n<p>Mais attention\u00a0: toute l\u2019id\u00e9e du Test est de donner la main au terrain pour rendre effectif le changement. Se contenter de produire dans un bureau un plan de suivi sophistiqu\u00e9, \u00e9maill\u00e9 d\u2019ic\u00f4nes verts, oranges ou rouges en fonction du degr\u00e9 d\u2019avancement des projets, ne suffit pas !<\/p>\n<p>Consacrez moins de temps derri\u00e8re des tableurs, et plus de temps \u00e0 animer des ateliers de retours d\u2019exp\u00e9rience, des groupes de partages de pratiques, des d\u00e9briefings courts et fr\u00e9quents.<\/p>\n<p style=\"text-align: right;\">Propos d\u2019Antoine des Mazery et David Askienazy<\/p>\n","protected":false},"excerpt":{"rendered":"<p>Pourquoi parler de Test, et pas plus simplement de mise en \u0153uvre ? Le Test insinue un possible abandon de la solution par les d\u00e9cideurs. \u00a0 Le Test ne signifie pas qu\u2019il y aura de retour en arri\u00e8re. Il signifie que la mise en \u0153uvre n\u00e9cessitera de multiples ajustements. Et il est tr\u00e8s important de [&hellip;]<\/p>\n","protected":false},"author":1,"featured_media":9521,"comment_status":"open","ping_status":"open","sticky":false,"template":"","format":"standard","meta":{"_acf_changed":false,"_mi_skip_tracking":false,"footnotes":""},"categories":[10],"tags":[1281,1280,284,1279,1514],"class_list":["post-9519","post","type-post","status-publish","format-standard","has-post-thumbnail","hentry","category-management-et-leadership","tag-antoine-des-mazery","tag-david-askienazy","tag-management","tag-methode-du-w","tag-phase-de-test"],"acf":[],"yoast_head":"<!-- This site is optimized with the Yoast SEO plugin v23.4 - https:\/\/yoast.com\/wordpress\/plugins\/seo\/ -->\n<title>Manager avec la m\u00e9thode du W : la phase de Test - Le Blog GERESO<\/title>\n<meta name=\"robots\" content=\"index, follow, max-snippet:-1, max-image-preview:large, max-video-preview:-1\" \/>\n<link rel=\"canonical\" href=\"https:\/\/www.gereso.com\/actualites\/2018\/09\/06\/manager-avec-la-methode-du-w-la-phase-de-test\/\" \/>\n<meta property=\"og:locale\" content=\"fr_FR\" \/>\n<meta property=\"og:type\" content=\"article\" \/>\n<meta property=\"og:title\" content=\"Manager avec la m\u00e9thode du W : la phase de Test - Le Blog GERESO\" \/>\n<meta property=\"og:description\" content=\"Pourquoi parler de Test, et pas plus simplement de mise en \u0153uvre ? Le Test insinue un possible abandon de la solution par les d\u00e9cideurs. \u00a0 Le Test ne signifie pas qu\u2019il y aura de retour en arri\u00e8re. Il signifie que la mise en \u0153uvre n\u00e9cessitera de multiples ajustements. Et il est tr\u00e8s important de [&hellip;]\" \/>\n<meta property=\"og:url\" content=\"https:\/\/www.gereso.com\/actualites\/2018\/09\/06\/manager-avec-la-methode-du-w-la-phase-de-test\/\" \/>\n<meta property=\"og:site_name\" content=\"Le Blog GERESO\" \/>\n<meta property=\"article:published_time\" content=\"2018-09-06T08:27:32+00:00\" \/>\n<meta property=\"article:modified_time\" content=\"2018-12-05T09:22:14+00:00\" \/>\n<meta property=\"og:image\" content=\"https:\/\/www.gereso.com\/actualites\/wp-content\/uploads\/2018\/09\/Manager-avec-la-m\u00e9thode-du-W-phase-de-Test.jpg\" \/>\n\t<meta property=\"og:image:width\" content=\"600\" \/>\n\t<meta property=\"og:image:height\" content=\"400\" \/>\n\t<meta property=\"og:image:type\" content=\"image\/jpeg\" \/>\n<meta name=\"author\" content=\"GERESO\" \/>\n<meta name=\"twitter:card\" content=\"summary_large_image\" \/>\n<script type=\"application\/ld+json\" class=\"yoast-schema-graph\">{\"@context\":\"https:\/\/schema.org\",\"@graph\":[{\"@type\":\"WebPage\",\"@id\":\"https:\/\/www.gereso.com\/actualites\/2018\/09\/06\/manager-avec-la-methode-du-w-la-phase-de-test\/\",\"url\":\"https:\/\/www.gereso.com\/actualites\/2018\/09\/06\/manager-avec-la-methode-du-w-la-phase-de-test\/\",\"name\":\"Manager avec la m\u00e9thode du W : la phase de Test - Le Blog GERESO\",\"isPartOf\":{\"@id\":\"https:\/\/www.gereso.com\/actualites\/#website\"},\"primaryImageOfPage\":{\"@id\":\"https:\/\/www.gereso.com\/actualites\/2018\/09\/06\/manager-avec-la-methode-du-w-la-phase-de-test\/#primaryimage\"},\"image\":{\"@id\":\"https:\/\/www.gereso.com\/actualites\/2018\/09\/06\/manager-avec-la-methode-du-w-la-phase-de-test\/#primaryimage\"},\"thumbnailUrl\":\"https:\/\/www.gereso.com\/actualites\/wp-content\/uploads\/2018\/09\/Manager-avec-la-m\u00e9thode-du-W-phase-de-Test.jpg\",\"datePublished\":\"2018-09-06T08:27:32+00:00\",\"dateModified\":\"2018-12-05T09:22:14+00:00\",\"author\":{\"@id\":\"https:\/\/www.gereso.com\/actualites\/#\/schema\/person\/d9b0bc27f2e9ae74ff7505881ce5306e\"},\"breadcrumb\":{\"@id\":\"https:\/\/www.gereso.com\/actualites\/2018\/09\/06\/manager-avec-la-methode-du-w-la-phase-de-test\/#breadcrumb\"},\"inLanguage\":\"fr-FR\",\"potentialAction\":[{\"@type\":\"ReadAction\",\"target\":[\"https:\/\/www.gereso.com\/actualites\/2018\/09\/06\/manager-avec-la-methode-du-w-la-phase-de-test\/\"]}]},{\"@type\":\"ImageObject\",\"inLanguage\":\"fr-FR\",\"@id\":\"https:\/\/www.gereso.com\/actualites\/2018\/09\/06\/manager-avec-la-methode-du-w-la-phase-de-test\/#primaryimage\",\"url\":\"https:\/\/www.gereso.com\/actualites\/wp-content\/uploads\/2018\/09\/Manager-avec-la-m\u00e9thode-du-W-phase-de-Test.jpg\",\"contentUrl\":\"https:\/\/www.gereso.com\/actualites\/wp-content\/uploads\/2018\/09\/Manager-avec-la-m\u00e9thode-du-W-phase-de-Test.jpg\",\"width\":600,\"height\":400,\"caption\":\"Manager avec la m\u00e9thode du W phase de Test\"},{\"@type\":\"BreadcrumbList\",\"@id\":\"https:\/\/www.gereso.com\/actualites\/2018\/09\/06\/manager-avec-la-methode-du-w-la-phase-de-test\/#breadcrumb\",\"itemListElement\":[{\"@type\":\"ListItem\",\"position\":1,\"name\":\"Home\",\"item\":\"https:\/\/www.gereso.com\/actualites\/\"},{\"@type\":\"ListItem\",\"position\":2,\"name\":\"Manager avec la m\u00e9thode du W : la phase de Test\"}]},{\"@type\":\"WebSite\",\"@id\":\"https:\/\/www.gereso.com\/actualites\/#website\",\"url\":\"https:\/\/www.gereso.com\/actualites\/\",\"name\":\"Le Blog GERESO\",\"description\":\"Toute l&#039;actu RH, Finance, Fonction Publique, Management...\",\"potentialAction\":[{\"@type\":\"SearchAction\",\"target\":{\"@type\":\"EntryPoint\",\"urlTemplate\":\"https:\/\/www.gereso.com\/actualites\/?s={search_term_string}\"},\"query-input\":{\"@type\":\"PropertyValueSpecification\",\"valueRequired\":true,\"valueName\":\"search_term_string\"}}],\"inLanguage\":\"fr-FR\"},{\"@type\":\"Person\",\"@id\":\"https:\/\/www.gereso.com\/actualites\/#\/schema\/person\/d9b0bc27f2e9ae74ff7505881ce5306e\",\"name\":\"GERESO\",\"image\":{\"@type\":\"ImageObject\",\"inLanguage\":\"fr-FR\",\"@id\":\"https:\/\/www.gereso.com\/actualites\/#\/schema\/person\/image\/\",\"url\":\"https:\/\/www.gereso.com\/actualites\/wp-content\/uploads\/2013\/12\/avatar-gereso-1.png\",\"contentUrl\":\"https:\/\/www.gereso.com\/actualites\/wp-content\/uploads\/2013\/12\/avatar-gereso-1.png\",\"caption\":\"GERESO\"},\"url\":\"https:\/\/www.gereso.com\/actualites\/author\/wpadm_16root\/\"}]}<\/script>\n<!-- \/ Yoast SEO plugin. -->","yoast_head_json":{"title":"Manager avec la m\u00e9thode du W : la phase de Test - Le Blog GERESO","robots":{"index":"index","follow":"follow","max-snippet":"max-snippet:-1","max-image-preview":"max-image-preview:large","max-video-preview":"max-video-preview:-1"},"canonical":"https:\/\/www.gereso.com\/actualites\/2018\/09\/06\/manager-avec-la-methode-du-w-la-phase-de-test\/","og_locale":"fr_FR","og_type":"article","og_title":"Manager avec la m\u00e9thode du W : la phase de Test - Le Blog GERESO","og_description":"Pourquoi parler de Test, et pas plus simplement de mise en \u0153uvre ? Le Test insinue un possible abandon de la solution par les d\u00e9cideurs. \u00a0 Le Test ne signifie pas qu\u2019il y aura de retour en arri\u00e8re. Il signifie que la mise en \u0153uvre n\u00e9cessitera de multiples ajustements. Et il est tr\u00e8s important de [&hellip;]","og_url":"https:\/\/www.gereso.com\/actualites\/2018\/09\/06\/manager-avec-la-methode-du-w-la-phase-de-test\/","og_site_name":"Le Blog GERESO","article_published_time":"2018-09-06T08:27:32+00:00","article_modified_time":"2018-12-05T09:22:14+00:00","og_image":[{"width":600,"height":400,"url":"https:\/\/www.gereso.com\/actualites\/wp-content\/uploads\/2018\/09\/Manager-avec-la-m\u00e9thode-du-W-phase-de-Test.jpg","type":"image\/jpeg"}],"author":"GERESO","twitter_card":"summary_large_image","schema":{"@context":"https:\/\/schema.org","@graph":[{"@type":"WebPage","@id":"https:\/\/www.gereso.com\/actualites\/2018\/09\/06\/manager-avec-la-methode-du-w-la-phase-de-test\/","url":"https:\/\/www.gereso.com\/actualites\/2018\/09\/06\/manager-avec-la-methode-du-w-la-phase-de-test\/","name":"Manager avec la m\u00e9thode du W : la phase de Test - Le Blog GERESO","isPartOf":{"@id":"https:\/\/www.gereso.com\/actualites\/#website"},"primaryImageOfPage":{"@id":"https:\/\/www.gereso.com\/actualites\/2018\/09\/06\/manager-avec-la-methode-du-w-la-phase-de-test\/#primaryimage"},"image":{"@id":"https:\/\/www.gereso.com\/actualites\/2018\/09\/06\/manager-avec-la-methode-du-w-la-phase-de-test\/#primaryimage"},"thumbnailUrl":"https:\/\/www.gereso.com\/actualites\/wp-content\/uploads\/2018\/09\/Manager-avec-la-m\u00e9thode-du-W-phase-de-Test.jpg","datePublished":"2018-09-06T08:27:32+00:00","dateModified":"2018-12-05T09:22:14+00:00","author":{"@id":"https:\/\/www.gereso.com\/actualites\/#\/schema\/person\/d9b0bc27f2e9ae74ff7505881ce5306e"},"breadcrumb":{"@id":"https:\/\/www.gereso.com\/actualites\/2018\/09\/06\/manager-avec-la-methode-du-w-la-phase-de-test\/#breadcrumb"},"inLanguage":"fr-FR","potentialAction":[{"@type":"ReadAction","target":["https:\/\/www.gereso.com\/actualites\/2018\/09\/06\/manager-avec-la-methode-du-w-la-phase-de-test\/"]}]},{"@type":"ImageObject","inLanguage":"fr-FR","@id":"https:\/\/www.gereso.com\/actualites\/2018\/09\/06\/manager-avec-la-methode-du-w-la-phase-de-test\/#primaryimage","url":"https:\/\/www.gereso.com\/actualites\/wp-content\/uploads\/2018\/09\/Manager-avec-la-m\u00e9thode-du-W-phase-de-Test.jpg","contentUrl":"https:\/\/www.gereso.com\/actualites\/wp-content\/uploads\/2018\/09\/Manager-avec-la-m\u00e9thode-du-W-phase-de-Test.jpg","width":600,"height":400,"caption":"Manager avec la m\u00e9thode du W phase de Test"},{"@type":"BreadcrumbList","@id":"https:\/\/www.gereso.com\/actualites\/2018\/09\/06\/manager-avec-la-methode-du-w-la-phase-de-test\/#breadcrumb","itemListElement":[{"@type":"ListItem","position":1,"name":"Home","item":"https:\/\/www.gereso.com\/actualites\/"},{"@type":"ListItem","position":2,"name":"Manager avec la m\u00e9thode du W : la phase de Test"}]},{"@type":"WebSite","@id":"https:\/\/www.gereso.com\/actualites\/#website","url":"https:\/\/www.gereso.com\/actualites\/","name":"Le Blog GERESO","description":"Toute l&#039;actu RH, Finance, Fonction Publique, Management...","potentialAction":[{"@type":"SearchAction","target":{"@type":"EntryPoint","urlTemplate":"https:\/\/www.gereso.com\/actualites\/?s={search_term_string}"},"query-input":{"@type":"PropertyValueSpecification","valueRequired":true,"valueName":"search_term_string"}}],"inLanguage":"fr-FR"},{"@type":"Person","@id":"https:\/\/www.gereso.com\/actualites\/#\/schema\/person\/d9b0bc27f2e9ae74ff7505881ce5306e","name":"GERESO","image":{"@type":"ImageObject","inLanguage":"fr-FR","@id":"https:\/\/www.gereso.com\/actualites\/#\/schema\/person\/image\/","url":"https:\/\/www.gereso.com\/actualites\/wp-content\/uploads\/2013\/12\/avatar-gereso-1.png","contentUrl":"https:\/\/www.gereso.com\/actualites\/wp-content\/uploads\/2013\/12\/avatar-gereso-1.png","caption":"GERESO"},"url":"https:\/\/www.gereso.com\/actualites\/author\/wpadm_16root\/"}]}},"_links":{"self":[{"href":"https:\/\/www.gereso.com\/actualites\/wp-json\/wp\/v2\/posts\/9519","targetHints":{"allow":["GET"]}}],"collection":[{"href":"https:\/\/www.gereso.com\/actualites\/wp-json\/wp\/v2\/posts"}],"about":[{"href":"https:\/\/www.gereso.com\/actualites\/wp-json\/wp\/v2\/types\/post"}],"author":[{"embeddable":true,"href":"https:\/\/www.gereso.com\/actualites\/wp-json\/wp\/v2\/users\/1"}],"replies":[{"embeddable":true,"href":"https:\/\/www.gereso.com\/actualites\/wp-json\/wp\/v2\/comments?post=9519"}],"version-history":[{"count":3,"href":"https:\/\/www.gereso.com\/actualites\/wp-json\/wp\/v2\/posts\/9519\/revisions"}],"predecessor-version":[{"id":9750,"href":"https:\/\/www.gereso.com\/actualites\/wp-json\/wp\/v2\/posts\/9519\/revisions\/9750"}],"wp:featuredmedia":[{"embeddable":true,"href":"https:\/\/www.gereso.com\/actualites\/wp-json\/wp\/v2\/media\/9521"}],"wp:attachment":[{"href":"https:\/\/www.gereso.com\/actualites\/wp-json\/wp\/v2\/media?parent=9519"}],"wp:term":[{"taxonomy":"category","embeddable":true,"href":"https:\/\/www.gereso.com\/actualites\/wp-json\/wp\/v2\/categories?post=9519"},{"taxonomy":"post_tag","embeddable":true,"href":"https:\/\/www.gereso.com\/actualites\/wp-json\/wp\/v2\/tags?post=9519"}],"curies":[{"name":"wp","href":"https:\/\/api.w.org\/{rel}","templated":true}]}}