{"id":9523,"date":"2018-09-10T09:19:48","date_gmt":"2018-09-10T07:19:48","guid":{"rendered":"https:\/\/www.gereso.com\/actualites\/?p=9523"},"modified":"2018-09-11T14:32:27","modified_gmt":"2018-09-11T12:32:27","slug":"cse-salaries-proteges","status":"publish","type":"post","link":"https:\/\/www.gereso.com\/actualites\/2018\/09\/10\/cse-salaries-proteges\/","title":{"rendered":"Passage au CSE : quelles incidences pour les salari\u00e9s prot\u00e9g\u00e9s ?"},"content":{"rendered":"<p>Cette r\u00e9forme du code du travail a vocation \u00e0 remplacer les institutions suivantes\u00a0: <strong>les d\u00e9l\u00e9gu\u00e9s du personnel (DP), le comit\u00e9 d\u2019hygi\u00e8ne, de s\u00e9curit\u00e9 et des conditions de travail (CHSCT), le comit\u00e9 d&rsquo;entreprise (CE) ou encore, la d\u00e9l\u00e9gation unique du personnel (DUP).<\/strong><\/p>\n<p>Quelles sont les cons\u00e9quences de cette r\u00e9forme sur les diff\u00e9rentes dispositions du Code du travail relatives aux <strong>salari\u00e9s prot\u00e9g\u00e9s ?<\/strong> Afin de r\u00e9pondre au mieux \u00e0 cette question, nous allons exposer dans ce dossier les nouvelles r\u00e8gles adaptant les anciennes \u00e0 la nouvelle institution cr\u00e9\u00e9e. Nous nous poserons ainsi les questions suivantes\u00a0: Quelles sont les <strong>b\u00e9n\u00e9ficiaires<\/strong> de la protection\u00a0suite au passage au CSE ? Quelle est la <strong>dur\u00e9e de la protection <\/strong>des salari\u00e9s prot\u00e9g\u00e9s suite au passage au CSE\u00a0? Quelle est <strong>la port\u00e9e de la protection<\/strong> accord\u00e9e aux salari\u00e9s prot\u00e9g\u00e9s\u00a0?<\/p>\n<h2><span style=\"color: #d10016;\"><strong>Quels sont les b\u00e9n\u00e9ficiaires de la protection\u00a0suite au passage au CSE ?<\/strong><\/span><\/h2>\n<p>Suite \u00e0 la fusion des diff\u00e9rentes institutions repr\u00e9sentatives du personnel, les d\u00e9l\u00e9gu\u00e9s du personnel, les membres \u00e9lus du comit\u00e9 d\u2019entreprise, les repr\u00e9sentants syndicaux au comit\u00e9 d\u2019entreprise ou encore, les repr\u00e9sentants au CHSCT vont petit \u00e0 petit dispara\u00eetre. Ils <strong>ne feront donc plus partie de la liste des salari\u00e9s prot\u00e9g\u00e9s.<\/strong><\/p>\n<p>En effet, la liste des b\u00e9n\u00e9ficiaires de la protection va d\u00e9sormais mentionner les salari\u00e9s suivants\u00a0:<\/p>\n<ul>\n<li><strong>les membres \u00e9lus du<\/strong> CSE ou du CSE interentreprises ;<\/li>\n<li><strong>les repr\u00e9sentants syndicaux au CSE<\/strong> ou au CSE interentreprises ;<\/li>\n<li><strong>les candidats<\/strong> aux fonctions de repr\u00e9sentant de proximit\u00e9 ;<\/li>\n<li><strong>les repr\u00e9sentants de proximit\u00e9.<\/strong><\/li>\n<\/ul>\n<p><strong>Rappel\u00a0!<\/strong> Le <strong>repr\u00e9sentant de proximit\u00e9<\/strong> ne peut \u00eatre mis en place que par accord d\u2019entreprise. Il n\u2019exerce pas de missions l\u00e9galement d\u00e9finies. Cependant, le repr\u00e9sentant de proximit\u00e9 dispose d\u2019attributions en mati\u00e8re de sant\u00e9, de s\u00e9curit\u00e9 et des conditions de travail d\u00e9finies par l\u2019accord d\u2019entreprise le mettant en place.<\/p>\n<p>Il est \u00e9galement important de rappeler qu\u2019un salari\u00e9 qui n\u2019est <strong>que\u00a0candidat aux \u00e9lections professionnelles<\/strong> (\u00e9lection du CSE, \u00e9lection du CSE interentreprises ou \u00e9lection \u00e0 la fonction de repr\u00e9sentant de proximit\u00e9) peut \u00e9galement b\u00e9n\u00e9ficier de la protection. En effet, la protection du salari\u00e9 s\u2019applique <strong>d\u00e8s lors que l&#8217;employeur a eu connaissance de sa candidature<\/strong> \u00e0 la date de l&rsquo;envoi de la convocation \u00e0 l\u2019entretien pr\u00e9alable de licenciement. Toutefois, pour que la protection puisse s\u2019appliquer, la liste des candidatures doit n\u00e9cessairement avoir \u00e9t\u00e9 d\u00e9pos\u00e9e avant la mise en \u0153uvre de la proc\u00e9dure (Cass. Soc. 22 mars 2017, n\u00b0 15-23103).<\/p>\n<p>La r\u00e9forme du droit du travail issue des ordonnances Macron a \u00e9galement cr\u00e9\u00e9 une nouvelle institution, appel\u00e9e le <strong>conseil d\u2019entreprise<\/strong>. Cette institution facultative ne peut \u00eatre mise en place que <strong>par accord d\u2019entreprise<\/strong>. Elle regroupe non seulement les repr\u00e9sentants \u00e9lus (au CSE) mais aussi les d\u00e9l\u00e9gu\u00e9s syndicaux dans l\u2019entreprise. Le conseil d\u2019entreprise exerce bien s\u00fbr les attributions du CSE mais aussi les obligations en mati\u00e8re de n\u00e9gociation collective (n\u00e9gocier, conclure et r\u00e9viser les accords d\u2019entreprise ou d\u2019\u00e9tablissement). Toutefois, actuellement <strong>aucun texte n\u2019\u00e9voque la protection des salari\u00e9s membres de ce conseil d\u2019entreprise.<\/strong> Il n\u2019y a aucune raison que les membres du conseil d\u2019entreprise ne b\u00e9n\u00e9ficient pas d\u2019une protection. Des textes devraient donc probablement venir combler cette lacune.<\/p>\n<p>Bien entendu, <strong>les salari\u00e9s dont le mandat n\u2019a subi aucune modification<\/strong> suite au passage au CSE peuvent <strong>continuer \u00e0 b\u00e9n\u00e9ficier d\u2019une protection<\/strong> dans les m\u00eames conditions qu\u2019auparavant. Il en est notamment ainsi des d\u00e9l\u00e9gu\u00e9s syndicaux, des repr\u00e9sentants de la section syndicale ou encore, des conseillers du salari\u00e9.<\/p>\n<h2><span style=\"color: #d10016;\"><strong>Quelle est la dur\u00e9e de la protection des salari\u00e9s prot\u00e9g\u00e9s\u00a0?<\/strong><\/span><\/h2>\n<p>La dur\u00e9e de la protection du salari\u00e9 prot\u00e9g\u00e9 va tout naturellement <strong>d\u00e9pendre de la nature de son mandat\u00a0<\/strong>: candidat \u00e0 l\u2019\u00e9lection, membre \u00e9lu du CSE, repr\u00e9sentant syndicaux, etc. Nous pouvons toutefois remarquer que <strong>la dur\u00e9e de cette protection est calqu\u00e9e sur la dur\u00e9e de la protection auparavant appliqu\u00e9e<\/strong> aux membres du comit\u00e9 d\u2019entreprise, aux membres du CHSCT ou encore aux d\u00e9l\u00e9gu\u00e9s du personnel.<\/p>\n<p>Ainsi, les <strong>candidats \u00e0 l\u2019\u00e9lection au CSE<\/strong> ou les candidats aux fonctions de repr\u00e9sentant de proximit\u00e9 b\u00e9n\u00e9ficient d\u2019une protection pendant une <strong>dur\u00e9e de 6 mois<\/strong>. Ce d\u00e9lai de 6 mois court \u00e0 compter du d\u00e9p\u00f4t de leur candidature.<\/p>\n<p><strong>A noter\u00a0!<\/strong> Les salari\u00e9s sont \u00e9galement prot\u00e9g\u00e9s \u00e0 partir du moment o\u00f9 <strong>ils prouvent que l\u2019employeur avait connaissance de leur candidature imminente<\/strong> avant la convocation \u00e0 l\u2019entretien pr\u00e9alable au licenciement.<\/p>\n<p>Les <strong>membres \u00e9lus du CSE<\/strong> (ou les membres du CSE interentreprises) b\u00e9n\u00e9ficient \u00e9galement d\u2019une protection <strong>pendant toute la dur\u00e9e de leur mandat<\/strong>. Cette protection s\u2019applique \u00e9galement au salari\u00e9 qui exerce les fonctions de <strong>repr\u00e9sentant de proximit\u00e9. <\/strong><\/p>\n<p>La protection des membres \u00e9lus du CSE, des membres du CSE interentreprises ou des repr\u00e9sentants de proximit\u00e9 perdure \u00e9galement <strong>durant une p\u00e9riode de 6 mois qui suivent la fin de leur mandat <\/strong>ou encore, la disparition du CSE.<\/p>\n<p>Enfin, notons que les <strong>repr\u00e9sentants syndicaux au CSE ou au CSE interentreprises<\/strong> sont \u00e9galement prot\u00e9g\u00e9s pendant <strong>toute la dur\u00e9e de leur mandat<\/strong>. Ils sont aussi logiquement prot\u00e9g\u00e9s <strong>durant les 6 mois qui suivent la fin de leur mandat<\/strong> ou la disparition du CSE. Cette derni\u00e8re protection de 6 mois ne peut toutefois s\u2019appliquer que si le repr\u00e9sentant syndical a \u00e9t\u00e9 d\u00e9sign\u00e9 <strong>au moins deux ans.<\/strong><\/p>\n<p><strong>A noter.<\/strong> La dur\u00e9e de protection des <strong>autres salari\u00e9s prot\u00e9g\u00e9s<\/strong>, ceux n\u2019ayant aucun lien avec le passage au CSE, reste inchang\u00e9e. Il en est notamment ainsi de la dur\u00e9e de la protection accord\u00e9e au <strong>d\u00e9l\u00e9gu\u00e9 syndical, au repr\u00e9sentant de la section syndicale ou encore, au conseiller du salari\u00e9.<\/strong><\/p>\n<h2><span style=\"color: #d10016;\"><strong>Quelle est la port\u00e9e de la protection\u00a0accord\u00e9e aux salari\u00e9s prot\u00e9g\u00e9s ?<\/strong><\/span><\/h2>\n<p>La r\u00e9forme du droit du travail instaur\u00e9e par les ordonnances Macron <strong>n\u2019a pas modifi\u00e9 le principe de la protection <\/strong>dont b\u00e9n\u00e9ficient les salari\u00e9s prot\u00e9g\u00e9s. En pratique, la protection vise toujours \u00e0 <strong>lier la rupture du contrat de travail d\u2019un salari\u00e9 prot\u00e9g\u00e9 \u00e0 l\u2019autorisation pr\u00e9alable de l\u2019inspecteur du travail<\/strong>. Il existe toutefois des situations dans lesquelles le CSE aura \u00e9galement un r\u00f4le consultatif.<\/p>\n<p>Notez que la protection en cas de rupture du contrat de travail concerne bien \u00e9videmment le <strong>licenciement <\/strong>mais aussi les autres modes de rupture comme la <strong>mise \u00e0 la retraire, la rupture conventionnelle ou encore le terme du CDD.<\/strong> L\u2019autorisation de l\u2019inspecteur du travail doit \u00e9galement \u00eatre demand\u00e9e en cas de transfert partiel d\u2019entreprise.<\/p>\n<p>Exposons ci-dessous les r\u00e8gles applicables aux principaux cas de rupture du contrat de travail.<\/p>\n<h3><strong><em>La proc\u00e9dure applicable au licenciement d\u2019un salari\u00e9 prot\u00e9g\u00e9<\/em><\/strong><\/h3>\n<p>Lorsqu\u2019il d\u00e9cide de licencier un salari\u00e9 prot\u00e9g\u00e9, l\u2019employeur doit, comme pour tout autre salari\u00e9, le <strong>convoquer \u00e0 un entretien pr\u00e9alable de licenciement<\/strong> selon les r\u00e8gles habituelles (lettre de convocation, d\u00e9lai avant la convocation, possibilit\u00e9 de se faire assister durant l\u2019entretien, etc.).<\/p>\n<p>Suite \u00e0 cet entretien pr\u00e9alable au licenciement, l&#8217;employeur doit <strong>convoquer le CSE dans les entreprises d&rsquo;au moins 50 salari\u00e9s<\/strong> pour qu\u2019il s&rsquo;exprime sur le projet de licenciement. Pour rendre son avis, le CSE proc\u00e8de \u00e0 l&rsquo;audition du salari\u00e9. L\u2019avis du CSE est rendu suite \u00e0 un vote \u00e0 bulletin secret. L\u2019avis rendu par le CSE n\u2019a qu\u2019un caract\u00e8re consultatif. L\u2019employeur n\u2019a donc pas l\u2019obligation de le suivre.<\/p>\n<p><strong>Attention.<\/strong> L\u2019avis du CSE ne concerne pas le licenciement des d\u00e9l\u00e9gu\u00e9s syndicaux sauf s\u2019ils exercent simultan\u00e9ment d&rsquo;autres mandats (par exemple, un mandat de repr\u00e9sentant \u00e9lu au CSE).<\/p>\n<p><strong>A noter.<\/strong> Bien entendu, s\u2019il n\u2019y a pas de CSE constitu\u00e9 dans l\u2019entreprise, l&#8217;employeur ne doit alors obtenir que l&rsquo;autorisation de l&rsquo;inspecteur du travail.<\/p>\n<p>Ensuite, dans un d\u00e9lai de 15 jours suivant la r\u00e9union du CSE, l\u2019employeur doit <strong>demander une autorisation \u00e0 l&rsquo;inspecteur du travail<\/strong>, par lettre recommand\u00e9e avec accus\u00e9 de r\u00e9ception. Cette demande doit mentionner la nature du mandat du salari\u00e9 mais aussi les motifs du licenciement envisag\u00e9. Il est n\u00e9cessaire de joindre \u00e0 cette demande le proc\u00e8s-verbal de la r\u00e9union du CSE.<\/p>\n<p>D\u00e8s lors qu\u2019il re\u00e7oit la demande, l\u2019inspecteur du travail va alors proc\u00e9der \u00e0 <strong>une enqu\u00eate<\/strong> au cours de laquelle il va entendre d\u2019une part, l&#8217;employeur et d\u2019autre part, le salari\u00e9 prot\u00e9g\u00e9. L\u2019inspecteur du travail a \u00e9galement pour mission de <strong>v\u00e9rifier que la proc\u00e9dure l\u00e9gale a bien \u00e9t\u00e9 appliqu\u00e9e. <\/strong><\/p>\n<p><strong>Important.<\/strong> Si l\u2019employeur ne respecte pas ces diff\u00e9rentes \u00e9tapes, il s&rsquo;expose \u00e0 des sanctions p\u00e9nales pour <strong>d\u00e9lit d\u2019entrave<\/strong>. Il risque alors une peine d&rsquo;un an de prison et une amende de 3750 euros.<\/p>\n<p>L&rsquo;inspecteur du travail dispose d\u2019un <strong>d\u00e9lai de deux mois<\/strong> \u00e0 compter de la r\u00e9ception de la demande de l&#8217;employeur pour rendre sa d\u00e9cision. Il peut soit autoriser, soit refuser le licenciement. Toutefois, quel que soit son choix, sa d\u00e9cision doit \u00eatre motiv\u00e9e et notifi\u00e9e par lettre recommand\u00e9e avec accus\u00e9 de r\u00e9ception aux deux parties, employeur et salari\u00e9. <strong>L\u2019absence de r\u00e9ponse de l\u2019inspecteur du travail<\/strong> <strong>pass\u00e9 ce d\u00e9lai \u00e9quivaut \u00e0 un refus. <\/strong><\/p>\n<p>Si l\u2019inspecteur du travail <strong>autorise le licenciement,<\/strong> l&#8217;employeur peut alors adresser au salari\u00e9 une lettre de licenciement selon les r\u00e8gles habituelles (mentions obligatoires, d\u00e9lai d\u2019envoi, etc.).<\/p>\n<p>Si le salari\u00e9 souhaite <strong>contester le licenciement<\/strong>, il dispose d\u2019un d\u00e9lai de deux mois \u00e0 compter de la d\u00e9cision de l\u2019inspecteur du travail pour exercer un recours. Il peut s\u2019agir soit d\u2019un recours gracieux exerc\u00e9 devant l\u2019inspecteur du travail lui-m\u00eame, soit d\u2019un recours hi\u00e9rarchique exerc\u00e9 devant le ministre charg\u00e9 du Travail.<\/p>\n<p><strong>Important.<\/strong> En cas de mise \u00e0 la retraite, l&#8217;employeur doit respecter la m\u00eame proc\u00e9dure que celle pr\u00e9vue en cas de licenciement. L&rsquo;inspecteur du travail doit donc autoriser cette mise \u00e0 la retraite.<\/p>\n<h3><strong><em>La proc\u00e9dure applicable en cas de rupture conventionnelle d\u2019un salari\u00e9 prot\u00e9g\u00e9<\/em><\/strong><\/h3>\n<p>Le salari\u00e9 prot\u00e9g\u00e9 peut d\u00e9cider de rompre son contrat de travail par le biais d\u2019une rupture conventionnelle. La mise en place de cette rupture conventionnelle n\u00e9cessite l\u2019organisation d\u2019un ou plusieurs entretiens organis\u00e9s entre le salari\u00e9 et l\u2019employeur<\/p>\n<p>Suite \u00e0 ces diff\u00e9rents entretiens, il est n\u00e9cessaire de convoquer le CSE, pur avis, comme c\u2019est le cas pour un licenciement.<\/p>\n<p><strong>Attention.<\/strong> Le formulaire de rupture conventionnelle doit obligatoirement \u00eatre sign\u00e9e apr\u00e8s la r\u00e9union du CSE. Il ne peut donc jamais \u00eatre sign\u00e9 avant le d\u00e9roulement de cette consultation du CSE.<\/p>\n<h3><strong><em>La proc\u00e9dure applicable au terme du CDD d\u2019un salari\u00e9 prot\u00e9g\u00e9<\/em><\/strong><\/h3>\n<p>La r\u00e9forme du droit du travail issue des ordonnances Macron a consid\u00e9rablement limit\u00e9 les situations dans lesquelles l\u2019employeur doit saisir l\u2019inspecteur du travail au terme du CDD. Toutefois, le passage au CSE n\u2019a aucune influence ici puisque cette institution n\u2019est pas consult\u00e9e dans cette situation. Seule est pr\u00e9vue, dans certains cas, la saisine de l\u2019inspecteur du travail.<\/p>\n<p>Ainsi, la saisine de l\u2019inspecteur du travail est d\u00e9sormais pr\u00e9vue dans les situations suivantes\u00a0:<\/p>\n<ul>\n<li>le CDD fait l\u2019objet d\u2019une rupture anticip\u00e9e (par exemple, en cas de faute grave du salari\u00e9)\u00a0;<\/li>\n<li>le CDD n\u2019est pas renouvel\u00e9 malgr\u00e9 l\u2019existence d\u2019une clause de reconduction.<\/li>\n<\/ul>\n<p>Notons qu\u2019en raison de ces r\u00e8gles pr\u00e9c\u00e9demment cit\u00e9e, l\u2019autorisation de l\u2019inspecteur du travail n\u2019est donc pas demand\u00e9e lorsque le CDD saisonnier arrive naturellement \u00e0 son terme.<\/p>\n<p>Rappelons qu\u2019en pratique, le r\u00f4le de l\u2019inspecteur du travail consiste \u00e0 bien v\u00e9rifier que le salari\u00e9 ne faisait pas l&rsquo;objet d&rsquo;une mesure discriminatoire.<\/p>\n<p>Par ailleurs, sachez que d\u00e9sormais, le d\u00e9lai d\u2019un mois pour saisir l\u2019inspecteur du travail n\u2019est plus impos\u00e9. L\u2019inspecteur du travail doit juste se prononcer avant<\/p>\n","protected":false},"excerpt":{"rendered":"<p>Cette r\u00e9forme du code du travail a vocation \u00e0 remplacer les institutions suivantes\u00a0: les d\u00e9l\u00e9gu\u00e9s du personnel (DP), le comit\u00e9 d\u2019hygi\u00e8ne, de s\u00e9curit\u00e9 et des conditions de travail (CHSCT), le comit\u00e9 d&rsquo;entreprise (CE) ou encore, la d\u00e9l\u00e9gation unique du personnel (DUP). Quelles sont les cons\u00e9quences de cette r\u00e9forme sur les diff\u00e9rentes dispositions du Code du [&hellip;]<\/p>\n","protected":false},"author":1,"featured_media":9525,"comment_status":"open","ping_status":"open","sticky":false,"template":"","format":"standard","meta":{"_acf_changed":false,"_mi_skip_tracking":false,"footnotes":""},"categories":[5],"tags":[1517,1312,1518,502,1516,1515],"class_list":["post-9523","post","type-post","status-publish","format-standard","has-post-thumbnail","hentry","category-droit-du-travail","tag-comite-social-economique","tag-cse","tag-institutions-representatives-du-personnel","tag-irp","tag-protection-salarie","tag-salaries-proteges"],"acf":[],"yoast_head":"<!-- This site is optimized with the Yoast SEO plugin v23.4 - https:\/\/yoast.com\/wordpress\/plugins\/seo\/ -->\n<title>Passage au CSE : quelles incidences pour les salari\u00e9s prot\u00e9g\u00e9s ? - Le Blog GERESO<\/title>\n<meta name=\"robots\" content=\"index, follow, max-snippet:-1, max-image-preview:large, max-video-preview:-1\" \/>\n<link rel=\"canonical\" href=\"https:\/\/www.gereso.com\/actualites\/2018\/09\/10\/cse-salaries-proteges\/\" \/>\n<meta property=\"og:locale\" content=\"fr_FR\" \/>\n<meta property=\"og:type\" content=\"article\" \/>\n<meta property=\"og:title\" content=\"Passage au CSE : quelles incidences pour les salari\u00e9s prot\u00e9g\u00e9s ? - Le Blog GERESO\" \/>\n<meta property=\"og:description\" content=\"Cette r\u00e9forme du code du travail a vocation \u00e0 remplacer les institutions suivantes\u00a0: les d\u00e9l\u00e9gu\u00e9s du personnel (DP), le comit\u00e9 d\u2019hygi\u00e8ne, de s\u00e9curit\u00e9 et des conditions de travail (CHSCT), le comit\u00e9 d&rsquo;entreprise (CE) ou encore, la d\u00e9l\u00e9gation unique du personnel (DUP). Quelles sont les cons\u00e9quences de cette r\u00e9forme sur les diff\u00e9rentes dispositions du Code du [&hellip;]\" \/>\n<meta property=\"og:url\" content=\"https:\/\/www.gereso.com\/actualites\/2018\/09\/10\/cse-salaries-proteges\/\" \/>\n<meta property=\"og:site_name\" content=\"Le Blog GERESO\" \/>\n<meta property=\"article:published_time\" content=\"2018-09-10T07:19:48+00:00\" \/>\n<meta property=\"article:modified_time\" content=\"2018-09-11T12:32:27+00:00\" \/>\n<meta property=\"og:image\" content=\"https:\/\/www.gereso.com\/actualites\/wp-content\/uploads\/2018\/09\/Passage-au-CSE-incidences-salari\u00e9s-prot\u00e9g\u00e9s.jpg\" \/>\n\t<meta property=\"og:image:width\" content=\"600\" \/>\n\t<meta property=\"og:image:height\" content=\"400\" \/>\n\t<meta property=\"og:image:type\" content=\"image\/jpeg\" \/>\n<meta name=\"author\" content=\"GERESO\" \/>\n<meta name=\"twitter:card\" content=\"summary_large_image\" \/>\n<script type=\"application\/ld+json\" class=\"yoast-schema-graph\">{\"@context\":\"https:\/\/schema.org\",\"@graph\":[{\"@type\":\"WebPage\",\"@id\":\"https:\/\/www.gereso.com\/actualites\/2018\/09\/10\/cse-salaries-proteges\/\",\"url\":\"https:\/\/www.gereso.com\/actualites\/2018\/09\/10\/cse-salaries-proteges\/\",\"name\":\"Passage au CSE : quelles incidences pour les salari\u00e9s prot\u00e9g\u00e9s ? - Le Blog GERESO\",\"isPartOf\":{\"@id\":\"https:\/\/www.gereso.com\/actualites\/#website\"},\"primaryImageOfPage\":{\"@id\":\"https:\/\/www.gereso.com\/actualites\/2018\/09\/10\/cse-salaries-proteges\/#primaryimage\"},\"image\":{\"@id\":\"https:\/\/www.gereso.com\/actualites\/2018\/09\/10\/cse-salaries-proteges\/#primaryimage\"},\"thumbnailUrl\":\"https:\/\/www.gereso.com\/actualites\/wp-content\/uploads\/2018\/09\/Passage-au-CSE-incidences-salari\u00e9s-prot\u00e9g\u00e9s.jpg\",\"datePublished\":\"2018-09-10T07:19:48+00:00\",\"dateModified\":\"2018-09-11T12:32:27+00:00\",\"author\":{\"@id\":\"https:\/\/www.gereso.com\/actualites\/#\/schema\/person\/d9b0bc27f2e9ae74ff7505881ce5306e\"},\"breadcrumb\":{\"@id\":\"https:\/\/www.gereso.com\/actualites\/2018\/09\/10\/cse-salaries-proteges\/#breadcrumb\"},\"inLanguage\":\"fr-FR\",\"potentialAction\":[{\"@type\":\"ReadAction\",\"target\":[\"https:\/\/www.gereso.com\/actualites\/2018\/09\/10\/cse-salaries-proteges\/\"]}]},{\"@type\":\"ImageObject\",\"inLanguage\":\"fr-FR\",\"@id\":\"https:\/\/www.gereso.com\/actualites\/2018\/09\/10\/cse-salaries-proteges\/#primaryimage\",\"url\":\"https:\/\/www.gereso.com\/actualites\/wp-content\/uploads\/2018\/09\/Passage-au-CSE-incidences-salari\u00e9s-prot\u00e9g\u00e9s.jpg\",\"contentUrl\":\"https:\/\/www.gereso.com\/actualites\/wp-content\/uploads\/2018\/09\/Passage-au-CSE-incidences-salari\u00e9s-prot\u00e9g\u00e9s.jpg\",\"width\":600,\"height\":400,\"caption\":\"Passage au CSE incidences salari\u00e9s prot\u00e9g\u00e9s\"},{\"@type\":\"BreadcrumbList\",\"@id\":\"https:\/\/www.gereso.com\/actualites\/2018\/09\/10\/cse-salaries-proteges\/#breadcrumb\",\"itemListElement\":[{\"@type\":\"ListItem\",\"position\":1,\"name\":\"Home\",\"item\":\"https:\/\/www.gereso.com\/actualites\/\"},{\"@type\":\"ListItem\",\"position\":2,\"name\":\"Passage au CSE : quelles incidences pour les salari\u00e9s prot\u00e9g\u00e9s ?\"}]},{\"@type\":\"WebSite\",\"@id\":\"https:\/\/www.gereso.com\/actualites\/#website\",\"url\":\"https:\/\/www.gereso.com\/actualites\/\",\"name\":\"Le Blog GERESO\",\"description\":\"Toute l&#039;actu RH, Finance, Fonction Publique, Management...\",\"potentialAction\":[{\"@type\":\"SearchAction\",\"target\":{\"@type\":\"EntryPoint\",\"urlTemplate\":\"https:\/\/www.gereso.com\/actualites\/?s={search_term_string}\"},\"query-input\":{\"@type\":\"PropertyValueSpecification\",\"valueRequired\":true,\"valueName\":\"search_term_string\"}}],\"inLanguage\":\"fr-FR\"},{\"@type\":\"Person\",\"@id\":\"https:\/\/www.gereso.com\/actualites\/#\/schema\/person\/d9b0bc27f2e9ae74ff7505881ce5306e\",\"name\":\"GERESO\",\"image\":{\"@type\":\"ImageObject\",\"inLanguage\":\"fr-FR\",\"@id\":\"https:\/\/www.gereso.com\/actualites\/#\/schema\/person\/image\/\",\"url\":\"https:\/\/www.gereso.com\/actualites\/wp-content\/uploads\/2013\/12\/avatar-gereso-1.png\",\"contentUrl\":\"https:\/\/www.gereso.com\/actualites\/wp-content\/uploads\/2013\/12\/avatar-gereso-1.png\",\"caption\":\"GERESO\"},\"url\":\"https:\/\/www.gereso.com\/actualites\/author\/wpadm_16root\/\"}]}<\/script>\n<!-- \/ Yoast SEO plugin. -->","yoast_head_json":{"title":"Passage au CSE : quelles incidences pour les salari\u00e9s prot\u00e9g\u00e9s ? - Le Blog GERESO","robots":{"index":"index","follow":"follow","max-snippet":"max-snippet:-1","max-image-preview":"max-image-preview:large","max-video-preview":"max-video-preview:-1"},"canonical":"https:\/\/www.gereso.com\/actualites\/2018\/09\/10\/cse-salaries-proteges\/","og_locale":"fr_FR","og_type":"article","og_title":"Passage au CSE : quelles incidences pour les salari\u00e9s prot\u00e9g\u00e9s ? - Le Blog GERESO","og_description":"Cette r\u00e9forme du code du travail a vocation \u00e0 remplacer les institutions suivantes\u00a0: les d\u00e9l\u00e9gu\u00e9s du personnel (DP), le comit\u00e9 d\u2019hygi\u00e8ne, de s\u00e9curit\u00e9 et des conditions de travail (CHSCT), le comit\u00e9 d&rsquo;entreprise (CE) ou encore, la d\u00e9l\u00e9gation unique du personnel (DUP). Quelles sont les cons\u00e9quences de cette r\u00e9forme sur les diff\u00e9rentes dispositions du Code du [&hellip;]","og_url":"https:\/\/www.gereso.com\/actualites\/2018\/09\/10\/cse-salaries-proteges\/","og_site_name":"Le Blog GERESO","article_published_time":"2018-09-10T07:19:48+00:00","article_modified_time":"2018-09-11T12:32:27+00:00","og_image":[{"width":600,"height":400,"url":"https:\/\/www.gereso.com\/actualites\/wp-content\/uploads\/2018\/09\/Passage-au-CSE-incidences-salari\u00e9s-prot\u00e9g\u00e9s.jpg","type":"image\/jpeg"}],"author":"GERESO","twitter_card":"summary_large_image","schema":{"@context":"https:\/\/schema.org","@graph":[{"@type":"WebPage","@id":"https:\/\/www.gereso.com\/actualites\/2018\/09\/10\/cse-salaries-proteges\/","url":"https:\/\/www.gereso.com\/actualites\/2018\/09\/10\/cse-salaries-proteges\/","name":"Passage au CSE : quelles incidences pour les salari\u00e9s prot\u00e9g\u00e9s ? - Le Blog GERESO","isPartOf":{"@id":"https:\/\/www.gereso.com\/actualites\/#website"},"primaryImageOfPage":{"@id":"https:\/\/www.gereso.com\/actualites\/2018\/09\/10\/cse-salaries-proteges\/#primaryimage"},"image":{"@id":"https:\/\/www.gereso.com\/actualites\/2018\/09\/10\/cse-salaries-proteges\/#primaryimage"},"thumbnailUrl":"https:\/\/www.gereso.com\/actualites\/wp-content\/uploads\/2018\/09\/Passage-au-CSE-incidences-salari\u00e9s-prot\u00e9g\u00e9s.jpg","datePublished":"2018-09-10T07:19:48+00:00","dateModified":"2018-09-11T12:32:27+00:00","author":{"@id":"https:\/\/www.gereso.com\/actualites\/#\/schema\/person\/d9b0bc27f2e9ae74ff7505881ce5306e"},"breadcrumb":{"@id":"https:\/\/www.gereso.com\/actualites\/2018\/09\/10\/cse-salaries-proteges\/#breadcrumb"},"inLanguage":"fr-FR","potentialAction":[{"@type":"ReadAction","target":["https:\/\/www.gereso.com\/actualites\/2018\/09\/10\/cse-salaries-proteges\/"]}]},{"@type":"ImageObject","inLanguage":"fr-FR","@id":"https:\/\/www.gereso.com\/actualites\/2018\/09\/10\/cse-salaries-proteges\/#primaryimage","url":"https:\/\/www.gereso.com\/actualites\/wp-content\/uploads\/2018\/09\/Passage-au-CSE-incidences-salari\u00e9s-prot\u00e9g\u00e9s.jpg","contentUrl":"https:\/\/www.gereso.com\/actualites\/wp-content\/uploads\/2018\/09\/Passage-au-CSE-incidences-salari\u00e9s-prot\u00e9g\u00e9s.jpg","width":600,"height":400,"caption":"Passage au CSE incidences salari\u00e9s prot\u00e9g\u00e9s"},{"@type":"BreadcrumbList","@id":"https:\/\/www.gereso.com\/actualites\/2018\/09\/10\/cse-salaries-proteges\/#breadcrumb","itemListElement":[{"@type":"ListItem","position":1,"name":"Home","item":"https:\/\/www.gereso.com\/actualites\/"},{"@type":"ListItem","position":2,"name":"Passage au CSE : quelles incidences pour les salari\u00e9s prot\u00e9g\u00e9s ?"}]},{"@type":"WebSite","@id":"https:\/\/www.gereso.com\/actualites\/#website","url":"https:\/\/www.gereso.com\/actualites\/","name":"Le Blog GERESO","description":"Toute l&#039;actu RH, Finance, Fonction Publique, Management...","potentialAction":[{"@type":"SearchAction","target":{"@type":"EntryPoint","urlTemplate":"https:\/\/www.gereso.com\/actualites\/?s={search_term_string}"},"query-input":{"@type":"PropertyValueSpecification","valueRequired":true,"valueName":"search_term_string"}}],"inLanguage":"fr-FR"},{"@type":"Person","@id":"https:\/\/www.gereso.com\/actualites\/#\/schema\/person\/d9b0bc27f2e9ae74ff7505881ce5306e","name":"GERESO","image":{"@type":"ImageObject","inLanguage":"fr-FR","@id":"https:\/\/www.gereso.com\/actualites\/#\/schema\/person\/image\/","url":"https:\/\/www.gereso.com\/actualites\/wp-content\/uploads\/2013\/12\/avatar-gereso-1.png","contentUrl":"https:\/\/www.gereso.com\/actualites\/wp-content\/uploads\/2013\/12\/avatar-gereso-1.png","caption":"GERESO"},"url":"https:\/\/www.gereso.com\/actualites\/author\/wpadm_16root\/"}]}},"_links":{"self":[{"href":"https:\/\/www.gereso.com\/actualites\/wp-json\/wp\/v2\/posts\/9523","targetHints":{"allow":["GET"]}}],"collection":[{"href":"https:\/\/www.gereso.com\/actualites\/wp-json\/wp\/v2\/posts"}],"about":[{"href":"https:\/\/www.gereso.com\/actualites\/wp-json\/wp\/v2\/types\/post"}],"author":[{"embeddable":true,"href":"https:\/\/www.gereso.com\/actualites\/wp-json\/wp\/v2\/users\/1"}],"replies":[{"embeddable":true,"href":"https:\/\/www.gereso.com\/actualites\/wp-json\/wp\/v2\/comments?post=9523"}],"version-history":[{"count":3,"href":"https:\/\/www.gereso.com\/actualites\/wp-json\/wp\/v2\/posts\/9523\/revisions"}],"predecessor-version":[{"id":9540,"href":"https:\/\/www.gereso.com\/actualites\/wp-json\/wp\/v2\/posts\/9523\/revisions\/9540"}],"wp:featuredmedia":[{"embeddable":true,"href":"https:\/\/www.gereso.com\/actualites\/wp-json\/wp\/v2\/media\/9525"}],"wp:attachment":[{"href":"https:\/\/www.gereso.com\/actualites\/wp-json\/wp\/v2\/media?parent=9523"}],"wp:term":[{"taxonomy":"category","embeddable":true,"href":"https:\/\/www.gereso.com\/actualites\/wp-json\/wp\/v2\/categories?post=9523"},{"taxonomy":"post_tag","embeddable":true,"href":"https:\/\/www.gereso.com\/actualites\/wp-json\/wp\/v2\/tags?post=9523"}],"curies":[{"name":"wp","href":"https:\/\/api.w.org\/{rel}","templated":true}]}}