{"id":9562,"date":"2018-09-26T06:00:03","date_gmt":"2018-09-26T04:00:03","guid":{"rendered":"https:\/\/www.gereso.com\/actualites\/?p=9562"},"modified":"2018-09-25T22:48:10","modified_gmt":"2018-09-25T20:48:10","slug":"plf-2019-le-texte-complet-devoile","status":"publish","type":"post","link":"https:\/\/www.gereso.com\/actualites\/2018\/09\/26\/plf-2019-le-texte-complet-devoile\/","title":{"rendered":"PLF 2019 : le texte complet d\u00e9voil\u00e9"},"content":{"rendered":"<p>Le texte complet du <a href=\"http:\/\/www.assemblee-nationale.fr\/15\/projets\/pl1255.asp\">projet de loi de finances pour 2019<\/a> est d\u00e9sormais disponible sur le site de l\u2019Assembl\u00e9e nationale.<\/p>\n<table border=\"1\">\n<tbody>\n<tr>\n<td style=\"text-align: center\" width=\"378\"><strong>Mesures en faveur des entreprises<\/strong><\/td>\n<td style=\"text-align: center\" width=\"226\"><strong>Mesures en faveur des particuliers<\/strong><\/td>\n<\/tr>\n<tr>\n<td width=\"378\"><strong>Article 11<\/strong>\u00a0: suppression de plusieurs niches fiscales inefficientes comme la provision r\u00e9glement\u00e9e pour aides \u00e0 l\u2019installation d\u2019un salari\u00e9<\/p>\n<p><strong>Article 12<\/strong>\u00a0: ajustements apport\u00e9s au r\u00e9gime de l\u2019int\u00e9gration fiscale pour tenir compte de r\u00e9cents arr\u00eats de la CJUE (am\u00e9nagement du r\u00e9gime m\u00e8re et filiale et des plus-values de cession de titres de participation)<\/p>\n<p><strong>Article 13<\/strong>\u00a0: charges financi\u00e8res d\u00e9ductibles du r\u00e9sultat fiscal dans la limite de 30% de l\u2019EBITDA (transposition de la directive ATAD)<\/p>\n<p><strong>Article 14<\/strong>\u00a0: taux d\u2019IS \u00e0 15% pour les cessions et concessions de brevets conditionn\u00e9 \u00e0 la pr\u00e9sence sur le territoire fran\u00e7ais de la recherche et d\u00e9veloppement ayant permis le d\u00e9p\u00f4t du brevet et \u00e9largissement de ce r\u00e9gime de faveur aux logiciels<\/p>\n<p><strong>Article 15<\/strong>\u00a0: augmentation du dernier acompte d\u2019IS pour les soci\u00e9t\u00e9s dont le chiffre d\u2019affaires est compris entre 250 millions et 5 milliards \u20ac<\/p>\n<p><strong>Article 17<\/strong>\u00a0: r\u00e9vocation possible de l\u2019option pour l\u2019IS pour les EIRL et les soci\u00e9t\u00e9s de personnes dans les 5 ans qui suivent l\u2019adoption de l\u2019option<\/p>\n<p><strong>Article 18<\/strong>\u00a0: remplacement de la d\u00e9duction pour investissement (DPI) et de la d\u00e9duction pour al\u00e9as (DPA) par un dispositif unique<\/p>\n<p><strong>Article 19<\/strong>\u00a0: suppression du tarif r\u00e9duit de la TICPE sur le gazole non routier \u00e0 l\u2019exception du secteur ferroviaire et du secteur agricole<\/p>\n<p><strong>Article 48<\/strong>\u00a0: insertion d\u2019une clause \u00ab\u00a0anti-abus g\u00e9n\u00e9rale\u00a0\u00bb en mati\u00e8re d\u2019IS (transposition de la directive ATAD) permettant \u00e0 l\u2019administration de contester des montages juridiques ayant pour objectif principal l\u2019obtention d\u2019un avantage fiscal<\/p>\n<p><strong>Article 49<\/strong>\u00a0: suppression de la condition d\u2019effectif salari\u00e9 minimum entrant dans le capital pour l\u2019\u00e9ligibilit\u00e9 au cr\u00e9dit d\u2019imp\u00f4t pour rachat d\u2019une entreprise par ses salari\u00e9s (seuil fix\u00e9 dans la l\u00e9gislation actuelle \u00e0 15 personnes ou 30% des salari\u00e9s si l\u2019effectif n\u2019exc\u00e8de pas 50 salari\u00e9s)<\/p>\n<p><strong>Article 56<\/strong>\u00a0: l\u00e9galisation de la jurisprudence du Conseil d\u2019\u00c9tat sur la d\u00e9finition d\u2019\u00e9tablissement industriel en mati\u00e8re d\u2019imp\u00f4ts fonciers<\/td>\n<td width=\"226\"><strong>Article 2<\/strong>\u00a0: revalorisation du bar\u00e8me de l\u2019imp\u00f4t sur le revenu de 1,6%<\/p>\n<p><strong>Article 3<\/strong>\u00a0: dans le cadre du pr\u00e9l\u00e8vement \u00e0 la source, versement d\u2019un acompte de 60% au 15 janvier prochain au titre de 5 r\u00e9ductions ou cr\u00e9dits d\u2019imp\u00f4t dont le contribuable a b\u00e9n\u00e9fici\u00e9 en 2018<\/p>\n<p><strong>Article 33 : <\/strong>rehaussement du bar\u00e8me du malus automobile et abaissement du seuil d\u2019application du malus \u00e0 117g de CO<sub>\u00b2<\/sub> par km<\/p>\n<p><strong>Article 51<\/strong>\u00a0: suppression de l\u2019exit-tax et remplacement par un dispositif anti-abus visant les contribuables ayant quitt\u00e9 la France et c\u00e9d\u00e9 leurs titres moins de 2 ans apr\u00e8s leur d\u00e9part contre 15 ans pour l\u2019exit-tax<\/p>\n<p><strong>Article 57<\/strong>\u00a0: prorogation d\u2019un an, jusqu\u2019au 31 d\u00e9cembre 2019 du CITE (cr\u00e9dit d\u2019imp\u00f4t transition \u00e9nerg\u00e9tique)<\/p>\n<p><strong>Article 58<\/strong>\u00a0: prorogation de 2 ans de l\u2019Eco-PTZ (\u00e9co-pr\u00eat \u00e0 taux z\u00e9ro pour financer des travaux de r\u00e9novation sous condition de performance \u00e9nerg\u00e9tique)<\/td>\n<\/tr>\n<\/tbody>\n<\/table>\n","protected":false},"excerpt":{"rendered":"<p>Le texte complet du projet de loi de finances pour 2019 est d\u00e9sormais disponible sur le site de l\u2019Assembl\u00e9e nationale. Mesures en faveur des entreprises Mesures en faveur des particuliers Article 11\u00a0: suppression de plusieurs niches fiscales inefficientes comme la provision r\u00e9glement\u00e9e pour aides \u00e0 l\u2019installation d\u2019un salari\u00e9 Article 12\u00a0: ajustements apport\u00e9s au r\u00e9gime de [&hellip;]<\/p>\n","protected":false},"author":45,"featured_media":0,"comment_status":"open","ping_status":"open","sticky":false,"template":"","format":"quote","meta":{"_acf_changed":false,"_mi_skip_tracking":false,"footnotes":""},"categories":[12,3],"tags":[],"class_list":["post-9562","post","type-post","status-publish","format-quote","hentry","category-actualites","category-comptabilite-fiscalite-et-gestion-financiere","post_format-post-format-quote"],"acf":[],"yoast_head":"<!-- This site is optimized with the Yoast SEO plugin v23.4 - https:\/\/yoast.com\/wordpress\/plugins\/seo\/ -->\n<title>PLF 2019 : le texte complet d\u00e9voil\u00e9 - Le Blog GERESO<\/title>\n<meta name=\"robots\" content=\"index, follow, max-snippet:-1, max-image-preview:large, max-video-preview:-1\" \/>\n<link rel=\"canonical\" href=\"https:\/\/www.gereso.com\/actualites\/2018\/09\/26\/plf-2019-le-texte-complet-devoile\/\" \/>\n<meta property=\"og:locale\" content=\"fr_FR\" \/>\n<meta property=\"og:type\" content=\"article\" \/>\n<meta property=\"og:title\" content=\"PLF 2019 : le texte complet d\u00e9voil\u00e9 - Le Blog GERESO\" \/>\n<meta property=\"og:description\" content=\"Le texte complet du projet de loi de finances pour 2019 est d\u00e9sormais disponible sur le site de l\u2019Assembl\u00e9e nationale. Mesures en faveur des entreprises Mesures en faveur des particuliers Article 11\u00a0: suppression de plusieurs niches fiscales inefficientes comme la provision r\u00e9glement\u00e9e pour aides \u00e0 l\u2019installation d\u2019un salari\u00e9 Article 12\u00a0: ajustements apport\u00e9s au r\u00e9gime de [&hellip;]\" \/>\n<meta property=\"og:url\" content=\"https:\/\/www.gereso.com\/actualites\/2018\/09\/26\/plf-2019-le-texte-complet-devoile\/\" \/>\n<meta property=\"og:site_name\" content=\"Le Blog GERESO\" \/>\n<meta property=\"article:published_time\" content=\"2018-09-26T04:00:03+00:00\" \/>\n<meta property=\"article:modified_time\" content=\"2018-09-25T20:48:10+00:00\" \/>\n<meta name=\"author\" content=\"Damien P\u00e9an\" \/>\n<meta name=\"twitter:card\" content=\"summary_large_image\" \/>\n<script type=\"application\/ld+json\" class=\"yoast-schema-graph\">{\"@context\":\"https:\/\/schema.org\",\"@graph\":[{\"@type\":\"WebPage\",\"@id\":\"https:\/\/www.gereso.com\/actualites\/2018\/09\/26\/plf-2019-le-texte-complet-devoile\/\",\"url\":\"https:\/\/www.gereso.com\/actualites\/2018\/09\/26\/plf-2019-le-texte-complet-devoile\/\",\"name\":\"PLF 2019 : le texte complet d\u00e9voil\u00e9 - Le Blog GERESO\",\"isPartOf\":{\"@id\":\"https:\/\/www.gereso.com\/actualites\/#website\"},\"datePublished\":\"2018-09-26T04:00:03+00:00\",\"dateModified\":\"2018-09-25T20:48:10+00:00\",\"author\":{\"@id\":\"https:\/\/www.gereso.com\/actualites\/#\/schema\/person\/c91814f92d627ed4715993fbbf7c7e8d\"},\"breadcrumb\":{\"@id\":\"https:\/\/www.gereso.com\/actualites\/2018\/09\/26\/plf-2019-le-texte-complet-devoile\/#breadcrumb\"},\"inLanguage\":\"fr-FR\",\"potentialAction\":[{\"@type\":\"ReadAction\",\"target\":[\"https:\/\/www.gereso.com\/actualites\/2018\/09\/26\/plf-2019-le-texte-complet-devoile\/\"]}]},{\"@type\":\"BreadcrumbList\",\"@id\":\"https:\/\/www.gereso.com\/actualites\/2018\/09\/26\/plf-2019-le-texte-complet-devoile\/#breadcrumb\",\"itemListElement\":[{\"@type\":\"ListItem\",\"position\":1,\"name\":\"Home\",\"item\":\"https:\/\/www.gereso.com\/actualites\/\"},{\"@type\":\"ListItem\",\"position\":2,\"name\":\"PLF 2019 : le texte complet d\u00e9voil\u00e9\"}]},{\"@type\":\"WebSite\",\"@id\":\"https:\/\/www.gereso.com\/actualites\/#website\",\"url\":\"https:\/\/www.gereso.com\/actualites\/\",\"name\":\"Le Blog GERESO\",\"description\":\"Toute l&#039;actu RH, Finance, Fonction Publique, Management...\",\"potentialAction\":[{\"@type\":\"SearchAction\",\"target\":{\"@type\":\"EntryPoint\",\"urlTemplate\":\"https:\/\/www.gereso.com\/actualites\/?s={search_term_string}\"},\"query-input\":{\"@type\":\"PropertyValueSpecification\",\"valueRequired\":true,\"valueName\":\"search_term_string\"}}],\"inLanguage\":\"fr-FR\"},{\"@type\":\"Person\",\"@id\":\"https:\/\/www.gereso.com\/actualites\/#\/schema\/person\/c91814f92d627ed4715993fbbf7c7e8d\",\"name\":\"Damien P\u00e9an\",\"image\":{\"@type\":\"ImageObject\",\"inLanguage\":\"fr-FR\",\"@id\":\"https:\/\/www.gereso.com\/actualites\/#\/schema\/person\/image\/\",\"url\":\"https:\/\/www.gereso.com\/actualites\/wp-content\/uploads\/2016\/03\/damien-pean.jpg\",\"contentUrl\":\"https:\/\/www.gereso.com\/actualites\/wp-content\/uploads\/2016\/03\/damien-pean.jpg\",\"caption\":\"Damien P\u00e9an\"},\"description\":\"Damien P\u00c9AN est titulaire du Dipl\u00f4me d'\u00e9tudes sup\u00e9rieures comptables et financi\u00e8res (DESCF). Il intervient depuis plusieurs ann\u00e9es aupr\u00e8s d'\u00e9tudiants en licence de comptabilit\u00e9 et de gestion, \u00e0 qui il enseigne le contr\u00f4le de gestion, la comptabilit\u00e9 approfondie, le management, la fiscalit\u00e9, le droit des soci\u00e9t\u00e9s et le droit du travail. Il intervient \u00e9galement en formation continue pour le compte de divers organismes de formation sur des th\u00e9matiques techniques en comptabilit\u00e9 et fiscalit\u00e9. Il forme aussi un public de non-initi\u00e9s aux fondamentaux de la finance.\",\"url\":\"https:\/\/www.gereso.com\/actualites\/author\/d-pean\/\"}]}<\/script>\n<!-- \/ Yoast SEO plugin. -->","yoast_head_json":{"title":"PLF 2019 : le texte complet d\u00e9voil\u00e9 - Le Blog GERESO","robots":{"index":"index","follow":"follow","max-snippet":"max-snippet:-1","max-image-preview":"max-image-preview:large","max-video-preview":"max-video-preview:-1"},"canonical":"https:\/\/www.gereso.com\/actualites\/2018\/09\/26\/plf-2019-le-texte-complet-devoile\/","og_locale":"fr_FR","og_type":"article","og_title":"PLF 2019 : le texte complet d\u00e9voil\u00e9 - Le Blog GERESO","og_description":"Le texte complet du projet de loi de finances pour 2019 est d\u00e9sormais disponible sur le site de l\u2019Assembl\u00e9e nationale. Mesures en faveur des entreprises Mesures en faveur des particuliers Article 11\u00a0: suppression de plusieurs niches fiscales inefficientes comme la provision r\u00e9glement\u00e9e pour aides \u00e0 l\u2019installation d\u2019un salari\u00e9 Article 12\u00a0: ajustements apport\u00e9s au r\u00e9gime de [&hellip;]","og_url":"https:\/\/www.gereso.com\/actualites\/2018\/09\/26\/plf-2019-le-texte-complet-devoile\/","og_site_name":"Le Blog GERESO","article_published_time":"2018-09-26T04:00:03+00:00","article_modified_time":"2018-09-25T20:48:10+00:00","author":"Damien P\u00e9an","twitter_card":"summary_large_image","schema":{"@context":"https:\/\/schema.org","@graph":[{"@type":"WebPage","@id":"https:\/\/www.gereso.com\/actualites\/2018\/09\/26\/plf-2019-le-texte-complet-devoile\/","url":"https:\/\/www.gereso.com\/actualites\/2018\/09\/26\/plf-2019-le-texte-complet-devoile\/","name":"PLF 2019 : le texte complet d\u00e9voil\u00e9 - Le Blog GERESO","isPartOf":{"@id":"https:\/\/www.gereso.com\/actualites\/#website"},"datePublished":"2018-09-26T04:00:03+00:00","dateModified":"2018-09-25T20:48:10+00:00","author":{"@id":"https:\/\/www.gereso.com\/actualites\/#\/schema\/person\/c91814f92d627ed4715993fbbf7c7e8d"},"breadcrumb":{"@id":"https:\/\/www.gereso.com\/actualites\/2018\/09\/26\/plf-2019-le-texte-complet-devoile\/#breadcrumb"},"inLanguage":"fr-FR","potentialAction":[{"@type":"ReadAction","target":["https:\/\/www.gereso.com\/actualites\/2018\/09\/26\/plf-2019-le-texte-complet-devoile\/"]}]},{"@type":"BreadcrumbList","@id":"https:\/\/www.gereso.com\/actualites\/2018\/09\/26\/plf-2019-le-texte-complet-devoile\/#breadcrumb","itemListElement":[{"@type":"ListItem","position":1,"name":"Home","item":"https:\/\/www.gereso.com\/actualites\/"},{"@type":"ListItem","position":2,"name":"PLF 2019 : le texte complet d\u00e9voil\u00e9"}]},{"@type":"WebSite","@id":"https:\/\/www.gereso.com\/actualites\/#website","url":"https:\/\/www.gereso.com\/actualites\/","name":"Le Blog GERESO","description":"Toute l&#039;actu RH, Finance, Fonction Publique, Management...","potentialAction":[{"@type":"SearchAction","target":{"@type":"EntryPoint","urlTemplate":"https:\/\/www.gereso.com\/actualites\/?s={search_term_string}"},"query-input":{"@type":"PropertyValueSpecification","valueRequired":true,"valueName":"search_term_string"}}],"inLanguage":"fr-FR"},{"@type":"Person","@id":"https:\/\/www.gereso.com\/actualites\/#\/schema\/person\/c91814f92d627ed4715993fbbf7c7e8d","name":"Damien P\u00e9an","image":{"@type":"ImageObject","inLanguage":"fr-FR","@id":"https:\/\/www.gereso.com\/actualites\/#\/schema\/person\/image\/","url":"https:\/\/www.gereso.com\/actualites\/wp-content\/uploads\/2016\/03\/damien-pean.jpg","contentUrl":"https:\/\/www.gereso.com\/actualites\/wp-content\/uploads\/2016\/03\/damien-pean.jpg","caption":"Damien P\u00e9an"},"description":"Damien P\u00c9AN est titulaire du Dipl\u00f4me d'\u00e9tudes sup\u00e9rieures comptables et financi\u00e8res (DESCF). Il intervient depuis plusieurs ann\u00e9es aupr\u00e8s d'\u00e9tudiants en licence de comptabilit\u00e9 et de gestion, \u00e0 qui il enseigne le contr\u00f4le de gestion, la comptabilit\u00e9 approfondie, le management, la fiscalit\u00e9, le droit des soci\u00e9t\u00e9s et le droit du travail. Il intervient \u00e9galement en formation continue pour le compte de divers organismes de formation sur des th\u00e9matiques techniques en comptabilit\u00e9 et fiscalit\u00e9. Il forme aussi un public de non-initi\u00e9s aux fondamentaux de la finance.","url":"https:\/\/www.gereso.com\/actualites\/author\/d-pean\/"}]}},"_links":{"self":[{"href":"https:\/\/www.gereso.com\/actualites\/wp-json\/wp\/v2\/posts\/9562","targetHints":{"allow":["GET"]}}],"collection":[{"href":"https:\/\/www.gereso.com\/actualites\/wp-json\/wp\/v2\/posts"}],"about":[{"href":"https:\/\/www.gereso.com\/actualites\/wp-json\/wp\/v2\/types\/post"}],"author":[{"embeddable":true,"href":"https:\/\/www.gereso.com\/actualites\/wp-json\/wp\/v2\/users\/45"}],"replies":[{"embeddable":true,"href":"https:\/\/www.gereso.com\/actualites\/wp-json\/wp\/v2\/comments?post=9562"}],"version-history":[{"count":2,"href":"https:\/\/www.gereso.com\/actualites\/wp-json\/wp\/v2\/posts\/9562\/revisions"}],"predecessor-version":[{"id":9564,"href":"https:\/\/www.gereso.com\/actualites\/wp-json\/wp\/v2\/posts\/9562\/revisions\/9564"}],"wp:attachment":[{"href":"https:\/\/www.gereso.com\/actualites\/wp-json\/wp\/v2\/media?parent=9562"}],"wp:term":[{"taxonomy":"category","embeddable":true,"href":"https:\/\/www.gereso.com\/actualites\/wp-json\/wp\/v2\/categories?post=9562"},{"taxonomy":"post_tag","embeddable":true,"href":"https:\/\/www.gereso.com\/actualites\/wp-json\/wp\/v2\/tags?post=9562"}],"curies":[{"name":"wp","href":"https:\/\/api.w.org\/{rel}","templated":true}]}}