{"id":9565,"date":"2018-10-02T09:02:02","date_gmt":"2018-10-02T07:02:02","guid":{"rendered":"https:\/\/www.gereso.com\/actualites\/?p=9565"},"modified":"2018-10-02T09:04:18","modified_gmt":"2018-10-02T07:04:18","slug":"traitement-des-alertes-agents-fonction-publique","status":"publish","type":"post","link":"https:\/\/www.gereso.com\/actualites\/2018\/10\/02\/traitement-des-alertes-agents-fonction-publique\/","title":{"rendered":"Le traitement des alertes \u00e9mises par les agents publics"},"content":{"rendered":"<p>Ainsi, le III de l\u2019article 8 de la loi pr\u00e9cit\u00e9e, dont le <a href=\"https:\/\/www.legifrance.gouv.fr\/eli\/decret\/2017\/4\/19\/ECFM1702990D\/jo\/texte\" target=\"_blank\" rel=\"noopener\">d\u00e9cret n\u00b0 2017-564 du 19 avril 2017<\/a> porte application, impose aux administrations de l\u2019Etat, aux communes de plus de 10 000 habitants, aux d\u00e9partements, aux r\u00e9gions, aux \u00e9tablissements publics en relevant, ainsi qu\u2019aux EPCI \u00e0 fiscalit\u00e9 propre regroupant au moins une commune de plus de 10 000 habitants d\u2019\u00e9tablir <strong>une proc\u00e9dure de recueil de signalements<\/strong>.<\/p>\n<p>Les organismes charg\u00e9s d\u2019\u00e9tablir une telle proc\u00e9dure sont tenus d\u2019en assurer la diffusion par tout moyen de mani\u00e8re \u00e0 la rendre accessible \u00e0 leurs agents et collaborateurs ext\u00e9rieurs ou occasionnels. Pour ce faire une circulaire du 19 juillet 2018 (1) pr\u00e9cise le cadre juridique applicable aux lanceurs d\u2019alerte dans la fonction publique. <strong>Elle identifie les agents publics susceptibles de proc\u00e9der \u00e0 un signalement <\/strong>dans la fonction publique ainsi que les destinataires de celui-ci, tout en pr\u00e9cisant quels sont <strong>les actes et faits susceptibles d\u2019\u00eatre signal\u00e9s<\/strong>.<\/p>\n<h2><span style=\"color: #d10016;\"><strong>Qui peut \u00eatre lanceur d\u2019alerte\u00a0?<\/strong><\/span><\/h2>\n<p>Est un <strong>lanceur d\u2019alerte<\/strong> en vertu des dispositions de\u00a0<a href=\"https:\/\/www.cig929394.fr\/bip\/consultation-textes\/detailDoc.php?subhtml=\/02_Lois\/2016\/2016-1691.html#6\" target=\"_blank\" rel=\"noopener\">l\u2019article 6 de la loi du 9 d\u00e9cembre 2016<\/a>\u00a0pr\u00e9cit\u00e9e\u00a0: \u00ab\u00a0<em>une personne physique qui r\u00e9v\u00e8le ou signale, de mani\u00e8re d\u00e9sint\u00e9ress\u00e9e et de bonne foi, un crime ou un d\u00e9lit, une violation grave et manifeste d&rsquo;un engagement international r\u00e9guli\u00e8rement ratifi\u00e9 ou approuv\u00e9 par la France, d&rsquo;un acte unilat\u00e9ral d&rsquo;une organisation internationale pris sur le fondement d&rsquo;un tel engagement, de la loi ou du r\u00e8glement, ou une menace ou un pr\u00e9judice graves pour l&rsquo;int\u00e9r\u00eat g\u00e9n\u00e9ral, dont elle a eu personnellement connaissance<\/em>\u00bb.<\/p>\n<p>Le Conseil Constitutionnel a estim\u00e9 que la proc\u00e9dure du III de l\u2019article 8 \u00e9tait limit\u00e9e \u00ab\u00a0<em>aux seuls lanceurs d\u2019alerte proc\u00e9dant \u00e0 un signalement visant l\u2019organisme qui les emploie ou celui auquel ils apportent leur collaboration dans un cadre professionnel.<\/em>\u00a0\u00bb (2). Ainsi, si les tiers et les usagers peuvent r\u00e9pondre \u00e0 la d\u00e9finition du lanceur d\u2019alerte pr\u00e9c\u00e9demment cit\u00e9e, la proc\u00e9dure de signalement que les organismes vis\u00e9s au III de l\u2019article 8 doivent mettre en place, ne leur est pas applicable. Par ailleurs, le droit reconnu aux agents publics de proc\u00e9der \u00e0 un signalement qui concerne, comme le souligne le Conseil Constitutionnel, \u00ab\u00a0<em>l\u2019organisme qui les emploie ou celui auquel ils apportent leur collaboration<\/em>\u00a0\u00bb, <strong>ne se limite pas au p\u00e9rim\u00e8tre du service aupr\u00e8s duquel ils sont affect\u00e9s<\/strong>, mais peut s\u2019\u00e9tendre \u00e0 <strong>l\u2019ensemble des services<\/strong> qui les emploient.<\/p>\n<h2><span style=\"color: #d10016;\"><strong>Les actes et faits susceptibles d\u2019\u00eatre signal\u00e9s<\/strong><\/span><\/h2>\n<p>Sont susceptibles d\u2019\u00eatre signal\u00e9s non seulement des <strong>actes<\/strong> mais \u00e9galement des <strong>faits,<\/strong> d\u00e8s lors qu\u2019ils sont susceptibles d\u2019\u00eatre constitutifs de l\u2019une des qualifications pr\u00e9cis\u00e9es ci-dessous et qu\u2019ils concernent l\u2019organisme qui emploie l\u2019agent auteur du signalement.<\/p>\n<p>En premier lieu, il peut s\u2019agir de faits\u00a0<strong>constitutifs d\u2019un d\u00e9lit ou d\u2019un crime<\/strong>. Ils doivent \u00eatre susceptibles de rev\u00eatir une telle qualification p\u00e9nale, c\u2019est-\u00e0-dire de constituer une infraction d\u00e9lictuelle ou criminelle au regard des dispositions l\u00e9gislatives de nature p\u00e9nale. Les faits constitutifs d\u2019une contravention p\u00e9nale sont exclus.<\/p>\n<p>Il peut aussi s\u2019agir de violation grave et manifeste <strong>d\u2019un engagement international<\/strong> r\u00e9guli\u00e8rement ratifi\u00e9 ou approuv\u00e9 par la France, de violation grave et manifeste d\u2019un acte unilat\u00e9ral d\u2019une organisation internationale pris sur le fondement d\u2019un tel engagement.<\/p>\n<p>Il peut en outre s\u2019agir d\u2019une violation grave et manifeste <strong>d\u2019une loi ou d\u2019un r\u00e8glement<\/strong> ;<\/p>\n<p>Il peut enfin s\u2019agir d\u2019une <strong>menace ou d\u2019un pr\u00e9judice<\/strong> grave pour l\u2019int\u00e9r\u00eat g\u00e9n\u00e9ral. La menace et le pr\u00e9judice graves pour l\u2019int\u00e9r\u00eat g\u00e9n\u00e9ral prennent en compte les situations particuli\u00e8res dans lesquelles un signalement permettrait de pr\u00e9venir ou de corriger des effets particuli\u00e8rement n\u00e9fastes provenant de dysfonctionnements graves au sein d\u2019un organisme qui toucheraient tout secteur d\u2019int\u00e9r\u00eat g\u00e9n\u00e9ral (par exemple, en mati\u00e8re de sant\u00e9 publique, d\u2019environnement, de s\u00e9curit\u00e9 des biens, de s\u00e9curit\u00e9 des personnes telle que la protection de l\u2019enfance, etc.). Le signalement vise aussi bien l\u2019origine ou la cause d\u2019un fait ou d\u2019un comportement grave qui n\u2019a pas encore engendr\u00e9 de cons\u00e9quences (menace), que son r\u00e9sultat ou ses effets (pr\u00e9judice d\u00e9j\u00e0 constitu\u00e9).<\/p>\n<p>Les faits, actes, menaces ou pr\u00e9judices, susceptibles de faire l\u2019objet d\u2019un signalement doivent \u00eatre <strong>d\u2019une particuli\u00e8re\u00a0intensit\u00e9<\/strong>\u00a0: la violation doit \u00eatre\u00a0<strong>grave et manifeste, <\/strong>de m\u00eame que\u00a0la menace ou le pr\u00e9judice doit \u00eatre\u00a0<strong>grave pour l\u2019int\u00e9r\u00eat g\u00e9n\u00e9ral<\/strong>. La violation de la loi ou du r\u00e8glement, par exemple, doit \u00eatre \u00e0 la fois susceptible d\u2019entra\u00eener des cons\u00e9quences graves et, par son caract\u00e8re manifeste, reposer sur des \u00e9l\u00e9ments dont l\u2019existence est difficilement contestable. L\u2019appr\u00e9ciation de la gravit\u00e9 des faits, actes, menaces et pr\u00e9judices incombe en tout premier lieu au lanceur d\u2019alerte, avant de proc\u00e9der au signalement.<\/p>\n<p>S\u2019agissant <strong>des conflits d\u2019int\u00e9r\u00eats<\/strong>, ceux-ci ne peuvent faire l\u2019objet d\u2019un signalement au sens de l\u2019article 6 de la loi du 9 d\u00e9cembre 2016 que s\u2019ils constituent un d\u00e9lit de prise ill\u00e9gale d\u2019int\u00e9r\u00eats, une violation grave et manifeste de la loi, ou une menace ou un pr\u00e9judice grave pour l\u2019int\u00e9r\u00eat g\u00e9n\u00e9ral.<\/p>\n<p>La circulaire insiste, par ailleurs, sur le fait que la proc\u00e9dure de signalement pr\u00e9vue par\u00a0l\u2019article 8 de la loi du 9 d\u00e9cembre 2016\u00a0est gradu\u00e9e en plusieurs niveaux.<\/p>\n<h2><span style=\"color: #d10016;\"><strong>Les diff\u00e9rents niveaux d\u2019alerte<\/strong><\/span><\/h2>\n<p><strong><u>Le premier niveau<\/u><\/strong>\u00a0de la proc\u00e9dure est constitu\u00e9 par le <strong>signalement interne<\/strong> \u2013 il s\u2019agit de la proc\u00e9dure de droit commun que les services sont tenus de mettre en place en vertu de l\u2019article 1er du d\u00e9cret du 19 avril 2017 pr\u00e9cit\u00e9. L\u2019essentiel des signalements devrait d\u2019ailleurs pouvoir \u00eatre trait\u00e9 \u00e0 ce stade.<\/p>\n<p><strong><u>Le deuxi\u00e8me niveau<\/u><\/strong>\u00a0de la proc\u00e9dure est constitu\u00e9 par un <strong>signalement externe<\/strong>. En l\u2019absence de suite donn\u00e9e dans un \u00ab d\u00e9lai raisonnable \u00bb au signalement interne, l\u2019auteur du signalement peut communiquer directement \u00e0 des autorit\u00e9s ext\u00e9rieures comp\u00e9tentes.<\/p>\n<p>La loi pr\u00e9cise que les autorit\u00e9s ext\u00e9rieures comp\u00e9tentes sont soit les <strong>autorit\u00e9s judiciaires<\/strong>, soit les <strong>autorit\u00e9s administratives<\/strong> ou les <strong>ordres professionnels<\/strong>. En tant qu\u2019\u00ab autorit\u00e9s \u00bb, les autorit\u00e9s administratives et judiciaires ont en commun de <strong>disposer d\u2019un pouvoir de d\u00e9cision et d\u2019\u00eatre \u00ab ext\u00e9rieures \u00bb \u00e0 la structure qui emploie l\u2019agent<\/strong>.<\/p>\n<p>S\u2019agissant des autorit\u00e9s judiciaires, il s\u2019agit du <strong>procureur de la R\u00e9publique<\/strong>. Pour les autorit\u00e9s administratives, sont notamment vis\u00e9s par ces dispositions <strong>certaines autorit\u00e9s publiques ind\u00e9pendantes ou autorit\u00e9s administratives ind\u00e9pendantes<\/strong> (telle que la Haute Autorit\u00e9 pour la transparence de la vie publique), ou m\u00eame un service \u00e0 comp\u00e9tence nationale (tel que l\u2019Agence fran\u00e7aise anticorruption), en raison de leurs comp\u00e9tences et des pouvoirs d\u2019investigation et de d\u00e9cision dont elles disposent dans le domaine vis\u00e9 par le signalement.<\/p>\n<p><strong><u>Le troisi\u00e8me niveau<\/u><\/strong>\u00a0est constitu\u00e9 par la <strong>divulgation publique<\/strong>. La divulgation au public ne peut intervenir qu\u2019en dernier ressort \u00e0 d\u00e9faut de traitement du signalement par ces autorit\u00e9s ext\u00e9rieures dans un d\u00e9lai de trois mois.<\/p>\n<p><sub>(1)\u00a0<em><a href=\"http:\/\/circulaires.legifrance.gouv.fr\/index.php?action=afficherCirculaire&amp;hit=1&amp;retourAccueil=1&amp;r=43813\" target=\"_blank\" rel=\"noopener\">Circulaire du 19 juillet 2018<\/a><\/em><em> relative \u00e0 la proc\u00e9dure de signalement des alertes \u00e9mises par les agents publics dans le cadre des articles 6 \u00e0 15 de la loi n\u00b0 2016-1691 du 9 d\u00e9cembre 2016 relative \u00e0 la transparence, \u00e0 la lutte contre la corruption et \u00e0 la modernisation de la vie \u00e9conomique et aux garanties et protections qui leur sont accord\u00e9es dans la fonction publique (NOR\u00a0: CPAF1800656C), consultable sur\u00a0: legifrance.gouv.fr.<\/em><\/sub><\/p>\n<p><sub>(2)\u00a0<em><a href=\"https:\/\/www.conseil-constitutionnel.fr\/decision\/2016\/2016741DC.htm\" target=\"_blank\" rel=\"noopener\">D\u00e9cision n\u00b0 2016-741 DC du 8 d\u00e9cembre 2016.<\/a><\/em><\/sub><\/p>\n","protected":false},"excerpt":{"rendered":"<p>Ainsi, le III de l\u2019article 8 de la loi pr\u00e9cit\u00e9e, dont le d\u00e9cret n\u00b0 2017-564 du 19 avril 2017 porte application, impose aux administrations de l\u2019Etat, aux communes de plus de 10 000 habitants, aux d\u00e9partements, aux r\u00e9gions, aux \u00e9tablissements publics en relevant, ainsi qu\u2019aux EPCI \u00e0 fiscalit\u00e9 propre regroupant au moins une commune de [&hellip;]<\/p>\n","protected":false},"author":1,"featured_media":9567,"comment_status":"open","ping_status":"open","sticky":false,"template":"","format":"standard","meta":{"_acf_changed":false,"_mi_skip_tracking":false,"footnotes":""},"categories":[6],"tags":[153,117,1525,1524],"class_list":["post-9565","post","type-post","status-publish","format-standard","has-post-thumbnail","hentry","category-fonction-publique","tag-agents-publics","tag-fonction-publique-2","tag-lanceur-dalerte","tag-signalement"],"acf":[],"yoast_head":"<!-- This site is optimized with the Yoast SEO plugin v23.4 - https:\/\/yoast.com\/wordpress\/plugins\/seo\/ -->\n<title>Le traitement des alertes \u00e9mises par les agents publics - Le Blog GERESO<\/title>\n<meta name=\"robots\" content=\"index, follow, max-snippet:-1, max-image-preview:large, max-video-preview:-1\" \/>\n<link rel=\"canonical\" href=\"https:\/\/www.gereso.com\/actualites\/2018\/10\/02\/traitement-des-alertes-agents-fonction-publique\/\" \/>\n<meta property=\"og:locale\" content=\"fr_FR\" \/>\n<meta property=\"og:type\" content=\"article\" \/>\n<meta property=\"og:title\" content=\"Le traitement des alertes \u00e9mises par les agents publics - Le Blog GERESO\" \/>\n<meta property=\"og:description\" content=\"Ainsi, le III de l\u2019article 8 de la loi pr\u00e9cit\u00e9e, dont le d\u00e9cret n\u00b0 2017-564 du 19 avril 2017 porte application, impose aux administrations de l\u2019Etat, aux communes de plus de 10 000 habitants, aux d\u00e9partements, aux r\u00e9gions, aux \u00e9tablissements publics en relevant, ainsi qu\u2019aux EPCI \u00e0 fiscalit\u00e9 propre regroupant au moins une commune de [&hellip;]\" \/>\n<meta property=\"og:url\" content=\"https:\/\/www.gereso.com\/actualites\/2018\/10\/02\/traitement-des-alertes-agents-fonction-publique\/\" \/>\n<meta property=\"og:site_name\" content=\"Le Blog GERESO\" \/>\n<meta property=\"article:published_time\" content=\"2018-10-02T07:02:02+00:00\" \/>\n<meta property=\"article:modified_time\" content=\"2018-10-02T07:04:18+00:00\" \/>\n<meta property=\"og:image\" content=\"https:\/\/www.gereso.com\/actualites\/wp-content\/uploads\/2018\/10\/Le-traitement-des-alertes-\u00e9mises-par-les-agents-publics.jpg\" \/>\n\t<meta property=\"og:image:width\" content=\"600\" \/>\n\t<meta property=\"og:image:height\" content=\"400\" \/>\n\t<meta property=\"og:image:type\" content=\"image\/jpeg\" \/>\n<meta name=\"author\" content=\"GERESO\" \/>\n<meta name=\"twitter:card\" content=\"summary_large_image\" \/>\n<script type=\"application\/ld+json\" class=\"yoast-schema-graph\">{\"@context\":\"https:\/\/schema.org\",\"@graph\":[{\"@type\":\"WebPage\",\"@id\":\"https:\/\/www.gereso.com\/actualites\/2018\/10\/02\/traitement-des-alertes-agents-fonction-publique\/\",\"url\":\"https:\/\/www.gereso.com\/actualites\/2018\/10\/02\/traitement-des-alertes-agents-fonction-publique\/\",\"name\":\"Le traitement des alertes \u00e9mises par les agents publics - Le Blog GERESO\",\"isPartOf\":{\"@id\":\"https:\/\/www.gereso.com\/actualites\/#website\"},\"primaryImageOfPage\":{\"@id\":\"https:\/\/www.gereso.com\/actualites\/2018\/10\/02\/traitement-des-alertes-agents-fonction-publique\/#primaryimage\"},\"image\":{\"@id\":\"https:\/\/www.gereso.com\/actualites\/2018\/10\/02\/traitement-des-alertes-agents-fonction-publique\/#primaryimage\"},\"thumbnailUrl\":\"https:\/\/www.gereso.com\/actualites\/wp-content\/uploads\/2018\/10\/Le-traitement-des-alertes-\u00e9mises-par-les-agents-publics.jpg\",\"datePublished\":\"2018-10-02T07:02:02+00:00\",\"dateModified\":\"2018-10-02T07:04:18+00:00\",\"author\":{\"@id\":\"https:\/\/www.gereso.com\/actualites\/#\/schema\/person\/d9b0bc27f2e9ae74ff7505881ce5306e\"},\"breadcrumb\":{\"@id\":\"https:\/\/www.gereso.com\/actualites\/2018\/10\/02\/traitement-des-alertes-agents-fonction-publique\/#breadcrumb\"},\"inLanguage\":\"fr-FR\",\"potentialAction\":[{\"@type\":\"ReadAction\",\"target\":[\"https:\/\/www.gereso.com\/actualites\/2018\/10\/02\/traitement-des-alertes-agents-fonction-publique\/\"]}]},{\"@type\":\"ImageObject\",\"inLanguage\":\"fr-FR\",\"@id\":\"https:\/\/www.gereso.com\/actualites\/2018\/10\/02\/traitement-des-alertes-agents-fonction-publique\/#primaryimage\",\"url\":\"https:\/\/www.gereso.com\/actualites\/wp-content\/uploads\/2018\/10\/Le-traitement-des-alertes-\u00e9mises-par-les-agents-publics.jpg\",\"contentUrl\":\"https:\/\/www.gereso.com\/actualites\/wp-content\/uploads\/2018\/10\/Le-traitement-des-alertes-\u00e9mises-par-les-agents-publics.jpg\",\"width\":600,\"height\":400,\"caption\":\"Le traitement des alertes \u00e9mises par les agents publics\"},{\"@type\":\"BreadcrumbList\",\"@id\":\"https:\/\/www.gereso.com\/actualites\/2018\/10\/02\/traitement-des-alertes-agents-fonction-publique\/#breadcrumb\",\"itemListElement\":[{\"@type\":\"ListItem\",\"position\":1,\"name\":\"Home\",\"item\":\"https:\/\/www.gereso.com\/actualites\/\"},{\"@type\":\"ListItem\",\"position\":2,\"name\":\"Le traitement des alertes \u00e9mises par les agents publics\"}]},{\"@type\":\"WebSite\",\"@id\":\"https:\/\/www.gereso.com\/actualites\/#website\",\"url\":\"https:\/\/www.gereso.com\/actualites\/\",\"name\":\"Le Blog GERESO\",\"description\":\"Toute l&#039;actu RH, Finance, Fonction Publique, Management...\",\"potentialAction\":[{\"@type\":\"SearchAction\",\"target\":{\"@type\":\"EntryPoint\",\"urlTemplate\":\"https:\/\/www.gereso.com\/actualites\/?s={search_term_string}\"},\"query-input\":{\"@type\":\"PropertyValueSpecification\",\"valueRequired\":true,\"valueName\":\"search_term_string\"}}],\"inLanguage\":\"fr-FR\"},{\"@type\":\"Person\",\"@id\":\"https:\/\/www.gereso.com\/actualites\/#\/schema\/person\/d9b0bc27f2e9ae74ff7505881ce5306e\",\"name\":\"GERESO\",\"image\":{\"@type\":\"ImageObject\",\"inLanguage\":\"fr-FR\",\"@id\":\"https:\/\/www.gereso.com\/actualites\/#\/schema\/person\/image\/\",\"url\":\"https:\/\/www.gereso.com\/actualites\/wp-content\/uploads\/2013\/12\/avatar-gereso-1.png\",\"contentUrl\":\"https:\/\/www.gereso.com\/actualites\/wp-content\/uploads\/2013\/12\/avatar-gereso-1.png\",\"caption\":\"GERESO\"},\"url\":\"https:\/\/www.gereso.com\/actualites\/author\/wpadm_16root\/\"}]}<\/script>\n<!-- \/ Yoast SEO plugin. -->","yoast_head_json":{"title":"Le traitement des alertes \u00e9mises par les agents publics - Le Blog GERESO","robots":{"index":"index","follow":"follow","max-snippet":"max-snippet:-1","max-image-preview":"max-image-preview:large","max-video-preview":"max-video-preview:-1"},"canonical":"https:\/\/www.gereso.com\/actualites\/2018\/10\/02\/traitement-des-alertes-agents-fonction-publique\/","og_locale":"fr_FR","og_type":"article","og_title":"Le traitement des alertes \u00e9mises par les agents publics - Le Blog GERESO","og_description":"Ainsi, le III de l\u2019article 8 de la loi pr\u00e9cit\u00e9e, dont le d\u00e9cret n\u00b0 2017-564 du 19 avril 2017 porte application, impose aux administrations de l\u2019Etat, aux communes de plus de 10 000 habitants, aux d\u00e9partements, aux r\u00e9gions, aux \u00e9tablissements publics en relevant, ainsi qu\u2019aux EPCI \u00e0 fiscalit\u00e9 propre regroupant au moins une commune de [&hellip;]","og_url":"https:\/\/www.gereso.com\/actualites\/2018\/10\/02\/traitement-des-alertes-agents-fonction-publique\/","og_site_name":"Le Blog GERESO","article_published_time":"2018-10-02T07:02:02+00:00","article_modified_time":"2018-10-02T07:04:18+00:00","og_image":[{"width":600,"height":400,"url":"https:\/\/www.gereso.com\/actualites\/wp-content\/uploads\/2018\/10\/Le-traitement-des-alertes-\u00e9mises-par-les-agents-publics.jpg","type":"image\/jpeg"}],"author":"GERESO","twitter_card":"summary_large_image","schema":{"@context":"https:\/\/schema.org","@graph":[{"@type":"WebPage","@id":"https:\/\/www.gereso.com\/actualites\/2018\/10\/02\/traitement-des-alertes-agents-fonction-publique\/","url":"https:\/\/www.gereso.com\/actualites\/2018\/10\/02\/traitement-des-alertes-agents-fonction-publique\/","name":"Le traitement des alertes \u00e9mises par les agents publics - Le Blog GERESO","isPartOf":{"@id":"https:\/\/www.gereso.com\/actualites\/#website"},"primaryImageOfPage":{"@id":"https:\/\/www.gereso.com\/actualites\/2018\/10\/02\/traitement-des-alertes-agents-fonction-publique\/#primaryimage"},"image":{"@id":"https:\/\/www.gereso.com\/actualites\/2018\/10\/02\/traitement-des-alertes-agents-fonction-publique\/#primaryimage"},"thumbnailUrl":"https:\/\/www.gereso.com\/actualites\/wp-content\/uploads\/2018\/10\/Le-traitement-des-alertes-\u00e9mises-par-les-agents-publics.jpg","datePublished":"2018-10-02T07:02:02+00:00","dateModified":"2018-10-02T07:04:18+00:00","author":{"@id":"https:\/\/www.gereso.com\/actualites\/#\/schema\/person\/d9b0bc27f2e9ae74ff7505881ce5306e"},"breadcrumb":{"@id":"https:\/\/www.gereso.com\/actualites\/2018\/10\/02\/traitement-des-alertes-agents-fonction-publique\/#breadcrumb"},"inLanguage":"fr-FR","potentialAction":[{"@type":"ReadAction","target":["https:\/\/www.gereso.com\/actualites\/2018\/10\/02\/traitement-des-alertes-agents-fonction-publique\/"]}]},{"@type":"ImageObject","inLanguage":"fr-FR","@id":"https:\/\/www.gereso.com\/actualites\/2018\/10\/02\/traitement-des-alertes-agents-fonction-publique\/#primaryimage","url":"https:\/\/www.gereso.com\/actualites\/wp-content\/uploads\/2018\/10\/Le-traitement-des-alertes-\u00e9mises-par-les-agents-publics.jpg","contentUrl":"https:\/\/www.gereso.com\/actualites\/wp-content\/uploads\/2018\/10\/Le-traitement-des-alertes-\u00e9mises-par-les-agents-publics.jpg","width":600,"height":400,"caption":"Le traitement des alertes \u00e9mises par les agents publics"},{"@type":"BreadcrumbList","@id":"https:\/\/www.gereso.com\/actualites\/2018\/10\/02\/traitement-des-alertes-agents-fonction-publique\/#breadcrumb","itemListElement":[{"@type":"ListItem","position":1,"name":"Home","item":"https:\/\/www.gereso.com\/actualites\/"},{"@type":"ListItem","position":2,"name":"Le traitement des alertes \u00e9mises par les agents publics"}]},{"@type":"WebSite","@id":"https:\/\/www.gereso.com\/actualites\/#website","url":"https:\/\/www.gereso.com\/actualites\/","name":"Le Blog GERESO","description":"Toute l&#039;actu RH, Finance, Fonction Publique, Management...","potentialAction":[{"@type":"SearchAction","target":{"@type":"EntryPoint","urlTemplate":"https:\/\/www.gereso.com\/actualites\/?s={search_term_string}"},"query-input":{"@type":"PropertyValueSpecification","valueRequired":true,"valueName":"search_term_string"}}],"inLanguage":"fr-FR"},{"@type":"Person","@id":"https:\/\/www.gereso.com\/actualites\/#\/schema\/person\/d9b0bc27f2e9ae74ff7505881ce5306e","name":"GERESO","image":{"@type":"ImageObject","inLanguage":"fr-FR","@id":"https:\/\/www.gereso.com\/actualites\/#\/schema\/person\/image\/","url":"https:\/\/www.gereso.com\/actualites\/wp-content\/uploads\/2013\/12\/avatar-gereso-1.png","contentUrl":"https:\/\/www.gereso.com\/actualites\/wp-content\/uploads\/2013\/12\/avatar-gereso-1.png","caption":"GERESO"},"url":"https:\/\/www.gereso.com\/actualites\/author\/wpadm_16root\/"}]}},"_links":{"self":[{"href":"https:\/\/www.gereso.com\/actualites\/wp-json\/wp\/v2\/posts\/9565","targetHints":{"allow":["GET"]}}],"collection":[{"href":"https:\/\/www.gereso.com\/actualites\/wp-json\/wp\/v2\/posts"}],"about":[{"href":"https:\/\/www.gereso.com\/actualites\/wp-json\/wp\/v2\/types\/post"}],"author":[{"embeddable":true,"href":"https:\/\/www.gereso.com\/actualites\/wp-json\/wp\/v2\/users\/1"}],"replies":[{"embeddable":true,"href":"https:\/\/www.gereso.com\/actualites\/wp-json\/wp\/v2\/comments?post=9565"}],"version-history":[{"count":3,"href":"https:\/\/www.gereso.com\/actualites\/wp-json\/wp\/v2\/posts\/9565\/revisions"}],"predecessor-version":[{"id":9569,"href":"https:\/\/www.gereso.com\/actualites\/wp-json\/wp\/v2\/posts\/9565\/revisions\/9569"}],"wp:featuredmedia":[{"embeddable":true,"href":"https:\/\/www.gereso.com\/actualites\/wp-json\/wp\/v2\/media\/9567"}],"wp:attachment":[{"href":"https:\/\/www.gereso.com\/actualites\/wp-json\/wp\/v2\/media?parent=9565"}],"wp:term":[{"taxonomy":"category","embeddable":true,"href":"https:\/\/www.gereso.com\/actualites\/wp-json\/wp\/v2\/categories?post=9565"},{"taxonomy":"post_tag","embeddable":true,"href":"https:\/\/www.gereso.com\/actualites\/wp-json\/wp\/v2\/tags?post=9565"}],"curies":[{"name":"wp","href":"https:\/\/api.w.org\/{rel}","templated":true}]}}