{"id":9697,"date":"2018-11-09T10:45:43","date_gmt":"2018-11-09T08:45:43","guid":{"rendered":"https:\/\/www.gereso.com\/actualites\/?p=9697"},"modified":"2018-11-09T10:46:15","modified_gmt":"2018-11-09T08:46:15","slug":"le-salaire-du-conjoint-entierement-deductible","status":"publish","type":"post","link":"https:\/\/www.gereso.com\/actualites\/2018\/11\/09\/le-salaire-du-conjoint-entierement-deductible\/","title":{"rendered":"Le salaire du conjoint enti\u00e8rement d\u00e9ductible"},"content":{"rendered":"<p>L\u2019Assembl\u00e9e nationale a adopt\u00e9 un amendement au projet de loi de finances pour 2019 (PLF 2019) abrogeant le plafond de d\u00e9duction de la r\u00e9mun\u00e9ration du conjoint de l\u2019exploitant.<\/p>\n<h2><strong>Un plafond fix\u00e9 \u00e0 17.500 \u20ac<\/strong><\/h2>\n<p>Les d\u00e9put\u00e9s ont adopt\u00e9 en premi\u00e8re lecture, le 23 octobre dernier, la premi\u00e8re partie du projet de loi de finances pour 2019. Actuellement, la seconde partie du PLF 2019 est en discussion.<\/p>\n<p>Un amendement a \u00e9t\u00e9 adopt\u00e9 et int\u00e9gr\u00e9 \u00e0 l\u2019article 18 nonies du PLF 2019 afin de supprimer le plafond de d\u00e9duction existant pour les conjoints salari\u00e9s de l\u2019exploitant dont les b\u00e9n\u00e9fices sont soumis \u00e0 l\u2019imp\u00f4t sur le revenu.<\/p>\n<p>Les entreprises dont les b\u00e9n\u00e9fices sont soumis \u00e0 l\u2019imp\u00f4t sur le revenu selon un r\u00e9gime r\u00e9el ont int\u00e9r\u00eat \u00e0 adh\u00e9rer \u00e0 un centre de gestion agr\u00e9\u00e9 (CGA pour les BIC et BA) ou \u00e0 une association de gestion agr\u00e9\u00e9e (AGA pour les BNC). L\u2019int\u00e9r\u00eat est essentiellement d\u2019ordre fiscal puisqu\u2019en l\u2019absence d\u2019une telle adh\u00e9sion, le b\u00e9n\u00e9fice retenu pour l\u2019imposition des revenus est major\u00e9 de 25%.<\/p>\n<p>Une non-adh\u00e9sion \u00e0 un OGA (organisme de gestion agr\u00e9\u00e9) peut \u00e9galement avoir des r\u00e9percussions fiscales lorsque la conjointe de l\u2019exploitant ou du g\u00e9rant dispose d\u2019un contrat de travail dans l\u2019entreprise. En cas de mariage sous le r\u00e9gime de la communaut\u00e9 l\u00e9gale, le salaire du conjoint est d\u00e9ductible dans la limite de 17.500 \u20ac par an (article 154 du CGI). L\u2019\u00e9ventuel exc\u00e9dent vers\u00e9 n\u00e9cessite de proc\u00e9der \u00e0 une r\u00e9int\u00e9gration extra-comptable.<\/p>\n<h2><strong>Suppression du plafond<\/strong><\/h2>\n<p>Dans le cadre de l\u2019examen en premi\u00e8re lecture du PLF 2019, l\u2019Assembl\u00e9e nationale a vot\u00e9 en faveur d\u2019une abrogation de ce plafond de 17.500 \u20ac. Cette mesure si elle \u00e9tait adopt\u00e9e d\u00e9finitivement serait applicable \u00e0 compter des exercices clos en 2018.<\/p>\n<table style=\"height: 356px\" border=\"1\">\n<tbody>\n<tr style=\"height: 101px\">\n<td style=\"text-align: center;height: 101px;width: 182.266px\"><strong>R\u00e9gime matrimonial<\/strong><\/td>\n<td style=\"text-align: center;height: 101px;width: 119.766px\"><strong>Adh\u00e9sion \u00e0 un OGA<\/strong><\/td>\n<td style=\"text-align: center;height: 101px;width: 136.016px\"><strong>Exercices clos en 2018 (selon PLF 2019)<\/strong><\/td>\n<td style=\"text-align: center;height: 101px;width: 157.266px\"><strong>Exercice clos avant 2018 (r\u00e9gime actuel)<\/strong><\/td>\n<\/tr>\n<tr style=\"height: 77px\">\n<td style=\"text-align: center;height: 77px;width: 182.266px\">R\u00e9gime de s\u00e9paration de biens<\/td>\n<td style=\"text-align: center;height: 77px;width: 119.766px\">Oui\/Non<\/td>\n<td style=\"text-align: center;height: 255px;width: 136.016px\" rowspan=\"3\">Aucune limitation<\/td>\n<td style=\"text-align: center;height: 154px;width: 157.266px\" rowspan=\"2\">Aucune limitation<\/td>\n<\/tr>\n<tr style=\"height: 77px\">\n<td style=\"text-align: center;height: 77px;width: 182.266px\">R\u00e9gime de la communaut\u00e9 l\u00e9gale<\/td>\n<td style=\"text-align: center;height: 77px;width: 119.766px\">Oui<\/td>\n<\/tr>\n<tr style=\"height: 101px\">\n<td style=\"text-align: center;height: 101px;width: 182.266px\">R\u00e9gime de la communaut\u00e9 l\u00e9gale<\/td>\n<td style=\"text-align: center;height: 101px;width: 119.766px\">Non<\/td>\n<td style=\"text-align: center;height: 101px;width: 157.266px\">Salaire du conjoint limit\u00e9 \u00e0 17.500 \u20ac par an.<\/td>\n<\/tr>\n<\/tbody>\n<\/table>\n<p>L\u2019adh\u00e9sion \u00e0 un OGA permet en outre de b\u00e9n\u00e9ficier d\u2019une r\u00e9duction d\u2019imp\u00f4t pour les exploitants dont le chiffre d\u2019affaires est inf\u00e9rieur aux limites du r\u00e9gime des micros-entreprises et qui ont opt\u00e9 pour un r\u00e9gime r\u00e9el. La r\u00e9duction d&rsquo;imp\u00f4t s\u2019\u00e9l\u00e8ve aux 2\/3\u00a0des d\u00e9penses expos\u00e9es pour la tenue de la comptabilit\u00e9 et pour l\u2019adh\u00e9sion \u00e0 un OGA. Cette r\u00e9duction est plafonn\u00e9e \u00e0 915 \u20ac par an. Cette disposition n\u2019est pour le moment pas modifi\u00e9e par le PLF 2019.<\/p>\n","protected":false},"excerpt":{"rendered":"<p>L\u2019Assembl\u00e9e nationale a adopt\u00e9 un amendement au projet de loi de finances pour 2019 (PLF 2019) abrogeant le plafond de d\u00e9duction de la r\u00e9mun\u00e9ration du conjoint de l\u2019exploitant. Un plafond fix\u00e9 \u00e0 17.500 \u20ac Les d\u00e9put\u00e9s ont adopt\u00e9 en premi\u00e8re lecture, le 23 octobre dernier, la premi\u00e8re partie du projet de loi de finances pour [&hellip;]<\/p>\n","protected":false},"author":45,"featured_media":0,"comment_status":"open","ping_status":"open","sticky":false,"template":"","format":"quote","meta":{"_acf_changed":false,"_mi_skip_tracking":false,"footnotes":""},"categories":[12,3],"tags":[1039,1211],"class_list":["post-9697","post","type-post","status-publish","format-quote","hentry","category-actualites","category-comptabilite-fiscalite-et-gestion-financiere","tag-impot-sur-le-revenu","tag-impot-sur-les-benefices","post_format-post-format-quote"],"acf":[],"yoast_head":"<!-- This site is optimized with the Yoast SEO plugin v23.4 - https:\/\/yoast.com\/wordpress\/plugins\/seo\/ -->\n<title>Le salaire du conjoint enti\u00e8rement d\u00e9ductible - Le Blog GERESO<\/title>\n<meta name=\"robots\" content=\"index, follow, max-snippet:-1, max-image-preview:large, max-video-preview:-1\" \/>\n<link rel=\"canonical\" href=\"https:\/\/www.gereso.com\/actualites\/2018\/11\/09\/le-salaire-du-conjoint-entierement-deductible\/\" \/>\n<meta property=\"og:locale\" content=\"fr_FR\" \/>\n<meta property=\"og:type\" content=\"article\" \/>\n<meta property=\"og:title\" content=\"Le salaire du conjoint enti\u00e8rement d\u00e9ductible - Le Blog GERESO\" \/>\n<meta property=\"og:description\" content=\"L\u2019Assembl\u00e9e nationale a adopt\u00e9 un amendement au projet de loi de finances pour 2019 (PLF 2019) abrogeant le plafond de d\u00e9duction de la r\u00e9mun\u00e9ration du conjoint de l\u2019exploitant. Un plafond fix\u00e9 \u00e0 17.500 \u20ac Les d\u00e9put\u00e9s ont adopt\u00e9 en premi\u00e8re lecture, le 23 octobre dernier, la premi\u00e8re partie du projet de loi de finances pour [&hellip;]\" \/>\n<meta property=\"og:url\" content=\"https:\/\/www.gereso.com\/actualites\/2018\/11\/09\/le-salaire-du-conjoint-entierement-deductible\/\" \/>\n<meta property=\"og:site_name\" content=\"Le Blog GERESO\" \/>\n<meta property=\"article:published_time\" content=\"2018-11-09T08:45:43+00:00\" \/>\n<meta property=\"article:modified_time\" content=\"2018-11-09T08:46:15+00:00\" \/>\n<meta name=\"author\" content=\"Damien P\u00e9an\" \/>\n<meta name=\"twitter:card\" content=\"summary_large_image\" \/>\n<script type=\"application\/ld+json\" class=\"yoast-schema-graph\">{\"@context\":\"https:\/\/schema.org\",\"@graph\":[{\"@type\":\"WebPage\",\"@id\":\"https:\/\/www.gereso.com\/actualites\/2018\/11\/09\/le-salaire-du-conjoint-entierement-deductible\/\",\"url\":\"https:\/\/www.gereso.com\/actualites\/2018\/11\/09\/le-salaire-du-conjoint-entierement-deductible\/\",\"name\":\"Le salaire du conjoint enti\u00e8rement d\u00e9ductible - Le Blog GERESO\",\"isPartOf\":{\"@id\":\"https:\/\/www.gereso.com\/actualites\/#website\"},\"datePublished\":\"2018-11-09T08:45:43+00:00\",\"dateModified\":\"2018-11-09T08:46:15+00:00\",\"author\":{\"@id\":\"https:\/\/www.gereso.com\/actualites\/#\/schema\/person\/c91814f92d627ed4715993fbbf7c7e8d\"},\"breadcrumb\":{\"@id\":\"https:\/\/www.gereso.com\/actualites\/2018\/11\/09\/le-salaire-du-conjoint-entierement-deductible\/#breadcrumb\"},\"inLanguage\":\"fr-FR\",\"potentialAction\":[{\"@type\":\"ReadAction\",\"target\":[\"https:\/\/www.gereso.com\/actualites\/2018\/11\/09\/le-salaire-du-conjoint-entierement-deductible\/\"]}]},{\"@type\":\"BreadcrumbList\",\"@id\":\"https:\/\/www.gereso.com\/actualites\/2018\/11\/09\/le-salaire-du-conjoint-entierement-deductible\/#breadcrumb\",\"itemListElement\":[{\"@type\":\"ListItem\",\"position\":1,\"name\":\"Home\",\"item\":\"https:\/\/www.gereso.com\/actualites\/\"},{\"@type\":\"ListItem\",\"position\":2,\"name\":\"Le salaire du conjoint enti\u00e8rement d\u00e9ductible\"}]},{\"@type\":\"WebSite\",\"@id\":\"https:\/\/www.gereso.com\/actualites\/#website\",\"url\":\"https:\/\/www.gereso.com\/actualites\/\",\"name\":\"Le Blog GERESO\",\"description\":\"Toute l&#039;actu RH, Finance, Fonction Publique, Management...\",\"potentialAction\":[{\"@type\":\"SearchAction\",\"target\":{\"@type\":\"EntryPoint\",\"urlTemplate\":\"https:\/\/www.gereso.com\/actualites\/?s={search_term_string}\"},\"query-input\":{\"@type\":\"PropertyValueSpecification\",\"valueRequired\":true,\"valueName\":\"search_term_string\"}}],\"inLanguage\":\"fr-FR\"},{\"@type\":\"Person\",\"@id\":\"https:\/\/www.gereso.com\/actualites\/#\/schema\/person\/c91814f92d627ed4715993fbbf7c7e8d\",\"name\":\"Damien P\u00e9an\",\"image\":{\"@type\":\"ImageObject\",\"inLanguage\":\"fr-FR\",\"@id\":\"https:\/\/www.gereso.com\/actualites\/#\/schema\/person\/image\/\",\"url\":\"https:\/\/www.gereso.com\/actualites\/wp-content\/uploads\/2016\/03\/damien-pean.jpg\",\"contentUrl\":\"https:\/\/www.gereso.com\/actualites\/wp-content\/uploads\/2016\/03\/damien-pean.jpg\",\"caption\":\"Damien P\u00e9an\"},\"description\":\"Damien P\u00c9AN est titulaire du Dipl\u00f4me d'\u00e9tudes sup\u00e9rieures comptables et financi\u00e8res (DESCF). Il intervient depuis plusieurs ann\u00e9es aupr\u00e8s d'\u00e9tudiants en licence de comptabilit\u00e9 et de gestion, \u00e0 qui il enseigne le contr\u00f4le de gestion, la comptabilit\u00e9 approfondie, le management, la fiscalit\u00e9, le droit des soci\u00e9t\u00e9s et le droit du travail. Il intervient \u00e9galement en formation continue pour le compte de divers organismes de formation sur des th\u00e9matiques techniques en comptabilit\u00e9 et fiscalit\u00e9. Il forme aussi un public de non-initi\u00e9s aux fondamentaux de la finance.\",\"url\":\"https:\/\/www.gereso.com\/actualites\/author\/d-pean\/\"}]}<\/script>\n<!-- \/ Yoast SEO plugin. -->","yoast_head_json":{"title":"Le salaire du conjoint enti\u00e8rement d\u00e9ductible - Le Blog GERESO","robots":{"index":"index","follow":"follow","max-snippet":"max-snippet:-1","max-image-preview":"max-image-preview:large","max-video-preview":"max-video-preview:-1"},"canonical":"https:\/\/www.gereso.com\/actualites\/2018\/11\/09\/le-salaire-du-conjoint-entierement-deductible\/","og_locale":"fr_FR","og_type":"article","og_title":"Le salaire du conjoint enti\u00e8rement d\u00e9ductible - Le Blog GERESO","og_description":"L\u2019Assembl\u00e9e nationale a adopt\u00e9 un amendement au projet de loi de finances pour 2019 (PLF 2019) abrogeant le plafond de d\u00e9duction de la r\u00e9mun\u00e9ration du conjoint de l\u2019exploitant. Un plafond fix\u00e9 \u00e0 17.500 \u20ac Les d\u00e9put\u00e9s ont adopt\u00e9 en premi\u00e8re lecture, le 23 octobre dernier, la premi\u00e8re partie du projet de loi de finances pour [&hellip;]","og_url":"https:\/\/www.gereso.com\/actualites\/2018\/11\/09\/le-salaire-du-conjoint-entierement-deductible\/","og_site_name":"Le Blog GERESO","article_published_time":"2018-11-09T08:45:43+00:00","article_modified_time":"2018-11-09T08:46:15+00:00","author":"Damien P\u00e9an","twitter_card":"summary_large_image","schema":{"@context":"https:\/\/schema.org","@graph":[{"@type":"WebPage","@id":"https:\/\/www.gereso.com\/actualites\/2018\/11\/09\/le-salaire-du-conjoint-entierement-deductible\/","url":"https:\/\/www.gereso.com\/actualites\/2018\/11\/09\/le-salaire-du-conjoint-entierement-deductible\/","name":"Le salaire du conjoint enti\u00e8rement d\u00e9ductible - Le Blog GERESO","isPartOf":{"@id":"https:\/\/www.gereso.com\/actualites\/#website"},"datePublished":"2018-11-09T08:45:43+00:00","dateModified":"2018-11-09T08:46:15+00:00","author":{"@id":"https:\/\/www.gereso.com\/actualites\/#\/schema\/person\/c91814f92d627ed4715993fbbf7c7e8d"},"breadcrumb":{"@id":"https:\/\/www.gereso.com\/actualites\/2018\/11\/09\/le-salaire-du-conjoint-entierement-deductible\/#breadcrumb"},"inLanguage":"fr-FR","potentialAction":[{"@type":"ReadAction","target":["https:\/\/www.gereso.com\/actualites\/2018\/11\/09\/le-salaire-du-conjoint-entierement-deductible\/"]}]},{"@type":"BreadcrumbList","@id":"https:\/\/www.gereso.com\/actualites\/2018\/11\/09\/le-salaire-du-conjoint-entierement-deductible\/#breadcrumb","itemListElement":[{"@type":"ListItem","position":1,"name":"Home","item":"https:\/\/www.gereso.com\/actualites\/"},{"@type":"ListItem","position":2,"name":"Le salaire du conjoint enti\u00e8rement d\u00e9ductible"}]},{"@type":"WebSite","@id":"https:\/\/www.gereso.com\/actualites\/#website","url":"https:\/\/www.gereso.com\/actualites\/","name":"Le Blog GERESO","description":"Toute l&#039;actu RH, Finance, Fonction Publique, Management...","potentialAction":[{"@type":"SearchAction","target":{"@type":"EntryPoint","urlTemplate":"https:\/\/www.gereso.com\/actualites\/?s={search_term_string}"},"query-input":{"@type":"PropertyValueSpecification","valueRequired":true,"valueName":"search_term_string"}}],"inLanguage":"fr-FR"},{"@type":"Person","@id":"https:\/\/www.gereso.com\/actualites\/#\/schema\/person\/c91814f92d627ed4715993fbbf7c7e8d","name":"Damien P\u00e9an","image":{"@type":"ImageObject","inLanguage":"fr-FR","@id":"https:\/\/www.gereso.com\/actualites\/#\/schema\/person\/image\/","url":"https:\/\/www.gereso.com\/actualites\/wp-content\/uploads\/2016\/03\/damien-pean.jpg","contentUrl":"https:\/\/www.gereso.com\/actualites\/wp-content\/uploads\/2016\/03\/damien-pean.jpg","caption":"Damien P\u00e9an"},"description":"Damien P\u00c9AN est titulaire du Dipl\u00f4me d'\u00e9tudes sup\u00e9rieures comptables et financi\u00e8res (DESCF). Il intervient depuis plusieurs ann\u00e9es aupr\u00e8s d'\u00e9tudiants en licence de comptabilit\u00e9 et de gestion, \u00e0 qui il enseigne le contr\u00f4le de gestion, la comptabilit\u00e9 approfondie, le management, la fiscalit\u00e9, le droit des soci\u00e9t\u00e9s et le droit du travail. Il intervient \u00e9galement en formation continue pour le compte de divers organismes de formation sur des th\u00e9matiques techniques en comptabilit\u00e9 et fiscalit\u00e9. Il forme aussi un public de non-initi\u00e9s aux fondamentaux de la finance.","url":"https:\/\/www.gereso.com\/actualites\/author\/d-pean\/"}]}},"_links":{"self":[{"href":"https:\/\/www.gereso.com\/actualites\/wp-json\/wp\/v2\/posts\/9697","targetHints":{"allow":["GET"]}}],"collection":[{"href":"https:\/\/www.gereso.com\/actualites\/wp-json\/wp\/v2\/posts"}],"about":[{"href":"https:\/\/www.gereso.com\/actualites\/wp-json\/wp\/v2\/types\/post"}],"author":[{"embeddable":true,"href":"https:\/\/www.gereso.com\/actualites\/wp-json\/wp\/v2\/users\/45"}],"replies":[{"embeddable":true,"href":"https:\/\/www.gereso.com\/actualites\/wp-json\/wp\/v2\/comments?post=9697"}],"version-history":[{"count":1,"href":"https:\/\/www.gereso.com\/actualites\/wp-json\/wp\/v2\/posts\/9697\/revisions"}],"predecessor-version":[{"id":9698,"href":"https:\/\/www.gereso.com\/actualites\/wp-json\/wp\/v2\/posts\/9697\/revisions\/9698"}],"wp:attachment":[{"href":"https:\/\/www.gereso.com\/actualites\/wp-json\/wp\/v2\/media?parent=9697"}],"wp:term":[{"taxonomy":"category","embeddable":true,"href":"https:\/\/www.gereso.com\/actualites\/wp-json\/wp\/v2\/categories?post=9697"},{"taxonomy":"post_tag","embeddable":true,"href":"https:\/\/www.gereso.com\/actualites\/wp-json\/wp\/v2\/tags?post=9697"}],"curies":[{"name":"wp","href":"https:\/\/api.w.org\/{rel}","templated":true}]}}