{"id":9741,"date":"2018-12-03T18:10:54","date_gmt":"2018-12-03T16:10:54","guid":{"rendered":"https:\/\/www.gereso.com\/actualites\/?p=9741"},"modified":"2019-02-12T10:48:05","modified_gmt":"2019-02-12T08:48:05","slug":"entretien-professionnel-fonction-publique-mode-demploi","status":"publish","type":"post","link":"https:\/\/www.gereso.com\/actualites\/2018\/12\/03\/entretien-professionnel-fonction-publique-mode-demploi\/","title":{"rendered":"Entretien professionnel dans la fonction publique : mode d\u2019emploi !"},"content":{"rendered":"<p><em>D\u2019abord introduit dans la <strong>fonction publique d\u2019Etat<\/strong>, puis exp\u00e9riment\u00e9 dans la <strong>fonction publique hospitali\u00e8re et territoriale, <\/strong>il est aujourd\u2019hui g\u00e9n\u00e9ralis\u00e9 \u00e0 l\u2019ensemble des structures publiques. <\/em><\/p>\n<p><em>Cependant, le champ applicatif est diff\u00e9rent selon la fonction publique \u00e0 laquelle les agents appartiennent. <\/em><\/p>\n<p><em>Tous les managers ont donc d\u00fb passer <strong>de la notation \u00e0 l\u2019\u00e9valuation<\/strong> et cela n\u2019a pas \u00e9t\u00e9 une chose ais\u00e9e\u2026 10 ans apr\u00e8s, cela reste complexe.<\/em><\/p>\n<h2><span style=\"color: #d10016;\"><strong>L\u2019entretien professionnel, qu\u2019est-ce que c\u2019est&nbsp;?<\/strong><\/span><\/h2>\n<h3><strong>Plusieurs th\u00e8mes doivent \u00eatre obligatoirement abord\u00e9s&nbsp;:<\/strong><\/h3>\n<ol>\n<li>R\u00e9actualisation de la fiche de poste<\/li>\n<li>R\u00e9sultats professionnels obtenus et comp\u00e9tences d\u00e9velopp\u00e9es, acquises<\/li>\n<li>Evaluation de l\u2019atteinte des objectifs fix\u00e9s pour l\u2019ann\u00e9e qui vient de s\u2019\u00e9couler, par l\u2019agent et par le N+1<\/li>\n<li>Appr\u00e9ciation de la valeur professionnelle<\/li>\n<li>Elaboration des objectifs pour l\u2019ann\u00e9e \u00e0 venir<\/li>\n<li>Besoins en formation en lien ou pas avec les objectifs fix\u00e9s<\/li>\n<li>Perspective d\u2019\u00e9volution professionnelle en termes de carri\u00e8re et de mobilit\u00e9<\/li>\n<\/ol>\n<p>La loi dit que cette \u00e9valuation doit \u00eatre r\u00e9alis\u00e9e <strong>en r\u00e9f\u00e9rence au cadre d\u2019emploi, m\u00e9tier, missions et activit\u00e9 de l\u2019agent.<\/strong><\/p>\n<p>Cela veut dire, par exemple, qu\u2019un agent de cat\u00e9gorie C qui exercerait, par carence, des t\u00e2ches relevant d\u2019un cadre B, ne peut pas \u00eatre \u00e9valu\u00e9 de fa\u00e7on n\u00e9gative car cela ne correspond pas aux comp\u00e9tences exig\u00e9es des fonctions apparent\u00e9es \u00e0 son grade dans les statuts particuliers.<\/p>\n<h2><span style=\"color: #d10016;\"><strong>Qui est concern\u00e9 par les entretiens professionnels&nbsp;?<\/strong><\/span><\/h2>\n<p>C\u2019est un entretien <strong>entre l\u2019agent et son N+1<\/strong>. Ce dernier est identifi\u00e9 gr\u00e2ce aux <strong>organigrammes<\/strong> et <strong>fiches de poste<\/strong>.<\/p>\n<p>Personne d\u2019autre ne doit assister \u00e0 cet \u00e9change.<\/p>\n<p>Si l\u2019agent a chang\u00e9 de sup\u00e9rieur hi\u00e9rarchique dans l\u2019ann\u00e9e, les deux managers concern\u00e9s doivent \u00e9changer en amont et seul le N+1 actuel est pr\u00e9sent pour conduire l\u2019entretien.<\/p>\n<p>Si l\u2019agent a \u00e9t\u00e9 absent depuis au moins 6 mois et plus, l\u2019entretien n\u2019a pas lieu de se faire.<\/p>\n<h2><span style=\"color: #d10016;\"><strong>Entretien professionnel&nbsp;: quand et \u00e0 quelle fr\u00e9quence&nbsp;?<\/strong><\/span><\/h2>\n<p>L\u2019entretien doit \u00eatre obligatoirement <strong>annuel<\/strong>.<\/p>\n<p>Mais rien n\u2019emp\u00eache aux managers et \u00e0 leurs agents de se rencontrer r\u00e9guli\u00e8rement pour \u00e9voquer les diff\u00e9rents points \u00e9voqu\u00e9s pr\u00e9c\u00e9demment.<\/p>\n<p>Il est m\u00eame conseiller <strong>d\u2019organiser des \u00e9changes fr\u00e9quents<\/strong> car cela permet d\u2019assurer un r\u00e9el suivi concernant l\u2019avanc\u00e9e de l\u2019agent pour atteindre les objectifs fix\u00e9s.<\/p>\n<p>C\u2019est important, surtout si des difficult\u00e9s sont identifi\u00e9es.<\/p>\n<p>Des solutions ou des actions correctrices pourront \u00eatre alors mises en \u0153uvre, bien avant la date du prochain entretien d\u2019\u00e9valuation.<\/p>\n<p>Le <strong>dernier trimestre de l\u2019ann\u00e9e en cours<\/strong> est la p\u00e9riode id\u00e9ale pour r\u00e9aliser l\u2019entretien.<\/p>\n<p>Le bilan peut largement se faire sur les 9, 10 derniers mois et cela permet de commencer l\u2019ann\u00e9e suivante avec son \u00e9valuation et ses objectifs en poche.<\/p>\n<h2><span style=\"color: #d10016;\"><strong>Quels outils pour les entretiens professionnels&nbsp;?<\/strong><\/span><\/h2>\n<p>La loi rappelle que l\u2019entretien est bas\u00e9 sur la <strong>fiche de poste<\/strong>.<\/p>\n<p>Cela a rendu obligatoire sa conception alors qu\u2019elle n\u2019existait pas toujours au sein des structures.<\/p>\n<p>Elle permet \u00e0 la fois des rep\u00e8res communs \u00e0 l\u2019agent et son N+1 et une approche compl\u00e8te des missions et activit\u00e9s de l\u2019agent, car elle est cens\u00e9e \u00eatre exhaustive.<\/p>\n<p>Il est pertinent de s\u2019appuyer \u00e9galement sur la ou les <strong>fiches m\u00e9tiers<\/strong> auxquelles le poste est affili\u00e9. Comme un pense-b\u00eate, cela permet de ne rien oublier quant au contenu de la fiche de poste. Cela peut m\u00eame donner quelques id\u00e9es pour faire \u00e9voluer le poste ou les comp\u00e9tences.<\/p>\n<p>Normalement, toutes les structures ont d\u00fb cr\u00e9er un <strong>document de pr\u00e9paration de l\u2019entretien<\/strong> \u00e0 destination des agents et des N+1.<\/p>\n<p>Il recense l\u2019ensemble des th\u00e8mes \u00e0 aborder pendant l\u2019entretien et permet ainsi de n\u2019oublier aucun sujet lors de l\u2019entretien.<\/p>\n<p>L\u2019\u00e9laboration du <strong>compte-rendu de l\u2019entretien<\/strong> \u00e9crit a \u00e9t\u00e9 laiss\u00e9 libre sur la forme aux diff\u00e9rentes structures.<\/p>\n<p>En revanche, toutes les <strong>rubriques obligatoires<\/strong> doivent s\u2019y trouver&nbsp;:<\/p>\n<ul>\n<li>R\u00e9actualisation de la fiche de poste<\/li>\n<li>R\u00e9sultats professionnels obtenus et comp\u00e9tences d\u00e9velopp\u00e9es, acquises<\/li>\n<li>Evaluation de l\u2019atteinte des objectifs fix\u00e9s pour l\u2019ann\u00e9e qui vient de s\u2019\u00e9couler, par l\u2019agent et par le N+1<\/li>\n<li>Appr\u00e9ciation de la valeur professionnelle<\/li>\n<li>Elaboration des objectifs pour l\u2019ann\u00e9e \u00e0 venir<\/li>\n<li>Besoins en formation en lien ou pas avec les objectifs fix\u00e9s<\/li>\n<li>Perspective d\u2019\u00e9volution professionnelle en termes de carri\u00e8re et de mobilit\u00e9<\/li>\n<\/ul>\n<h2><span style=\"color: #d10016;\"><strong>Comment pr\u00e9parer l\u2019entretien professionnel de mes collaborateurs, en tant que N+1&nbsp;?<\/strong><\/span><\/h2>\n<p>Comme une recette de cuisine, il faut mettre en \u0153uvre chaque \u00e9tape avec les bons ingr\u00e9dients&nbsp;:<\/p>\n<ol>\n<li style=\"list-style-type: none;\">\n<ol>\n<li>Je r\u00e9actualise la <strong>fiche de poste<\/strong>, s\u2019il y a eu des changements<\/li>\n<li>Je reprends le <strong>compte-rendu \u00e9crit<\/strong> de l\u2019ann\u00e9e pr\u00e9c\u00e9dente<\/li>\n<li>Je regarde les <strong>objectifs fix\u00e9s <\/strong>pour l\u2019ann\u00e9e qui vient de s\u2019\u00e9couler<\/li>\n<li>J\u2019\u00e9value leur <strong>niveau d\u2019atteinte <\/strong>en \u00e9tayant mon estimation avec des faits av\u00e9r\u00e9s<\/li>\n<li>S\u2019il existe des <strong>\u00e9carts<\/strong>, je r\u00e9fl\u00e9chis \u00e0 ce qui peut les expliquer<\/li>\n<li>J\u2019\u00e9value les <b><strong>r\u00e9sultats professionnels obtenus <\/strong><\/b>et j\u2019identifie les <b><strong>comp\u00e9tences d\u00e9velopp\u00e9es et acquises<\/strong><\/b><\/li>\n<li>J\u2019\u00e9labore de <strong>nouveaux objectifs<\/strong> pour l\u2019ann\u00e9e \u00e0 venir (soit ils n\u2019ont pas \u00e9t\u00e9 atteints et je les reconduis pour l\u2019ann\u00e9e suivante, soit je fixe de nouveaux objectifs) et en m\u00eame temps, je r\u00e9fl\u00e9chis au <strong>plan d\u2019action<\/strong> \u00e0 mettre en \u0153uvre pour les atteindre (formations \u00e0 suivre, acquisition de nouveaux outils tel qu\u2019un logiciel\u2026)<\/li>\n<li>Je dresse la liste des <strong>besoins en formation<\/strong> n\u00e9cessaires<\/li>\n<li>Je r\u00e9fl\u00e9chis aux <strong>possibilit\u00e9s d\u2019\u00e9volution<\/strong> de l\u2019agent en termes de missions, activit\u00e9s, responsabilit\u00e9s, carri\u00e8re\u2026<\/li>\n<\/ol>\n<\/li>\n<\/ol>\n<h2><span style=\"color: #d10016;\"><strong>Comment pr\u00e9parer un entretien professionnel en tant que N-1&nbsp;?<\/strong><\/span><\/h2>\n<p>Concernant l\u2019agent, la pr\u00e9paration est assez similaire \u00e0 celle de son manager, \u00e0 quelques d\u00e9tails pr\u00e8s&nbsp;:<\/p>\n<ol>\n<li>Je r\u00e9actualise ma <strong>fiche de poste<\/strong><\/li>\n<li>Je reprends le <strong>compte-rendu \u00e9crit<\/strong> de l\u2019ann\u00e9e pr\u00e9c\u00e9dente<\/li>\n<li>Je regarde les <strong>objectifs <\/strong>qui m\u2019avaient \u00e9t\u00e9 fix\u00e9s<\/li>\n<li>J\u2019\u00e9value mon <strong>niveau d\u2019atteinte <\/strong>en m\u2019appuyant sur des faits<\/li>\n<li>S\u2019il existe des <strong>\u00e9carts<\/strong>, je r\u00e9fl\u00e9chis \u00e0 ce qui peut les expliquer<\/li>\n<li>J\u2019\u00e9value mes <strong>r\u00e9sultats professionnels <\/strong>et j\u2019identifie les <strong>comp\u00e9tences <\/strong>que j\u2019ai d\u00e9velopp\u00e9es et acquises<\/li>\n<li>Je dresse la liste de mes <strong>besoins en formation<\/strong><\/li>\n<li>Je r\u00e9fl\u00e9chis \u00e0 mes <strong>souhaits<\/strong> <strong>d\u2019\u00e9volution<\/strong> <strong>professionnelle <\/strong><\/li>\n<\/ol>\n<h2><span style=\"color: #d10016;\"><strong>Entretien professionnel&nbsp;: quelles finalit\u00e9s ?<\/strong><\/span><\/h2>\n<p>L\u2019entretien d\u2019\u00e9valuation a <strong>trois finalit\u00e9s.<\/strong><\/p>\n<p>Tout d\u2019abord, il \u00ab&nbsp;oblige&nbsp;\u00bb l\u2019agent et son sup\u00e9rieur hi\u00e9rarchique \u00e0 partager un <strong>moment privil\u00e9gi\u00e9 d\u2019\u00e9changes<\/strong> sur le poste de travail, l\u2019ambiance de travail, les objectifs des missions exerc\u00e9es, les possibilit\u00e9s d\u2019\u00e9volution professionnelle\u2026<\/p>\n<p>L\u2019introduction de ce dispositif obligatoire a ainsi sans doute permis aux managers de la fonction publique de renforcer <strong>leur r\u00e9flexion et leurs interrogations<\/strong> sur la gestion de leur entit\u00e9 et les agents qui la composent.<\/p>\n<p>Ensuite, l\u2019\u00e9valuation r\u00e9alis\u00e9e permet de recueillir des <strong>informations sur les besoins en formation et les souhaits de mobilit\u00e9<\/strong>. Elles constituent des donn\u00e9es pr\u00e9cieuses pour les services de ressources humaines concern\u00e9es. Ils peuvent ainsi anticiper sur la construction de leur plan de formation et leur gestion des mouvements de personnel \u00e0 venir.<\/p>\n<p>Enfin, les appr\u00e9ciations faites par le N+1 vont servir de base aux d\u00e9cisions de l\u2019autorit\u00e9 administrative concernant une <strong>\u00e9ventuelle nomination<\/strong> ou <strong>\u00e9volution de r\u00e9mun\u00e9ration. <\/strong><\/p>\n<h2><span style=\"color: #d10016;\"><strong>Les textes officiels relatifs \u00e0 l\u2019entretien professionnel<\/strong><\/span><\/h2>\n<h3><strong>Fonction publique d&rsquo;\u00e9tat :<\/strong><\/h3>\n<ul>\n<li>D\u00e9cret N\u00b02010-888 du 28 juillet 2010 relatif aux conditions g\u00e9n\u00e9rales de l&rsquo;appr\u00e9ciation de la valeur professionnelle des fonctionnaires de l&rsquo;Etat<\/li>\n<li>Circulaire du 23 avril 2012 relative aux modalit\u00e9s d&rsquo;application du d\u00e9cret N\u00b02010-888 du 28 juillet 2010 relatif aux conditions g\u00e9n\u00e9rales de l&rsquo;appr\u00e9ciation de la valeur professionnelle des fonctionnaires de l&rsquo;Etat<\/li>\n<\/ul>\n<h3><strong>Fonction publique hospitali\u00e8re :<\/strong><\/h3>\n<ul>\n<li>D\u00e9cret N\u00b02010-1153 du 29 septembre 2010 sur l&rsquo;entretien professionnel dans la fonction publique hospitali\u00e8re<\/li>\n<li>Arr\u00eat\u00e9 du 29 septembre 2010 relatif au compte-rendu annuel d&rsquo;entretien professionnel des agents de la fonction publique hospitali\u00e8re<\/li>\n<li>Circulaire N\u00b0 DGOS\/RH4\/2012\/14 du 12 janvier 2012 relative \u00e0 la mise en \u0153uvre de l&rsquo;exp\u00e9rimentation de l&rsquo;entretien professionnel dans la fonction publique hospitali\u00e8re<\/li>\n<\/ul>\n<h3><strong>Fonction publique territoriale :<\/strong><\/h3>\n<ul>\n<li>D\u00e9cret N\u00b02014-1526 du 16 d\u00e9cembre 2014 relatif \u00e0 l&rsquo;appr\u00e9ciation de la valeur professionnelle des fonctionnaires territoriaux<\/li>\n<li>Circulaire du 6 ao\u00fbt 2010 relative \u00e0 l&rsquo;entretien professionnel dans les collectivit\u00e9s territoriales.<\/li>\n<\/ul>\n","protected":false},"excerpt":{"rendered":"<p>D\u2019abord introduit dans la fonction publique d\u2019Etat, puis exp\u00e9riment\u00e9 dans la fonction publique hospitali\u00e8re et territoriale, il est aujourd\u2019hui g\u00e9n\u00e9ralis\u00e9 \u00e0 l\u2019ensemble des structures publiques. Cependant, le champ applicatif est diff\u00e9rent selon la fonction publique \u00e0 laquelle les agents appartiennent. Tous les managers ont donc d\u00fb passer de la notation \u00e0 l\u2019\u00e9valuation et cela n\u2019a [&hellip;]<\/p>\n","protected":false},"author":63,"featured_media":9742,"comment_status":"open","ping_status":"open","sticky":false,"template":"","format":"standard","meta":{"_acf_changed":false,"_mi_skip_tracking":false,"footnotes":""},"categories":[6,2],"tags":[530,580,117],"class_list":["post-9741","post","type-post","status-publish","format-standard","has-post-thumbnail","hentry","category-fonction-publique","category-ressources-humaines","tag-entretien-devaluation","tag-entretien-professionnel","tag-fonction-publique-2"],"acf":[],"yoast_head":"<!-- This site is optimized with the Yoast SEO plugin v23.4 - https:\/\/yoast.com\/wordpress\/plugins\/seo\/ -->\n<title>Entretien professionnel dans la fonction publique : mode d\u2019emploi ! - Le Blog GERESO<\/title>\n<meta name=\"robots\" content=\"index, follow, max-snippet:-1, max-image-preview:large, max-video-preview:-1\" \/>\n<link rel=\"canonical\" href=\"https:\/\/www.gereso.com\/actualites\/2018\/12\/03\/entretien-professionnel-fonction-publique-mode-demploi\/\" \/>\n<meta property=\"og:locale\" content=\"fr_FR\" \/>\n<meta property=\"og:type\" content=\"article\" \/>\n<meta property=\"og:title\" content=\"Entretien professionnel dans la fonction publique : mode d\u2019emploi ! - Le Blog GERESO\" \/>\n<meta property=\"og:description\" content=\"D\u2019abord introduit dans la fonction publique d\u2019Etat, puis exp\u00e9riment\u00e9 dans la fonction publique hospitali\u00e8re et territoriale, il est aujourd\u2019hui g\u00e9n\u00e9ralis\u00e9 \u00e0 l\u2019ensemble des structures publiques. Cependant, le champ applicatif est diff\u00e9rent selon la fonction publique \u00e0 laquelle les agents appartiennent. Tous les managers ont donc d\u00fb passer de la notation \u00e0 l\u2019\u00e9valuation et cela n\u2019a [&hellip;]\" \/>\n<meta property=\"og:url\" content=\"https:\/\/www.gereso.com\/actualites\/2018\/12\/03\/entretien-professionnel-fonction-publique-mode-demploi\/\" \/>\n<meta property=\"og:site_name\" content=\"Le Blog GERESO\" \/>\n<meta property=\"article:published_time\" content=\"2018-12-03T16:10:54+00:00\" \/>\n<meta property=\"article:modified_time\" content=\"2019-02-12T08:48:05+00:00\" \/>\n<meta property=\"og:image\" content=\"https:\/\/www.gereso.com\/actualites\/wp-content\/uploads\/2018\/12\/Entretien-professionnel-dans-la-fonction-publique-mode-d\u2019emploi.jpg\" \/>\n\t<meta property=\"og:image:width\" content=\"600\" \/>\n\t<meta property=\"og:image:height\" content=\"400\" \/>\n\t<meta property=\"og:image:type\" content=\"image\/jpeg\" \/>\n<meta name=\"author\" content=\"St\u00e9phanie Denis-Laventure\" \/>\n<meta name=\"twitter:card\" content=\"summary_large_image\" \/>\n<script type=\"application\/ld+json\" class=\"yoast-schema-graph\">{\"@context\":\"https:\/\/schema.org\",\"@graph\":[{\"@type\":\"WebPage\",\"@id\":\"https:\/\/www.gereso.com\/actualites\/2018\/12\/03\/entretien-professionnel-fonction-publique-mode-demploi\/\",\"url\":\"https:\/\/www.gereso.com\/actualites\/2018\/12\/03\/entretien-professionnel-fonction-publique-mode-demploi\/\",\"name\":\"Entretien professionnel dans la fonction publique : mode d\u2019emploi ! - Le Blog GERESO\",\"isPartOf\":{\"@id\":\"https:\/\/www.gereso.com\/actualites\/#website\"},\"primaryImageOfPage\":{\"@id\":\"https:\/\/www.gereso.com\/actualites\/2018\/12\/03\/entretien-professionnel-fonction-publique-mode-demploi\/#primaryimage\"},\"image\":{\"@id\":\"https:\/\/www.gereso.com\/actualites\/2018\/12\/03\/entretien-professionnel-fonction-publique-mode-demploi\/#primaryimage\"},\"thumbnailUrl\":\"https:\/\/www.gereso.com\/actualites\/wp-content\/uploads\/2018\/12\/Entretien-professionnel-dans-la-fonction-publique-mode-d\u2019emploi.jpg\",\"datePublished\":\"2018-12-03T16:10:54+00:00\",\"dateModified\":\"2019-02-12T08:48:05+00:00\",\"author\":{\"@id\":\"https:\/\/www.gereso.com\/actualites\/#\/schema\/person\/cb1970558fe89d1436238f03a08bc0c3\"},\"breadcrumb\":{\"@id\":\"https:\/\/www.gereso.com\/actualites\/2018\/12\/03\/entretien-professionnel-fonction-publique-mode-demploi\/#breadcrumb\"},\"inLanguage\":\"fr-FR\",\"potentialAction\":[{\"@type\":\"ReadAction\",\"target\":[\"https:\/\/www.gereso.com\/actualites\/2018\/12\/03\/entretien-professionnel-fonction-publique-mode-demploi\/\"]}]},{\"@type\":\"ImageObject\",\"inLanguage\":\"fr-FR\",\"@id\":\"https:\/\/www.gereso.com\/actualites\/2018\/12\/03\/entretien-professionnel-fonction-publique-mode-demploi\/#primaryimage\",\"url\":\"https:\/\/www.gereso.com\/actualites\/wp-content\/uploads\/2018\/12\/Entretien-professionnel-dans-la-fonction-publique-mode-d\u2019emploi.jpg\",\"contentUrl\":\"https:\/\/www.gereso.com\/actualites\/wp-content\/uploads\/2018\/12\/Entretien-professionnel-dans-la-fonction-publique-mode-d\u2019emploi.jpg\",\"width\":600,\"height\":400,\"caption\":\"Entretien professionnel dans la fonction publique mode d\u2019emploi\"},{\"@type\":\"BreadcrumbList\",\"@id\":\"https:\/\/www.gereso.com\/actualites\/2018\/12\/03\/entretien-professionnel-fonction-publique-mode-demploi\/#breadcrumb\",\"itemListElement\":[{\"@type\":\"ListItem\",\"position\":1,\"name\":\"Home\",\"item\":\"https:\/\/www.gereso.com\/actualites\/\"},{\"@type\":\"ListItem\",\"position\":2,\"name\":\"Entretien professionnel dans la fonction publique : mode d\u2019emploi !\"}]},{\"@type\":\"WebSite\",\"@id\":\"https:\/\/www.gereso.com\/actualites\/#website\",\"url\":\"https:\/\/www.gereso.com\/actualites\/\",\"name\":\"Le Blog GERESO\",\"description\":\"Toute l&#039;actu RH, Finance, Fonction Publique, Management...\",\"potentialAction\":[{\"@type\":\"SearchAction\",\"target\":{\"@type\":\"EntryPoint\",\"urlTemplate\":\"https:\/\/www.gereso.com\/actualites\/?s={search_term_string}\"},\"query-input\":{\"@type\":\"PropertyValueSpecification\",\"valueRequired\":true,\"valueName\":\"search_term_string\"}}],\"inLanguage\":\"fr-FR\"},{\"@type\":\"Person\",\"@id\":\"https:\/\/www.gereso.com\/actualites\/#\/schema\/person\/cb1970558fe89d1436238f03a08bc0c3\",\"name\":\"St\u00e9phanie Denis-Laventure\",\"image\":{\"@type\":\"ImageObject\",\"inLanguage\":\"fr-FR\",\"@id\":\"https:\/\/www.gereso.com\/actualites\/#\/schema\/person\/image\/\",\"url\":\"https:\/\/www.gereso.com\/actualites\/wp-content\/uploads\/2019\/02\/SDenisLaventure-144x144.png\",\"contentUrl\":\"https:\/\/www.gereso.com\/actualites\/wp-content\/uploads\/2019\/02\/SDenisLaventure-144x144.png\",\"caption\":\"St\u00e9phanie Denis-Laventure\"},\"description\":\"St\u00e9phanie Denis Laventure est consultante en droit de la fonction publique et gestion des Ressources Humaines. Elle a travaill\u00e9 15 ans pour des \u00e9tablissements de la Fonction Publique Territoriale et Hospitali\u00e8re sur l'ensemble du processus de gestion des agents (recrutement, mobilit\u00e9, formation, reclassement, gestion pr\u00e9visionnelle des m\u00e9tiers et des comp\u00e9tences...). Elle forme les gestionnaires RH sur ces th\u00e9matiques depuis 2010.\",\"url\":\"https:\/\/www.gereso.com\/actualites\/author\/s-denislaventure\/\"}]}<\/script>\n<!-- \/ Yoast SEO plugin. -->","yoast_head_json":{"title":"Entretien professionnel dans la fonction publique : mode d\u2019emploi ! - Le Blog GERESO","robots":{"index":"index","follow":"follow","max-snippet":"max-snippet:-1","max-image-preview":"max-image-preview:large","max-video-preview":"max-video-preview:-1"},"canonical":"https:\/\/www.gereso.com\/actualites\/2018\/12\/03\/entretien-professionnel-fonction-publique-mode-demploi\/","og_locale":"fr_FR","og_type":"article","og_title":"Entretien professionnel dans la fonction publique : mode d\u2019emploi ! - Le Blog GERESO","og_description":"D\u2019abord introduit dans la fonction publique d\u2019Etat, puis exp\u00e9riment\u00e9 dans la fonction publique hospitali\u00e8re et territoriale, il est aujourd\u2019hui g\u00e9n\u00e9ralis\u00e9 \u00e0 l\u2019ensemble des structures publiques. Cependant, le champ applicatif est diff\u00e9rent selon la fonction publique \u00e0 laquelle les agents appartiennent. Tous les managers ont donc d\u00fb passer de la notation \u00e0 l\u2019\u00e9valuation et cela n\u2019a [&hellip;]","og_url":"https:\/\/www.gereso.com\/actualites\/2018\/12\/03\/entretien-professionnel-fonction-publique-mode-demploi\/","og_site_name":"Le Blog GERESO","article_published_time":"2018-12-03T16:10:54+00:00","article_modified_time":"2019-02-12T08:48:05+00:00","og_image":[{"width":600,"height":400,"url":"https:\/\/www.gereso.com\/actualites\/wp-content\/uploads\/2018\/12\/Entretien-professionnel-dans-la-fonction-publique-mode-d\u2019emploi.jpg","type":"image\/jpeg"}],"author":"St\u00e9phanie Denis-Laventure","twitter_card":"summary_large_image","schema":{"@context":"https:\/\/schema.org","@graph":[{"@type":"WebPage","@id":"https:\/\/www.gereso.com\/actualites\/2018\/12\/03\/entretien-professionnel-fonction-publique-mode-demploi\/","url":"https:\/\/www.gereso.com\/actualites\/2018\/12\/03\/entretien-professionnel-fonction-publique-mode-demploi\/","name":"Entretien professionnel dans la fonction publique : mode d\u2019emploi ! - Le Blog GERESO","isPartOf":{"@id":"https:\/\/www.gereso.com\/actualites\/#website"},"primaryImageOfPage":{"@id":"https:\/\/www.gereso.com\/actualites\/2018\/12\/03\/entretien-professionnel-fonction-publique-mode-demploi\/#primaryimage"},"image":{"@id":"https:\/\/www.gereso.com\/actualites\/2018\/12\/03\/entretien-professionnel-fonction-publique-mode-demploi\/#primaryimage"},"thumbnailUrl":"https:\/\/www.gereso.com\/actualites\/wp-content\/uploads\/2018\/12\/Entretien-professionnel-dans-la-fonction-publique-mode-d\u2019emploi.jpg","datePublished":"2018-12-03T16:10:54+00:00","dateModified":"2019-02-12T08:48:05+00:00","author":{"@id":"https:\/\/www.gereso.com\/actualites\/#\/schema\/person\/cb1970558fe89d1436238f03a08bc0c3"},"breadcrumb":{"@id":"https:\/\/www.gereso.com\/actualites\/2018\/12\/03\/entretien-professionnel-fonction-publique-mode-demploi\/#breadcrumb"},"inLanguage":"fr-FR","potentialAction":[{"@type":"ReadAction","target":["https:\/\/www.gereso.com\/actualites\/2018\/12\/03\/entretien-professionnel-fonction-publique-mode-demploi\/"]}]},{"@type":"ImageObject","inLanguage":"fr-FR","@id":"https:\/\/www.gereso.com\/actualites\/2018\/12\/03\/entretien-professionnel-fonction-publique-mode-demploi\/#primaryimage","url":"https:\/\/www.gereso.com\/actualites\/wp-content\/uploads\/2018\/12\/Entretien-professionnel-dans-la-fonction-publique-mode-d\u2019emploi.jpg","contentUrl":"https:\/\/www.gereso.com\/actualites\/wp-content\/uploads\/2018\/12\/Entretien-professionnel-dans-la-fonction-publique-mode-d\u2019emploi.jpg","width":600,"height":400,"caption":"Entretien professionnel dans la fonction publique mode d\u2019emploi"},{"@type":"BreadcrumbList","@id":"https:\/\/www.gereso.com\/actualites\/2018\/12\/03\/entretien-professionnel-fonction-publique-mode-demploi\/#breadcrumb","itemListElement":[{"@type":"ListItem","position":1,"name":"Home","item":"https:\/\/www.gereso.com\/actualites\/"},{"@type":"ListItem","position":2,"name":"Entretien professionnel dans la fonction publique : mode d\u2019emploi !"}]},{"@type":"WebSite","@id":"https:\/\/www.gereso.com\/actualites\/#website","url":"https:\/\/www.gereso.com\/actualites\/","name":"Le Blog GERESO","description":"Toute l&#039;actu RH, Finance, Fonction Publique, Management...","potentialAction":[{"@type":"SearchAction","target":{"@type":"EntryPoint","urlTemplate":"https:\/\/www.gereso.com\/actualites\/?s={search_term_string}"},"query-input":{"@type":"PropertyValueSpecification","valueRequired":true,"valueName":"search_term_string"}}],"inLanguage":"fr-FR"},{"@type":"Person","@id":"https:\/\/www.gereso.com\/actualites\/#\/schema\/person\/cb1970558fe89d1436238f03a08bc0c3","name":"St\u00e9phanie Denis-Laventure","image":{"@type":"ImageObject","inLanguage":"fr-FR","@id":"https:\/\/www.gereso.com\/actualites\/#\/schema\/person\/image\/","url":"https:\/\/www.gereso.com\/actualites\/wp-content\/uploads\/2019\/02\/SDenisLaventure-144x144.png","contentUrl":"https:\/\/www.gereso.com\/actualites\/wp-content\/uploads\/2019\/02\/SDenisLaventure-144x144.png","caption":"St\u00e9phanie Denis-Laventure"},"description":"St\u00e9phanie Denis Laventure est consultante en droit de la fonction publique et gestion des Ressources Humaines. Elle a travaill\u00e9 15 ans pour des \u00e9tablissements de la Fonction Publique Territoriale et Hospitali\u00e8re sur l'ensemble du processus de gestion des agents (recrutement, mobilit\u00e9, formation, reclassement, gestion pr\u00e9visionnelle des m\u00e9tiers et des comp\u00e9tences...). Elle forme les gestionnaires RH sur ces th\u00e9matiques depuis 2010.","url":"https:\/\/www.gereso.com\/actualites\/author\/s-denislaventure\/"}]}},"_links":{"self":[{"href":"https:\/\/www.gereso.com\/actualites\/wp-json\/wp\/v2\/posts\/9741","targetHints":{"allow":["GET"]}}],"collection":[{"href":"https:\/\/www.gereso.com\/actualites\/wp-json\/wp\/v2\/posts"}],"about":[{"href":"https:\/\/www.gereso.com\/actualites\/wp-json\/wp\/v2\/types\/post"}],"author":[{"embeddable":true,"href":"https:\/\/www.gereso.com\/actualites\/wp-json\/wp\/v2\/users\/63"}],"replies":[{"embeddable":true,"href":"https:\/\/www.gereso.com\/actualites\/wp-json\/wp\/v2\/comments?post=9741"}],"version-history":[{"count":4,"href":"https:\/\/www.gereso.com\/actualites\/wp-json\/wp\/v2\/posts\/9741\/revisions"}],"predecessor-version":[{"id":10057,"href":"https:\/\/www.gereso.com\/actualites\/wp-json\/wp\/v2\/posts\/9741\/revisions\/10057"}],"wp:featuredmedia":[{"embeddable":true,"href":"https:\/\/www.gereso.com\/actualites\/wp-json\/wp\/v2\/media\/9742"}],"wp:attachment":[{"href":"https:\/\/www.gereso.com\/actualites\/wp-json\/wp\/v2\/media?parent=9741"}],"wp:term":[{"taxonomy":"category","embeddable":true,"href":"https:\/\/www.gereso.com\/actualites\/wp-json\/wp\/v2\/categories?post=9741"},{"taxonomy":"post_tag","embeddable":true,"href":"https:\/\/www.gereso.com\/actualites\/wp-json\/wp\/v2\/tags?post=9741"}],"curies":[{"name":"wp","href":"https:\/\/api.w.org\/{rel}","templated":true}]}}