{"id":9758,"date":"2018-12-10T12:31:13","date_gmt":"2018-12-10T10:31:13","guid":{"rendered":"https:\/\/www.gereso.com\/actualites\/?p=9758"},"modified":"2018-12-10T22:50:07","modified_gmt":"2018-12-10T20:50:07","slug":"cir-premier-recrutement-dun-docteur","status":"publish","type":"post","link":"https:\/\/www.gereso.com\/actualites\/2018\/12\/10\/cir-premier-recrutement-dun-docteur\/","title":{"rendered":"CIR : premier recrutement d\u2019un docteur"},"content":{"rendered":"\n<p>Dans le cadre de la d\u00e9termination du montant du <strong>cr\u00e9dit d\u2019imp\u00f4t recherche<\/strong> (CIR), l\u2019administration fiscale vient de pr\u00e9ciser la notion de premier recrutement d\u2019un <strong>jeune docteur<\/strong>.<\/p>\n\n\n\n<h2 class=\"wp-block-heading\"><strong>Les frais de\npersonnel de docteurs retenus pour le double<\/strong><\/h2>\n\n\n\n<p>Les entreprises qui engagent des d\u00e9penses de recherche et d\u00e9veloppement peuvent b\u00e9n\u00e9ficier du <strong>CIR <\/strong>au taux de taux de 30% jusqu\u2019\u00e0 100 millions \u20ac et 5% au-del\u00e0. La base de calcul de l\u2019avantage fiscal est constitu\u00e9e de l\u2019ensemble des frais exclusivement engag\u00e9s pour un projet de recherche sp\u00e9cifique.<\/p>\n\n\n\n<p>Selon le b de II de l\u2019article 244 quater B du CGI, les d\u00e9penses de personnel n\u2019entrent dans l\u2019assiette que pour les chercheurs et techniciens de recherche affect\u00e9s aux op\u00e9rations de cette nature. Les d\u00e9penses de personnel relatives \u00e0 un titulaire d\u2019un <strong>doctorat\u00a0<\/strong>sont retenues pour le <strong>double<\/strong> de leur montant pour <strong>les 24 premiers<\/strong> mois suivant le premier recrutement de ce salari\u00e9 en CDI, \u00e0 condition que l\u2019effectif de personnel de recherche ne soit pas inf\u00e9rieur \u00e0 celui de l\u2019ann\u00e9e pr\u00e9c\u00e9dente.<\/p>\n\n\n\n<h2 class=\"wp-block-heading\"><strong>La notion de premier recrutement pr\u00e9cis\u00e9e<\/strong><\/h2>\n\n\n\n<p>L\u2019administration fiscale a d\u00e9j\u00e0 pr\u00e9cis\u00e9 par le pass\u00e9 cette notion de premier recrutement pour un titulaire de doctorat. Seul le <strong>premier recrutement<\/strong> en CDI suivant l\u2019obtention du dipl\u00f4me, pour des fonctions li\u00e9es au niveau du doctorat permet de b\u00e9n\u00e9ficier du doublement de ces d\u00e9penses pour la d\u00e9termination de l\u2019assiette du CIR.<\/p>\n\n\n\n<p>La doctrine admet \u00e9galement que les <strong>ruptures de p\u00e9riodes d\u2019essai<\/strong> ne soient pas prises en compte. Dans ce cas, l\u2019employeur qui recrute ce salari\u00e9 titulaire du doctorat apr\u00e8s unetelle rupture b\u00e9n\u00e9ficiera de la qualification de premier recrutement. Cette tol\u00e9rance n\u2019est en revanche appliqu\u00e9e qu\u2019une seule fois.<\/p>\n\n\n\n<p>R\u00e9cemment, l\u2019administration fiscale a \u00e9galement pr\u00e9cis\u00e9 dans le cadre d\u2019un rescrit (<a href=\"http:\/\/bofip.impots.gouv.fr\/bofip\/11534-PGP.html?identifiant=BOI-RES-000017-20181205\">BOI-RES-000017-20181205, actualit\u00e9 BOFiP du 5 d\u00e9cembre 2018<\/a>) que cette tol\u00e9rance s\u2019appliquait \u00e9galement en cas de <strong>licenciement \u00e9conomique<\/strong> d\u2019un docteur intervenant moins de <strong>8 mois<\/strong> apr\u00e8s ce premier recrutement. Le code du travail pr\u00e9voit une dur\u00e9e de p\u00e9riode d\u2019essai pour un cadre de 4 mois,renouvelable une fois, soit 8 mois au maximum. Un licenciement \u00e9conomique pendant les 8 premiers mois, m\u00eame sans p\u00e9riode d\u2019essai pr\u00e9vue au contrat pourra ainsi \u00eatre assimil\u00e9e comme telle. Le prochain employeur du docteur b\u00e9n\u00e9ficiera alors de la qualification de premier recrutement et du doublement de l\u2019assiette du CIR. <\/p>\n","protected":false},"excerpt":{"rendered":"<p>Dans le cadre de la d\u00e9termination du montant du cr\u00e9dit d\u2019imp\u00f4t recherche (CIR), l\u2019administration fiscale vient de pr\u00e9ciser la notion de premier recrutement d\u2019un jeune docteur. Les frais de personnel de docteurs retenus pour le double Les entreprises qui engagent des d\u00e9penses de recherche et d\u00e9veloppement peuvent b\u00e9n\u00e9ficier du CIR au taux de taux de [&hellip;]<\/p>\n","protected":false},"author":45,"featured_media":0,"comment_status":"open","ping_status":"open","sticky":false,"template":"","format":"quote","meta":{"_acf_changed":false,"_mi_skip_tracking":false,"footnotes":""},"categories":[12,3],"tags":[215,1045],"class_list":["post-9758","post","type-post","status-publish","format-quote","hentry","category-actualites","category-comptabilite-fiscalite-et-gestion-financiere","tag-cir","tag-credit-dimpot","post_format-post-format-quote"],"acf":[],"yoast_head":"<!-- This site is optimized with the Yoast SEO plugin v23.4 - https:\/\/yoast.com\/wordpress\/plugins\/seo\/ -->\n<title>CIR : premier recrutement d\u2019un docteur - Le Blog GERESO<\/title>\n<meta name=\"robots\" content=\"index, follow, max-snippet:-1, max-image-preview:large, max-video-preview:-1\" \/>\n<link rel=\"canonical\" href=\"https:\/\/www.gereso.com\/actualites\/2018\/12\/10\/cir-premier-recrutement-dun-docteur\/\" \/>\n<meta property=\"og:locale\" content=\"fr_FR\" \/>\n<meta property=\"og:type\" content=\"article\" \/>\n<meta property=\"og:title\" content=\"CIR : premier recrutement d\u2019un docteur - Le Blog GERESO\" \/>\n<meta property=\"og:description\" content=\"Dans le cadre de la d\u00e9termination du montant du cr\u00e9dit d\u2019imp\u00f4t recherche (CIR), l\u2019administration fiscale vient de pr\u00e9ciser la notion de premier recrutement d\u2019un jeune docteur. Les frais de personnel de docteurs retenus pour le double Les entreprises qui engagent des d\u00e9penses de recherche et d\u00e9veloppement peuvent b\u00e9n\u00e9ficier du CIR au taux de taux de [&hellip;]\" \/>\n<meta property=\"og:url\" content=\"https:\/\/www.gereso.com\/actualites\/2018\/12\/10\/cir-premier-recrutement-dun-docteur\/\" \/>\n<meta property=\"og:site_name\" content=\"Le Blog GERESO\" \/>\n<meta property=\"article:published_time\" content=\"2018-12-10T10:31:13+00:00\" \/>\n<meta property=\"article:modified_time\" content=\"2018-12-10T20:50:07+00:00\" \/>\n<meta name=\"author\" content=\"Damien P\u00e9an\" \/>\n<meta name=\"twitter:card\" content=\"summary_large_image\" \/>\n<script type=\"application\/ld+json\" class=\"yoast-schema-graph\">{\"@context\":\"https:\/\/schema.org\",\"@graph\":[{\"@type\":\"WebPage\",\"@id\":\"https:\/\/www.gereso.com\/actualites\/2018\/12\/10\/cir-premier-recrutement-dun-docteur\/\",\"url\":\"https:\/\/www.gereso.com\/actualites\/2018\/12\/10\/cir-premier-recrutement-dun-docteur\/\",\"name\":\"CIR : premier recrutement d\u2019un docteur - Le Blog GERESO\",\"isPartOf\":{\"@id\":\"https:\/\/www.gereso.com\/actualites\/#website\"},\"datePublished\":\"2018-12-10T10:31:13+00:00\",\"dateModified\":\"2018-12-10T20:50:07+00:00\",\"author\":{\"@id\":\"https:\/\/www.gereso.com\/actualites\/#\/schema\/person\/c91814f92d627ed4715993fbbf7c7e8d\"},\"breadcrumb\":{\"@id\":\"https:\/\/www.gereso.com\/actualites\/2018\/12\/10\/cir-premier-recrutement-dun-docteur\/#breadcrumb\"},\"inLanguage\":\"fr-FR\",\"potentialAction\":[{\"@type\":\"ReadAction\",\"target\":[\"https:\/\/www.gereso.com\/actualites\/2018\/12\/10\/cir-premier-recrutement-dun-docteur\/\"]}]},{\"@type\":\"BreadcrumbList\",\"@id\":\"https:\/\/www.gereso.com\/actualites\/2018\/12\/10\/cir-premier-recrutement-dun-docteur\/#breadcrumb\",\"itemListElement\":[{\"@type\":\"ListItem\",\"position\":1,\"name\":\"Home\",\"item\":\"https:\/\/www.gereso.com\/actualites\/\"},{\"@type\":\"ListItem\",\"position\":2,\"name\":\"CIR : premier recrutement d\u2019un docteur\"}]},{\"@type\":\"WebSite\",\"@id\":\"https:\/\/www.gereso.com\/actualites\/#website\",\"url\":\"https:\/\/www.gereso.com\/actualites\/\",\"name\":\"Le Blog GERESO\",\"description\":\"Toute l&#039;actu RH, Finance, Fonction Publique, Management...\",\"potentialAction\":[{\"@type\":\"SearchAction\",\"target\":{\"@type\":\"EntryPoint\",\"urlTemplate\":\"https:\/\/www.gereso.com\/actualites\/?s={search_term_string}\"},\"query-input\":{\"@type\":\"PropertyValueSpecification\",\"valueRequired\":true,\"valueName\":\"search_term_string\"}}],\"inLanguage\":\"fr-FR\"},{\"@type\":\"Person\",\"@id\":\"https:\/\/www.gereso.com\/actualites\/#\/schema\/person\/c91814f92d627ed4715993fbbf7c7e8d\",\"name\":\"Damien P\u00e9an\",\"image\":{\"@type\":\"ImageObject\",\"inLanguage\":\"fr-FR\",\"@id\":\"https:\/\/www.gereso.com\/actualites\/#\/schema\/person\/image\/\",\"url\":\"https:\/\/www.gereso.com\/actualites\/wp-content\/uploads\/2016\/03\/damien-pean.jpg\",\"contentUrl\":\"https:\/\/www.gereso.com\/actualites\/wp-content\/uploads\/2016\/03\/damien-pean.jpg\",\"caption\":\"Damien P\u00e9an\"},\"description\":\"Damien P\u00c9AN est titulaire du Dipl\u00f4me d'\u00e9tudes sup\u00e9rieures comptables et financi\u00e8res (DESCF). Il intervient depuis plusieurs ann\u00e9es aupr\u00e8s d'\u00e9tudiants en licence de comptabilit\u00e9 et de gestion, \u00e0 qui il enseigne le contr\u00f4le de gestion, la comptabilit\u00e9 approfondie, le management, la fiscalit\u00e9, le droit des soci\u00e9t\u00e9s et le droit du travail. Il intervient \u00e9galement en formation continue pour le compte de divers organismes de formation sur des th\u00e9matiques techniques en comptabilit\u00e9 et fiscalit\u00e9. Il forme aussi un public de non-initi\u00e9s aux fondamentaux de la finance.\",\"url\":\"https:\/\/www.gereso.com\/actualites\/author\/d-pean\/\"}]}<\/script>\n<!-- \/ Yoast SEO plugin. -->","yoast_head_json":{"title":"CIR : premier recrutement d\u2019un docteur - Le Blog GERESO","robots":{"index":"index","follow":"follow","max-snippet":"max-snippet:-1","max-image-preview":"max-image-preview:large","max-video-preview":"max-video-preview:-1"},"canonical":"https:\/\/www.gereso.com\/actualites\/2018\/12\/10\/cir-premier-recrutement-dun-docteur\/","og_locale":"fr_FR","og_type":"article","og_title":"CIR : premier recrutement d\u2019un docteur - Le Blog GERESO","og_description":"Dans le cadre de la d\u00e9termination du montant du cr\u00e9dit d\u2019imp\u00f4t recherche (CIR), l\u2019administration fiscale vient de pr\u00e9ciser la notion de premier recrutement d\u2019un jeune docteur. Les frais de personnel de docteurs retenus pour le double Les entreprises qui engagent des d\u00e9penses de recherche et d\u00e9veloppement peuvent b\u00e9n\u00e9ficier du CIR au taux de taux de [&hellip;]","og_url":"https:\/\/www.gereso.com\/actualites\/2018\/12\/10\/cir-premier-recrutement-dun-docteur\/","og_site_name":"Le Blog GERESO","article_published_time":"2018-12-10T10:31:13+00:00","article_modified_time":"2018-12-10T20:50:07+00:00","author":"Damien P\u00e9an","twitter_card":"summary_large_image","schema":{"@context":"https:\/\/schema.org","@graph":[{"@type":"WebPage","@id":"https:\/\/www.gereso.com\/actualites\/2018\/12\/10\/cir-premier-recrutement-dun-docteur\/","url":"https:\/\/www.gereso.com\/actualites\/2018\/12\/10\/cir-premier-recrutement-dun-docteur\/","name":"CIR : premier recrutement d\u2019un docteur - Le Blog GERESO","isPartOf":{"@id":"https:\/\/www.gereso.com\/actualites\/#website"},"datePublished":"2018-12-10T10:31:13+00:00","dateModified":"2018-12-10T20:50:07+00:00","author":{"@id":"https:\/\/www.gereso.com\/actualites\/#\/schema\/person\/c91814f92d627ed4715993fbbf7c7e8d"},"breadcrumb":{"@id":"https:\/\/www.gereso.com\/actualites\/2018\/12\/10\/cir-premier-recrutement-dun-docteur\/#breadcrumb"},"inLanguage":"fr-FR","potentialAction":[{"@type":"ReadAction","target":["https:\/\/www.gereso.com\/actualites\/2018\/12\/10\/cir-premier-recrutement-dun-docteur\/"]}]},{"@type":"BreadcrumbList","@id":"https:\/\/www.gereso.com\/actualites\/2018\/12\/10\/cir-premier-recrutement-dun-docteur\/#breadcrumb","itemListElement":[{"@type":"ListItem","position":1,"name":"Home","item":"https:\/\/www.gereso.com\/actualites\/"},{"@type":"ListItem","position":2,"name":"CIR : premier recrutement d\u2019un docteur"}]},{"@type":"WebSite","@id":"https:\/\/www.gereso.com\/actualites\/#website","url":"https:\/\/www.gereso.com\/actualites\/","name":"Le Blog GERESO","description":"Toute l&#039;actu RH, Finance, Fonction Publique, Management...","potentialAction":[{"@type":"SearchAction","target":{"@type":"EntryPoint","urlTemplate":"https:\/\/www.gereso.com\/actualites\/?s={search_term_string}"},"query-input":{"@type":"PropertyValueSpecification","valueRequired":true,"valueName":"search_term_string"}}],"inLanguage":"fr-FR"},{"@type":"Person","@id":"https:\/\/www.gereso.com\/actualites\/#\/schema\/person\/c91814f92d627ed4715993fbbf7c7e8d","name":"Damien P\u00e9an","image":{"@type":"ImageObject","inLanguage":"fr-FR","@id":"https:\/\/www.gereso.com\/actualites\/#\/schema\/person\/image\/","url":"https:\/\/www.gereso.com\/actualites\/wp-content\/uploads\/2016\/03\/damien-pean.jpg","contentUrl":"https:\/\/www.gereso.com\/actualites\/wp-content\/uploads\/2016\/03\/damien-pean.jpg","caption":"Damien P\u00e9an"},"description":"Damien P\u00c9AN est titulaire du Dipl\u00f4me d'\u00e9tudes sup\u00e9rieures comptables et financi\u00e8res (DESCF). Il intervient depuis plusieurs ann\u00e9es aupr\u00e8s d'\u00e9tudiants en licence de comptabilit\u00e9 et de gestion, \u00e0 qui il enseigne le contr\u00f4le de gestion, la comptabilit\u00e9 approfondie, le management, la fiscalit\u00e9, le droit des soci\u00e9t\u00e9s et le droit du travail. Il intervient \u00e9galement en formation continue pour le compte de divers organismes de formation sur des th\u00e9matiques techniques en comptabilit\u00e9 et fiscalit\u00e9. Il forme aussi un public de non-initi\u00e9s aux fondamentaux de la finance.","url":"https:\/\/www.gereso.com\/actualites\/author\/d-pean\/"}]}},"_links":{"self":[{"href":"https:\/\/www.gereso.com\/actualites\/wp-json\/wp\/v2\/posts\/9758","targetHints":{"allow":["GET"]}}],"collection":[{"href":"https:\/\/www.gereso.com\/actualites\/wp-json\/wp\/v2\/posts"}],"about":[{"href":"https:\/\/www.gereso.com\/actualites\/wp-json\/wp\/v2\/types\/post"}],"author":[{"embeddable":true,"href":"https:\/\/www.gereso.com\/actualites\/wp-json\/wp\/v2\/users\/45"}],"replies":[{"embeddable":true,"href":"https:\/\/www.gereso.com\/actualites\/wp-json\/wp\/v2\/comments?post=9758"}],"version-history":[{"count":2,"href":"https:\/\/www.gereso.com\/actualites\/wp-json\/wp\/v2\/posts\/9758\/revisions"}],"predecessor-version":[{"id":9799,"href":"https:\/\/www.gereso.com\/actualites\/wp-json\/wp\/v2\/posts\/9758\/revisions\/9799"}],"wp:attachment":[{"href":"https:\/\/www.gereso.com\/actualites\/wp-json\/wp\/v2\/media?parent=9758"}],"wp:term":[{"taxonomy":"category","embeddable":true,"href":"https:\/\/www.gereso.com\/actualites\/wp-json\/wp\/v2\/categories?post=9758"},{"taxonomy":"post_tag","embeddable":true,"href":"https:\/\/www.gereso.com\/actualites\/wp-json\/wp\/v2\/tags?post=9758"}],"curies":[{"name":"wp","href":"https:\/\/api.w.org\/{rel}","templated":true}]}}