{"id":9773,"date":"2018-12-10T15:40:10","date_gmt":"2018-12-10T13:40:10","guid":{"rendered":"https:\/\/www.gereso.com\/actualites\/?p=9773"},"modified":"2018-12-18T14:48:22","modified_gmt":"2018-12-18T12:48:22","slug":"abandon-de-poste","status":"publish","type":"post","link":"https:\/\/www.gereso.com\/actualites\/2018\/12\/10\/abandon-de-poste\/","title":{"rendered":"L\u2019abandon de poste"},"content":{"rendered":"\n<p>Quel est l\u2019int\u00e9r\u00eat pour un salari\u00e9 d\u2019abandonner son poste de travail&nbsp;? Quels sont les risques pour le salari\u00e9 d\u2019abandonner son poste de travail&nbsp;? L\u2019abandon de poste peut-il \u00eatre assimil\u00e9 \u00e0 une d\u00e9mission&nbsp;? Que doit faire l\u2019employeur en cas d\u2019abandon de poste&nbsp;? Voici autant de questions auxquelles nous allons tenter de r\u00e9pondre dans ce dossier.<\/p>\n\n\n\n<h2 class=\"wp-block-heading\"><span style=\"color:#d10016\"><strong>Abandon de poste&nbsp;: quel int\u00e9r\u00eat pour le salari\u00e9 ?<\/strong><\/span><\/h2>\n\n\n\n<p>En pratique, un salari\u00e9 peut avoir recours \u00e0 l\u2019abandon de poste lorsqu&rsquo;il souhaite <strong>quitter son entreprise rapidement<\/strong> mais qu\u2019il souhaite quand m\u00eame <strong>percevoir des allocations ch\u00f4mage.<\/strong><\/p>\n\n\n\n<p>En effet, alors que la <strong>d\u00e9mission<\/strong> ne donne pas droit au b\u00e9n\u00e9fice des allocations ch\u00f4mage (sauf dans des situations sp\u00e9cifiques de d\u00e9missions l\u00e9gitimes), <strong>le licenciement qui sanctionne l&rsquo;abandon de poste<\/strong> peut permettre au salari\u00e9 de <strong>b\u00e9n\u00e9ficier des allocations ch\u00f4mage<\/strong> \u00e0 condition de respecter les conditions requises par P\u00f4le emploi.<\/p>\n\n\n\n<p>Il est donc conseill\u00e9 au salari\u00e9 qui souhaite quitter son entreprise de tenter de conclure une <strong>rupture conventionnelle<\/strong> avec son employeur. En effet, la rupture conventionnelle permet \u00e0 l&#8217;employeur et au salari\u00e9 en contrat \u00e0 dur\u00e9e ind\u00e9termin\u00e9e (CDI) de convenir d&rsquo;un commun accord des conditions sp\u00e9cifiques pour rompre le contrat de travail qui les lie. Ainsi,cette proc\u00e9dure donne droit au versement d\u2019une indemnit\u00e9 de d\u00e9part mais aussi \u00e0 des allocations ch\u00f4mage. Rappelons toutefois que l&#8217;employeur n&rsquo;est jamais oblig\u00e9 d&rsquo;accepter une rupture conventionnelle.<\/p>\n\n\n\n<p><strong>Attention.<\/strong> Seul le salari\u00e9 en CDI peut n\u00e9gocier une rupture conventionnelle. Le dispositif ne s&rsquo;applique pas au salari\u00e9 en contrat \u00e0 dur\u00e9e d\u00e9termin\u00e9e, au salari\u00e9 en contrat de travail temporaire ou encore, \u00e0 l\u2019agent de la fonction publique qu\u2019il soit titulaire ou contractuel.<\/p>\n\n\n\n<h2 class=\"wp-block-heading\"><span style=\"color:#d10016\"><strong>Quels sont les risques pour le salari\u00e9 d\u2019abandonner son poste de travail&nbsp;?<\/strong><\/span><\/h2>\n\n\n\n<p>D\u00e8s lors o\u00f9 le salari\u00e9 abandonne son poste de travail, il va voir son <strong>salaire suspendu.<\/strong> En effet, le salaire \u00e9tant la contrepartie du travail effectu\u00e9,il semble tout \u00e0 fait logique qu\u2019aucune r\u00e9mun\u00e9ration ne soit vers\u00e9e en cas d\u2019absence irr\u00e9guli\u00e8re.<\/p>\n\n\n\n<p>De m\u00eame, tant que son licenciement n\u2019est pas prononc\u00e9, le salari\u00e9 <strong>ne peut pas obtenir d\u2019allocations de ch\u00f4mage<\/strong>. Le salari\u00e9 se retrouve donc sans aucune ressource&nbsp;: ni r\u00e9mun\u00e9ration, ni indemnit\u00e9 de ch\u00f4mage. Et en pratique, pour punir le comportement du salari\u00e9, l\u2019employeur peut laisser passer beaucoup de temps avant de mettre en \u0153uvre la <strong>proc\u00e9dure de licenciement<\/strong> pour abandon de poste.<\/p>\n\n\n\n<p>De m\u00eame, notons que le salari\u00e9,tant qu\u2019il n\u2019est pas licenci\u00e9, ne re\u00e7oit <strong>ni solde de tout compte, ni certificat de travail, ni attestation pour P\u00f4le Emploi<\/strong>.Le salari\u00e9 n\u2019est donc pas disponible pour un nouvel emploi. L\u2019abandon de poste est donc souvent <strong>une mauvaise id\u00e9e si le salari\u00e9 souhaite \u00eatre licenci\u00e9 rapidement.<\/strong><\/p>\n\n\n\n<p>Par ailleurs, le salari\u00e9 qui abandonne son poste de travail peut se voir r\u00e9clamer par l\u2019employeur une <strong>indemnit\u00e9 dite de brusque rupture<\/strong>.Cette indemnit\u00e9 de brusque rupture ne peut toutefois \u00eatre demand\u00e9e que si l\u2019employeur saisit le Conseil de prud\u2019hommes et d\u00e9montre une <strong>intention de nuire ou un abus manifeste du salari\u00e9<\/strong>. En pratique, le paiement de cette indemnit\u00e9 est assez rare. Elle peut toutefois se retrouver dans les tr\u00e8s petites entreprises o\u00f9 le d\u00e9part d\u2019un seul salari\u00e9 est pr\u00e9judiciable ou encore dans le cas o\u00f9 l\u2019abandon de poste est effectu\u00e9 pour rejoindre une entreprise concurrente.<\/p>\n\n\n\n<h2 class=\"wp-block-heading\"><span style=\"color:#d10016\"><strong>Abandon de poste&nbsp;: peut-il \u00eatre assimil\u00e9 \u00e0 une d\u00e9mission&nbsp;?<\/strong><\/span><\/h2>\n\n\n\n<p>En g\u00e9n\u00e9ral, en cas d\u2019abandon de poste, l\u2019employeur va souvent <strong>prendre acte de la rupture du contrat de travail<\/strong> et consid\u00e8re alors le salari\u00e9 comme <strong>d\u00e9missionnaire. <\/strong><\/p>\n\n\n\n<p>Toutefois, consid\u00e9rer le salari\u00e9 comme d\u00e9missionnaire est tr\u00e8s dangereux. En effet, en droit du travail, <strong>la d\u00e9mission suppose une volont\u00e9 claire et non \u00e9quivoque<\/strong> du salari\u00e9 de mettre fin \u00e0 son contrat de travail. En g\u00e9n\u00e9ral, cette volont\u00e9 claire et non \u00e9quivoque suppose que le salari\u00e9 envoie une lettre de d\u00e9mission.<\/p>\n\n\n\n<p>D\u00e8s lors, selon les tribunaux, <strong>le fait de ne pas ex\u00e9cuter son contrat de travail ne peut pas \u00eatre assimil\u00e9 \u00e0 une d\u00e9mission<\/strong>. La prise d&rsquo;acte de la rupture du contrat de travail par l&#8217;employeur est alors assimil\u00e9e \u00e0 un licenciement sans cause r\u00e9elle et s\u00e9rieuse. L\u2019employeur doit alors verser au salari\u00e9 des indemnit\u00e9s pour licenciement injustifi\u00e9 dont le montant varie selon l\u2019anciennet\u00e9 du salari\u00e9 et l\u2019effectif de l\u2019entreprise.<\/p>\n\n\n\n<h2 class=\"wp-block-heading\"><span style=\"color:#d10016\"><strong>Que doit faire l&#8217;employeur en cas d\u2019abandon de poste ?<\/strong><\/span><\/h2>\n\n\n\n<p>Il est important que l\u2019employeur n\u2019agisse pas sur un coup de t\u00eate.<\/p>\n\n\n\n<p>L\u2019employeur doit donc essayer de <strong>contacter le salari\u00e9 ou ses proches<\/strong> pour essayer de conna\u00eetre les raisons de cette absence. Pour cela, l\u2019employeur peut envoyer au salari\u00e9 une <strong>lettre recommand\u00e9e avec accus\u00e9 de r\u00e9ception<\/strong> lui demandant de reprendre son poste de travail et\/ou de justifier son absence.<\/p>\n\n\n\n<p>Si le salari\u00e9 ne reprend pas le travail ou s\u2019il ne peut justifier son absence au travail, l\u2019employeur peut alors engager une <strong>proc\u00e9dure de licenciement<\/strong>. Ce licenciement peut \u00eatre justifi\u00e9 par une faute grave. Bien entendu, l\u2019employeur doit alors respecter toute la proc\u00e9dure li\u00e9e au licenciement pour faute grave&nbsp;: convocation \u00e0 un entretien pr\u00e9alable au licenciement, entretien pr\u00e9alable au licenciement et notification du licenciement.<\/p>\n\n\n\n<p><strong>Attention.<\/strong> M\u00eame si le salari\u00e9 ne se pr\u00e9sente pas \u00e0 l&rsquo;entretien pr\u00e9alable au licenciement, cette absence ne peut \u00eatre assimil\u00e9e \u00e0 une d\u00e9mission.<\/p>\n\n\n\n<p>Dans certaines situation,l&rsquo;abandon de poste du salari\u00e9 ne peut justifier son licenciement. Il en est notamment ainsi lorsque le salari\u00e9 quitte son poste de travail sans autorisation de l&#8217;employeur pour aller \u00e0 une <strong>consultation de son m\u00e9decin<\/strong> si son \u00e9tat de sant\u00e9 le justifie, encas de <strong>d\u00e9c\u00e8s d\u2019un proche<\/strong> ou encore,pour <strong>exercer son droit de retrait.<\/strong><\/p>\n\n\n\n<p><strong>Rappel.<\/strong> Le <strong>droit de retrait <\/strong>permet au salari\u00e9 d&rsquo;arr\u00eater son travail sans l&rsquo;accord de son employeur ou encore, de quitter son lieu de travail pour se mettre en s\u00e9curit\u00e9.Tant que le danger persiste, le salari\u00e9 n\u2019est pas oblig\u00e9 de reprendre son activit\u00e9. Aucune sanction ou retenue de salaire ne peut \u00eatre prise par l&#8217;employeur contre le salari\u00e9 qui a exerc\u00e9 son droit de retrait de mani\u00e8re l\u00e9gitime.<\/p>\n\n\n\n<h2 class=\"wp-block-heading\"><span style=\"color:#d10016\"><strong>Quelles sont les cons\u00e9quences du licenciement pour faute grave suite \u00e0 un abandon de poste&nbsp;?<\/strong><\/span><\/h2>\n\n\n\n<p>D\u00e8s lors que le salari\u00e9 a \u00e9t\u00e9 <strong>licenci\u00e9 pour faute grave<\/strong>, il a la possibilit\u00e9 d\u2019\u00eatre pris en charge par P\u00f4le emploi au titre des allocations de ch\u00f4mage s\u2019il remplit les conditions requises. <\/p>\n\n\n\n<p>Le fait que le licenciement fait suite \u00e0 un abandon de poste n\u2019a aucune cons\u00e9quence sur les r\u00e8gles li\u00e9es \u00e0 l\u2019assurance ch\u00f4mage. Toutefois, selon la mani\u00e8re dont l\u2019employeur remplit l\u2019attestation destin\u00e9e \u00e0 P\u00f4le emploi, il est possible que le dossier d\u2019indemnisation soit transmis par P\u00f4le emploi \u00e0 la <strong>commission pour examen<\/strong>. Cette transmission retarde alors le versement des allocations ch\u00f4mage. En pratique, la commission pour examen intervient si l\u2019employeur indique comme motif de rupture du contrat de travail <strong>\u00ab autre motif que licenciement&nbsp;: abandon de poste&nbsp;\u00bb <\/strong>plut\u00f4t que <strong>\u00ab licenciement pour faute grave&nbsp;\u00bb.<\/strong><\/p>\n\n\n\n<p>Enfin, notons que si le licenciement est fond\u00e9 sur une <strong>faute grave<\/strong>, le salari\u00e9 est alors priv\u00e9 de son <strong>indemnit\u00e9 de licenciement<\/strong> et de son <strong>indemnit\u00e9 compensatrice de pr\u00e9avis<\/strong>. En revanche, m\u00eame en cas de faute grave, le salari\u00e9 licenci\u00e9 peut toucher son indemnit\u00e9 compensatrice de cong\u00e9s pay\u00e9s.<\/p>\n","protected":false},"excerpt":{"rendered":"<p>Quel est l\u2019int\u00e9r\u00eat pour un salari\u00e9 d\u2019abandonner son poste de travail&nbsp;? Quels sont les risques pour le salari\u00e9 d\u2019abandonner son poste de travail&nbsp;? L\u2019abandon de poste peut-il \u00eatre assimil\u00e9 \u00e0 une d\u00e9mission&nbsp;? Que doit faire l\u2019employeur en cas d\u2019abandon de poste&nbsp;? Voici autant de questions auxquelles nous allons tenter de r\u00e9pondre dans ce dossier. Abandon [&hellip;]<\/p>\n","protected":false},"author":1,"featured_media":9777,"comment_status":"open","ping_status":"open","sticky":false,"template":"","format":"standard","meta":{"_acf_changed":false,"_mi_skip_tracking":false,"footnotes":""},"categories":[5],"tags":[1574,1575,32,255],"class_list":["post-9773","post","type-post","status-publish","format-standard","has-post-thumbnail","hentry","category-droit-du-travail","tag-abandon-poste","tag-brusque-rupture","tag-demission","tag-rupture-conventionnelle"],"acf":[],"yoast_head":"<!-- This site is optimized with the Yoast SEO plugin v23.4 - https:\/\/yoast.com\/wordpress\/plugins\/seo\/ -->\n<title>L\u2019abandon de poste - Le Blog GERESO<\/title>\n<meta name=\"robots\" content=\"index, follow, max-snippet:-1, max-image-preview:large, max-video-preview:-1\" \/>\n<link rel=\"canonical\" href=\"https:\/\/www.gereso.com\/actualites\/2018\/12\/10\/abandon-de-poste\/\" \/>\n<meta property=\"og:locale\" content=\"fr_FR\" \/>\n<meta property=\"og:type\" content=\"article\" \/>\n<meta property=\"og:title\" content=\"L\u2019abandon de poste - Le Blog GERESO\" \/>\n<meta property=\"og:description\" content=\"Quel est l\u2019int\u00e9r\u00eat pour un salari\u00e9 d\u2019abandonner son poste de travail&nbsp;? Quels sont les risques pour le salari\u00e9 d\u2019abandonner son poste de travail&nbsp;? L\u2019abandon de poste peut-il \u00eatre assimil\u00e9 \u00e0 une d\u00e9mission&nbsp;? Que doit faire l\u2019employeur en cas d\u2019abandon de poste&nbsp;? Voici autant de questions auxquelles nous allons tenter de r\u00e9pondre dans ce dossier. Abandon [&hellip;]\" \/>\n<meta property=\"og:url\" content=\"https:\/\/www.gereso.com\/actualites\/2018\/12\/10\/abandon-de-poste\/\" \/>\n<meta property=\"og:site_name\" content=\"Le Blog GERESO\" \/>\n<meta property=\"article:published_time\" content=\"2018-12-10T13:40:10+00:00\" \/>\n<meta property=\"article:modified_time\" content=\"2018-12-18T12:48:22+00:00\" \/>\n<meta property=\"og:image\" content=\"https:\/\/www.gereso.com\/actualites\/wp-content\/uploads\/2018\/12\/abandon-de-poste.jpg\" \/>\n\t<meta property=\"og:image:width\" content=\"600\" \/>\n\t<meta property=\"og:image:height\" content=\"400\" \/>\n\t<meta property=\"og:image:type\" content=\"image\/jpeg\" \/>\n<meta name=\"author\" content=\"GERESO\" \/>\n<meta name=\"twitter:card\" content=\"summary_large_image\" \/>\n<script type=\"application\/ld+json\" class=\"yoast-schema-graph\">{\"@context\":\"https:\/\/schema.org\",\"@graph\":[{\"@type\":\"WebPage\",\"@id\":\"https:\/\/www.gereso.com\/actualites\/2018\/12\/10\/abandon-de-poste\/\",\"url\":\"https:\/\/www.gereso.com\/actualites\/2018\/12\/10\/abandon-de-poste\/\",\"name\":\"L\u2019abandon de poste - Le Blog GERESO\",\"isPartOf\":{\"@id\":\"https:\/\/www.gereso.com\/actualites\/#website\"},\"primaryImageOfPage\":{\"@id\":\"https:\/\/www.gereso.com\/actualites\/2018\/12\/10\/abandon-de-poste\/#primaryimage\"},\"image\":{\"@id\":\"https:\/\/www.gereso.com\/actualites\/2018\/12\/10\/abandon-de-poste\/#primaryimage\"},\"thumbnailUrl\":\"https:\/\/www.gereso.com\/actualites\/wp-content\/uploads\/2018\/12\/abandon-de-poste.jpg\",\"datePublished\":\"2018-12-10T13:40:10+00:00\",\"dateModified\":\"2018-12-18T12:48:22+00:00\",\"author\":{\"@id\":\"https:\/\/www.gereso.com\/actualites\/#\/schema\/person\/d9b0bc27f2e9ae74ff7505881ce5306e\"},\"breadcrumb\":{\"@id\":\"https:\/\/www.gereso.com\/actualites\/2018\/12\/10\/abandon-de-poste\/#breadcrumb\"},\"inLanguage\":\"fr-FR\",\"potentialAction\":[{\"@type\":\"ReadAction\",\"target\":[\"https:\/\/www.gereso.com\/actualites\/2018\/12\/10\/abandon-de-poste\/\"]}]},{\"@type\":\"ImageObject\",\"inLanguage\":\"fr-FR\",\"@id\":\"https:\/\/www.gereso.com\/actualites\/2018\/12\/10\/abandon-de-poste\/#primaryimage\",\"url\":\"https:\/\/www.gereso.com\/actualites\/wp-content\/uploads\/2018\/12\/abandon-de-poste.jpg\",\"contentUrl\":\"https:\/\/www.gereso.com\/actualites\/wp-content\/uploads\/2018\/12\/abandon-de-poste.jpg\",\"width\":600,\"height\":400,\"caption\":\"abandon-de-poste\"},{\"@type\":\"BreadcrumbList\",\"@id\":\"https:\/\/www.gereso.com\/actualites\/2018\/12\/10\/abandon-de-poste\/#breadcrumb\",\"itemListElement\":[{\"@type\":\"ListItem\",\"position\":1,\"name\":\"Home\",\"item\":\"https:\/\/www.gereso.com\/actualites\/\"},{\"@type\":\"ListItem\",\"position\":2,\"name\":\"L\u2019abandon de poste\"}]},{\"@type\":\"WebSite\",\"@id\":\"https:\/\/www.gereso.com\/actualites\/#website\",\"url\":\"https:\/\/www.gereso.com\/actualites\/\",\"name\":\"Le Blog GERESO\",\"description\":\"Toute l&#039;actu RH, Finance, Fonction Publique, Management...\",\"potentialAction\":[{\"@type\":\"SearchAction\",\"target\":{\"@type\":\"EntryPoint\",\"urlTemplate\":\"https:\/\/www.gereso.com\/actualites\/?s={search_term_string}\"},\"query-input\":{\"@type\":\"PropertyValueSpecification\",\"valueRequired\":true,\"valueName\":\"search_term_string\"}}],\"inLanguage\":\"fr-FR\"},{\"@type\":\"Person\",\"@id\":\"https:\/\/www.gereso.com\/actualites\/#\/schema\/person\/d9b0bc27f2e9ae74ff7505881ce5306e\",\"name\":\"GERESO\",\"image\":{\"@type\":\"ImageObject\",\"inLanguage\":\"fr-FR\",\"@id\":\"https:\/\/www.gereso.com\/actualites\/#\/schema\/person\/image\/\",\"url\":\"https:\/\/www.gereso.com\/actualites\/wp-content\/uploads\/2013\/12\/avatar-gereso-1.png\",\"contentUrl\":\"https:\/\/www.gereso.com\/actualites\/wp-content\/uploads\/2013\/12\/avatar-gereso-1.png\",\"caption\":\"GERESO\"},\"url\":\"https:\/\/www.gereso.com\/actualites\/author\/wpadm_16root\/\"}]}<\/script>\n<!-- \/ Yoast SEO plugin. -->","yoast_head_json":{"title":"L\u2019abandon de poste - Le Blog GERESO","robots":{"index":"index","follow":"follow","max-snippet":"max-snippet:-1","max-image-preview":"max-image-preview:large","max-video-preview":"max-video-preview:-1"},"canonical":"https:\/\/www.gereso.com\/actualites\/2018\/12\/10\/abandon-de-poste\/","og_locale":"fr_FR","og_type":"article","og_title":"L\u2019abandon de poste - Le Blog GERESO","og_description":"Quel est l\u2019int\u00e9r\u00eat pour un salari\u00e9 d\u2019abandonner son poste de travail&nbsp;? Quels sont les risques pour le salari\u00e9 d\u2019abandonner son poste de travail&nbsp;? L\u2019abandon de poste peut-il \u00eatre assimil\u00e9 \u00e0 une d\u00e9mission&nbsp;? Que doit faire l\u2019employeur en cas d\u2019abandon de poste&nbsp;? Voici autant de questions auxquelles nous allons tenter de r\u00e9pondre dans ce dossier. Abandon [&hellip;]","og_url":"https:\/\/www.gereso.com\/actualites\/2018\/12\/10\/abandon-de-poste\/","og_site_name":"Le Blog GERESO","article_published_time":"2018-12-10T13:40:10+00:00","article_modified_time":"2018-12-18T12:48:22+00:00","og_image":[{"width":600,"height":400,"url":"https:\/\/www.gereso.com\/actualites\/wp-content\/uploads\/2018\/12\/abandon-de-poste.jpg","type":"image\/jpeg"}],"author":"GERESO","twitter_card":"summary_large_image","schema":{"@context":"https:\/\/schema.org","@graph":[{"@type":"WebPage","@id":"https:\/\/www.gereso.com\/actualites\/2018\/12\/10\/abandon-de-poste\/","url":"https:\/\/www.gereso.com\/actualites\/2018\/12\/10\/abandon-de-poste\/","name":"L\u2019abandon de poste - Le Blog GERESO","isPartOf":{"@id":"https:\/\/www.gereso.com\/actualites\/#website"},"primaryImageOfPage":{"@id":"https:\/\/www.gereso.com\/actualites\/2018\/12\/10\/abandon-de-poste\/#primaryimage"},"image":{"@id":"https:\/\/www.gereso.com\/actualites\/2018\/12\/10\/abandon-de-poste\/#primaryimage"},"thumbnailUrl":"https:\/\/www.gereso.com\/actualites\/wp-content\/uploads\/2018\/12\/abandon-de-poste.jpg","datePublished":"2018-12-10T13:40:10+00:00","dateModified":"2018-12-18T12:48:22+00:00","author":{"@id":"https:\/\/www.gereso.com\/actualites\/#\/schema\/person\/d9b0bc27f2e9ae74ff7505881ce5306e"},"breadcrumb":{"@id":"https:\/\/www.gereso.com\/actualites\/2018\/12\/10\/abandon-de-poste\/#breadcrumb"},"inLanguage":"fr-FR","potentialAction":[{"@type":"ReadAction","target":["https:\/\/www.gereso.com\/actualites\/2018\/12\/10\/abandon-de-poste\/"]}]},{"@type":"ImageObject","inLanguage":"fr-FR","@id":"https:\/\/www.gereso.com\/actualites\/2018\/12\/10\/abandon-de-poste\/#primaryimage","url":"https:\/\/www.gereso.com\/actualites\/wp-content\/uploads\/2018\/12\/abandon-de-poste.jpg","contentUrl":"https:\/\/www.gereso.com\/actualites\/wp-content\/uploads\/2018\/12\/abandon-de-poste.jpg","width":600,"height":400,"caption":"abandon-de-poste"},{"@type":"BreadcrumbList","@id":"https:\/\/www.gereso.com\/actualites\/2018\/12\/10\/abandon-de-poste\/#breadcrumb","itemListElement":[{"@type":"ListItem","position":1,"name":"Home","item":"https:\/\/www.gereso.com\/actualites\/"},{"@type":"ListItem","position":2,"name":"L\u2019abandon de poste"}]},{"@type":"WebSite","@id":"https:\/\/www.gereso.com\/actualites\/#website","url":"https:\/\/www.gereso.com\/actualites\/","name":"Le Blog GERESO","description":"Toute l&#039;actu RH, Finance, Fonction Publique, Management...","potentialAction":[{"@type":"SearchAction","target":{"@type":"EntryPoint","urlTemplate":"https:\/\/www.gereso.com\/actualites\/?s={search_term_string}"},"query-input":{"@type":"PropertyValueSpecification","valueRequired":true,"valueName":"search_term_string"}}],"inLanguage":"fr-FR"},{"@type":"Person","@id":"https:\/\/www.gereso.com\/actualites\/#\/schema\/person\/d9b0bc27f2e9ae74ff7505881ce5306e","name":"GERESO","image":{"@type":"ImageObject","inLanguage":"fr-FR","@id":"https:\/\/www.gereso.com\/actualites\/#\/schema\/person\/image\/","url":"https:\/\/www.gereso.com\/actualites\/wp-content\/uploads\/2013\/12\/avatar-gereso-1.png","contentUrl":"https:\/\/www.gereso.com\/actualites\/wp-content\/uploads\/2013\/12\/avatar-gereso-1.png","caption":"GERESO"},"url":"https:\/\/www.gereso.com\/actualites\/author\/wpadm_16root\/"}]}},"_links":{"self":[{"href":"https:\/\/www.gereso.com\/actualites\/wp-json\/wp\/v2\/posts\/9773","targetHints":{"allow":["GET"]}}],"collection":[{"href":"https:\/\/www.gereso.com\/actualites\/wp-json\/wp\/v2\/posts"}],"about":[{"href":"https:\/\/www.gereso.com\/actualites\/wp-json\/wp\/v2\/types\/post"}],"author":[{"embeddable":true,"href":"https:\/\/www.gereso.com\/actualites\/wp-json\/wp\/v2\/users\/1"}],"replies":[{"embeddable":true,"href":"https:\/\/www.gereso.com\/actualites\/wp-json\/wp\/v2\/comments?post=9773"}],"version-history":[{"count":11,"href":"https:\/\/www.gereso.com\/actualites\/wp-json\/wp\/v2\/posts\/9773\/revisions"}],"predecessor-version":[{"id":9804,"href":"https:\/\/www.gereso.com\/actualites\/wp-json\/wp\/v2\/posts\/9773\/revisions\/9804"}],"wp:featuredmedia":[{"embeddable":true,"href":"https:\/\/www.gereso.com\/actualites\/wp-json\/wp\/v2\/media\/9777"}],"wp:attachment":[{"href":"https:\/\/www.gereso.com\/actualites\/wp-json\/wp\/v2\/media?parent=9773"}],"wp:term":[{"taxonomy":"category","embeddable":true,"href":"https:\/\/www.gereso.com\/actualites\/wp-json\/wp\/v2\/categories?post=9773"},{"taxonomy":"post_tag","embeddable":true,"href":"https:\/\/www.gereso.com\/actualites\/wp-json\/wp\/v2\/tags?post=9773"}],"curies":[{"name":"wp","href":"https:\/\/api.w.org\/{rel}","templated":true}]}}