{"id":9835,"date":"2018-12-26T06:00:28","date_gmt":"2018-12-26T04:00:28","guid":{"rendered":"https:\/\/www.gereso.com\/actualites\/?p=9835"},"modified":"2018-12-27T11:14:19","modified_gmt":"2018-12-27T09:14:19","slug":"loi-portant-mesures-durgence-economiques-et-sociales","status":"publish","type":"post","link":"https:\/\/www.gereso.com\/actualites\/2018\/12\/26\/loi-portant-mesures-durgence-economiques-et-sociales\/","title":{"rendered":"Loi portant mesures d\u2019urgence \u00e9conomiques et sociales"},"content":{"rendered":"\n<p>Le projet de loi portant <strong>mesures d\u2019urgence \u00e9conomiques et sociales<\/strong> permet la mise en \u0153uvre des annonces du Pr\u00e9sident de la R\u00e9publique du 10 d\u00e9cembre dernier. Ces 4 mesures qui visent \u00e0 r\u00e9pondre au mouvement des <strong>gilets jaunes<\/strong> ont \u00e9t\u00e9 adopt\u00e9es par le Parlement la semaine derni\u00e8re.<\/p>\n\n\n\n<h2 class=\"wp-block-heading\"><strong>Un texte adopt\u00e9 dans un d\u00e9lai tr\u00e8s court<\/strong><\/h2>\n\n\n\n<p>C\u2019est dans un d\u00e9lai tr\u00e8s court que les mesures annonc\u00e9es par Emmanuel Macron ont trouv\u00e9 leur concr\u00e9tisation au niveau l\u00e9gal&nbsp;:<\/p>\n\n\n\n<ul class=\"wp-block-list\"><li>Mercredi 19 d\u00e9cembre&nbsp;: pr\u00e9sentation du projet de loi en Conseil des ministres<\/li><li>Jeudi 20 d\u00e9cembre&nbsp;: adoption du projet de loi par l\u2019Assembl\u00e9e nationale<\/li><li>Vendredi 21 d\u00e9cembre&nbsp;: adoption par le S\u00e9nat.<\/li><\/ul>\n\n\n\n<p>Lors de l\u2019examen du texte, les s\u00e9nateurs ont rejet\u00e9 une motion d\u00e9pos\u00e9e par les membres du groupe communiste r\u00e9publicain citoyen et \u00e9cologiste tendant \u00e0 opposer l\u2019exception d\u2019irrecevabilit\u00e9. Les auteurs de la motion estimaient que les d\u00e9lais courts s\u2019opposaient au droit d\u2019amendement pr\u00e9vu par la Constitution.<\/p>\n\n\n\n<p>\u00c0 moins d\u2019une saisine du Conseil constitutionnel, le texte n\u2019a plus qu\u2019\u00e0 \u00eatre promulgu\u00e9.<\/p>\n\n\n\n<h2 class=\"wp-block-heading\"><strong>Les 4 articles<\/strong><\/h2>\n\n\n\n<p>La loi portant mesures d\u2019urgence \u00e9conomiques et sociales comprend 4 articles.<\/p>\n\n\n\n<table class=\"wp-block-table\"><tbody><tr><td><strong>Articles<\/strong><\/td><td><strong>Contenu<\/strong><\/td><\/tr><tr><td><strong>Article 1<sup>er<\/sup>&nbsp;: la prime exceptionnelle<\/strong><\/td><td>Les employeurs pourront verser entre le 11 d\u00e9cembre 2018 et le 31 mars 2019 une <strong>prime exceptionnelle<\/strong> exon\u00e9r\u00e9e de cotisations sociales et d\u2019imp\u00f4t sur le revenu. L\u2019avantage est r\u00e9serv\u00e9 aux salari\u00e9s dont la r\u00e9mun\u00e9ration 2018 n\u2019exc\u00e8de pas 3 fois le SMIC annuel et dans la limite d\u2019une prime de <strong>1.000 \u20ac.<\/strong>Les d\u00e9put\u00e9s ont adopt\u00e9 un amendement pr\u00e9voyant la non prise en compte de cette prime pour d\u00e9terminer le montant des droits \u00e0 la prime d\u2019activit\u00e9.<\/td><\/tr><tr><td><strong>Article 2&nbsp;: exon\u00e9ration des heures suppl\u00e9mentaires<\/strong><\/td><td>Les <strong>heures suppl\u00e9mentaires<\/strong> vers\u00e9es \u00e0 compter du <strong>1<sup>er<\/sup> janvier 2019<\/strong> seront exon\u00e9r\u00e9es de cotisations sociales et d\u2019imp\u00f4t sur le revenu dans la limite annuelle de 5.000 \u20ac.<\/td><\/tr><tr><td><strong>Article 3&nbsp;: baisse de la CSG pour les retrait\u00e9s<\/strong><\/td><td>\u00c0 compter du <strong>1<sup>er<\/sup> janvier 2019<\/strong>, le taux de la <strong>CSG<\/strong> sur les pensions de retraite baissera de 1,7 point pour les retrait\u00e9s dont le revenu fiscal de r\u00e9f\u00e9rence est compris entre 14.548 et 22.580 \u20ac. Les pensions inf\u00e9rieures \u00e0 2.000 \u20ac par mois pour un c\u00e9libataire sont ainsi vis\u00e9es par cette mesure qui entrera en vigueur de mani\u00e8re effective en mai 2019, avec un remboursement r\u00e9troactif pour les premiers mois de l\u2019ann\u00e9e.<\/td><\/tr><tr><td><strong>Article 4&nbsp;: hausse de la prime d\u2019activit\u00e9<\/strong><\/td><td>Le Gouvernement remettra au Parlement dans un d\u00e9lai de 6 mois apr\u00e8s la promulgation de la loi, un rapport sur la revalorisation exceptionnelle de la <strong>prime d\u2019activit\u00e9<\/strong> au 1<sup>er<\/sup> janvier 2019.<\/td><\/tr><\/tbody><\/table>\n","protected":false},"excerpt":{"rendered":"<p>Le projet de loi portant mesures d\u2019urgence \u00e9conomiques et sociales permet la mise en \u0153uvre des annonces du Pr\u00e9sident de la R\u00e9publique du 10 d\u00e9cembre dernier. Ces 4 mesures qui visent \u00e0 r\u00e9pondre au mouvement des gilets jaunes ont \u00e9t\u00e9 adopt\u00e9es par le Parlement la semaine derni\u00e8re. Un texte adopt\u00e9 dans un d\u00e9lai tr\u00e8s court [&hellip;]<\/p>\n","protected":false},"author":45,"featured_media":0,"comment_status":"open","ping_status":"open","sticky":false,"template":"","format":"quote","meta":{"_acf_changed":false,"_mi_skip_tracking":false,"footnotes":""},"categories":[12,3,5,8],"tags":[445,701,850,110,1523],"class_list":["post-9835","post","type-post","status-publish","format-quote","hentry","category-actualites","category-comptabilite-fiscalite-et-gestion-financiere","category-droit-du-travail","category-paie-et-administration-du-personnel","tag-csg","tag-exoneration","tag-heures-supplementaires","tag-prime","tag-prime-dactivite","post_format-post-format-quote"],"acf":[],"yoast_head":"<!-- This site is optimized with the Yoast SEO plugin v23.4 - https:\/\/yoast.com\/wordpress\/plugins\/seo\/ -->\n<title>Loi portant mesures d\u2019urgence \u00e9conomiques et sociales - Le Blog GERESO<\/title>\n<meta name=\"robots\" content=\"index, follow, max-snippet:-1, max-image-preview:large, max-video-preview:-1\" \/>\n<link rel=\"canonical\" href=\"https:\/\/www.gereso.com\/actualites\/2018\/12\/26\/loi-portant-mesures-durgence-economiques-et-sociales\/\" \/>\n<meta property=\"og:locale\" content=\"fr_FR\" \/>\n<meta property=\"og:type\" content=\"article\" \/>\n<meta property=\"og:title\" content=\"Loi portant mesures d\u2019urgence \u00e9conomiques et sociales - Le Blog GERESO\" \/>\n<meta property=\"og:description\" content=\"Le projet de loi portant mesures d\u2019urgence \u00e9conomiques et sociales permet la mise en \u0153uvre des annonces du Pr\u00e9sident de la R\u00e9publique du 10 d\u00e9cembre dernier. Ces 4 mesures qui visent \u00e0 r\u00e9pondre au mouvement des gilets jaunes ont \u00e9t\u00e9 adopt\u00e9es par le Parlement la semaine derni\u00e8re. Un texte adopt\u00e9 dans un d\u00e9lai tr\u00e8s court [&hellip;]\" \/>\n<meta property=\"og:url\" content=\"https:\/\/www.gereso.com\/actualites\/2018\/12\/26\/loi-portant-mesures-durgence-economiques-et-sociales\/\" \/>\n<meta property=\"og:site_name\" content=\"Le Blog GERESO\" \/>\n<meta property=\"article:published_time\" content=\"2018-12-26T04:00:28+00:00\" \/>\n<meta property=\"article:modified_time\" content=\"2018-12-27T09:14:19+00:00\" \/>\n<meta name=\"author\" content=\"Damien P\u00e9an\" \/>\n<meta name=\"twitter:card\" content=\"summary_large_image\" \/>\n<script type=\"application\/ld+json\" class=\"yoast-schema-graph\">{\"@context\":\"https:\/\/schema.org\",\"@graph\":[{\"@type\":\"WebPage\",\"@id\":\"https:\/\/www.gereso.com\/actualites\/2018\/12\/26\/loi-portant-mesures-durgence-economiques-et-sociales\/\",\"url\":\"https:\/\/www.gereso.com\/actualites\/2018\/12\/26\/loi-portant-mesures-durgence-economiques-et-sociales\/\",\"name\":\"Loi portant mesures d\u2019urgence \u00e9conomiques et sociales - Le Blog GERESO\",\"isPartOf\":{\"@id\":\"https:\/\/www.gereso.com\/actualites\/#website\"},\"datePublished\":\"2018-12-26T04:00:28+00:00\",\"dateModified\":\"2018-12-27T09:14:19+00:00\",\"author\":{\"@id\":\"https:\/\/www.gereso.com\/actualites\/#\/schema\/person\/c91814f92d627ed4715993fbbf7c7e8d\"},\"breadcrumb\":{\"@id\":\"https:\/\/www.gereso.com\/actualites\/2018\/12\/26\/loi-portant-mesures-durgence-economiques-et-sociales\/#breadcrumb\"},\"inLanguage\":\"fr-FR\",\"potentialAction\":[{\"@type\":\"ReadAction\",\"target\":[\"https:\/\/www.gereso.com\/actualites\/2018\/12\/26\/loi-portant-mesures-durgence-economiques-et-sociales\/\"]}]},{\"@type\":\"BreadcrumbList\",\"@id\":\"https:\/\/www.gereso.com\/actualites\/2018\/12\/26\/loi-portant-mesures-durgence-economiques-et-sociales\/#breadcrumb\",\"itemListElement\":[{\"@type\":\"ListItem\",\"position\":1,\"name\":\"Home\",\"item\":\"https:\/\/www.gereso.com\/actualites\/\"},{\"@type\":\"ListItem\",\"position\":2,\"name\":\"Loi portant mesures d\u2019urgence \u00e9conomiques et sociales\"}]},{\"@type\":\"WebSite\",\"@id\":\"https:\/\/www.gereso.com\/actualites\/#website\",\"url\":\"https:\/\/www.gereso.com\/actualites\/\",\"name\":\"Le Blog GERESO\",\"description\":\"Toute l&#039;actu RH, Finance, Fonction Publique, Management...\",\"potentialAction\":[{\"@type\":\"SearchAction\",\"target\":{\"@type\":\"EntryPoint\",\"urlTemplate\":\"https:\/\/www.gereso.com\/actualites\/?s={search_term_string}\"},\"query-input\":{\"@type\":\"PropertyValueSpecification\",\"valueRequired\":true,\"valueName\":\"search_term_string\"}}],\"inLanguage\":\"fr-FR\"},{\"@type\":\"Person\",\"@id\":\"https:\/\/www.gereso.com\/actualites\/#\/schema\/person\/c91814f92d627ed4715993fbbf7c7e8d\",\"name\":\"Damien P\u00e9an\",\"image\":{\"@type\":\"ImageObject\",\"inLanguage\":\"fr-FR\",\"@id\":\"https:\/\/www.gereso.com\/actualites\/#\/schema\/person\/image\/\",\"url\":\"https:\/\/www.gereso.com\/actualites\/wp-content\/uploads\/2016\/03\/damien-pean.jpg\",\"contentUrl\":\"https:\/\/www.gereso.com\/actualites\/wp-content\/uploads\/2016\/03\/damien-pean.jpg\",\"caption\":\"Damien P\u00e9an\"},\"description\":\"Damien P\u00c9AN est titulaire du Dipl\u00f4me d'\u00e9tudes sup\u00e9rieures comptables et financi\u00e8res (DESCF). Il intervient depuis plusieurs ann\u00e9es aupr\u00e8s d'\u00e9tudiants en licence de comptabilit\u00e9 et de gestion, \u00e0 qui il enseigne le contr\u00f4le de gestion, la comptabilit\u00e9 approfondie, le management, la fiscalit\u00e9, le droit des soci\u00e9t\u00e9s et le droit du travail. Il intervient \u00e9galement en formation continue pour le compte de divers organismes de formation sur des th\u00e9matiques techniques en comptabilit\u00e9 et fiscalit\u00e9. Il forme aussi un public de non-initi\u00e9s aux fondamentaux de la finance.\",\"url\":\"https:\/\/www.gereso.com\/actualites\/author\/d-pean\/\"}]}<\/script>\n<!-- \/ Yoast SEO plugin. -->","yoast_head_json":{"title":"Loi portant mesures d\u2019urgence \u00e9conomiques et sociales - Le Blog GERESO","robots":{"index":"index","follow":"follow","max-snippet":"max-snippet:-1","max-image-preview":"max-image-preview:large","max-video-preview":"max-video-preview:-1"},"canonical":"https:\/\/www.gereso.com\/actualites\/2018\/12\/26\/loi-portant-mesures-durgence-economiques-et-sociales\/","og_locale":"fr_FR","og_type":"article","og_title":"Loi portant mesures d\u2019urgence \u00e9conomiques et sociales - Le Blog GERESO","og_description":"Le projet de loi portant mesures d\u2019urgence \u00e9conomiques et sociales permet la mise en \u0153uvre des annonces du Pr\u00e9sident de la R\u00e9publique du 10 d\u00e9cembre dernier. Ces 4 mesures qui visent \u00e0 r\u00e9pondre au mouvement des gilets jaunes ont \u00e9t\u00e9 adopt\u00e9es par le Parlement la semaine derni\u00e8re. Un texte adopt\u00e9 dans un d\u00e9lai tr\u00e8s court [&hellip;]","og_url":"https:\/\/www.gereso.com\/actualites\/2018\/12\/26\/loi-portant-mesures-durgence-economiques-et-sociales\/","og_site_name":"Le Blog GERESO","article_published_time":"2018-12-26T04:00:28+00:00","article_modified_time":"2018-12-27T09:14:19+00:00","author":"Damien P\u00e9an","twitter_card":"summary_large_image","schema":{"@context":"https:\/\/schema.org","@graph":[{"@type":"WebPage","@id":"https:\/\/www.gereso.com\/actualites\/2018\/12\/26\/loi-portant-mesures-durgence-economiques-et-sociales\/","url":"https:\/\/www.gereso.com\/actualites\/2018\/12\/26\/loi-portant-mesures-durgence-economiques-et-sociales\/","name":"Loi portant mesures d\u2019urgence \u00e9conomiques et sociales - Le Blog GERESO","isPartOf":{"@id":"https:\/\/www.gereso.com\/actualites\/#website"},"datePublished":"2018-12-26T04:00:28+00:00","dateModified":"2018-12-27T09:14:19+00:00","author":{"@id":"https:\/\/www.gereso.com\/actualites\/#\/schema\/person\/c91814f92d627ed4715993fbbf7c7e8d"},"breadcrumb":{"@id":"https:\/\/www.gereso.com\/actualites\/2018\/12\/26\/loi-portant-mesures-durgence-economiques-et-sociales\/#breadcrumb"},"inLanguage":"fr-FR","potentialAction":[{"@type":"ReadAction","target":["https:\/\/www.gereso.com\/actualites\/2018\/12\/26\/loi-portant-mesures-durgence-economiques-et-sociales\/"]}]},{"@type":"BreadcrumbList","@id":"https:\/\/www.gereso.com\/actualites\/2018\/12\/26\/loi-portant-mesures-durgence-economiques-et-sociales\/#breadcrumb","itemListElement":[{"@type":"ListItem","position":1,"name":"Home","item":"https:\/\/www.gereso.com\/actualites\/"},{"@type":"ListItem","position":2,"name":"Loi portant mesures d\u2019urgence \u00e9conomiques et sociales"}]},{"@type":"WebSite","@id":"https:\/\/www.gereso.com\/actualites\/#website","url":"https:\/\/www.gereso.com\/actualites\/","name":"Le Blog GERESO","description":"Toute l&#039;actu RH, Finance, Fonction Publique, Management...","potentialAction":[{"@type":"SearchAction","target":{"@type":"EntryPoint","urlTemplate":"https:\/\/www.gereso.com\/actualites\/?s={search_term_string}"},"query-input":{"@type":"PropertyValueSpecification","valueRequired":true,"valueName":"search_term_string"}}],"inLanguage":"fr-FR"},{"@type":"Person","@id":"https:\/\/www.gereso.com\/actualites\/#\/schema\/person\/c91814f92d627ed4715993fbbf7c7e8d","name":"Damien P\u00e9an","image":{"@type":"ImageObject","inLanguage":"fr-FR","@id":"https:\/\/www.gereso.com\/actualites\/#\/schema\/person\/image\/","url":"https:\/\/www.gereso.com\/actualites\/wp-content\/uploads\/2016\/03\/damien-pean.jpg","contentUrl":"https:\/\/www.gereso.com\/actualites\/wp-content\/uploads\/2016\/03\/damien-pean.jpg","caption":"Damien P\u00e9an"},"description":"Damien P\u00c9AN est titulaire du Dipl\u00f4me d'\u00e9tudes sup\u00e9rieures comptables et financi\u00e8res (DESCF). Il intervient depuis plusieurs ann\u00e9es aupr\u00e8s d'\u00e9tudiants en licence de comptabilit\u00e9 et de gestion, \u00e0 qui il enseigne le contr\u00f4le de gestion, la comptabilit\u00e9 approfondie, le management, la fiscalit\u00e9, le droit des soci\u00e9t\u00e9s et le droit du travail. Il intervient \u00e9galement en formation continue pour le compte de divers organismes de formation sur des th\u00e9matiques techniques en comptabilit\u00e9 et fiscalit\u00e9. Il forme aussi un public de non-initi\u00e9s aux fondamentaux de la finance.","url":"https:\/\/www.gereso.com\/actualites\/author\/d-pean\/"}]}},"_links":{"self":[{"href":"https:\/\/www.gereso.com\/actualites\/wp-json\/wp\/v2\/posts\/9835","targetHints":{"allow":["GET"]}}],"collection":[{"href":"https:\/\/www.gereso.com\/actualites\/wp-json\/wp\/v2\/posts"}],"about":[{"href":"https:\/\/www.gereso.com\/actualites\/wp-json\/wp\/v2\/types\/post"}],"author":[{"embeddable":true,"href":"https:\/\/www.gereso.com\/actualites\/wp-json\/wp\/v2\/users\/45"}],"replies":[{"embeddable":true,"href":"https:\/\/www.gereso.com\/actualites\/wp-json\/wp\/v2\/comments?post=9835"}],"version-history":[{"count":6,"href":"https:\/\/www.gereso.com\/actualites\/wp-json\/wp\/v2\/posts\/9835\/revisions"}],"predecessor-version":[{"id":9851,"href":"https:\/\/www.gereso.com\/actualites\/wp-json\/wp\/v2\/posts\/9835\/revisions\/9851"}],"wp:attachment":[{"href":"https:\/\/www.gereso.com\/actualites\/wp-json\/wp\/v2\/media?parent=9835"}],"wp:term":[{"taxonomy":"category","embeddable":true,"href":"https:\/\/www.gereso.com\/actualites\/wp-json\/wp\/v2\/categories?post=9835"},{"taxonomy":"post_tag","embeddable":true,"href":"https:\/\/www.gereso.com\/actualites\/wp-json\/wp\/v2\/tags?post=9835"}],"curies":[{"name":"wp","href":"https:\/\/api.w.org\/{rel}","templated":true}]}}